{"id":51690,"date":"2024-12-27T22:38:00","date_gmt":"2024-12-27T20:38:00","guid":{"rendered":"https:\/\/www.weber-fag.de\/wordpress\/?p=51690"},"modified":"2025-01-09T10:43:50","modified_gmt":"2025-01-09T08:43:50","slug":"frisch-auf-goeppingen-vs-mtv-melsungen","status":"publish","type":"post","link":"https:\/\/www.weber-fag.de\/wordpress\/frisch-auf-goeppingen-vs-mtv-melsungen\/","title":{"rendered":"FRISCH AUF! G\u00f6ppingen vs. MTV Melsungen"},"content":{"rendered":"\n<p>Gegen den Favoriten und Tabellenf\u00fchrer der Handballbundesliga, MTV Melsungen, zogen sich die G\u00f6ppinger achtbar aus der Aff\u00e4re. Am Ende setzten sich die G\u00e4ste aber mit einem 25:29 Ausw\u00e4rtssieg durch.<\/p>\n\n\n\n<figure class=\"wp-block-image size-full\"><img loading=\"lazy\" decoding=\"async\" width=\"920\" height=\"613\" src=\"https:\/\/www.weber-fag.de\/wordpress\/wp-content\/uploads\/2025\/01\/2412_FAG-Melsungen_0120.jpg\" alt=\"\" class=\"wp-image-51691\"\/><figcaption class=\"wp-element-caption\">Ludvig Hallb\u00e4ck (FAG)<\/figcaption><\/figure>\n\n\n\n<!--more-->\n\n\n\n<figure class=\"wp-block-gallery has-nested-images columns-1 is-cropped wp-block-gallery-1 is-layout-flex wp-block-gallery-is-layout-flex\">\n<figure class=\"wp-block-image size-large\"><img loading=\"lazy\" decoding=\"async\" width=\"920\" height=\"613\" data-id=\"51695\" src=\"https:\/\/www.weber-fag.de\/wordpress\/wp-content\/uploads\/2025\/01\/2412_FAG-Melsungen_0090.jpg\" alt=\"\" class=\"wp-image-51695\"\/><figcaption class=\"wp-element-caption\">David Schmidt (FAG)<\/figcaption><\/figure>\n\n\n\n<figure class=\"wp-block-image size-large\"><img loading=\"lazy\" decoding=\"async\" width=\"920\" height=\"613\" data-id=\"51693\" src=\"https:\/\/www.weber-fag.de\/wordpress\/wp-content\/uploads\/2025\/01\/2412_FAG-Melsungen_0100.jpg\" alt=\"\" class=\"wp-image-51693\"\/><figcaption class=\"wp-element-caption\">David Schmidt (FAG)<\/figcaption><\/figure>\n\n\n\n<figure class=\"wp-block-image size-large\"><img loading=\"lazy\" decoding=\"async\" width=\"920\" height=\"613\" data-id=\"51699\" src=\"https:\/\/www.weber-fag.de\/wordpress\/wp-content\/uploads\/2025\/01\/2412_FAG-Melsungen_0126.jpg\" alt=\"\" class=\"wp-image-51699\"\/><figcaption class=\"wp-element-caption\">Oskar Sunnefeldt (FAG)<\/figcaption><\/figure>\n\n\n\n<figure class=\"wp-block-image size-large\"><img loading=\"lazy\" decoding=\"async\" width=\"920\" height=\"613\" data-id=\"51698\" src=\"https:\/\/www.weber-fag.de\/wordpress\/wp-content\/uploads\/2025\/01\/2412_FAG-Melsungen_0135.jpg\" alt=\"\" class=\"wp-image-51698\"\/><figcaption class=\"wp-element-caption\">Ludvig Hallb\u00e4ck (FAG)<\/figcaption><\/figure>\n\n\n\n<figure class=\"wp-block-image size-large\"><img loading=\"lazy\" decoding=\"async\" width=\"920\" height=\"613\" data-id=\"51697\" src=\"https:\/\/www.weber-fag.de\/wordpress\/wp-content\/uploads\/2025\/01\/2412_FAG-Melsungen_0149.jpg\" alt=\"\" class=\"wp-image-51697\"\/><figcaption class=\"wp-element-caption\">Ludvig Hallb\u00e4ck (FAG)<\/figcaption><\/figure>\n\n\n\n<figure class=\"wp-block-image size-large\"><img loading=\"lazy\" decoding=\"async\" width=\"920\" height=\"613\" data-id=\"51694\" src=\"https:\/\/www.weber-fag.de\/wordpress\/wp-content\/uploads\/2025\/01\/2412_FAG-Melsungen_0165.jpg\" alt=\"\" class=\"wp-image-51694\"\/><figcaption class=\"wp-element-caption\">Oskar Sunnefeldt (FAG)<\/figcaption><\/figure>\n\n\n\n<figure class=\"wp-block-image size-large\"><img loading=\"lazy\" decoding=\"async\" width=\"920\" height=\"613\" data-id=\"51692\" src=\"https:\/\/www.weber-fag.de\/wordpress\/wp-content\/uploads\/2025\/01\/2412_FAG-Melsungen_0179.jpg\" alt=\"\" class=\"wp-image-51692\"\/><\/figure>\n\n\n\n<figure class=\"wp-block-image size-large\"><img loading=\"lazy\" decoding=\"async\" width=\"920\" height=\"613\" data-id=\"51696\" src=\"https:\/\/www.weber-fag.de\/wordpress\/wp-content\/uploads\/2025\/01\/2412_FAG-Melsungen_0189.jpg\" alt=\"\" class=\"wp-image-51696\"\/><figcaption class=\"wp-element-caption\">Victor Kl\u00f6ve (FAG)<\/figcaption><\/figure>\n\n\n\n<figure class=\"wp-block-image size-large\"><img loading=\"lazy\" decoding=\"async\" width=\"920\" height=\"613\" data-id=\"51700\" src=\"https:\/\/www.weber-fag.de\/wordpress\/wp-content\/uploads\/2025\/01\/2412_FAG-Melsungen_0209.jpg\" alt=\"\" class=\"wp-image-51700\"\/><figcaption class=\"wp-element-caption\">Ludvig Hallb\u00e4ck (FAG)<\/figcaption><\/figure>\n\n\n\n<figure class=\"wp-block-image size-large\"><img loading=\"lazy\" decoding=\"async\" width=\"920\" height=\"613\" data-id=\"51701\" src=\"https:\/\/www.weber-fag.de\/wordpress\/wp-content\/uploads\/2025\/01\/2412_FAG-Melsungen_0228.jpg\" alt=\"\" class=\"wp-image-51701\"\/><figcaption class=\"wp-element-caption\">Ymir Gislason (FAG)<\/figcaption><\/figure>\n\n\n\n<figure class=\"wp-block-image size-large\"><img loading=\"lazy\" decoding=\"async\" width=\"920\" height=\"613\" data-id=\"51702\" src=\"https:\/\/www.weber-fag.de\/wordpress\/wp-content\/uploads\/2025\/01\/2412_FAG-Melsungen_0246.jpg\" alt=\"\" class=\"wp-image-51702\"\/><\/figure>\n\n\n\n<figure class=\"wp-block-image size-large\"><img loading=\"lazy\" decoding=\"async\" width=\"920\" height=\"613\" data-id=\"51706\" src=\"https:\/\/www.weber-fag.de\/wordpress\/wp-content\/uploads\/2025\/01\/2412_FAG-Melsungen_0248.jpg\" alt=\"\" class=\"wp-image-51706\"\/><\/figure>\n\n\n\n<figure class=\"wp-block-image size-large\"><img loading=\"lazy\" decoding=\"async\" width=\"920\" height=\"613\" data-id=\"51703\" src=\"https:\/\/www.weber-fag.de\/wordpress\/wp-content\/uploads\/2025\/01\/2412_FAG-Melsungen_0254.jpg\" alt=\"\" class=\"wp-image-51703\"\/><\/figure>\n\n\n\n<figure class=\"wp-block-image size-large\"><img loading=\"lazy\" decoding=\"async\" width=\"920\" height=\"613\" data-id=\"51710\" src=\"https:\/\/www.weber-fag.de\/wordpress\/wp-content\/uploads\/2025\/01\/2412_FAG-Melsungen_0299.jpg\" alt=\"\" class=\"wp-image-51710\"\/><figcaption class=\"wp-element-caption\">Trainer Ben Matschke (FAG)<\/figcaption><\/figure>\n\n\n\n<figure class=\"wp-block-image size-large\"><img loading=\"lazy\" decoding=\"async\" width=\"920\" height=\"613\" data-id=\"51711\" src=\"https:\/\/www.weber-fag.de\/wordpress\/wp-content\/uploads\/2025\/01\/2412_FAG-Melsungen_0364.jpg\" alt=\"\" class=\"wp-image-51711\"\/><figcaption class=\"wp-element-caption\">Ymir Gislason (FAG)<\/figcaption><\/figure>\n\n\n\n<figure class=\"wp-block-image size-large\"><img loading=\"lazy\" decoding=\"async\" width=\"920\" height=\"613\" data-id=\"51715\" src=\"https:\/\/www.weber-fag.de\/wordpress\/wp-content\/uploads\/2025\/01\/2412_FAG-Melsungen_0391.jpg\" alt=\"\" class=\"wp-image-51715\"\/><figcaption class=\"wp-element-caption\">Trainer Ben Matschke (FAG)<\/figcaption><\/figure>\n\n\n\n<figure class=\"wp-block-image size-large\"><img loading=\"lazy\" decoding=\"async\" width=\"920\" height=\"613\" data-id=\"51712\" src=\"https:\/\/www.weber-fag.de\/wordpress\/wp-content\/uploads\/2025\/01\/2412_FAG-Melsungen_0409.jpg\" alt=\"\" class=\"wp-image-51712\"\/><figcaption class=\"wp-element-caption\">Ludvig Jurmala (FAG)<\/figcaption><\/figure>\n\n\n\n<figure class=\"wp-block-image size-large\"><img loading=\"lazy\" decoding=\"async\" width=\"920\" height=\"613\" data-id=\"51713\" src=\"https:\/\/www.weber-fag.de\/wordpress\/wp-content\/uploads\/2025\/01\/2412_FAG-Melsungen_0441.jpg\" alt=\"\" class=\"wp-image-51713\"\/><figcaption class=\"wp-element-caption\">Ludvig Jurmala (FAG)<\/figcaption><\/figure>\n\n\n\n<figure class=\"wp-block-image size-large\"><img loading=\"lazy\" decoding=\"async\" width=\"920\" height=\"613\" data-id=\"51714\" src=\"https:\/\/www.weber-fag.de\/wordpress\/wp-content\/uploads\/2025\/01\/2412_FAG-Melsungen_0494.jpg\" alt=\"\" class=\"wp-image-51714\"\/><figcaption class=\"wp-element-caption\">Julian Buchele (FAG)<\/figcaption><\/figure>\n\n\n\n<figure class=\"wp-block-image size-large\"><img loading=\"lazy\" decoding=\"async\" width=\"920\" height=\"613\" data-id=\"51705\" src=\"https:\/\/www.weber-fag.de\/wordpress\/wp-content\/uploads\/2025\/01\/2412_FAG-Melsungen_0522.jpg\" alt=\"\" class=\"wp-image-51705\"\/><figcaption class=\"wp-element-caption\">Ludvig Hallb\u00e4ck (FAG)<\/figcaption><\/figure>\n\n\n\n<figure class=\"wp-block-image size-large\"><img loading=\"lazy\" decoding=\"async\" width=\"920\" height=\"613\" data-id=\"51709\" src=\"https:\/\/www.weber-fag.de\/wordpress\/wp-content\/uploads\/2025\/01\/2412_FAG-Melsungen_0535.jpg\" alt=\"\" class=\"wp-image-51709\"\/><figcaption class=\"wp-element-caption\">Elias Newel (FAG)<\/figcaption><\/figure>\n\n\n\n<figure class=\"wp-block-image size-large\"><img loading=\"lazy\" decoding=\"async\" width=\"920\" height=\"613\" data-id=\"51704\" src=\"https:\/\/www.weber-fag.de\/wordpress\/wp-content\/uploads\/2025\/01\/2412_FAG-Melsungen_0574.jpg\" alt=\"\" class=\"wp-image-51704\"\/><figcaption class=\"wp-element-caption\">Marcel Schiller (FAG)<\/figcaption><\/figure>\n\n\n\n<figure class=\"wp-block-image size-large\"><img loading=\"lazy\" decoding=\"async\" width=\"920\" height=\"613\" data-id=\"51708\" src=\"https:\/\/www.weber-fag.de\/wordpress\/wp-content\/uploads\/2025\/01\/2412_FAG-Melsungen_0584.jpg\" alt=\"\" class=\"wp-image-51708\"\/><figcaption class=\"wp-element-caption\">Marcel Schiller (FAG)<\/figcaption><\/figure>\n\n\n\n<figure class=\"wp-block-image size-large\"><img loading=\"lazy\" decoding=\"async\" width=\"920\" height=\"613\" data-id=\"51707\" src=\"https:\/\/www.weber-fag.de\/wordpress\/wp-content\/uploads\/2025\/01\/2412_FAG-Melsungen_0605.jpg\" alt=\"\" class=\"wp-image-51707\"\/><figcaption class=\"wp-element-caption\">Rutger Ten Velde (FAG)<\/figcaption><\/figure>\n<\/figure>\n<div class=\"pp-fb-like-btn-wrap\"><div class=\"fb-like\" data-href=\"https:\/\/www.weber-fag.de\/wordpress\/frisch-auf-goeppingen-vs-mtv-melsungen\/\" data-share=\"false\" data-layout=\"button_count\" data-width=\"90\" data-show-faces=\"\" data-action=\"like\"><\/div><\/div>","protected":false},"excerpt":{"rendered":"<p>Gegen den Favoriten und Tabellenf\u00fchrer der Handballbundesliga, MTV Melsungen, zogen sich die G\u00f6ppinger achtbar aus der Aff\u00e4re. Am Ende setzten sich die G\u00e4ste aber mit einem 25:29 Ausw\u00e4rtssieg durch.<\/p>\n","protected":false},"author":1,"featured_media":51691,"comment_status":"open","ping_status":"open","sticky":false,"template":"","format":"standard","meta":{"footnotes":""},"categories":[5],"tags":[],"class_list":["post-51690","post","type-post","status-publish","format-standard","has-post-thumbnail","hentry","category-bundesliga"],"_links":{"self":[{"href":"https:\/\/www.weber-fag.de\/wordpress\/wp-json\/wp\/v2\/posts\/51690","targetHints":{"allow":["GET"]}}],"collection":[{"href":"https:\/\/www.weber-fag.de\/wordpress\/wp-json\/wp\/v2\/posts"}],"about":[{"href":"https:\/\/www.weber-fag.de\/wordpress\/wp-json\/wp\/v2\/types\/post"}],"author":[{"embeddable":true,"href":"https:\/\/www.weber-fag.de\/wordpress\/wp-json\/wp\/v2\/users\/1"}],"replies":[{"embeddable":true,"href":"https:\/\/www.weber-fag.de\/wordpress\/wp-json\/wp\/v2\/comments?post=51690"}],"version-history":[{"count":1,"href":"https:\/\/www.weber-fag.de\/wordpress\/wp-json\/wp\/v2\/posts\/51690\/revisions"}],"predecessor-version":[{"id":51716,"href":"https:\/\/www.weber-fag.de\/wordpress\/wp-json\/wp\/v2\/posts\/51690\/revisions\/51716"}],"wp:featuredmedia":[{"embeddable":true,"href":"https:\/\/www.weber-fag.de\/wordpress\/wp-json\/wp\/v2\/media\/51691"}],"wp:attachment":[{"href":"https:\/\/www.weber-fag.de\/wordpress\/wp-json\/wp\/v2\/media?parent=51690"}],"wp:term":[{"taxonomy":"category","embeddable":true,"href":"https:\/\/www.weber-fag.de\/wordpress\/wp-json\/wp\/v2\/categories?post=51690"},{"taxonomy":"post_tag","embeddable":true,"href":"https:\/\/www.weber-fag.de\/wordpress\/wp-json\/wp\/v2\/tags?post=51690"}],"curies":[{"name":"wp","href":"https:\/\/api.w.org\/{rel}","templated":true}]}}