{"id":51612,"date":"2024-12-13T10:05:52","date_gmt":"2024-12-13T08:05:52","guid":{"rendered":"https:\/\/www.weber-fag.de\/wordpress\/?p=51612"},"modified":"2024-12-13T10:05:54","modified_gmt":"2024-12-13T08:05:54","slug":"frisch-auf-goeppingen-vs-tbv-lemgo-4","status":"publish","type":"post","link":"https:\/\/www.weber-fag.de\/wordpress\/frisch-auf-goeppingen-vs-tbv-lemgo-4\/","title":{"rendered":"FRISCH AUF! G\u00f6ppingen vs. TBV Lemgo"},"content":{"rendered":"\n<figure class=\"wp-block-image size-full\"><img loading=\"lazy\" decoding=\"async\" width=\"920\" height=\"613\" src=\"https:\/\/www.weber-fag.de\/wordpress\/wp-content\/uploads\/2024\/12\/2412_FAG-Lemgo_0026.jpg\" alt=\"\" class=\"wp-image-51613\"\/><figcaption class=\"wp-element-caption\">Erik Persson (FAG)<\/figcaption><\/figure>\n\n\n\n<p>Mund abwischen und mit Volldampf gegen Lemgo, hie\u00df das Motto nach den zwei unn\u00f6tigen Niederlagen gegen Erlangen und Stuttgart. In der H\u00f6lle S\u00fcd gelang den Hausherren ein \u00fcberzeugender Befreiungsschlag und sicherten sich mit einem 29:22 Sieg zwei extrem wichtige Punkte. <\/p>\n\n\n\n<!--more-->\n\n\n\n<figure class=\"wp-block-gallery has-nested-images columns-1 is-cropped wp-block-gallery-1 is-layout-flex wp-block-gallery-is-layout-flex\">\n<figure class=\"wp-block-image size-large\"><img loading=\"lazy\" decoding=\"async\" width=\"920\" height=\"613\" data-id=\"51615\" src=\"https:\/\/www.weber-fag.de\/wordpress\/wp-content\/uploads\/2024\/12\/2412_FAG-Lemgo_0028.jpg\" alt=\"\" class=\"wp-image-51615\"\/><figcaption class=\"wp-element-caption\">Marcel Schiller (FAG)<\/figcaption><\/figure>\n\n\n\n<figure class=\"wp-block-image size-large\"><img loading=\"lazy\" decoding=\"async\" width=\"920\" height=\"613\" data-id=\"51616\" src=\"https:\/\/www.weber-fag.de\/wordpress\/wp-content\/uploads\/2024\/12\/2412_FAG-Lemgo_0103.jpg\" alt=\"\" class=\"wp-image-51616\"\/><figcaption class=\"wp-element-caption\">Marcel Schiller (FAG)<\/figcaption><\/figure>\n\n\n\n<figure class=\"wp-block-image size-large\"><img loading=\"lazy\" decoding=\"async\" width=\"920\" height=\"613\" data-id=\"51618\" src=\"https:\/\/www.weber-fag.de\/wordpress\/wp-content\/uploads\/2024\/12\/2412_FAG-Lemgo_0118.jpg\" alt=\"\" class=\"wp-image-51618\"\/><figcaption class=\"wp-element-caption\">Oskar Sunnefeldt (FAG)<\/figcaption><\/figure>\n\n\n\n<figure class=\"wp-block-image size-large\"><img loading=\"lazy\" decoding=\"async\" width=\"920\" height=\"613\" data-id=\"51614\" src=\"https:\/\/www.weber-fag.de\/wordpress\/wp-content\/uploads\/2024\/12\/2412_FAG-Lemgo_0140.jpg\" alt=\"\" class=\"wp-image-51614\"\/><figcaption class=\"wp-element-caption\">Marcel Schiller (FAG)<\/figcaption><\/figure>\n\n\n\n<figure class=\"wp-block-image size-large\"><img loading=\"lazy\" decoding=\"async\" width=\"920\" height=\"613\" data-id=\"51619\" src=\"https:\/\/www.weber-fag.de\/wordpress\/wp-content\/uploads\/2024\/12\/2412_FAG-Lemgo_0143.jpg\" alt=\"\" class=\"wp-image-51619\"\/><figcaption class=\"wp-element-caption\">David Schmidt (FAG)<\/figcaption><\/figure>\n\n\n\n<figure class=\"wp-block-image size-large\"><img loading=\"lazy\" decoding=\"async\" width=\"920\" height=\"613\" data-id=\"51617\" src=\"https:\/\/www.weber-fag.de\/wordpress\/wp-content\/uploads\/2024\/12\/2412_FAG-Lemgo_0158.jpg\" alt=\"\" class=\"wp-image-51617\"\/><figcaption class=\"wp-element-caption\">Marcel Schiller (FAG)<\/figcaption><\/figure>\n\n\n\n<figure class=\"wp-block-image size-large\"><img loading=\"lazy\" decoding=\"async\" width=\"920\" height=\"613\" data-id=\"51621\" src=\"https:\/\/www.weber-fag.de\/wordpress\/wp-content\/uploads\/2024\/12\/2412_FAG-Lemgo_0171.jpg\" alt=\"\" class=\"wp-image-51621\"\/><figcaption class=\"wp-element-caption\">David Schmidt (FAG)<\/figcaption><\/figure>\n\n\n\n<figure class=\"wp-block-image size-large\"><img loading=\"lazy\" decoding=\"async\" width=\"920\" height=\"613\" data-id=\"51620\" src=\"https:\/\/www.weber-fag.de\/wordpress\/wp-content\/uploads\/2024\/12\/2412_FAG-Lemgo_0193.jpg\" alt=\"\" class=\"wp-image-51620\"\/><figcaption class=\"wp-element-caption\">Ludvig Hallb\u00e4ck (FAG)<\/figcaption><\/figure>\n\n\n\n<figure class=\"wp-block-image size-large\"><img loading=\"lazy\" decoding=\"async\" width=\"920\" height=\"613\" data-id=\"51622\" src=\"https:\/\/www.weber-fag.de\/wordpress\/wp-content\/uploads\/2024\/12\/2412_FAG-Lemgo_0202.jpg\" alt=\"\" class=\"wp-image-51622\"\/><\/figure>\n\n\n\n<figure class=\"wp-block-image size-large\"><img loading=\"lazy\" decoding=\"async\" width=\"920\" height=\"613\" data-id=\"51623\" src=\"https:\/\/www.weber-fag.de\/wordpress\/wp-content\/uploads\/2024\/12\/2412_FAG-Lemgo_0211.jpg\" alt=\"\" class=\"wp-image-51623\"\/><figcaption class=\"wp-element-caption\">Ludvig Hallb\u00e4ck (FAG)<\/figcaption><\/figure>\n\n\n\n<figure class=\"wp-block-image size-large\"><img loading=\"lazy\" decoding=\"async\" width=\"920\" height=\"613\" data-id=\"51624\" src=\"https:\/\/www.weber-fag.de\/wordpress\/wp-content\/uploads\/2024\/12\/2412_FAG-Lemgo_0220.jpg\" alt=\"\" class=\"wp-image-51624\"\/><figcaption class=\"wp-element-caption\">Ludvig Jurmala (FAG)<\/figcaption><\/figure>\n\n\n\n<figure class=\"wp-block-image size-large\"><img loading=\"lazy\" decoding=\"async\" width=\"920\" height=\"613\" data-id=\"51626\" src=\"https:\/\/www.weber-fag.de\/wordpress\/wp-content\/uploads\/2024\/12\/2412_FAG-Lemgo_0238.jpg\" alt=\"\" class=\"wp-image-51626\"\/><figcaption class=\"wp-element-caption\">Tibor Ivanisevic (FAG)<\/figcaption><\/figure>\n\n\n\n<figure class=\"wp-block-image size-large\"><img loading=\"lazy\" decoding=\"async\" width=\"920\" height=\"613\" data-id=\"51625\" src=\"https:\/\/www.weber-fag.de\/wordpress\/wp-content\/uploads\/2024\/12\/2412_FAG-Lemgo_0243.jpg\" alt=\"\" class=\"wp-image-51625\"\/><figcaption class=\"wp-element-caption\">Erik Persson (FAG)<\/figcaption><\/figure>\n\n\n\n<figure class=\"wp-block-image size-large\"><img loading=\"lazy\" decoding=\"async\" width=\"920\" height=\"613\" data-id=\"51627\" src=\"https:\/\/www.weber-fag.de\/wordpress\/wp-content\/uploads\/2024\/12\/2412_FAG-Lemgo_0262.jpg\" alt=\"\" class=\"wp-image-51627\"\/><figcaption class=\"wp-element-caption\">Oskar Sunnefeldt (FAG)<\/figcaption><\/figure>\n\n\n\n<figure class=\"wp-block-image size-large\"><img loading=\"lazy\" decoding=\"async\" width=\"920\" height=\"613\" data-id=\"51628\" src=\"https:\/\/www.weber-fag.de\/wordpress\/wp-content\/uploads\/2024\/12\/2412_FAG-Lemgo_0292.jpg\" alt=\"\" class=\"wp-image-51628\"\/><figcaption class=\"wp-element-caption\">Tibor Ivanisevic (FAG)<\/figcaption><\/figure>\n\n\n\n<figure class=\"wp-block-image size-large\"><img loading=\"lazy\" decoding=\"async\" width=\"920\" height=\"613\" data-id=\"51629\" src=\"https:\/\/www.weber-fag.de\/wordpress\/wp-content\/uploads\/2024\/12\/2412_FAG-Lemgo_0300.jpg\" alt=\"\" class=\"wp-image-51629\"\/><figcaption class=\"wp-element-caption\">Trainer Ben Matschke (FAG)<\/figcaption><\/figure>\n\n\n\n<figure class=\"wp-block-image size-large\"><img loading=\"lazy\" decoding=\"async\" width=\"920\" height=\"613\" data-id=\"51630\" src=\"https:\/\/www.weber-fag.de\/wordpress\/wp-content\/uploads\/2024\/12\/2412_FAG-Lemgo_0304.jpg\" alt=\"\" class=\"wp-image-51630\"\/><figcaption class=\"wp-element-caption\">Trainer Ben Matschke (FAG)<\/figcaption><\/figure>\n\n\n\n<figure class=\"wp-block-image size-large\"><img loading=\"lazy\" decoding=\"async\" width=\"920\" height=\"613\" data-id=\"51631\" src=\"https:\/\/www.weber-fag.de\/wordpress\/wp-content\/uploads\/2024\/12\/2412_FAG-Lemgo_0315.jpg\" alt=\"\" class=\"wp-image-51631\"\/><\/figure>\n\n\n\n<figure class=\"wp-block-image size-large\"><img loading=\"lazy\" decoding=\"async\" width=\"920\" height=\"613\" data-id=\"51632\" src=\"https:\/\/www.weber-fag.de\/wordpress\/wp-content\/uploads\/2024\/12\/2412_FAG-Lemgo_0317.jpg\" alt=\"\" class=\"wp-image-51632\"\/><figcaption class=\"wp-element-caption\">Marcel Schiller (FAG)<\/figcaption><\/figure>\n\n\n\n<figure class=\"wp-block-image size-large\"><img loading=\"lazy\" decoding=\"async\" width=\"920\" height=\"613\" data-id=\"51633\" src=\"https:\/\/www.weber-fag.de\/wordpress\/wp-content\/uploads\/2024\/12\/2412_FAG-Lemgo_0329.jpg\" alt=\"\" class=\"wp-image-51633\"\/><figcaption class=\"wp-element-caption\">Marcel Schiller (FAG)<\/figcaption><\/figure>\n\n\n\n<figure class=\"wp-block-image size-large\"><img loading=\"lazy\" decoding=\"async\" width=\"920\" height=\"613\" data-id=\"51647\" src=\"https:\/\/www.weber-fag.de\/wordpress\/wp-content\/uploads\/2024\/12\/2412_FAG-Lemgo_0376.jpg\" alt=\"\" class=\"wp-image-51647\"\/><figcaption class=\"wp-element-caption\">Tibor Ivanisevic (FAG)<\/figcaption><\/figure>\n\n\n\n<figure class=\"wp-block-image size-large\"><img loading=\"lazy\" decoding=\"async\" width=\"920\" height=\"613\" data-id=\"51634\" src=\"https:\/\/www.weber-fag.de\/wordpress\/wp-content\/uploads\/2024\/12\/2412_FAG-Lemgo_0399.jpg\" alt=\"\" class=\"wp-image-51634\"\/><figcaption class=\"wp-element-caption\">Ludvig Hallb\u00e4ck (FAG)<\/figcaption><\/figure>\n\n\n\n<figure class=\"wp-block-image size-large\"><img loading=\"lazy\" decoding=\"async\" width=\"920\" height=\"613\" data-id=\"51636\" src=\"https:\/\/www.weber-fag.de\/wordpress\/wp-content\/uploads\/2024\/12\/2412_FAG-Lemgo_0422.jpg\" alt=\"\" class=\"wp-image-51636\"\/><figcaption class=\"wp-element-caption\">Erik Persson (FAG)<\/figcaption><\/figure>\n\n\n\n<figure class=\"wp-block-image size-large\"><img loading=\"lazy\" decoding=\"async\" width=\"920\" height=\"613\" data-id=\"51635\" src=\"https:\/\/www.weber-fag.de\/wordpress\/wp-content\/uploads\/2024\/12\/2412_FAG-Lemgo_0445.jpg\" alt=\"\" class=\"wp-image-51635\"\/><figcaption class=\"wp-element-caption\">Erik Persson (FAG)<\/figcaption><\/figure>\n\n\n\n<figure class=\"wp-block-image size-large\"><img loading=\"lazy\" decoding=\"async\" width=\"920\" height=\"613\" data-id=\"51637\" src=\"https:\/\/www.weber-fag.de\/wordpress\/wp-content\/uploads\/2024\/12\/2412_FAG-Lemgo_0453.jpg\" alt=\"\" class=\"wp-image-51637\"\/><figcaption class=\"wp-element-caption\">Erik Persson (FAG)<\/figcaption><\/figure>\n\n\n\n<figure class=\"wp-block-image size-large\"><img loading=\"lazy\" decoding=\"async\" width=\"920\" height=\"613\" data-id=\"51638\" src=\"https:\/\/www.weber-fag.de\/wordpress\/wp-content\/uploads\/2024\/12\/2412_FAG-Lemgo_0465.jpg\" alt=\"\" class=\"wp-image-51638\"\/><figcaption class=\"wp-element-caption\">Elias Newel (FAG)<\/figcaption><\/figure>\n\n\n\n<figure class=\"wp-block-image size-large\"><img loading=\"lazy\" decoding=\"async\" width=\"920\" height=\"613\" data-id=\"51640\" src=\"https:\/\/www.weber-fag.de\/wordpress\/wp-content\/uploads\/2024\/12\/2412_FAG-Lemgo_0491.jpg\" alt=\"\" class=\"wp-image-51640\"\/><figcaption class=\"wp-element-caption\">Rutger Ten Velde (FAG)<\/figcaption><\/figure>\n\n\n\n<figure class=\"wp-block-image size-large\"><img loading=\"lazy\" decoding=\"async\" width=\"920\" height=\"613\" data-id=\"51639\" src=\"https:\/\/www.weber-fag.de\/wordpress\/wp-content\/uploads\/2024\/12\/2412_FAG-Lemgo_0512.jpg\" alt=\"\" class=\"wp-image-51639\"\/><figcaption class=\"wp-element-caption\">Ludvig Jurmala (FAG)<\/figcaption><\/figure>\n\n\n\n<figure class=\"wp-block-image size-large\"><img loading=\"lazy\" decoding=\"async\" width=\"920\" height=\"613\" data-id=\"51642\" src=\"https:\/\/www.weber-fag.de\/wordpress\/wp-content\/uploads\/2024\/12\/2412_FAG-Lemgo_0539.jpg\" alt=\"\" class=\"wp-image-51642\"\/><figcaption class=\"wp-element-caption\">Ludvig Hallb\u00e4ck (FAG)<\/figcaption><\/figure>\n\n\n\n<figure class=\"wp-block-image size-large\"><img loading=\"lazy\" decoding=\"async\" width=\"920\" height=\"613\" data-id=\"51641\" src=\"https:\/\/www.weber-fag.de\/wordpress\/wp-content\/uploads\/2024\/12\/2412_FAG-Lemgo_0551.jpg\" alt=\"\" class=\"wp-image-51641\"\/><figcaption class=\"wp-element-caption\">Ludvig Jurmala (FAG)<\/figcaption><\/figure>\n\n\n\n<figure class=\"wp-block-image size-large\"><img loading=\"lazy\" decoding=\"async\" width=\"920\" height=\"613\" data-id=\"51643\" src=\"https:\/\/www.weber-fag.de\/wordpress\/wp-content\/uploads\/2024\/12\/2412_FAG-Lemgo_0563.jpg\" alt=\"\" class=\"wp-image-51643\"\/><figcaption class=\"wp-element-caption\">Victor Kl\u00f6ve (FAG)<\/figcaption><\/figure>\n\n\n\n<figure class=\"wp-block-image size-large\"><img loading=\"lazy\" decoding=\"async\" width=\"920\" height=\"613\" data-id=\"51644\" src=\"https:\/\/www.weber-fag.de\/wordpress\/wp-content\/uploads\/2024\/12\/2412_FAG-Lemgo_0576.jpg\" alt=\"\" class=\"wp-image-51644\"\/><figcaption class=\"wp-element-caption\">Ymir Gislason (FAG)<\/figcaption><\/figure>\n\n\n\n<figure class=\"wp-block-image size-large\"><img loading=\"lazy\" decoding=\"async\" width=\"920\" height=\"613\" data-id=\"51645\" src=\"https:\/\/www.weber-fag.de\/wordpress\/wp-content\/uploads\/2024\/12\/2412_FAG-Lemgo_0583.jpg\" alt=\"\" class=\"wp-image-51645\"\/><\/figure>\n\n\n\n<figure class=\"wp-block-image size-large\"><img loading=\"lazy\" decoding=\"async\" width=\"920\" height=\"613\" data-id=\"51646\" src=\"https:\/\/www.weber-fag.de\/wordpress\/wp-content\/uploads\/2024\/12\/2412_FAG-Lemgo_0587.jpg\" alt=\"\" class=\"wp-image-51646\"\/><figcaption class=\"wp-element-caption\">Ludvig Hallb\u00e4ck (FAG)<\/figcaption><\/figure>\n<\/figure>\n<div class=\"pp-fb-like-btn-wrap\"><div class=\"fb-like\" data-href=\"https:\/\/www.weber-fag.de\/wordpress\/frisch-auf-goeppingen-vs-tbv-lemgo-4\/\" data-share=\"false\" data-layout=\"button_count\" data-width=\"90\" data-show-faces=\"\" data-action=\"like\"><\/div><\/div>","protected":false},"excerpt":{"rendered":"<p>Mund abwischen und mit Volldampf gegen Lemgo, hie\u00df das Motto nach den zwei unn\u00f6tigen Niederlagen gegen Erlangen und Stuttgart. In der H\u00f6lle S\u00fcd gelang den Hausherren ein \u00fcberzeugender Befreiungsschlag und sicherten sich mit einem 29:22 Sieg zwei extrem wichtige Punkte.<\/p>\n","protected":false},"author":1,"featured_media":51613,"comment_status":"open","ping_status":"open","sticky":false,"template":"","format":"standard","meta":{"footnotes":""},"categories":[5],"tags":[],"class_list":["post-51612","post","type-post","status-publish","format-standard","has-post-thumbnail","hentry","category-bundesliga"],"_links":{"self":[{"href":"https:\/\/www.weber-fag.de\/wordpress\/wp-json\/wp\/v2\/posts\/51612","targetHints":{"allow":["GET"]}}],"collection":[{"href":"https:\/\/www.weber-fag.de\/wordpress\/wp-json\/wp\/v2\/posts"}],"about":[{"href":"https:\/\/www.weber-fag.de\/wordpress\/wp-json\/wp\/v2\/types\/post"}],"author":[{"embeddable":true,"href":"https:\/\/www.weber-fag.de\/wordpress\/wp-json\/wp\/v2\/users\/1"}],"replies":[{"embeddable":true,"href":"https:\/\/www.weber-fag.de\/wordpress\/wp-json\/wp\/v2\/comments?post=51612"}],"version-history":[{"count":1,"href":"https:\/\/www.weber-fag.de\/wordpress\/wp-json\/wp\/v2\/posts\/51612\/revisions"}],"predecessor-version":[{"id":51648,"href":"https:\/\/www.weber-fag.de\/wordpress\/wp-json\/wp\/v2\/posts\/51612\/revisions\/51648"}],"wp:featuredmedia":[{"embeddable":true,"href":"https:\/\/www.weber-fag.de\/wordpress\/wp-json\/wp\/v2\/media\/51613"}],"wp:attachment":[{"href":"https:\/\/www.weber-fag.de\/wordpress\/wp-json\/wp\/v2\/media?parent=51612"}],"wp:term":[{"taxonomy":"category","embeddable":true,"href":"https:\/\/www.weber-fag.de\/wordpress\/wp-json\/wp\/v2\/categories?post=51612"},{"taxonomy":"post_tag","embeddable":true,"href":"https:\/\/www.weber-fag.de\/wordpress\/wp-json\/wp\/v2\/tags?post=51612"}],"curies":[{"name":"wp","href":"https:\/\/api.w.org\/{rel}","templated":true}]}}