{"id":51406,"date":"2023-11-17T09:43:00","date_gmt":"2023-11-17T07:43:00","guid":{"rendered":"http:\/\/www.weber-fag.de\/wordpress\/?p=51406"},"modified":"2024-01-26T09:45:52","modified_gmt":"2024-01-26T07:45:52","slug":"frisch-auf-goeppingen-vs-tsv-hannover-burgdorf-3","status":"publish","type":"post","link":"https:\/\/www.weber-fag.de\/wordpress\/frisch-auf-goeppingen-vs-tsv-hannover-burgdorf-3\/","title":{"rendered":"FRISCH AUF! G\u00f6ppingen vs. TSV Hannover-Burgdorf"},"content":{"rendered":"\n<p>Absoluter Siegeswille und eine H\u00f6lle S\u00fcd brachte den G\u00f6ppinger den verdienten Sieg (32:25) \u00fcber die Hannoveraner<\/p>\n\n\n\n<figure class=\"wp-block-image size-full\"><img loading=\"lazy\" decoding=\"async\" width=\"920\" height=\"613\" src=\"https:\/\/www.weber-fag.de\/wordpress\/wp-content\/uploads\/2024\/01\/2311_FAG-TSV_0506.jpg\" alt=\"\" class=\"wp-image-51407\" srcset=\"https:\/\/www.weber-fag.de\/wordpress\/wp-content\/uploads\/2024\/01\/2311_FAG-TSV_0506.jpg 920w, https:\/\/www.weber-fag.de\/wordpress\/wp-content\/uploads\/2024\/01\/2311_FAG-TSV_0506-300x200.jpg 300w, https:\/\/www.weber-fag.de\/wordpress\/wp-content\/uploads\/2024\/01\/2311_FAG-TSV_0506-768x512.jpg 768w\" sizes=\"auto, (max-width: 920px) 100vw, 920px\" \/><\/figure>\n\n\n\n<!--more-->\n\n\n\n<figure class=\"wp-block-gallery has-nested-images columns-1 is-cropped wp-block-gallery-1 is-layout-flex wp-block-gallery-is-layout-flex\">\n<figure class=\"wp-block-image size-large\"><img loading=\"lazy\" decoding=\"async\" width=\"920\" height=\"613\" data-id=\"51408\" src=\"https:\/\/www.weber-fag.de\/wordpress\/wp-content\/uploads\/2024\/01\/2311_FAG-TSV_0084.jpg\" alt=\"\" class=\"wp-image-51408\" srcset=\"https:\/\/www.weber-fag.de\/wordpress\/wp-content\/uploads\/2024\/01\/2311_FAG-TSV_0084.jpg 920w, https:\/\/www.weber-fag.de\/wordpress\/wp-content\/uploads\/2024\/01\/2311_FAG-TSV_0084-300x200.jpg 300w, https:\/\/www.weber-fag.de\/wordpress\/wp-content\/uploads\/2024\/01\/2311_FAG-TSV_0084-768x512.jpg 768w\" sizes=\"auto, (max-width: 920px) 100vw, 920px\" \/><\/figure>\n\n\n\n<figure class=\"wp-block-image size-large\"><img loading=\"lazy\" decoding=\"async\" width=\"920\" height=\"613\" data-id=\"51409\" src=\"https:\/\/www.weber-fag.de\/wordpress\/wp-content\/uploads\/2024\/01\/2311_FAG-TSV_0111.jpg\" alt=\"\" class=\"wp-image-51409\" srcset=\"https:\/\/www.weber-fag.de\/wordpress\/wp-content\/uploads\/2024\/01\/2311_FAG-TSV_0111.jpg 920w, https:\/\/www.weber-fag.de\/wordpress\/wp-content\/uploads\/2024\/01\/2311_FAG-TSV_0111-300x200.jpg 300w, https:\/\/www.weber-fag.de\/wordpress\/wp-content\/uploads\/2024\/01\/2311_FAG-TSV_0111-768x512.jpg 768w\" sizes=\"auto, (max-width: 920px) 100vw, 920px\" \/><\/figure>\n\n\n\n<figure class=\"wp-block-image size-large\"><img loading=\"lazy\" decoding=\"async\" width=\"920\" height=\"613\" data-id=\"51410\" src=\"https:\/\/www.weber-fag.de\/wordpress\/wp-content\/uploads\/2024\/01\/2311_FAG-TSV_0121.jpg\" alt=\"\" class=\"wp-image-51410\" srcset=\"https:\/\/www.weber-fag.de\/wordpress\/wp-content\/uploads\/2024\/01\/2311_FAG-TSV_0121.jpg 920w, https:\/\/www.weber-fag.de\/wordpress\/wp-content\/uploads\/2024\/01\/2311_FAG-TSV_0121-300x200.jpg 300w, https:\/\/www.weber-fag.de\/wordpress\/wp-content\/uploads\/2024\/01\/2311_FAG-TSV_0121-768x512.jpg 768w\" sizes=\"auto, (max-width: 920px) 100vw, 920px\" \/><figcaption class=\"wp-element-caption\">Marcel Schiller (FAG)<\/figcaption><\/figure>\n\n\n\n<figure class=\"wp-block-image size-large\"><img loading=\"lazy\" decoding=\"async\" width=\"920\" height=\"613\" data-id=\"51412\" src=\"https:\/\/www.weber-fag.de\/wordpress\/wp-content\/uploads\/2024\/01\/2311_FAG-TSV_0148.jpg\" alt=\"\" class=\"wp-image-51412\" srcset=\"https:\/\/www.weber-fag.de\/wordpress\/wp-content\/uploads\/2024\/01\/2311_FAG-TSV_0148.jpg 920w, https:\/\/www.weber-fag.de\/wordpress\/wp-content\/uploads\/2024\/01\/2311_FAG-TSV_0148-300x200.jpg 300w, https:\/\/www.weber-fag.de\/wordpress\/wp-content\/uploads\/2024\/01\/2311_FAG-TSV_0148-768x512.jpg 768w\" sizes=\"auto, (max-width: 920px) 100vw, 920px\" \/><figcaption class=\"wp-element-caption\">Marcel Schiller (FAG)<\/figcaption><\/figure>\n\n\n\n<figure class=\"wp-block-image size-large\"><img loading=\"lazy\" decoding=\"async\" width=\"920\" height=\"613\" data-id=\"51411\" src=\"https:\/\/www.weber-fag.de\/wordpress\/wp-content\/uploads\/2024\/01\/2311_FAG-TSV_0149.jpg\" alt=\"\" class=\"wp-image-51411\" srcset=\"https:\/\/www.weber-fag.de\/wordpress\/wp-content\/uploads\/2024\/01\/2311_FAG-TSV_0149.jpg 920w, https:\/\/www.weber-fag.de\/wordpress\/wp-content\/uploads\/2024\/01\/2311_FAG-TSV_0149-300x200.jpg 300w, https:\/\/www.weber-fag.de\/wordpress\/wp-content\/uploads\/2024\/01\/2311_FAG-TSV_0149-768x512.jpg 768w\" sizes=\"auto, (max-width: 920px) 100vw, 920px\" \/><figcaption class=\"wp-element-caption\">Marcel Schiller (FAG)<\/figcaption><\/figure>\n\n\n\n<figure class=\"wp-block-image size-large\"><img loading=\"lazy\" decoding=\"async\" width=\"920\" height=\"613\" data-id=\"51414\" src=\"https:\/\/www.weber-fag.de\/wordpress\/wp-content\/uploads\/2024\/01\/2311_FAG-TSV_0180.jpg\" alt=\"\" class=\"wp-image-51414\" srcset=\"https:\/\/www.weber-fag.de\/wordpress\/wp-content\/uploads\/2024\/01\/2311_FAG-TSV_0180.jpg 920w, https:\/\/www.weber-fag.de\/wordpress\/wp-content\/uploads\/2024\/01\/2311_FAG-TSV_0180-300x200.jpg 300w, https:\/\/www.weber-fag.de\/wordpress\/wp-content\/uploads\/2024\/01\/2311_FAG-TSV_0180-768x512.jpg 768w\" sizes=\"auto, (max-width: 920px) 100vw, 920px\" \/><\/figure>\n\n\n\n<figure class=\"wp-block-image size-large\"><img loading=\"lazy\" decoding=\"async\" width=\"920\" height=\"613\" data-id=\"51413\" src=\"https:\/\/www.weber-fag.de\/wordpress\/wp-content\/uploads\/2024\/01\/2311_FAG-TSV_0204.jpg\" alt=\"\" class=\"wp-image-51413\" srcset=\"https:\/\/www.weber-fag.de\/wordpress\/wp-content\/uploads\/2024\/01\/2311_FAG-TSV_0204.jpg 920w, https:\/\/www.weber-fag.de\/wordpress\/wp-content\/uploads\/2024\/01\/2311_FAG-TSV_0204-300x200.jpg 300w, https:\/\/www.weber-fag.de\/wordpress\/wp-content\/uploads\/2024\/01\/2311_FAG-TSV_0204-768x512.jpg 768w\" sizes=\"auto, (max-width: 920px) 100vw, 920px\" \/><\/figure>\n\n\n\n<figure class=\"wp-block-image size-large\"><img loading=\"lazy\" decoding=\"async\" width=\"920\" height=\"613\" data-id=\"51416\" src=\"https:\/\/www.weber-fag.de\/wordpress\/wp-content\/uploads\/2024\/01\/2311_FAG-TSV_0213.jpg\" alt=\"\" class=\"wp-image-51416\" srcset=\"https:\/\/www.weber-fag.de\/wordpress\/wp-content\/uploads\/2024\/01\/2311_FAG-TSV_0213.jpg 920w, https:\/\/www.weber-fag.de\/wordpress\/wp-content\/uploads\/2024\/01\/2311_FAG-TSV_0213-300x200.jpg 300w, https:\/\/www.weber-fag.de\/wordpress\/wp-content\/uploads\/2024\/01\/2311_FAG-TSV_0213-768x512.jpg 768w\" sizes=\"auto, (max-width: 920px) 100vw, 920px\" \/><\/figure>\n\n\n\n<figure class=\"wp-block-image size-large\"><img loading=\"lazy\" decoding=\"async\" width=\"920\" height=\"613\" data-id=\"51415\" src=\"https:\/\/www.weber-fag.de\/wordpress\/wp-content\/uploads\/2024\/01\/2311_FAG-TSV_0222.jpg\" alt=\"\" class=\"wp-image-51415\" srcset=\"https:\/\/www.weber-fag.de\/wordpress\/wp-content\/uploads\/2024\/01\/2311_FAG-TSV_0222.jpg 920w, https:\/\/www.weber-fag.de\/wordpress\/wp-content\/uploads\/2024\/01\/2311_FAG-TSV_0222-300x200.jpg 300w, https:\/\/www.weber-fag.de\/wordpress\/wp-content\/uploads\/2024\/01\/2311_FAG-TSV_0222-768x512.jpg 768w\" sizes=\"auto, (max-width: 920px) 100vw, 920px\" \/><figcaption class=\"wp-element-caption\">Marcel Schiller (FAG)<\/figcaption><\/figure>\n\n\n\n<figure class=\"wp-block-image size-large\"><img loading=\"lazy\" decoding=\"async\" width=\"920\" height=\"613\" data-id=\"51417\" src=\"https:\/\/www.weber-fag.de\/wordpress\/wp-content\/uploads\/2024\/01\/2311_FAG-TSV_0236.jpg\" alt=\"\" class=\"wp-image-51417\" srcset=\"https:\/\/www.weber-fag.de\/wordpress\/wp-content\/uploads\/2024\/01\/2311_FAG-TSV_0236.jpg 920w, https:\/\/www.weber-fag.de\/wordpress\/wp-content\/uploads\/2024\/01\/2311_FAG-TSV_0236-300x200.jpg 300w, https:\/\/www.weber-fag.de\/wordpress\/wp-content\/uploads\/2024\/01\/2311_FAG-TSV_0236-768x512.jpg 768w\" sizes=\"auto, (max-width: 920px) 100vw, 920px\" \/><figcaption class=\"wp-element-caption\">Marin Sego (FAG)<\/figcaption><\/figure>\n\n\n\n<figure class=\"wp-block-image size-large\"><img loading=\"lazy\" decoding=\"async\" width=\"920\" height=\"613\" data-id=\"51418\" src=\"https:\/\/www.weber-fag.de\/wordpress\/wp-content\/uploads\/2024\/01\/2311_FAG-TSV_0276.jpg\" alt=\"\" class=\"wp-image-51418\" srcset=\"https:\/\/www.weber-fag.de\/wordpress\/wp-content\/uploads\/2024\/01\/2311_FAG-TSV_0276.jpg 920w, https:\/\/www.weber-fag.de\/wordpress\/wp-content\/uploads\/2024\/01\/2311_FAG-TSV_0276-300x200.jpg 300w, https:\/\/www.weber-fag.de\/wordpress\/wp-content\/uploads\/2024\/01\/2311_FAG-TSV_0276-768x512.jpg 768w\" sizes=\"auto, (max-width: 920px) 100vw, 920px\" \/><figcaption class=\"wp-element-caption\">Sebastian Heymann (FAG)<\/figcaption><\/figure>\n\n\n\n<figure class=\"wp-block-image size-large\"><img loading=\"lazy\" decoding=\"async\" width=\"920\" height=\"613\" data-id=\"51419\" src=\"https:\/\/www.weber-fag.de\/wordpress\/wp-content\/uploads\/2024\/01\/2311_FAG-TSV_0286.jpg\" alt=\"\" class=\"wp-image-51419\" srcset=\"https:\/\/www.weber-fag.de\/wordpress\/wp-content\/uploads\/2024\/01\/2311_FAG-TSV_0286.jpg 920w, https:\/\/www.weber-fag.de\/wordpress\/wp-content\/uploads\/2024\/01\/2311_FAG-TSV_0286-300x200.jpg 300w, https:\/\/www.weber-fag.de\/wordpress\/wp-content\/uploads\/2024\/01\/2311_FAG-TSV_0286-768x512.jpg 768w\" sizes=\"auto, (max-width: 920px) 100vw, 920px\" \/><\/figure>\n\n\n\n<figure class=\"wp-block-image size-large\"><img loading=\"lazy\" decoding=\"async\" width=\"920\" height=\"613\" data-id=\"51424\" src=\"https:\/\/www.weber-fag.de\/wordpress\/wp-content\/uploads\/2024\/01\/2311_FAG-TSV_0300.jpg\" alt=\"\" class=\"wp-image-51424\" srcset=\"https:\/\/www.weber-fag.de\/wordpress\/wp-content\/uploads\/2024\/01\/2311_FAG-TSV_0300.jpg 920w, https:\/\/www.weber-fag.de\/wordpress\/wp-content\/uploads\/2024\/01\/2311_FAG-TSV_0300-300x200.jpg 300w, https:\/\/www.weber-fag.de\/wordpress\/wp-content\/uploads\/2024\/01\/2311_FAG-TSV_0300-768x512.jpg 768w\" sizes=\"auto, (max-width: 920px) 100vw, 920px\" \/><figcaption class=\"wp-element-caption\">David Schmidt (FAG)<\/figcaption><\/figure>\n\n\n\n<figure class=\"wp-block-image size-large\"><img loading=\"lazy\" decoding=\"async\" width=\"920\" height=\"613\" data-id=\"51420\" src=\"https:\/\/www.weber-fag.de\/wordpress\/wp-content\/uploads\/2024\/01\/2311_FAG-TSV_0330.jpg\" alt=\"\" class=\"wp-image-51420\" srcset=\"https:\/\/www.weber-fag.de\/wordpress\/wp-content\/uploads\/2024\/01\/2311_FAG-TSV_0330.jpg 920w, https:\/\/www.weber-fag.de\/wordpress\/wp-content\/uploads\/2024\/01\/2311_FAG-TSV_0330-300x200.jpg 300w, https:\/\/www.weber-fag.de\/wordpress\/wp-content\/uploads\/2024\/01\/2311_FAG-TSV_0330-768x512.jpg 768w\" sizes=\"auto, (max-width: 920px) 100vw, 920px\" \/><figcaption class=\"wp-element-caption\">David Schmidt (FAG)<\/figcaption><\/figure>\n\n\n\n<figure class=\"wp-block-image size-large\"><img loading=\"lazy\" decoding=\"async\" width=\"920\" height=\"613\" data-id=\"51421\" src=\"https:\/\/www.weber-fag.de\/wordpress\/wp-content\/uploads\/2024\/01\/2311_FAG-TSV_0349.jpg\" alt=\"\" class=\"wp-image-51421\" srcset=\"https:\/\/www.weber-fag.de\/wordpress\/wp-content\/uploads\/2024\/01\/2311_FAG-TSV_0349.jpg 920w, https:\/\/www.weber-fag.de\/wordpress\/wp-content\/uploads\/2024\/01\/2311_FAG-TSV_0349-300x200.jpg 300w, https:\/\/www.weber-fag.de\/wordpress\/wp-content\/uploads\/2024\/01\/2311_FAG-TSV_0349-768x512.jpg 768w\" sizes=\"auto, (max-width: 920px) 100vw, 920px\" \/><figcaption class=\"wp-element-caption\">Erik Persson (FAG)<\/figcaption><\/figure>\n\n\n\n<figure class=\"wp-block-image size-large\"><img loading=\"lazy\" decoding=\"async\" width=\"920\" height=\"613\" data-id=\"51422\" src=\"https:\/\/www.weber-fag.de\/wordpress\/wp-content\/uploads\/2024\/01\/2311_FAG-TSV_0363.jpg\" alt=\"\" class=\"wp-image-51422\" srcset=\"https:\/\/www.weber-fag.de\/wordpress\/wp-content\/uploads\/2024\/01\/2311_FAG-TSV_0363.jpg 920w, https:\/\/www.weber-fag.de\/wordpress\/wp-content\/uploads\/2024\/01\/2311_FAG-TSV_0363-300x200.jpg 300w, https:\/\/www.weber-fag.de\/wordpress\/wp-content\/uploads\/2024\/01\/2311_FAG-TSV_0363-768x512.jpg 768w\" sizes=\"auto, (max-width: 920px) 100vw, 920px\" \/><figcaption class=\"wp-element-caption\">Marcel Schiller (FAG)<\/figcaption><\/figure>\n\n\n\n<figure class=\"wp-block-image size-large\"><img loading=\"lazy\" decoding=\"async\" width=\"920\" height=\"613\" data-id=\"51423\" src=\"https:\/\/www.weber-fag.de\/wordpress\/wp-content\/uploads\/2024\/01\/2311_FAG-TSV_0380.jpg\" alt=\"\" class=\"wp-image-51423\" srcset=\"https:\/\/www.weber-fag.de\/wordpress\/wp-content\/uploads\/2024\/01\/2311_FAG-TSV_0380.jpg 920w, https:\/\/www.weber-fag.de\/wordpress\/wp-content\/uploads\/2024\/01\/2311_FAG-TSV_0380-300x200.jpg 300w, https:\/\/www.weber-fag.de\/wordpress\/wp-content\/uploads\/2024\/01\/2311_FAG-TSV_0380-768x512.jpg 768w\" sizes=\"auto, (max-width: 920px) 100vw, 920px\" \/><figcaption class=\"wp-element-caption\">Josip Sarac (FAG)<\/figcaption><\/figure>\n\n\n\n<figure class=\"wp-block-image size-large\"><img loading=\"lazy\" decoding=\"async\" width=\"920\" height=\"613\" data-id=\"51425\" src=\"https:\/\/www.weber-fag.de\/wordpress\/wp-content\/uploads\/2024\/01\/2311_FAG-TSV_0391.jpg\" alt=\"\" class=\"wp-image-51425\" srcset=\"https:\/\/www.weber-fag.de\/wordpress\/wp-content\/uploads\/2024\/01\/2311_FAG-TSV_0391.jpg 920w, https:\/\/www.weber-fag.de\/wordpress\/wp-content\/uploads\/2024\/01\/2311_FAG-TSV_0391-300x200.jpg 300w, https:\/\/www.weber-fag.de\/wordpress\/wp-content\/uploads\/2024\/01\/2311_FAG-TSV_0391-768x512.jpg 768w\" sizes=\"auto, (max-width: 920px) 100vw, 920px\" \/><figcaption class=\"wp-element-caption\">Marcel Schiller (FAG)<\/figcaption><\/figure>\n\n\n\n<figure class=\"wp-block-image size-large\"><img loading=\"lazy\" decoding=\"async\" width=\"920\" height=\"613\" data-id=\"51426\" src=\"https:\/\/www.weber-fag.de\/wordpress\/wp-content\/uploads\/2024\/01\/2311_FAG-TSV_0448.jpg\" alt=\"\" class=\"wp-image-51426\" srcset=\"https:\/\/www.weber-fag.de\/wordpress\/wp-content\/uploads\/2024\/01\/2311_FAG-TSV_0448.jpg 920w, https:\/\/www.weber-fag.de\/wordpress\/wp-content\/uploads\/2024\/01\/2311_FAG-TSV_0448-300x200.jpg 300w, https:\/\/www.weber-fag.de\/wordpress\/wp-content\/uploads\/2024\/01\/2311_FAG-TSV_0448-768x512.jpg 768w\" sizes=\"auto, (max-width: 920px) 100vw, 920px\" \/><figcaption class=\"wp-element-caption\">Erik Persson (FAG)<\/figcaption><\/figure>\n\n\n\n<figure class=\"wp-block-image size-large\"><img loading=\"lazy\" decoding=\"async\" width=\"920\" height=\"613\" data-id=\"51427\" src=\"https:\/\/www.weber-fag.de\/wordpress\/wp-content\/uploads\/2024\/01\/2311_FAG-TSV_0468.jpg\" alt=\"\" class=\"wp-image-51427\" srcset=\"https:\/\/www.weber-fag.de\/wordpress\/wp-content\/uploads\/2024\/01\/2311_FAG-TSV_0468.jpg 920w, https:\/\/www.weber-fag.de\/wordpress\/wp-content\/uploads\/2024\/01\/2311_FAG-TSV_0468-300x200.jpg 300w, https:\/\/www.weber-fag.de\/wordpress\/wp-content\/uploads\/2024\/01\/2311_FAG-TSV_0468-768x512.jpg 768w\" sizes=\"auto, (max-width: 920px) 100vw, 920px\" \/><\/figure>\n<\/figure>\n<div class=\"pp-fb-like-btn-wrap\"><div class=\"fb-like\" data-href=\"https:\/\/www.weber-fag.de\/wordpress\/frisch-auf-goeppingen-vs-tsv-hannover-burgdorf-3\/\" data-share=\"false\" data-layout=\"button_count\" data-width=\"90\" data-show-faces=\"\" data-action=\"like\"><\/div><\/div>","protected":false},"excerpt":{"rendered":"<p>Absoluter Siegeswille und eine H\u00f6lle S\u00fcd brachte den G\u00f6ppinger den verdienten Sieg (32:25) \u00fcber die Hannoveraner<\/p>\n","protected":false},"author":1,"featured_media":0,"comment_status":"open","ping_status":"open","sticky":false,"template":"","format":"standard","meta":{"footnotes":""},"categories":[1],"tags":[],"class_list":["post-51406","post","type-post","status-publish","format-standard","hentry","category-allgemein"],"_links":{"self":[{"href":"https:\/\/www.weber-fag.de\/wordpress\/wp-json\/wp\/v2\/posts\/51406","targetHints":{"allow":["GET"]}}],"collection":[{"href":"https:\/\/www.weber-fag.de\/wordpress\/wp-json\/wp\/v2\/posts"}],"about":[{"href":"https:\/\/www.weber-fag.de\/wordpress\/wp-json\/wp\/v2\/types\/post"}],"author":[{"embeddable":true,"href":"https:\/\/www.weber-fag.de\/wordpress\/wp-json\/wp\/v2\/users\/1"}],"replies":[{"embeddable":true,"href":"https:\/\/www.weber-fag.de\/wordpress\/wp-json\/wp\/v2\/comments?post=51406"}],"version-history":[{"count":1,"href":"https:\/\/www.weber-fag.de\/wordpress\/wp-json\/wp\/v2\/posts\/51406\/revisions"}],"predecessor-version":[{"id":51428,"href":"https:\/\/www.weber-fag.de\/wordpress\/wp-json\/wp\/v2\/posts\/51406\/revisions\/51428"}],"wp:attachment":[{"href":"https:\/\/www.weber-fag.de\/wordpress\/wp-json\/wp\/v2\/media?parent=51406"}],"wp:term":[{"taxonomy":"category","embeddable":true,"href":"https:\/\/www.weber-fag.de\/wordpress\/wp-json\/wp\/v2\/categories?post=51406"},{"taxonomy":"post_tag","embeddable":true,"href":"https:\/\/www.weber-fag.de\/wordpress\/wp-json\/wp\/v2\/tags?post=51406"}],"curies":[{"name":"wp","href":"https:\/\/api.w.org\/{rel}","templated":true}]}}