{"id":51161,"date":"2023-02-28T23:17:00","date_gmt":"2023-02-28T21:17:00","guid":{"rendered":"http:\/\/www.weber-fag.de\/wordpress\/?p=51161"},"modified":"2023-03-02T12:31:09","modified_gmt":"2023-03-02T10:31:09","slug":"frisch-auf-goeppingen-vs-hb-montpellier","status":"publish","type":"post","link":"https:\/\/www.weber-fag.de\/wordpress\/frisch-auf-goeppingen-vs-hb-montpellier\/","title":{"rendered":"FRISCH AUF! G\u00f6ppingen vs. HB Montpellier"},"content":{"rendered":"\n<p>Im letzten Spiel der Gruppenphase um den Europapokal war der Spitzenreiter aus Montpellier zu Gast in der EWS-Arena. Gespickt mit Nationalspielern und einem klaren Hinspielsieg reisten die Franzosen mit breiter Brust an. Doch die Hausherren wuchsen \u00fcber sich hinaus und f\u00fchrten nahezu das komplette Spiel. Hatte man gegen die L\u00f6wen einen knappen Vorsprung noch kurz vor Spielende hergeschenkt. Konnten die gr\u00fcnwei\u00dfen diesmal den Deckel drauf machen und gewannen mit 27:25 Toren. Hier die Bilder vom Spiel<\/p>\n\n\n\n<figure class=\"wp-block-image size-full\"><img loading=\"lazy\" decoding=\"async\" width=\"920\" height=\"613\" src=\"https:\/\/www.weber-fag.de\/wordpress\/wp-content\/uploads\/2023\/03\/2302_FAG-Montpellier_0210.jpg\" alt=\"\" class=\"wp-image-51162\" srcset=\"https:\/\/www.weber-fag.de\/wordpress\/wp-content\/uploads\/2023\/03\/2302_FAG-Montpellier_0210.jpg 920w, https:\/\/www.weber-fag.de\/wordpress\/wp-content\/uploads\/2023\/03\/2302_FAG-Montpellier_0210-300x200.jpg 300w, https:\/\/www.weber-fag.de\/wordpress\/wp-content\/uploads\/2023\/03\/2302_FAG-Montpellier_0210-768x512.jpg 768w\" sizes=\"auto, (max-width: 920px) 100vw, 920px\" \/><figcaption>Blaz Blagotinsek (FAG)<\/figcaption><\/figure>\n\n\n\n<!--more-->\n\n\n\n<figure class=\"wp-block-gallery has-nested-images columns-1 is-cropped wp-block-gallery-1 is-layout-flex wp-block-gallery-is-layout-flex\">\n<figure class=\"wp-block-image size-large\"><img loading=\"lazy\" decoding=\"async\" width=\"920\" height=\"613\" data-id=\"51168\" src=\"https:\/\/www.weber-fag.de\/wordpress\/wp-content\/uploads\/2023\/03\/2302_FAG-Montpellier_0008.jpg\" alt=\"\" class=\"wp-image-51168\" srcset=\"https:\/\/www.weber-fag.de\/wordpress\/wp-content\/uploads\/2023\/03\/2302_FAG-Montpellier_0008.jpg 920w, https:\/\/www.weber-fag.de\/wordpress\/wp-content\/uploads\/2023\/03\/2302_FAG-Montpellier_0008-300x200.jpg 300w, https:\/\/www.weber-fag.de\/wordpress\/wp-content\/uploads\/2023\/03\/2302_FAG-Montpellier_0008-768x512.jpg 768w\" sizes=\"auto, (max-width: 920px) 100vw, 920px\" \/><figcaption>Tim Kneule (FAG)<\/figcaption><\/figure>\n\n\n\n<figure class=\"wp-block-image size-large\"><img loading=\"lazy\" decoding=\"async\" width=\"920\" height=\"613\" data-id=\"51165\" src=\"https:\/\/www.weber-fag.de\/wordpress\/wp-content\/uploads\/2023\/03\/2302_FAG-Montpellier_0066.jpg\" alt=\"\" class=\"wp-image-51165\" srcset=\"https:\/\/www.weber-fag.de\/wordpress\/wp-content\/uploads\/2023\/03\/2302_FAG-Montpellier_0066.jpg 920w, https:\/\/www.weber-fag.de\/wordpress\/wp-content\/uploads\/2023\/03\/2302_FAG-Montpellier_0066-300x200.jpg 300w, https:\/\/www.weber-fag.de\/wordpress\/wp-content\/uploads\/2023\/03\/2302_FAG-Montpellier_0066-768x512.jpg 768w\" sizes=\"auto, (max-width: 920px) 100vw, 920px\" \/><\/figure>\n\n\n\n<figure class=\"wp-block-image size-large\"><img loading=\"lazy\" decoding=\"async\" width=\"920\" height=\"613\" data-id=\"51163\" src=\"https:\/\/www.weber-fag.de\/wordpress\/wp-content\/uploads\/2023\/03\/2302_FAG-Montpellier_0072.jpg\" alt=\"\" class=\"wp-image-51163\" srcset=\"https:\/\/www.weber-fag.de\/wordpress\/wp-content\/uploads\/2023\/03\/2302_FAG-Montpellier_0072.jpg 920w, https:\/\/www.weber-fag.de\/wordpress\/wp-content\/uploads\/2023\/03\/2302_FAG-Montpellier_0072-300x200.jpg 300w, https:\/\/www.weber-fag.de\/wordpress\/wp-content\/uploads\/2023\/03\/2302_FAG-Montpellier_0072-768x512.jpg 768w\" sizes=\"auto, (max-width: 920px) 100vw, 920px\" \/><\/figure>\n\n\n\n<figure class=\"wp-block-image size-large\"><img loading=\"lazy\" decoding=\"async\" width=\"920\" height=\"613\" data-id=\"51164\" src=\"https:\/\/www.weber-fag.de\/wordpress\/wp-content\/uploads\/2023\/03\/2302_FAG-Montpellier_0076.jpg\" alt=\"\" class=\"wp-image-51164\" srcset=\"https:\/\/www.weber-fag.de\/wordpress\/wp-content\/uploads\/2023\/03\/2302_FAG-Montpellier_0076.jpg 920w, https:\/\/www.weber-fag.de\/wordpress\/wp-content\/uploads\/2023\/03\/2302_FAG-Montpellier_0076-300x200.jpg 300w, https:\/\/www.weber-fag.de\/wordpress\/wp-content\/uploads\/2023\/03\/2302_FAG-Montpellier_0076-768x512.jpg 768w\" sizes=\"auto, (max-width: 920px) 100vw, 920px\" \/><\/figure>\n\n\n\n<figure class=\"wp-block-image size-large\"><img loading=\"lazy\" decoding=\"async\" width=\"920\" height=\"613\" data-id=\"51167\" src=\"https:\/\/www.weber-fag.de\/wordpress\/wp-content\/uploads\/2023\/03\/2302_FAG-Montpellier_0077.jpg\" alt=\"\" class=\"wp-image-51167\" srcset=\"https:\/\/www.weber-fag.de\/wordpress\/wp-content\/uploads\/2023\/03\/2302_FAG-Montpellier_0077.jpg 920w, https:\/\/www.weber-fag.de\/wordpress\/wp-content\/uploads\/2023\/03\/2302_FAG-Montpellier_0077-300x200.jpg 300w, https:\/\/www.weber-fag.de\/wordpress\/wp-content\/uploads\/2023\/03\/2302_FAG-Montpellier_0077-768x512.jpg 768w\" sizes=\"auto, (max-width: 920px) 100vw, 920px\" \/><\/figure>\n\n\n\n<figure class=\"wp-block-image size-large\"><img loading=\"lazy\" decoding=\"async\" width=\"920\" height=\"613\" data-id=\"51166\" src=\"https:\/\/www.weber-fag.de\/wordpress\/wp-content\/uploads\/2023\/03\/2302_FAG-Montpellier_0089.jpg\" alt=\"\" class=\"wp-image-51166\" srcset=\"https:\/\/www.weber-fag.de\/wordpress\/wp-content\/uploads\/2023\/03\/2302_FAG-Montpellier_0089.jpg 920w, https:\/\/www.weber-fag.de\/wordpress\/wp-content\/uploads\/2023\/03\/2302_FAG-Montpellier_0089-300x200.jpg 300w, https:\/\/www.weber-fag.de\/wordpress\/wp-content\/uploads\/2023\/03\/2302_FAG-Montpellier_0089-768x512.jpg 768w\" sizes=\"auto, (max-width: 920px) 100vw, 920px\" \/><\/figure>\n\n\n\n<figure class=\"wp-block-image size-large\"><img loading=\"lazy\" decoding=\"async\" width=\"920\" height=\"613\" data-id=\"51169\" src=\"https:\/\/www.weber-fag.de\/wordpress\/wp-content\/uploads\/2023\/03\/2302_FAG-Montpellier_0092.jpg\" alt=\"\" class=\"wp-image-51169\" srcset=\"https:\/\/www.weber-fag.de\/wordpress\/wp-content\/uploads\/2023\/03\/2302_FAG-Montpellier_0092.jpg 920w, https:\/\/www.weber-fag.de\/wordpress\/wp-content\/uploads\/2023\/03\/2302_FAG-Montpellier_0092-300x200.jpg 300w, https:\/\/www.weber-fag.de\/wordpress\/wp-content\/uploads\/2023\/03\/2302_FAG-Montpellier_0092-768x512.jpg 768w\" sizes=\"auto, (max-width: 920px) 100vw, 920px\" \/><\/figure>\n\n\n\n<figure class=\"wp-block-image size-large\"><img loading=\"lazy\" decoding=\"async\" width=\"920\" height=\"613\" data-id=\"51170\" src=\"https:\/\/www.weber-fag.de\/wordpress\/wp-content\/uploads\/2023\/03\/2302_FAG-Montpellier_0097.jpg\" alt=\"\" class=\"wp-image-51170\" srcset=\"https:\/\/www.weber-fag.de\/wordpress\/wp-content\/uploads\/2023\/03\/2302_FAG-Montpellier_0097.jpg 920w, https:\/\/www.weber-fag.de\/wordpress\/wp-content\/uploads\/2023\/03\/2302_FAG-Montpellier_0097-300x200.jpg 300w, https:\/\/www.weber-fag.de\/wordpress\/wp-content\/uploads\/2023\/03\/2302_FAG-Montpellier_0097-768x512.jpg 768w\" sizes=\"auto, (max-width: 920px) 100vw, 920px\" \/><\/figure>\n\n\n\n<figure class=\"wp-block-image size-large\"><img loading=\"lazy\" decoding=\"async\" width=\"920\" height=\"613\" data-id=\"51171\" src=\"https:\/\/www.weber-fag.de\/wordpress\/wp-content\/uploads\/2023\/03\/2302_FAG-Montpellier_0098.jpg\" alt=\"\" class=\"wp-image-51171\" srcset=\"https:\/\/www.weber-fag.de\/wordpress\/wp-content\/uploads\/2023\/03\/2302_FAG-Montpellier_0098.jpg 920w, https:\/\/www.weber-fag.de\/wordpress\/wp-content\/uploads\/2023\/03\/2302_FAG-Montpellier_0098-300x200.jpg 300w, https:\/\/www.weber-fag.de\/wordpress\/wp-content\/uploads\/2023\/03\/2302_FAG-Montpellier_0098-768x512.jpg 768w\" sizes=\"auto, (max-width: 920px) 100vw, 920px\" \/><figcaption>Marin Sego (FAG)<\/figcaption><\/figure>\n\n\n\n<figure class=\"wp-block-image size-large\"><img loading=\"lazy\" decoding=\"async\" width=\"920\" height=\"613\" data-id=\"51174\" src=\"https:\/\/www.weber-fag.de\/wordpress\/wp-content\/uploads\/2023\/03\/2302_FAG-Montpellier_0101.jpg\" alt=\"\" class=\"wp-image-51174\" srcset=\"https:\/\/www.weber-fag.de\/wordpress\/wp-content\/uploads\/2023\/03\/2302_FAG-Montpellier_0101.jpg 920w, https:\/\/www.weber-fag.de\/wordpress\/wp-content\/uploads\/2023\/03\/2302_FAG-Montpellier_0101-300x200.jpg 300w, https:\/\/www.weber-fag.de\/wordpress\/wp-content\/uploads\/2023\/03\/2302_FAG-Montpellier_0101-768x512.jpg 768w\" sizes=\"auto, (max-width: 920px) 100vw, 920px\" \/><figcaption>Josip Sarac (FAG)<\/figcaption><\/figure>\n\n\n\n<figure class=\"wp-block-image size-large\"><img loading=\"lazy\" decoding=\"async\" width=\"920\" height=\"613\" data-id=\"51175\" src=\"https:\/\/www.weber-fag.de\/wordpress\/wp-content\/uploads\/2023\/03\/2302_FAG-Montpellier_0104.jpg\" alt=\"\" class=\"wp-image-51175\" srcset=\"https:\/\/www.weber-fag.de\/wordpress\/wp-content\/uploads\/2023\/03\/2302_FAG-Montpellier_0104.jpg 920w, https:\/\/www.weber-fag.de\/wordpress\/wp-content\/uploads\/2023\/03\/2302_FAG-Montpellier_0104-300x200.jpg 300w, https:\/\/www.weber-fag.de\/wordpress\/wp-content\/uploads\/2023\/03\/2302_FAG-Montpellier_0104-768x512.jpg 768w\" sizes=\"auto, (max-width: 920px) 100vw, 920px\" \/><figcaption>Tim Kneule (FAG)<\/figcaption><\/figure>\n\n\n\n<figure class=\"wp-block-image size-large\"><img loading=\"lazy\" decoding=\"async\" width=\"920\" height=\"613\" data-id=\"51177\" src=\"https:\/\/www.weber-fag.de\/wordpress\/wp-content\/uploads\/2023\/03\/2302_FAG-Montpellier_0107.jpg\" alt=\"\" class=\"wp-image-51177\" srcset=\"https:\/\/www.weber-fag.de\/wordpress\/wp-content\/uploads\/2023\/03\/2302_FAG-Montpellier_0107.jpg 920w, https:\/\/www.weber-fag.de\/wordpress\/wp-content\/uploads\/2023\/03\/2302_FAG-Montpellier_0107-300x200.jpg 300w, https:\/\/www.weber-fag.de\/wordpress\/wp-content\/uploads\/2023\/03\/2302_FAG-Montpellier_0107-768x512.jpg 768w\" sizes=\"auto, (max-width: 920px) 100vw, 920px\" \/><\/figure>\n\n\n\n<figure class=\"wp-block-image size-large\"><img loading=\"lazy\" decoding=\"async\" width=\"920\" height=\"613\" data-id=\"51172\" src=\"https:\/\/www.weber-fag.de\/wordpress\/wp-content\/uploads\/2023\/03\/2302_FAG-Montpellier_0110.jpg\" alt=\"\" class=\"wp-image-51172\" srcset=\"https:\/\/www.weber-fag.de\/wordpress\/wp-content\/uploads\/2023\/03\/2302_FAG-Montpellier_0110.jpg 920w, https:\/\/www.weber-fag.de\/wordpress\/wp-content\/uploads\/2023\/03\/2302_FAG-Montpellier_0110-300x200.jpg 300w, https:\/\/www.weber-fag.de\/wordpress\/wp-content\/uploads\/2023\/03\/2302_FAG-Montpellier_0110-768x512.jpg 768w\" sizes=\"auto, (max-width: 920px) 100vw, 920px\" \/><figcaption>Axel Goller (FAG)<\/figcaption><\/figure>\n\n\n\n<figure class=\"wp-block-image size-large\"><img loading=\"lazy\" decoding=\"async\" width=\"920\" height=\"613\" data-id=\"51173\" src=\"https:\/\/www.weber-fag.de\/wordpress\/wp-content\/uploads\/2023\/03\/2302_FAG-Montpellier_0118.jpg\" alt=\"\" class=\"wp-image-51173\" srcset=\"https:\/\/www.weber-fag.de\/wordpress\/wp-content\/uploads\/2023\/03\/2302_FAG-Montpellier_0118.jpg 920w, https:\/\/www.weber-fag.de\/wordpress\/wp-content\/uploads\/2023\/03\/2302_FAG-Montpellier_0118-300x200.jpg 300w, https:\/\/www.weber-fag.de\/wordpress\/wp-content\/uploads\/2023\/03\/2302_FAG-Montpellier_0118-768x512.jpg 768w\" sizes=\"auto, (max-width: 920px) 100vw, 920px\" \/><figcaption>Trainer Markus Baur (FAG)<\/figcaption><\/figure>\n\n\n\n<figure class=\"wp-block-image size-large\"><img loading=\"lazy\" decoding=\"async\" width=\"920\" height=\"613\" data-id=\"51176\" src=\"https:\/\/www.weber-fag.de\/wordpress\/wp-content\/uploads\/2023\/03\/2302_FAG-Montpellier_0119.jpg\" alt=\"\" class=\"wp-image-51176\" srcset=\"https:\/\/www.weber-fag.de\/wordpress\/wp-content\/uploads\/2023\/03\/2302_FAG-Montpellier_0119.jpg 920w, https:\/\/www.weber-fag.de\/wordpress\/wp-content\/uploads\/2023\/03\/2302_FAG-Montpellier_0119-300x200.jpg 300w, https:\/\/www.weber-fag.de\/wordpress\/wp-content\/uploads\/2023\/03\/2302_FAG-Montpellier_0119-768x512.jpg 768w\" sizes=\"auto, (max-width: 920px) 100vw, 920px\" \/><\/figure>\n\n\n\n<figure class=\"wp-block-image size-large\"><img loading=\"lazy\" decoding=\"async\" width=\"920\" height=\"613\" data-id=\"51178\" src=\"https:\/\/www.weber-fag.de\/wordpress\/wp-content\/uploads\/2023\/03\/2302_FAG-Montpellier_0125.jpg\" alt=\"\" class=\"wp-image-51178\" srcset=\"https:\/\/www.weber-fag.de\/wordpress\/wp-content\/uploads\/2023\/03\/2302_FAG-Montpellier_0125.jpg 920w, https:\/\/www.weber-fag.de\/wordpress\/wp-content\/uploads\/2023\/03\/2302_FAG-Montpellier_0125-300x200.jpg 300w, https:\/\/www.weber-fag.de\/wordpress\/wp-content\/uploads\/2023\/03\/2302_FAG-Montpellier_0125-768x512.jpg 768w\" sizes=\"auto, (max-width: 920px) 100vw, 920px\" \/><\/figure>\n\n\n\n<figure class=\"wp-block-image size-large\"><img loading=\"lazy\" decoding=\"async\" width=\"920\" height=\"613\" data-id=\"51179\" src=\"https:\/\/www.weber-fag.de\/wordpress\/wp-content\/uploads\/2023\/03\/2302_FAG-Montpellier_0132.jpg\" alt=\"\" class=\"wp-image-51179\" srcset=\"https:\/\/www.weber-fag.de\/wordpress\/wp-content\/uploads\/2023\/03\/2302_FAG-Montpellier_0132.jpg 920w, https:\/\/www.weber-fag.de\/wordpress\/wp-content\/uploads\/2023\/03\/2302_FAG-Montpellier_0132-300x200.jpg 300w, https:\/\/www.weber-fag.de\/wordpress\/wp-content\/uploads\/2023\/03\/2302_FAG-Montpellier_0132-768x512.jpg 768w\" sizes=\"auto, (max-width: 920px) 100vw, 920px\" \/><\/figure>\n\n\n\n<figure class=\"wp-block-image size-large\"><img loading=\"lazy\" decoding=\"async\" width=\"920\" height=\"613\" data-id=\"51181\" src=\"https:\/\/www.weber-fag.de\/wordpress\/wp-content\/uploads\/2023\/03\/2302_FAG-Montpellier_0135.jpg\" alt=\"\" class=\"wp-image-51181\" srcset=\"https:\/\/www.weber-fag.de\/wordpress\/wp-content\/uploads\/2023\/03\/2302_FAG-Montpellier_0135.jpg 920w, https:\/\/www.weber-fag.de\/wordpress\/wp-content\/uploads\/2023\/03\/2302_FAG-Montpellier_0135-300x200.jpg 300w, https:\/\/www.weber-fag.de\/wordpress\/wp-content\/uploads\/2023\/03\/2302_FAG-Montpellier_0135-768x512.jpg 768w\" sizes=\"auto, (max-width: 920px) 100vw, 920px\" \/><\/figure>\n\n\n\n<figure class=\"wp-block-image size-large\"><img loading=\"lazy\" decoding=\"async\" width=\"920\" height=\"613\" data-id=\"51182\" src=\"https:\/\/www.weber-fag.de\/wordpress\/wp-content\/uploads\/2023\/03\/2302_FAG-Montpellier_0137.jpg\" alt=\"\" class=\"wp-image-51182\" srcset=\"https:\/\/www.weber-fag.de\/wordpress\/wp-content\/uploads\/2023\/03\/2302_FAG-Montpellier_0137.jpg 920w, https:\/\/www.weber-fag.de\/wordpress\/wp-content\/uploads\/2023\/03\/2302_FAG-Montpellier_0137-300x200.jpg 300w, https:\/\/www.weber-fag.de\/wordpress\/wp-content\/uploads\/2023\/03\/2302_FAG-Montpellier_0137-768x512.jpg 768w\" sizes=\"auto, (max-width: 920px) 100vw, 920px\" \/><\/figure>\n\n\n\n<figure class=\"wp-block-image size-large\"><img loading=\"lazy\" decoding=\"async\" width=\"920\" height=\"613\" data-id=\"51180\" src=\"https:\/\/www.weber-fag.de\/wordpress\/wp-content\/uploads\/2023\/03\/2302_FAG-Montpellier_0143.jpg\" alt=\"\" class=\"wp-image-51180\" srcset=\"https:\/\/www.weber-fag.de\/wordpress\/wp-content\/uploads\/2023\/03\/2302_FAG-Montpellier_0143.jpg 920w, https:\/\/www.weber-fag.de\/wordpress\/wp-content\/uploads\/2023\/03\/2302_FAG-Montpellier_0143-300x200.jpg 300w, https:\/\/www.weber-fag.de\/wordpress\/wp-content\/uploads\/2023\/03\/2302_FAG-Montpellier_0143-768x512.jpg 768w\" sizes=\"auto, (max-width: 920px) 100vw, 920px\" \/><figcaption>Marin Sego (FAG)<\/figcaption><\/figure>\n\n\n\n<figure class=\"wp-block-image size-large\"><img loading=\"lazy\" decoding=\"async\" width=\"920\" height=\"613\" data-id=\"51184\" src=\"https:\/\/www.weber-fag.de\/wordpress\/wp-content\/uploads\/2023\/03\/2302_FAG-Montpellier_0144.jpg\" alt=\"\" class=\"wp-image-51184\" srcset=\"https:\/\/www.weber-fag.de\/wordpress\/wp-content\/uploads\/2023\/03\/2302_FAG-Montpellier_0144.jpg 920w, https:\/\/www.weber-fag.de\/wordpress\/wp-content\/uploads\/2023\/03\/2302_FAG-Montpellier_0144-300x200.jpg 300w, https:\/\/www.weber-fag.de\/wordpress\/wp-content\/uploads\/2023\/03\/2302_FAG-Montpellier_0144-768x512.jpg 768w\" sizes=\"auto, (max-width: 920px) 100vw, 920px\" \/><figcaption>Trainer Markus Baur (FAG)<\/figcaption><\/figure>\n\n\n\n<figure class=\"wp-block-image size-large\"><img loading=\"lazy\" decoding=\"async\" width=\"920\" height=\"613\" data-id=\"51183\" src=\"https:\/\/www.weber-fag.de\/wordpress\/wp-content\/uploads\/2023\/03\/2302_FAG-Montpellier_0145.jpg\" alt=\"\" class=\"wp-image-51183\" srcset=\"https:\/\/www.weber-fag.de\/wordpress\/wp-content\/uploads\/2023\/03\/2302_FAG-Montpellier_0145.jpg 920w, https:\/\/www.weber-fag.de\/wordpress\/wp-content\/uploads\/2023\/03\/2302_FAG-Montpellier_0145-300x200.jpg 300w, https:\/\/www.weber-fag.de\/wordpress\/wp-content\/uploads\/2023\/03\/2302_FAG-Montpellier_0145-768x512.jpg 768w\" sizes=\"auto, (max-width: 920px) 100vw, 920px\" \/><figcaption>David Schmidt (FAG)<\/figcaption><\/figure>\n\n\n\n<figure class=\"wp-block-image size-large\"><img loading=\"lazy\" decoding=\"async\" width=\"920\" height=\"613\" data-id=\"51185\" src=\"https:\/\/www.weber-fag.de\/wordpress\/wp-content\/uploads\/2023\/03\/2302_FAG-Montpellier_0148.jpg\" alt=\"\" class=\"wp-image-51185\" srcset=\"https:\/\/www.weber-fag.de\/wordpress\/wp-content\/uploads\/2023\/03\/2302_FAG-Montpellier_0148.jpg 920w, https:\/\/www.weber-fag.de\/wordpress\/wp-content\/uploads\/2023\/03\/2302_FAG-Montpellier_0148-300x200.jpg 300w, https:\/\/www.weber-fag.de\/wordpress\/wp-content\/uploads\/2023\/03\/2302_FAG-Montpellier_0148-768x512.jpg 768w\" sizes=\"auto, (max-width: 920px) 100vw, 920px\" \/><\/figure>\n\n\n\n<figure class=\"wp-block-image size-large\"><img loading=\"lazy\" decoding=\"async\" width=\"920\" height=\"613\" data-id=\"51186\" src=\"https:\/\/www.weber-fag.de\/wordpress\/wp-content\/uploads\/2023\/03\/2302_FAG-Montpellier_0151.jpg\" alt=\"\" class=\"wp-image-51186\" srcset=\"https:\/\/www.weber-fag.de\/wordpress\/wp-content\/uploads\/2023\/03\/2302_FAG-Montpellier_0151.jpg 920w, https:\/\/www.weber-fag.de\/wordpress\/wp-content\/uploads\/2023\/03\/2302_FAG-Montpellier_0151-300x200.jpg 300w, https:\/\/www.weber-fag.de\/wordpress\/wp-content\/uploads\/2023\/03\/2302_FAG-Montpellier_0151-768x512.jpg 768w\" sizes=\"auto, (max-width: 920px) 100vw, 920px\" \/><figcaption>Tobias Ellebaek (FAG)<\/figcaption><\/figure>\n\n\n\n<figure class=\"wp-block-image size-large\"><img loading=\"lazy\" decoding=\"async\" width=\"920\" height=\"613\" data-id=\"51187\" src=\"https:\/\/www.weber-fag.de\/wordpress\/wp-content\/uploads\/2023\/03\/2302_FAG-Montpellier_0154.jpg\" alt=\"\" class=\"wp-image-51187\" srcset=\"https:\/\/www.weber-fag.de\/wordpress\/wp-content\/uploads\/2023\/03\/2302_FAG-Montpellier_0154.jpg 920w, https:\/\/www.weber-fag.de\/wordpress\/wp-content\/uploads\/2023\/03\/2302_FAG-Montpellier_0154-300x200.jpg 300w, https:\/\/www.weber-fag.de\/wordpress\/wp-content\/uploads\/2023\/03\/2302_FAG-Montpellier_0154-768x512.jpg 768w\" sizes=\"auto, (max-width: 920px) 100vw, 920px\" \/><\/figure>\n\n\n\n<figure class=\"wp-block-image size-large\"><img loading=\"lazy\" decoding=\"async\" width=\"920\" height=\"613\" data-id=\"51190\" src=\"https:\/\/www.weber-fag.de\/wordpress\/wp-content\/uploads\/2023\/03\/2302_FAG-Montpellier_0158.jpg\" alt=\"\" class=\"wp-image-51190\" srcset=\"https:\/\/www.weber-fag.de\/wordpress\/wp-content\/uploads\/2023\/03\/2302_FAG-Montpellier_0158.jpg 920w, https:\/\/www.weber-fag.de\/wordpress\/wp-content\/uploads\/2023\/03\/2302_FAG-Montpellier_0158-300x200.jpg 300w, https:\/\/www.weber-fag.de\/wordpress\/wp-content\/uploads\/2023\/03\/2302_FAG-Montpellier_0158-768x512.jpg 768w\" sizes=\"auto, (max-width: 920px) 100vw, 920px\" \/><figcaption>Tobias Ellebaek (FAG)<\/figcaption><\/figure>\n\n\n\n<figure class=\"wp-block-image size-large\"><img loading=\"lazy\" decoding=\"async\" width=\"920\" height=\"613\" data-id=\"51189\" src=\"https:\/\/www.weber-fag.de\/wordpress\/wp-content\/uploads\/2023\/03\/2302_FAG-Montpellier_0161.jpg\" alt=\"\" class=\"wp-image-51189\" srcset=\"https:\/\/www.weber-fag.de\/wordpress\/wp-content\/uploads\/2023\/03\/2302_FAG-Montpellier_0161.jpg 920w, https:\/\/www.weber-fag.de\/wordpress\/wp-content\/uploads\/2023\/03\/2302_FAG-Montpellier_0161-300x200.jpg 300w, https:\/\/www.weber-fag.de\/wordpress\/wp-content\/uploads\/2023\/03\/2302_FAG-Montpellier_0161-768x512.jpg 768w\" sizes=\"auto, (max-width: 920px) 100vw, 920px\" \/><figcaption>Marin Sego (FAG)<\/figcaption><\/figure>\n\n\n\n<figure class=\"wp-block-image size-large\"><img loading=\"lazy\" decoding=\"async\" width=\"920\" height=\"613\" data-id=\"51191\" src=\"https:\/\/www.weber-fag.de\/wordpress\/wp-content\/uploads\/2023\/03\/2302_FAG-Montpellier_0164.jpg\" alt=\"\" class=\"wp-image-51191\" srcset=\"https:\/\/www.weber-fag.de\/wordpress\/wp-content\/uploads\/2023\/03\/2302_FAG-Montpellier_0164.jpg 920w, https:\/\/www.weber-fag.de\/wordpress\/wp-content\/uploads\/2023\/03\/2302_FAG-Montpellier_0164-300x200.jpg 300w, https:\/\/www.weber-fag.de\/wordpress\/wp-content\/uploads\/2023\/03\/2302_FAG-Montpellier_0164-768x512.jpg 768w\" sizes=\"auto, (max-width: 920px) 100vw, 920px\" \/><figcaption>Marin Sego (FAG)<\/figcaption><\/figure>\n\n\n\n<figure class=\"wp-block-image size-large\"><img loading=\"lazy\" decoding=\"async\" width=\"920\" height=\"613\" data-id=\"51188\" src=\"https:\/\/www.weber-fag.de\/wordpress\/wp-content\/uploads\/2023\/03\/2302_FAG-Montpellier_0167.jpg\" alt=\"\" class=\"wp-image-51188\" srcset=\"https:\/\/www.weber-fag.de\/wordpress\/wp-content\/uploads\/2023\/03\/2302_FAG-Montpellier_0167.jpg 920w, https:\/\/www.weber-fag.de\/wordpress\/wp-content\/uploads\/2023\/03\/2302_FAG-Montpellier_0167-300x200.jpg 300w, https:\/\/www.weber-fag.de\/wordpress\/wp-content\/uploads\/2023\/03\/2302_FAG-Montpellier_0167-768x512.jpg 768w\" sizes=\"auto, (max-width: 920px) 100vw, 920px\" \/><figcaption>Jaka Malus(FAG)<\/figcaption><\/figure>\n\n\n\n<figure class=\"wp-block-image size-large\"><img loading=\"lazy\" decoding=\"async\" width=\"920\" height=\"613\" data-id=\"51192\" src=\"https:\/\/www.weber-fag.de\/wordpress\/wp-content\/uploads\/2023\/03\/2302_FAG-Montpellier_0170.jpg\" alt=\"\" class=\"wp-image-51192\" srcset=\"https:\/\/www.weber-fag.de\/wordpress\/wp-content\/uploads\/2023\/03\/2302_FAG-Montpellier_0170.jpg 920w, https:\/\/www.weber-fag.de\/wordpress\/wp-content\/uploads\/2023\/03\/2302_FAG-Montpellier_0170-300x200.jpg 300w, https:\/\/www.weber-fag.de\/wordpress\/wp-content\/uploads\/2023\/03\/2302_FAG-Montpellier_0170-768x512.jpg 768w\" sizes=\"auto, (max-width: 920px) 100vw, 920px\" \/><\/figure>\n\n\n\n<figure class=\"wp-block-image size-large\"><img loading=\"lazy\" decoding=\"async\" width=\"920\" height=\"613\" data-id=\"51193\" src=\"https:\/\/www.weber-fag.de\/wordpress\/wp-content\/uploads\/2023\/03\/2302_FAG-Montpellier_0171.jpg\" alt=\"\" class=\"wp-image-51193\" srcset=\"https:\/\/www.weber-fag.de\/wordpress\/wp-content\/uploads\/2023\/03\/2302_FAG-Montpellier_0171.jpg 920w, https:\/\/www.weber-fag.de\/wordpress\/wp-content\/uploads\/2023\/03\/2302_FAG-Montpellier_0171-300x200.jpg 300w, https:\/\/www.weber-fag.de\/wordpress\/wp-content\/uploads\/2023\/03\/2302_FAG-Montpellier_0171-768x512.jpg 768w\" sizes=\"auto, (max-width: 920px) 100vw, 920px\" \/><\/figure>\n\n\n\n<figure class=\"wp-block-image size-large\"><img loading=\"lazy\" decoding=\"async\" width=\"920\" height=\"613\" data-id=\"51194\" src=\"https:\/\/www.weber-fag.de\/wordpress\/wp-content\/uploads\/2023\/03\/2302_FAG-Montpellier_0174.jpg\" alt=\"\" class=\"wp-image-51194\" srcset=\"https:\/\/www.weber-fag.de\/wordpress\/wp-content\/uploads\/2023\/03\/2302_FAG-Montpellier_0174.jpg 920w, https:\/\/www.weber-fag.de\/wordpress\/wp-content\/uploads\/2023\/03\/2302_FAG-Montpellier_0174-300x200.jpg 300w, https:\/\/www.weber-fag.de\/wordpress\/wp-content\/uploads\/2023\/03\/2302_FAG-Montpellier_0174-768x512.jpg 768w\" sizes=\"auto, (max-width: 920px) 100vw, 920px\" \/><figcaption>Tobias Ellebaek (FAG)<\/figcaption><\/figure>\n\n\n\n<figure class=\"wp-block-image size-large\"><img loading=\"lazy\" decoding=\"async\" width=\"920\" height=\"613\" data-id=\"51195\" src=\"https:\/\/www.weber-fag.de\/wordpress\/wp-content\/uploads\/2023\/03\/2302_FAG-Montpellier_0177.jpg\" alt=\"\" class=\"wp-image-51195\" srcset=\"https:\/\/www.weber-fag.de\/wordpress\/wp-content\/uploads\/2023\/03\/2302_FAG-Montpellier_0177.jpg 920w, https:\/\/www.weber-fag.de\/wordpress\/wp-content\/uploads\/2023\/03\/2302_FAG-Montpellier_0177-300x200.jpg 300w, https:\/\/www.weber-fag.de\/wordpress\/wp-content\/uploads\/2023\/03\/2302_FAG-Montpellier_0177-768x512.jpg 768w\" sizes=\"auto, (max-width: 920px) 100vw, 920px\" \/><figcaption>Trainer Markus Baur (FAG); Marin Sego (FAG)<\/figcaption><\/figure>\n\n\n\n<figure class=\"wp-block-image size-large\"><img loading=\"lazy\" decoding=\"async\" width=\"920\" height=\"613\" data-id=\"51197\" src=\"https:\/\/www.weber-fag.de\/wordpress\/wp-content\/uploads\/2023\/03\/2302_FAG-Montpellier_0180.jpg\" alt=\"\" class=\"wp-image-51197\" srcset=\"https:\/\/www.weber-fag.de\/wordpress\/wp-content\/uploads\/2023\/03\/2302_FAG-Montpellier_0180.jpg 920w, https:\/\/www.weber-fag.de\/wordpress\/wp-content\/uploads\/2023\/03\/2302_FAG-Montpellier_0180-300x200.jpg 300w, https:\/\/www.weber-fag.de\/wordpress\/wp-content\/uploads\/2023\/03\/2302_FAG-Montpellier_0180-768x512.jpg 768w\" sizes=\"auto, (max-width: 920px) 100vw, 920px\" \/><figcaption>Jaka Malus(FAG)<\/figcaption><\/figure>\n\n\n\n<figure class=\"wp-block-image size-large\"><img loading=\"lazy\" decoding=\"async\" width=\"920\" height=\"613\" data-id=\"51196\" src=\"https:\/\/www.weber-fag.de\/wordpress\/wp-content\/uploads\/2023\/03\/2302_FAG-Montpellier_0187.jpg\" alt=\"\" class=\"wp-image-51196\" srcset=\"https:\/\/www.weber-fag.de\/wordpress\/wp-content\/uploads\/2023\/03\/2302_FAG-Montpellier_0187.jpg 920w, https:\/\/www.weber-fag.de\/wordpress\/wp-content\/uploads\/2023\/03\/2302_FAG-Montpellier_0187-300x200.jpg 300w, https:\/\/www.weber-fag.de\/wordpress\/wp-content\/uploads\/2023\/03\/2302_FAG-Montpellier_0187-768x512.jpg 768w\" sizes=\"auto, (max-width: 920px) 100vw, 920px\" \/><\/figure>\n\n\n\n<figure class=\"wp-block-image size-large\"><img loading=\"lazy\" decoding=\"async\" width=\"920\" height=\"613\" data-id=\"51200\" src=\"https:\/\/www.weber-fag.de\/wordpress\/wp-content\/uploads\/2023\/03\/2302_FAG-Montpellier_0191.jpg\" alt=\"\" class=\"wp-image-51200\" srcset=\"https:\/\/www.weber-fag.de\/wordpress\/wp-content\/uploads\/2023\/03\/2302_FAG-Montpellier_0191.jpg 920w, https:\/\/www.weber-fag.de\/wordpress\/wp-content\/uploads\/2023\/03\/2302_FAG-Montpellier_0191-300x200.jpg 300w, https:\/\/www.weber-fag.de\/wordpress\/wp-content\/uploads\/2023\/03\/2302_FAG-Montpellier_0191-768x512.jpg 768w\" sizes=\"auto, (max-width: 920px) 100vw, 920px\" \/><figcaption>Tobias Ellebaek (FAG)<\/figcaption><\/figure>\n\n\n\n<figure class=\"wp-block-image size-large\"><img loading=\"lazy\" decoding=\"async\" width=\"920\" height=\"613\" data-id=\"51201\" src=\"https:\/\/www.weber-fag.de\/wordpress\/wp-content\/uploads\/2023\/03\/2302_FAG-Montpellier_0197.jpg\" alt=\"\" class=\"wp-image-51201\" srcset=\"https:\/\/www.weber-fag.de\/wordpress\/wp-content\/uploads\/2023\/03\/2302_FAG-Montpellier_0197.jpg 920w, https:\/\/www.weber-fag.de\/wordpress\/wp-content\/uploads\/2023\/03\/2302_FAG-Montpellier_0197-300x200.jpg 300w, https:\/\/www.weber-fag.de\/wordpress\/wp-content\/uploads\/2023\/03\/2302_FAG-Montpellier_0197-768x512.jpg 768w\" sizes=\"auto, (max-width: 920px) 100vw, 920px\" \/><figcaption>Blaz Blagotinsek (FAG)<\/figcaption><\/figure>\n\n\n\n<figure class=\"wp-block-image size-large\"><img loading=\"lazy\" decoding=\"async\" width=\"920\" height=\"613\" data-id=\"51199\" src=\"https:\/\/www.weber-fag.de\/wordpress\/wp-content\/uploads\/2023\/03\/2302_FAG-Montpellier_0204.jpg\" alt=\"\" class=\"wp-image-51199\" srcset=\"https:\/\/www.weber-fag.de\/wordpress\/wp-content\/uploads\/2023\/03\/2302_FAG-Montpellier_0204.jpg 920w, https:\/\/www.weber-fag.de\/wordpress\/wp-content\/uploads\/2023\/03\/2302_FAG-Montpellier_0204-300x200.jpg 300w, https:\/\/www.weber-fag.de\/wordpress\/wp-content\/uploads\/2023\/03\/2302_FAG-Montpellier_0204-768x512.jpg 768w\" sizes=\"auto, (max-width: 920px) 100vw, 920px\" \/><figcaption>Blaz Blagotinsek (FAG)<\/figcaption><\/figure>\n\n\n\n<figure class=\"wp-block-image size-large\"><img loading=\"lazy\" decoding=\"async\" width=\"920\" height=\"613\" data-id=\"51198\" src=\"https:\/\/www.weber-fag.de\/wordpress\/wp-content\/uploads\/2023\/03\/2302_FAG-Montpellier_0210-1.jpg\" alt=\"\" class=\"wp-image-51198\" srcset=\"https:\/\/www.weber-fag.de\/wordpress\/wp-content\/uploads\/2023\/03\/2302_FAG-Montpellier_0210-1.jpg 920w, https:\/\/www.weber-fag.de\/wordpress\/wp-content\/uploads\/2023\/03\/2302_FAG-Montpellier_0210-1-300x200.jpg 300w, https:\/\/www.weber-fag.de\/wordpress\/wp-content\/uploads\/2023\/03\/2302_FAG-Montpellier_0210-1-768x512.jpg 768w\" sizes=\"auto, (max-width: 920px) 100vw, 920px\" \/><figcaption>Blaz Blagotinsek (FAG)<\/figcaption><\/figure>\n\n\n\n<figure class=\"wp-block-image size-large\"><img loading=\"lazy\" decoding=\"async\" width=\"920\" height=\"613\" data-id=\"51204\" src=\"https:\/\/www.weber-fag.de\/wordpress\/wp-content\/uploads\/2023\/03\/2302_FAG-Montpellier_0218.jpg\" alt=\"\" class=\"wp-image-51204\" srcset=\"https:\/\/www.weber-fag.de\/wordpress\/wp-content\/uploads\/2023\/03\/2302_FAG-Montpellier_0218.jpg 920w, https:\/\/www.weber-fag.de\/wordpress\/wp-content\/uploads\/2023\/03\/2302_FAG-Montpellier_0218-300x200.jpg 300w, https:\/\/www.weber-fag.de\/wordpress\/wp-content\/uploads\/2023\/03\/2302_FAG-Montpellier_0218-768x512.jpg 768w\" sizes=\"auto, (max-width: 920px) 100vw, 920px\" \/><figcaption>Blaz Blagotinsek (FAG)<\/figcaption><\/figure>\n\n\n\n<figure class=\"wp-block-image size-large\"><img loading=\"lazy\" decoding=\"async\" width=\"920\" height=\"613\" data-id=\"51202\" src=\"https:\/\/www.weber-fag.de\/wordpress\/wp-content\/uploads\/2023\/03\/2302_FAG-Montpellier_0221.jpg\" alt=\"\" class=\"wp-image-51202\" srcset=\"https:\/\/www.weber-fag.de\/wordpress\/wp-content\/uploads\/2023\/03\/2302_FAG-Montpellier_0221.jpg 920w, https:\/\/www.weber-fag.de\/wordpress\/wp-content\/uploads\/2023\/03\/2302_FAG-Montpellier_0221-300x200.jpg 300w, https:\/\/www.weber-fag.de\/wordpress\/wp-content\/uploads\/2023\/03\/2302_FAG-Montpellier_0221-768x512.jpg 768w\" sizes=\"auto, (max-width: 920px) 100vw, 920px\" \/><figcaption>Josip Sarac (FAG)<\/figcaption><\/figure>\n\n\n\n<figure class=\"wp-block-image size-large\"><img loading=\"lazy\" decoding=\"async\" width=\"920\" height=\"613\" data-id=\"51205\" src=\"https:\/\/www.weber-fag.de\/wordpress\/wp-content\/uploads\/2023\/03\/2302_FAG-Montpellier_0227.jpg\" alt=\"\" class=\"wp-image-51205\" srcset=\"https:\/\/www.weber-fag.de\/wordpress\/wp-content\/uploads\/2023\/03\/2302_FAG-Montpellier_0227.jpg 920w, https:\/\/www.weber-fag.de\/wordpress\/wp-content\/uploads\/2023\/03\/2302_FAG-Montpellier_0227-300x200.jpg 300w, https:\/\/www.weber-fag.de\/wordpress\/wp-content\/uploads\/2023\/03\/2302_FAG-Montpellier_0227-768x512.jpg 768w\" sizes=\"auto, (max-width: 920px) 100vw, 920px\" \/><figcaption>Josip Sarac (FAG)<\/figcaption><\/figure>\n\n\n\n<figure class=\"wp-block-image size-large\"><img loading=\"lazy\" decoding=\"async\" width=\"920\" height=\"613\" data-id=\"51203\" src=\"https:\/\/www.weber-fag.de\/wordpress\/wp-content\/uploads\/2023\/03\/2302_FAG-Montpellier_0230.jpg\" alt=\"\" class=\"wp-image-51203\" srcset=\"https:\/\/www.weber-fag.de\/wordpress\/wp-content\/uploads\/2023\/03\/2302_FAG-Montpellier_0230.jpg 920w, https:\/\/www.weber-fag.de\/wordpress\/wp-content\/uploads\/2023\/03\/2302_FAG-Montpellier_0230-300x200.jpg 300w, https:\/\/www.weber-fag.de\/wordpress\/wp-content\/uploads\/2023\/03\/2302_FAG-Montpellier_0230-768x512.jpg 768w\" sizes=\"auto, (max-width: 920px) 100vw, 920px\" \/><figcaption>Jon Lindenchrone Andersen (FAG)<\/figcaption><\/figure>\n\n\n\n<figure class=\"wp-block-image size-large\"><img loading=\"lazy\" decoding=\"async\" width=\"920\" height=\"613\" data-id=\"51207\" src=\"https:\/\/www.weber-fag.de\/wordpress\/wp-content\/uploads\/2023\/03\/2302_FAG-Montpellier_0233.jpg\" alt=\"\" class=\"wp-image-51207\" srcset=\"https:\/\/www.weber-fag.de\/wordpress\/wp-content\/uploads\/2023\/03\/2302_FAG-Montpellier_0233.jpg 920w, https:\/\/www.weber-fag.de\/wordpress\/wp-content\/uploads\/2023\/03\/2302_FAG-Montpellier_0233-300x200.jpg 300w, https:\/\/www.weber-fag.de\/wordpress\/wp-content\/uploads\/2023\/03\/2302_FAG-Montpellier_0233-768x512.jpg 768w\" sizes=\"auto, (max-width: 920px) 100vw, 920px\" \/><figcaption>Jon Lindenchrone Andersen (FAG)<\/figcaption><\/figure>\n\n\n\n<figure class=\"wp-block-image size-large\"><img loading=\"lazy\" decoding=\"async\" width=\"920\" height=\"613\" data-id=\"51206\" src=\"https:\/\/www.weber-fag.de\/wordpress\/wp-content\/uploads\/2023\/03\/2302_FAG-Montpellier_0239.jpg\" alt=\"\" class=\"wp-image-51206\" srcset=\"https:\/\/www.weber-fag.de\/wordpress\/wp-content\/uploads\/2023\/03\/2302_FAG-Montpellier_0239.jpg 920w, https:\/\/www.weber-fag.de\/wordpress\/wp-content\/uploads\/2023\/03\/2302_FAG-Montpellier_0239-300x200.jpg 300w, https:\/\/www.weber-fag.de\/wordpress\/wp-content\/uploads\/2023\/03\/2302_FAG-Montpellier_0239-768x512.jpg 768w\" sizes=\"auto, (max-width: 920px) 100vw, 920px\" \/><figcaption>Marcel Schiller (FAG)<\/figcaption><\/figure>\n\n\n\n<figure class=\"wp-block-image size-large\"><img loading=\"lazy\" decoding=\"async\" width=\"920\" height=\"613\" data-id=\"51208\" src=\"https:\/\/www.weber-fag.de\/wordpress\/wp-content\/uploads\/2023\/03\/2302_FAG-Montpellier_0242.jpg\" alt=\"\" class=\"wp-image-51208\" srcset=\"https:\/\/www.weber-fag.de\/wordpress\/wp-content\/uploads\/2023\/03\/2302_FAG-Montpellier_0242.jpg 920w, https:\/\/www.weber-fag.de\/wordpress\/wp-content\/uploads\/2023\/03\/2302_FAG-Montpellier_0242-300x200.jpg 300w, https:\/\/www.weber-fag.de\/wordpress\/wp-content\/uploads\/2023\/03\/2302_FAG-Montpellier_0242-768x512.jpg 768w\" sizes=\"auto, (max-width: 920px) 100vw, 920px\" \/><figcaption>Marin Sego (FAG)<\/figcaption><\/figure>\n\n\n\n<figure class=\"wp-block-image size-large\"><img loading=\"lazy\" decoding=\"async\" width=\"920\" height=\"613\" data-id=\"51209\" src=\"https:\/\/www.weber-fag.de\/wordpress\/wp-content\/uploads\/2023\/03\/2302_FAG-Montpellier_0245.jpg\" alt=\"\" class=\"wp-image-51209\" srcset=\"https:\/\/www.weber-fag.de\/wordpress\/wp-content\/uploads\/2023\/03\/2302_FAG-Montpellier_0245.jpg 920w, https:\/\/www.weber-fag.de\/wordpress\/wp-content\/uploads\/2023\/03\/2302_FAG-Montpellier_0245-300x200.jpg 300w, https:\/\/www.weber-fag.de\/wordpress\/wp-content\/uploads\/2023\/03\/2302_FAG-Montpellier_0245-768x512.jpg 768w\" sizes=\"auto, (max-width: 920px) 100vw, 920px\" \/><figcaption>Tim Kneule (FAG)<\/figcaption><\/figure>\n\n\n\n<figure class=\"wp-block-image size-large\"><img loading=\"lazy\" decoding=\"async\" width=\"920\" height=\"613\" data-id=\"51211\" src=\"https:\/\/www.weber-fag.de\/wordpress\/wp-content\/uploads\/2023\/03\/2302_FAG-Montpellier_0248.jpg\" alt=\"\" class=\"wp-image-51211\" srcset=\"https:\/\/www.weber-fag.de\/wordpress\/wp-content\/uploads\/2023\/03\/2302_FAG-Montpellier_0248.jpg 920w, https:\/\/www.weber-fag.de\/wordpress\/wp-content\/uploads\/2023\/03\/2302_FAG-Montpellier_0248-300x200.jpg 300w, https:\/\/www.weber-fag.de\/wordpress\/wp-content\/uploads\/2023\/03\/2302_FAG-Montpellier_0248-768x512.jpg 768w\" sizes=\"auto, (max-width: 920px) 100vw, 920px\" \/><figcaption>Tim Kneule (FAG)<\/figcaption><\/figure>\n\n\n\n<figure class=\"wp-block-image size-large\"><img loading=\"lazy\" decoding=\"async\" width=\"920\" height=\"613\" data-id=\"51210\" src=\"https:\/\/www.weber-fag.de\/wordpress\/wp-content\/uploads\/2023\/03\/2302_FAG-Montpellier_0253.jpg\" alt=\"\" class=\"wp-image-51210\" srcset=\"https:\/\/www.weber-fag.de\/wordpress\/wp-content\/uploads\/2023\/03\/2302_FAG-Montpellier_0253.jpg 920w, https:\/\/www.weber-fag.de\/wordpress\/wp-content\/uploads\/2023\/03\/2302_FAG-Montpellier_0253-300x200.jpg 300w, https:\/\/www.weber-fag.de\/wordpress\/wp-content\/uploads\/2023\/03\/2302_FAG-Montpellier_0253-768x512.jpg 768w\" sizes=\"auto, (max-width: 920px) 100vw, 920px\" \/><figcaption>Axel Goller (FAG)<\/figcaption><\/figure>\n\n\n\n<figure class=\"wp-block-image size-large\"><img loading=\"lazy\" decoding=\"async\" width=\"920\" height=\"613\" data-id=\"51212\" src=\"https:\/\/www.weber-fag.de\/wordpress\/wp-content\/uploads\/2023\/03\/2302_FAG-Montpellier_0254.jpg\" alt=\"\" class=\"wp-image-51212\" srcset=\"https:\/\/www.weber-fag.de\/wordpress\/wp-content\/uploads\/2023\/03\/2302_FAG-Montpellier_0254.jpg 920w, https:\/\/www.weber-fag.de\/wordpress\/wp-content\/uploads\/2023\/03\/2302_FAG-Montpellier_0254-300x200.jpg 300w, https:\/\/www.weber-fag.de\/wordpress\/wp-content\/uploads\/2023\/03\/2302_FAG-Montpellier_0254-768x512.jpg 768w\" sizes=\"auto, (max-width: 920px) 100vw, 920px\" \/><figcaption>Josip Sarac (FAG)<\/figcaption><\/figure>\n\n\n\n<figure class=\"wp-block-image size-large\"><img loading=\"lazy\" decoding=\"async\" width=\"920\" height=\"613\" data-id=\"51213\" src=\"https:\/\/www.weber-fag.de\/wordpress\/wp-content\/uploads\/2023\/03\/2302_FAG-Montpellier_0257.jpg\" alt=\"\" class=\"wp-image-51213\" srcset=\"https:\/\/www.weber-fag.de\/wordpress\/wp-content\/uploads\/2023\/03\/2302_FAG-Montpellier_0257.jpg 920w, https:\/\/www.weber-fag.de\/wordpress\/wp-content\/uploads\/2023\/03\/2302_FAG-Montpellier_0257-300x200.jpg 300w, https:\/\/www.weber-fag.de\/wordpress\/wp-content\/uploads\/2023\/03\/2302_FAG-Montpellier_0257-768x512.jpg 768w\" sizes=\"auto, (max-width: 920px) 100vw, 920px\" \/><figcaption>Kresimir Kozina (FAG)<\/figcaption><\/figure>\n\n\n\n<figure class=\"wp-block-image size-large\"><img loading=\"lazy\" decoding=\"async\" width=\"920\" height=\"613\" data-id=\"51214\" src=\"https:\/\/www.weber-fag.de\/wordpress\/wp-content\/uploads\/2023\/03\/2302_FAG-Montpellier_0260.jpg\" alt=\"\" class=\"wp-image-51214\" srcset=\"https:\/\/www.weber-fag.de\/wordpress\/wp-content\/uploads\/2023\/03\/2302_FAG-Montpellier_0260.jpg 920w, https:\/\/www.weber-fag.de\/wordpress\/wp-content\/uploads\/2023\/03\/2302_FAG-Montpellier_0260-300x200.jpg 300w, https:\/\/www.weber-fag.de\/wordpress\/wp-content\/uploads\/2023\/03\/2302_FAG-Montpellier_0260-768x512.jpg 768w\" sizes=\"auto, (max-width: 920px) 100vw, 920px\" \/><figcaption>#fg<\/figcaption><\/figure>\n\n\n\n<figure class=\"wp-block-image size-large\"><img loading=\"lazy\" decoding=\"async\" width=\"920\" height=\"613\" data-id=\"51215\" src=\"https:\/\/www.weber-fag.de\/wordpress\/wp-content\/uploads\/2023\/03\/2302_FAG-Montpellier_0263.jpg\" alt=\"\" class=\"wp-image-51215\" srcset=\"https:\/\/www.weber-fag.de\/wordpress\/wp-content\/uploads\/2023\/03\/2302_FAG-Montpellier_0263.jpg 920w, https:\/\/www.weber-fag.de\/wordpress\/wp-content\/uploads\/2023\/03\/2302_FAG-Montpellier_0263-300x200.jpg 300w, https:\/\/www.weber-fag.de\/wordpress\/wp-content\/uploads\/2023\/03\/2302_FAG-Montpellier_0263-768x512.jpg 768w\" sizes=\"auto, (max-width: 920px) 100vw, 920px\" \/><figcaption>Kresimir Kozina (FAG)<\/figcaption><\/figure>\n\n\n\n<figure class=\"wp-block-image size-large\"><img loading=\"lazy\" decoding=\"async\" width=\"920\" height=\"613\" data-id=\"51216\" src=\"https:\/\/www.weber-fag.de\/wordpress\/wp-content\/uploads\/2023\/03\/2302_FAG-Montpellier_0269.jpg\" alt=\"\" class=\"wp-image-51216\" srcset=\"https:\/\/www.weber-fag.de\/wordpress\/wp-content\/uploads\/2023\/03\/2302_FAG-Montpellier_0269.jpg 920w, https:\/\/www.weber-fag.de\/wordpress\/wp-content\/uploads\/2023\/03\/2302_FAG-Montpellier_0269-300x200.jpg 300w, https:\/\/www.weber-fag.de\/wordpress\/wp-content\/uploads\/2023\/03\/2302_FAG-Montpellier_0269-768x512.jpg 768w\" sizes=\"auto, (max-width: 920px) 100vw, 920px\" \/><figcaption>Marcel Schiller (FAG)<\/figcaption><\/figure>\n\n\n\n<figure class=\"wp-block-image size-large\"><img loading=\"lazy\" decoding=\"async\" width=\"920\" height=\"613\" data-id=\"51218\" src=\"https:\/\/www.weber-fag.de\/wordpress\/wp-content\/uploads\/2023\/03\/2302_FAG-Montpellier_0272.jpg\" alt=\"\" class=\"wp-image-51218\" srcset=\"https:\/\/www.weber-fag.de\/wordpress\/wp-content\/uploads\/2023\/03\/2302_FAG-Montpellier_0272.jpg 920w, https:\/\/www.weber-fag.de\/wordpress\/wp-content\/uploads\/2023\/03\/2302_FAG-Montpellier_0272-300x200.jpg 300w, https:\/\/www.weber-fag.de\/wordpress\/wp-content\/uploads\/2023\/03\/2302_FAG-Montpellier_0272-768x512.jpg 768w\" sizes=\"auto, (max-width: 920px) 100vw, 920px\" \/><figcaption>Marcel Schiller (FAG)<\/figcaption><\/figure>\n\n\n\n<figure class=\"wp-block-image size-large\"><img loading=\"lazy\" decoding=\"async\" width=\"920\" height=\"613\" data-id=\"51219\" src=\"https:\/\/www.weber-fag.de\/wordpress\/wp-content\/uploads\/2023\/03\/2302_FAG-Montpellier_0273.jpg\" alt=\"\" class=\"wp-image-51219\" srcset=\"https:\/\/www.weber-fag.de\/wordpress\/wp-content\/uploads\/2023\/03\/2302_FAG-Montpellier_0273.jpg 920w, https:\/\/www.weber-fag.de\/wordpress\/wp-content\/uploads\/2023\/03\/2302_FAG-Montpellier_0273-300x200.jpg 300w, https:\/\/www.weber-fag.de\/wordpress\/wp-content\/uploads\/2023\/03\/2302_FAG-Montpellier_0273-768x512.jpg 768w\" sizes=\"auto, (max-width: 920px) 100vw, 920px\" \/><figcaption>Marin Sego (FAG)<\/figcaption><\/figure>\n\n\n\n<figure class=\"wp-block-image size-large\"><img loading=\"lazy\" decoding=\"async\" width=\"920\" height=\"613\" data-id=\"51217\" src=\"https:\/\/www.weber-fag.de\/wordpress\/wp-content\/uploads\/2023\/03\/2302_FAG-Montpellier_0279.jpg\" alt=\"\" class=\"wp-image-51217\" srcset=\"https:\/\/www.weber-fag.de\/wordpress\/wp-content\/uploads\/2023\/03\/2302_FAG-Montpellier_0279.jpg 920w, https:\/\/www.weber-fag.de\/wordpress\/wp-content\/uploads\/2023\/03\/2302_FAG-Montpellier_0279-300x200.jpg 300w, https:\/\/www.weber-fag.de\/wordpress\/wp-content\/uploads\/2023\/03\/2302_FAG-Montpellier_0279-768x512.jpg 768w\" sizes=\"auto, (max-width: 920px) 100vw, 920px\" \/><figcaption>David Schmidt (FAG)<\/figcaption><\/figure>\n\n\n\n<figure class=\"wp-block-image size-large\"><img loading=\"lazy\" decoding=\"async\" width=\"920\" height=\"613\" data-id=\"51220\" src=\"https:\/\/www.weber-fag.de\/wordpress\/wp-content\/uploads\/2023\/03\/2302_FAG-Montpellier_0285.jpg\" alt=\"\" class=\"wp-image-51220\" srcset=\"https:\/\/www.weber-fag.de\/wordpress\/wp-content\/uploads\/2023\/03\/2302_FAG-Montpellier_0285.jpg 920w, https:\/\/www.weber-fag.de\/wordpress\/wp-content\/uploads\/2023\/03\/2302_FAG-Montpellier_0285-300x200.jpg 300w, https:\/\/www.weber-fag.de\/wordpress\/wp-content\/uploads\/2023\/03\/2302_FAG-Montpellier_0285-768x512.jpg 768w\" sizes=\"auto, (max-width: 920px) 100vw, 920px\" \/><figcaption>Tobias Ellebaek (FAG)<\/figcaption><\/figure>\n\n\n\n<figure class=\"wp-block-image size-large\"><img loading=\"lazy\" decoding=\"async\" width=\"920\" height=\"613\" data-id=\"51221\" src=\"https:\/\/www.weber-fag.de\/wordpress\/wp-content\/uploads\/2023\/03\/2302_FAG-Montpellier_0288.jpg\" alt=\"\" class=\"wp-image-51221\" srcset=\"https:\/\/www.weber-fag.de\/wordpress\/wp-content\/uploads\/2023\/03\/2302_FAG-Montpellier_0288.jpg 920w, https:\/\/www.weber-fag.de\/wordpress\/wp-content\/uploads\/2023\/03\/2302_FAG-Montpellier_0288-300x200.jpg 300w, https:\/\/www.weber-fag.de\/wordpress\/wp-content\/uploads\/2023\/03\/2302_FAG-Montpellier_0288-768x512.jpg 768w\" sizes=\"auto, (max-width: 920px) 100vw, 920px\" \/><figcaption>Kresimir Kozina (FAG)<\/figcaption><\/figure>\n\n\n\n<figure class=\"wp-block-image size-large\"><img loading=\"lazy\" decoding=\"async\" width=\"920\" height=\"613\" data-id=\"51222\" src=\"https:\/\/www.weber-fag.de\/wordpress\/wp-content\/uploads\/2023\/03\/2302_FAG-Montpellier_0291.jpg\" alt=\"\" class=\"wp-image-51222\" srcset=\"https:\/\/www.weber-fag.de\/wordpress\/wp-content\/uploads\/2023\/03\/2302_FAG-Montpellier_0291.jpg 920w, https:\/\/www.weber-fag.de\/wordpress\/wp-content\/uploads\/2023\/03\/2302_FAG-Montpellier_0291-300x200.jpg 300w, https:\/\/www.weber-fag.de\/wordpress\/wp-content\/uploads\/2023\/03\/2302_FAG-Montpellier_0291-768x512.jpg 768w\" sizes=\"auto, (max-width: 920px) 100vw, 920px\" \/><figcaption>Kresimir Kozina (FAG)<\/figcaption><\/figure>\n\n\n\n<figure class=\"wp-block-image size-large\"><img loading=\"lazy\" decoding=\"async\" width=\"920\" height=\"613\" data-id=\"51226\" src=\"https:\/\/www.weber-fag.de\/wordpress\/wp-content\/uploads\/2023\/03\/2302_FAG-Montpellier_0293.jpg\" alt=\"\" class=\"wp-image-51226\" srcset=\"https:\/\/www.weber-fag.de\/wordpress\/wp-content\/uploads\/2023\/03\/2302_FAG-Montpellier_0293.jpg 920w, https:\/\/www.weber-fag.de\/wordpress\/wp-content\/uploads\/2023\/03\/2302_FAG-Montpellier_0293-300x200.jpg 300w, https:\/\/www.weber-fag.de\/wordpress\/wp-content\/uploads\/2023\/03\/2302_FAG-Montpellier_0293-768x512.jpg 768w\" sizes=\"auto, (max-width: 920px) 100vw, 920px\" \/><figcaption>Kresimir Kozina (FAG)<\/figcaption><\/figure>\n\n\n\n<figure class=\"wp-block-image size-large\"><img loading=\"lazy\" decoding=\"async\" width=\"920\" height=\"613\" data-id=\"51227\" src=\"https:\/\/www.weber-fag.de\/wordpress\/wp-content\/uploads\/2023\/03\/2302_FAG-Montpellier_0295.jpg\" alt=\"\" class=\"wp-image-51227\" srcset=\"https:\/\/www.weber-fag.de\/wordpress\/wp-content\/uploads\/2023\/03\/2302_FAG-Montpellier_0295.jpg 920w, https:\/\/www.weber-fag.de\/wordpress\/wp-content\/uploads\/2023\/03\/2302_FAG-Montpellier_0295-300x200.jpg 300w, https:\/\/www.weber-fag.de\/wordpress\/wp-content\/uploads\/2023\/03\/2302_FAG-Montpellier_0295-768x512.jpg 768w\" sizes=\"auto, (max-width: 920px) 100vw, 920px\" \/><figcaption>Marcel Schiller (FAG)<\/figcaption><\/figure>\n\n\n\n<figure class=\"wp-block-image size-large\"><img loading=\"lazy\" decoding=\"async\" width=\"920\" height=\"613\" data-id=\"51223\" src=\"https:\/\/www.weber-fag.de\/wordpress\/wp-content\/uploads\/2023\/03\/2302_FAG-Montpellier_0299.jpg\" alt=\"\" class=\"wp-image-51223\" srcset=\"https:\/\/www.weber-fag.de\/wordpress\/wp-content\/uploads\/2023\/03\/2302_FAG-Montpellier_0299.jpg 920w, https:\/\/www.weber-fag.de\/wordpress\/wp-content\/uploads\/2023\/03\/2302_FAG-Montpellier_0299-300x200.jpg 300w, https:\/\/www.weber-fag.de\/wordpress\/wp-content\/uploads\/2023\/03\/2302_FAG-Montpellier_0299-768x512.jpg 768w\" sizes=\"auto, (max-width: 920px) 100vw, 920px\" \/><figcaption>Josip Sarac (FAG)<\/figcaption><\/figure>\n\n\n\n<figure class=\"wp-block-image size-large\"><img loading=\"lazy\" decoding=\"async\" width=\"920\" height=\"613\" data-id=\"51224\" src=\"https:\/\/www.weber-fag.de\/wordpress\/wp-content\/uploads\/2023\/03\/2302_FAG-Montpellier_0305.jpg\" alt=\"\" class=\"wp-image-51224\" srcset=\"https:\/\/www.weber-fag.de\/wordpress\/wp-content\/uploads\/2023\/03\/2302_FAG-Montpellier_0305.jpg 920w, https:\/\/www.weber-fag.de\/wordpress\/wp-content\/uploads\/2023\/03\/2302_FAG-Montpellier_0305-300x200.jpg 300w, https:\/\/www.weber-fag.de\/wordpress\/wp-content\/uploads\/2023\/03\/2302_FAG-Montpellier_0305-768x512.jpg 768w\" sizes=\"auto, (max-width: 920px) 100vw, 920px\" \/><\/figure>\n\n\n\n<figure class=\"wp-block-image size-large\"><img loading=\"lazy\" decoding=\"async\" width=\"920\" height=\"613\" data-id=\"51225\" src=\"https:\/\/www.weber-fag.de\/wordpress\/wp-content\/uploads\/2023\/03\/2302_FAG-Montpellier_0308.jpg\" alt=\"\" class=\"wp-image-51225\" srcset=\"https:\/\/www.weber-fag.de\/wordpress\/wp-content\/uploads\/2023\/03\/2302_FAG-Montpellier_0308.jpg 920w, https:\/\/www.weber-fag.de\/wordpress\/wp-content\/uploads\/2023\/03\/2302_FAG-Montpellier_0308-300x200.jpg 300w, https:\/\/www.weber-fag.de\/wordpress\/wp-content\/uploads\/2023\/03\/2302_FAG-Montpellier_0308-768x512.jpg 768w\" sizes=\"auto, (max-width: 920px) 100vw, 920px\" \/><figcaption>Tobias Ellebaek (FAG)<\/figcaption><\/figure>\n\n\n\n<figure class=\"wp-block-image size-large\"><img loading=\"lazy\" decoding=\"async\" width=\"920\" height=\"613\" data-id=\"51228\" src=\"https:\/\/www.weber-fag.de\/wordpress\/wp-content\/uploads\/2023\/03\/2302_FAG-Montpellier_0311.jpg\" alt=\"\" class=\"wp-image-51228\" srcset=\"https:\/\/www.weber-fag.de\/wordpress\/wp-content\/uploads\/2023\/03\/2302_FAG-Montpellier_0311.jpg 920w, https:\/\/www.weber-fag.de\/wordpress\/wp-content\/uploads\/2023\/03\/2302_FAG-Montpellier_0311-300x200.jpg 300w, https:\/\/www.weber-fag.de\/wordpress\/wp-content\/uploads\/2023\/03\/2302_FAG-Montpellier_0311-768x512.jpg 768w\" sizes=\"auto, (max-width: 920px) 100vw, 920px\" \/><figcaption>Kresimir Kozina (FAG)<\/figcaption><\/figure>\n\n\n\n<figure class=\"wp-block-image size-large\"><img loading=\"lazy\" decoding=\"async\" width=\"920\" height=\"613\" data-id=\"51229\" src=\"https:\/\/www.weber-fag.de\/wordpress\/wp-content\/uploads\/2023\/03\/2302_FAG-Montpellier_0316.jpg\" alt=\"\" class=\"wp-image-51229\" srcset=\"https:\/\/www.weber-fag.de\/wordpress\/wp-content\/uploads\/2023\/03\/2302_FAG-Montpellier_0316.jpg 920w, https:\/\/www.weber-fag.de\/wordpress\/wp-content\/uploads\/2023\/03\/2302_FAG-Montpellier_0316-300x200.jpg 300w, https:\/\/www.weber-fag.de\/wordpress\/wp-content\/uploads\/2023\/03\/2302_FAG-Montpellier_0316-768x512.jpg 768w\" sizes=\"auto, (max-width: 920px) 100vw, 920px\" \/><figcaption>Kresimir Kozina (FAG)<\/figcaption><\/figure>\n\n\n\n<figure class=\"wp-block-image size-large\"><img loading=\"lazy\" decoding=\"async\" width=\"920\" height=\"613\" data-id=\"51230\" src=\"https:\/\/www.weber-fag.de\/wordpress\/wp-content\/uploads\/2023\/03\/2302_FAG-Montpellier_0322.jpg\" alt=\"\" class=\"wp-image-51230\" srcset=\"https:\/\/www.weber-fag.de\/wordpress\/wp-content\/uploads\/2023\/03\/2302_FAG-Montpellier_0322.jpg 920w, https:\/\/www.weber-fag.de\/wordpress\/wp-content\/uploads\/2023\/03\/2302_FAG-Montpellier_0322-300x200.jpg 300w, https:\/\/www.weber-fag.de\/wordpress\/wp-content\/uploads\/2023\/03\/2302_FAG-Montpellier_0322-768x512.jpg 768w\" sizes=\"auto, (max-width: 920px) 100vw, 920px\" \/><figcaption>Kresimir Kozina (FAG)<\/figcaption><\/figure>\n\n\n\n<figure class=\"wp-block-image size-large\"><img loading=\"lazy\" decoding=\"async\" width=\"920\" height=\"613\" data-id=\"51231\" src=\"https:\/\/www.weber-fag.de\/wordpress\/wp-content\/uploads\/2023\/03\/2302_FAG-Montpellier_0325.jpg\" alt=\"\" class=\"wp-image-51231\" srcset=\"https:\/\/www.weber-fag.de\/wordpress\/wp-content\/uploads\/2023\/03\/2302_FAG-Montpellier_0325.jpg 920w, https:\/\/www.weber-fag.de\/wordpress\/wp-content\/uploads\/2023\/03\/2302_FAG-Montpellier_0325-300x200.jpg 300w, https:\/\/www.weber-fag.de\/wordpress\/wp-content\/uploads\/2023\/03\/2302_FAG-Montpellier_0325-768x512.jpg 768w\" sizes=\"auto, (max-width: 920px) 100vw, 920px\" \/><figcaption>Jon Lindenchrone Andersen (FAG)<\/figcaption><\/figure>\n\n\n\n<figure class=\"wp-block-image size-large\"><img loading=\"lazy\" decoding=\"async\" width=\"920\" height=\"613\" data-id=\"51235\" src=\"https:\/\/www.weber-fag.de\/wordpress\/wp-content\/uploads\/2023\/03\/2302_FAG-Montpellier_0331.jpg\" alt=\"\" class=\"wp-image-51235\" srcset=\"https:\/\/www.weber-fag.de\/wordpress\/wp-content\/uploads\/2023\/03\/2302_FAG-Montpellier_0331.jpg 920w, https:\/\/www.weber-fag.de\/wordpress\/wp-content\/uploads\/2023\/03\/2302_FAG-Montpellier_0331-300x200.jpg 300w, https:\/\/www.weber-fag.de\/wordpress\/wp-content\/uploads\/2023\/03\/2302_FAG-Montpellier_0331-768x512.jpg 768w\" sizes=\"auto, (max-width: 920px) 100vw, 920px\" \/><figcaption>Jon Lindenchrone Andersen (FAG)<\/figcaption><\/figure>\n\n\n\n<figure class=\"wp-block-image size-large\"><img loading=\"lazy\" decoding=\"async\" width=\"920\" height=\"613\" data-id=\"51234\" src=\"https:\/\/www.weber-fag.de\/wordpress\/wp-content\/uploads\/2023\/03\/2302_FAG-Montpellier_0339.jpg\" alt=\"\" class=\"wp-image-51234\" srcset=\"https:\/\/www.weber-fag.de\/wordpress\/wp-content\/uploads\/2023\/03\/2302_FAG-Montpellier_0339.jpg 920w, https:\/\/www.weber-fag.de\/wordpress\/wp-content\/uploads\/2023\/03\/2302_FAG-Montpellier_0339-300x200.jpg 300w, https:\/\/www.weber-fag.de\/wordpress\/wp-content\/uploads\/2023\/03\/2302_FAG-Montpellier_0339-768x512.jpg 768w\" sizes=\"auto, (max-width: 920px) 100vw, 920px\" \/><figcaption>Jon Lindenchrone Andersen (FAG)<\/figcaption><\/figure>\n\n\n\n<figure class=\"wp-block-image size-large\"><img loading=\"lazy\" decoding=\"async\" width=\"920\" height=\"613\" data-id=\"51232\" src=\"https:\/\/www.weber-fag.de\/wordpress\/wp-content\/uploads\/2023\/03\/2302_FAG-Montpellier_0342.jpg\" alt=\"\" class=\"wp-image-51232\" srcset=\"https:\/\/www.weber-fag.de\/wordpress\/wp-content\/uploads\/2023\/03\/2302_FAG-Montpellier_0342.jpg 920w, https:\/\/www.weber-fag.de\/wordpress\/wp-content\/uploads\/2023\/03\/2302_FAG-Montpellier_0342-300x200.jpg 300w, https:\/\/www.weber-fag.de\/wordpress\/wp-content\/uploads\/2023\/03\/2302_FAG-Montpellier_0342-768x512.jpg 768w\" sizes=\"auto, (max-width: 920px) 100vw, 920px\" \/><figcaption>Jon Lindenchrone Andersen (FAG)<\/figcaption><\/figure>\n\n\n\n<figure class=\"wp-block-image size-large\"><img loading=\"lazy\" decoding=\"async\" width=\"920\" height=\"613\" data-id=\"51233\" src=\"https:\/\/www.weber-fag.de\/wordpress\/wp-content\/uploads\/2023\/03\/2302_FAG-Montpellier_0345.jpg\" alt=\"\" class=\"wp-image-51233\" srcset=\"https:\/\/www.weber-fag.de\/wordpress\/wp-content\/uploads\/2023\/03\/2302_FAG-Montpellier_0345.jpg 920w, https:\/\/www.weber-fag.de\/wordpress\/wp-content\/uploads\/2023\/03\/2302_FAG-Montpellier_0345-300x200.jpg 300w, https:\/\/www.weber-fag.de\/wordpress\/wp-content\/uploads\/2023\/03\/2302_FAG-Montpellier_0345-768x512.jpg 768w\" sizes=\"auto, (max-width: 920px) 100vw, 920px\" \/><figcaption>Jon Lindenchrone Andersen (FAG)<\/figcaption><\/figure>\n\n\n\n<figure class=\"wp-block-image size-large\"><img loading=\"lazy\" decoding=\"async\" width=\"920\" height=\"613\" data-id=\"51236\" src=\"https:\/\/www.weber-fag.de\/wordpress\/wp-content\/uploads\/2023\/03\/2302_FAG-Montpellier_0354.jpg\" alt=\"\" class=\"wp-image-51236\" srcset=\"https:\/\/www.weber-fag.de\/wordpress\/wp-content\/uploads\/2023\/03\/2302_FAG-Montpellier_0354.jpg 920w, https:\/\/www.weber-fag.de\/wordpress\/wp-content\/uploads\/2023\/03\/2302_FAG-Montpellier_0354-300x200.jpg 300w, https:\/\/www.weber-fag.de\/wordpress\/wp-content\/uploads\/2023\/03\/2302_FAG-Montpellier_0354-768x512.jpg 768w\" sizes=\"auto, (max-width: 920px) 100vw, 920px\" \/><\/figure>\n\n\n\n<figure class=\"wp-block-image size-large\"><img loading=\"lazy\" decoding=\"async\" width=\"920\" height=\"613\" data-id=\"51238\" src=\"https:\/\/www.weber-fag.de\/wordpress\/wp-content\/uploads\/2023\/03\/2302_FAG-Montpellier_0357.jpg\" alt=\"\" class=\"wp-image-51238\" srcset=\"https:\/\/www.weber-fag.de\/wordpress\/wp-content\/uploads\/2023\/03\/2302_FAG-Montpellier_0357.jpg 920w, https:\/\/www.weber-fag.de\/wordpress\/wp-content\/uploads\/2023\/03\/2302_FAG-Montpellier_0357-300x200.jpg 300w, https:\/\/www.weber-fag.de\/wordpress\/wp-content\/uploads\/2023\/03\/2302_FAG-Montpellier_0357-768x512.jpg 768w\" sizes=\"auto, (max-width: 920px) 100vw, 920px\" \/><\/figure>\n\n\n\n<figure class=\"wp-block-image size-large\"><img loading=\"lazy\" decoding=\"async\" width=\"920\" height=\"613\" data-id=\"51237\" src=\"https:\/\/www.weber-fag.de\/wordpress\/wp-content\/uploads\/2023\/03\/2302_FAG-Montpellier_0359.jpg\" alt=\"\" class=\"wp-image-51237\" srcset=\"https:\/\/www.weber-fag.de\/wordpress\/wp-content\/uploads\/2023\/03\/2302_FAG-Montpellier_0359.jpg 920w, https:\/\/www.weber-fag.de\/wordpress\/wp-content\/uploads\/2023\/03\/2302_FAG-Montpellier_0359-300x200.jpg 300w, https:\/\/www.weber-fag.de\/wordpress\/wp-content\/uploads\/2023\/03\/2302_FAG-Montpellier_0359-768x512.jpg 768w\" sizes=\"auto, (max-width: 920px) 100vw, 920px\" \/><\/figure>\n\n\n\n<figure class=\"wp-block-image size-large\"><img loading=\"lazy\" decoding=\"async\" width=\"920\" height=\"613\" data-id=\"51239\" src=\"https:\/\/www.weber-fag.de\/wordpress\/wp-content\/uploads\/2023\/03\/2302_FAG-Montpellier_0365.jpg\" alt=\"\" class=\"wp-image-51239\" srcset=\"https:\/\/www.weber-fag.de\/wordpress\/wp-content\/uploads\/2023\/03\/2302_FAG-Montpellier_0365.jpg 920w, https:\/\/www.weber-fag.de\/wordpress\/wp-content\/uploads\/2023\/03\/2302_FAG-Montpellier_0365-300x200.jpg 300w, https:\/\/www.weber-fag.de\/wordpress\/wp-content\/uploads\/2023\/03\/2302_FAG-Montpellier_0365-768x512.jpg 768w\" sizes=\"auto, (max-width: 920px) 100vw, 920px\" \/><\/figure>\n\n\n\n<figure class=\"wp-block-image size-large\"><img loading=\"lazy\" decoding=\"async\" width=\"920\" height=\"613\" data-id=\"51240\" src=\"https:\/\/www.weber-fag.de\/wordpress\/wp-content\/uploads\/2023\/03\/2302_FAG-Montpellier_0366.jpg\" alt=\"\" class=\"wp-image-51240\" srcset=\"https:\/\/www.weber-fag.de\/wordpress\/wp-content\/uploads\/2023\/03\/2302_FAG-Montpellier_0366.jpg 920w, https:\/\/www.weber-fag.de\/wordpress\/wp-content\/uploads\/2023\/03\/2302_FAG-Montpellier_0366-300x200.jpg 300w, https:\/\/www.weber-fag.de\/wordpress\/wp-content\/uploads\/2023\/03\/2302_FAG-Montpellier_0366-768x512.jpg 768w\" sizes=\"auto, (max-width: 920px) 100vw, 920px\" \/><figcaption>Blaz Blagotinsek (FAG); Josip Sarac (FAG)<\/figcaption><\/figure>\n\n\n\n<figure class=\"wp-block-image size-large\"><img loading=\"lazy\" decoding=\"async\" width=\"920\" height=\"613\" data-id=\"51241\" src=\"https:\/\/www.weber-fag.de\/wordpress\/wp-content\/uploads\/2023\/03\/2302_FAG-Montpellier_0367.jpg\" alt=\"\" class=\"wp-image-51241\" srcset=\"https:\/\/www.weber-fag.de\/wordpress\/wp-content\/uploads\/2023\/03\/2302_FAG-Montpellier_0367.jpg 920w, https:\/\/www.weber-fag.de\/wordpress\/wp-content\/uploads\/2023\/03\/2302_FAG-Montpellier_0367-300x200.jpg 300w, https:\/\/www.weber-fag.de\/wordpress\/wp-content\/uploads\/2023\/03\/2302_FAG-Montpellier_0367-768x512.jpg 768w\" sizes=\"auto, (max-width: 920px) 100vw, 920px\" \/><figcaption>Trainer Markus Baur (FAG)<\/figcaption><\/figure>\n\n\n\n<figure class=\"wp-block-image size-large\"><img loading=\"lazy\" decoding=\"async\" width=\"920\" height=\"613\" data-id=\"51242\" src=\"https:\/\/www.weber-fag.de\/wordpress\/wp-content\/uploads\/2023\/03\/2302_FAG-Montpellier_0368.jpg\" alt=\"\" class=\"wp-image-51242\" srcset=\"https:\/\/www.weber-fag.de\/wordpress\/wp-content\/uploads\/2023\/03\/2302_FAG-Montpellier_0368.jpg 920w, https:\/\/www.weber-fag.de\/wordpress\/wp-content\/uploads\/2023\/03\/2302_FAG-Montpellier_0368-300x200.jpg 300w, https:\/\/www.weber-fag.de\/wordpress\/wp-content\/uploads\/2023\/03\/2302_FAG-Montpellier_0368-768x512.jpg 768w\" sizes=\"auto, (max-width: 920px) 100vw, 920px\" \/><\/figure>\n\n\n\n<figure class=\"wp-block-image size-large\"><img loading=\"lazy\" decoding=\"async\" width=\"920\" height=\"613\" data-id=\"51244\" src=\"https:\/\/www.weber-fag.de\/wordpress\/wp-content\/uploads\/2023\/03\/2302_FAG-Montpellier_0369.jpg\" alt=\"\" class=\"wp-image-51244\" srcset=\"https:\/\/www.weber-fag.de\/wordpress\/wp-content\/uploads\/2023\/03\/2302_FAG-Montpellier_0369.jpg 920w, https:\/\/www.weber-fag.de\/wordpress\/wp-content\/uploads\/2023\/03\/2302_FAG-Montpellier_0369-300x200.jpg 300w, https:\/\/www.weber-fag.de\/wordpress\/wp-content\/uploads\/2023\/03\/2302_FAG-Montpellier_0369-768x512.jpg 768w\" sizes=\"auto, (max-width: 920px) 100vw, 920px\" \/><figcaption>Marin Sego (FAG)<\/figcaption><\/figure>\n\n\n\n<figure class=\"wp-block-image size-large\"><img loading=\"lazy\" decoding=\"async\" width=\"920\" height=\"613\" data-id=\"51243\" src=\"https:\/\/www.weber-fag.de\/wordpress\/wp-content\/uploads\/2023\/03\/2302_FAG-Montpellier_0371.jpg\" alt=\"\" class=\"wp-image-51243\" srcset=\"https:\/\/www.weber-fag.de\/wordpress\/wp-content\/uploads\/2023\/03\/2302_FAG-Montpellier_0371.jpg 920w, https:\/\/www.weber-fag.de\/wordpress\/wp-content\/uploads\/2023\/03\/2302_FAG-Montpellier_0371-300x200.jpg 300w, https:\/\/www.weber-fag.de\/wordpress\/wp-content\/uploads\/2023\/03\/2302_FAG-Montpellier_0371-768x512.jpg 768w\" sizes=\"auto, (max-width: 920px) 100vw, 920px\" \/><\/figure>\n<\/figure>\n<div class=\"pp-fb-like-btn-wrap\"><div class=\"fb-like\" data-href=\"https:\/\/www.weber-fag.de\/wordpress\/frisch-auf-goeppingen-vs-hb-montpellier\/\" data-share=\"false\" data-layout=\"button_count\" data-width=\"90\" data-show-faces=\"\" data-action=\"like\"><\/div><\/div>","protected":false},"excerpt":{"rendered":"<p>Im letzten Spiel der Gruppenphase um den Europapokal war der Spitzenreiter aus Montpellier zu Gast in der EWS-Arena. Gespickt mit Nationalspielern und einem klaren Hinspielsieg reisten die Franzosen mit breiter Brust an. Doch die Hausherren wuchsen \u00fcber sich hinaus und f\u00fchrten nahezu das komplette Spiel. Hatte man gegen die L\u00f6wen einen knappen Vorsprung noch kurz [&hellip;]<\/p>\n","protected":false},"author":1,"featured_media":51162,"comment_status":"open","ping_status":"open","sticky":false,"template":"","format":"standard","meta":{"footnotes":""},"categories":[7],"tags":[],"class_list":["post-51161","post","type-post","status-publish","format-standard","has-post-thumbnail","hentry","category-ehf-pokal"],"_links":{"self":[{"href":"https:\/\/www.weber-fag.de\/wordpress\/wp-json\/wp\/v2\/posts\/51161","targetHints":{"allow":["GET"]}}],"collection":[{"href":"https:\/\/www.weber-fag.de\/wordpress\/wp-json\/wp\/v2\/posts"}],"about":[{"href":"https:\/\/www.weber-fag.de\/wordpress\/wp-json\/wp\/v2\/types\/post"}],"author":[{"embeddable":true,"href":"https:\/\/www.weber-fag.de\/wordpress\/wp-json\/wp\/v2\/users\/1"}],"replies":[{"embeddable":true,"href":"https:\/\/www.weber-fag.de\/wordpress\/wp-json\/wp\/v2\/comments?post=51161"}],"version-history":[{"count":1,"href":"https:\/\/www.weber-fag.de\/wordpress\/wp-json\/wp\/v2\/posts\/51161\/revisions"}],"predecessor-version":[{"id":51245,"href":"https:\/\/www.weber-fag.de\/wordpress\/wp-json\/wp\/v2\/posts\/51161\/revisions\/51245"}],"wp:featuredmedia":[{"embeddable":true,"href":"https:\/\/www.weber-fag.de\/wordpress\/wp-json\/wp\/v2\/media\/51162"}],"wp:attachment":[{"href":"https:\/\/www.weber-fag.de\/wordpress\/wp-json\/wp\/v2\/media?parent=51161"}],"wp:term":[{"taxonomy":"category","embeddable":true,"href":"https:\/\/www.weber-fag.de\/wordpress\/wp-json\/wp\/v2\/categories?post=51161"},{"taxonomy":"post_tag","embeddable":true,"href":"https:\/\/www.weber-fag.de\/wordpress\/wp-json\/wp\/v2\/tags?post=51161"}],"curies":[{"name":"wp","href":"https:\/\/api.w.org\/{rel}","templated":true}]}}