{"id":50831,"date":"2022-09-27T15:17:00","date_gmt":"2022-09-27T13:17:00","guid":{"rendered":"http:\/\/www.weber-fag.de\/wordpress\/?p=50831"},"modified":"2022-10-01T15:27:48","modified_gmt":"2022-10-01T13:27:48","slug":"frisch-auf-goeppingen-vs-tbv-lemgo-3","status":"publish","type":"post","link":"https:\/\/www.weber-fag.de\/wordpress\/frisch-auf-goeppingen-vs-tbv-lemgo-3\/","title":{"rendered":"FRISCH AUF! G\u00f6ppingen vs. TBV Lemgo"},"content":{"rendered":"\n<p>Endlich spielt G\u00f6ppingen wieder auf internationalem Parkett. Um so bedauerlicher war es, dass FRISCH AUF! zur Qualifikation der Gruppenphase um den Europapokal gegen einen deutschen Vertreter antreten musste. So traf man bereits zum zweiten Mal im September auf den TBV Lemgo. Im Hinspiel in der EWS-Arena siegten die G\u00f6ppinger mit 28:24 Toren. Ob der Vorsprung f\u00fcr den Einzug in die Gruppenphase reicht, wird sich in der kommenden Woche zeigen, wenn das R\u00fcckspiel in Lemgo ansteht.<\/p>\n\n\n\n<figure class=\"wp-block-image size-full\"><img loading=\"lazy\" decoding=\"async\" width=\"920\" height=\"613\" src=\"https:\/\/www.weber-fag.de\/wordpress\/wp-content\/uploads\/2022\/10\/2209_FAG-Lemgo_0228.jpg\" alt=\"\" class=\"wp-image-50832\" srcset=\"https:\/\/www.weber-fag.de\/wordpress\/wp-content\/uploads\/2022\/10\/2209_FAG-Lemgo_0228.jpg 920w, https:\/\/www.weber-fag.de\/wordpress\/wp-content\/uploads\/2022\/10\/2209_FAG-Lemgo_0228-300x200.jpg 300w, https:\/\/www.weber-fag.de\/wordpress\/wp-content\/uploads\/2022\/10\/2209_FAG-Lemgo_0228-768x512.jpg 768w\" sizes=\"auto, (max-width: 920px) 100vw, 920px\" \/><figcaption>David Schmidt (FAG)<\/figcaption><\/figure>\n\n\n\n<!--more-->\n\n\n\n<figure class=\"wp-block-gallery has-nested-images columns-1 is-cropped wp-block-gallery-1 is-layout-flex wp-block-gallery-is-layout-flex\">\n<figure class=\"wp-block-image size-large\"><img loading=\"lazy\" decoding=\"async\" width=\"920\" height=\"613\" data-id=\"50837\" src=\"https:\/\/www.weber-fag.de\/wordpress\/wp-content\/uploads\/2022\/10\/2209_FAG-Lemgo_0002.jpg\" alt=\"\" class=\"wp-image-50837\" srcset=\"https:\/\/www.weber-fag.de\/wordpress\/wp-content\/uploads\/2022\/10\/2209_FAG-Lemgo_0002.jpg 920w, https:\/\/www.weber-fag.de\/wordpress\/wp-content\/uploads\/2022\/10\/2209_FAG-Lemgo_0002-300x200.jpg 300w, https:\/\/www.weber-fag.de\/wordpress\/wp-content\/uploads\/2022\/10\/2209_FAG-Lemgo_0002-768x512.jpg 768w\" sizes=\"auto, (max-width: 920px) 100vw, 920px\" \/><figcaption>Tim Kneule (FAG)<\/figcaption><\/figure>\n\n\n\n<figure class=\"wp-block-image size-large\"><img loading=\"lazy\" decoding=\"async\" width=\"920\" height=\"613\" data-id=\"50838\" src=\"https:\/\/www.weber-fag.de\/wordpress\/wp-content\/uploads\/2022\/10\/2209_FAG-Lemgo_0013.jpg\" alt=\"\" class=\"wp-image-50838\" srcset=\"https:\/\/www.weber-fag.de\/wordpress\/wp-content\/uploads\/2022\/10\/2209_FAG-Lemgo_0013.jpg 920w, https:\/\/www.weber-fag.de\/wordpress\/wp-content\/uploads\/2022\/10\/2209_FAG-Lemgo_0013-300x200.jpg 300w, https:\/\/www.weber-fag.de\/wordpress\/wp-content\/uploads\/2022\/10\/2209_FAG-Lemgo_0013-768x512.jpg 768w\" sizes=\"auto, (max-width: 920px) 100vw, 920px\" \/><figcaption>Tim Kneule (FAG)<\/figcaption><\/figure>\n\n\n\n<figure class=\"wp-block-image size-large\"><img loading=\"lazy\" decoding=\"async\" width=\"920\" height=\"613\" data-id=\"50836\" src=\"https:\/\/www.weber-fag.de\/wordpress\/wp-content\/uploads\/2022\/10\/2209_FAG-Lemgo_0024.jpg\" alt=\"\" class=\"wp-image-50836\" srcset=\"https:\/\/www.weber-fag.de\/wordpress\/wp-content\/uploads\/2022\/10\/2209_FAG-Lemgo_0024.jpg 920w, https:\/\/www.weber-fag.de\/wordpress\/wp-content\/uploads\/2022\/10\/2209_FAG-Lemgo_0024-300x200.jpg 300w, https:\/\/www.weber-fag.de\/wordpress\/wp-content\/uploads\/2022\/10\/2209_FAG-Lemgo_0024-768x512.jpg 768w\" sizes=\"auto, (max-width: 920px) 100vw, 920px\" \/><figcaption>Gilberto Duarte (FAG)<\/figcaption><\/figure>\n\n\n\n<figure class=\"wp-block-image size-large\"><img loading=\"lazy\" decoding=\"async\" width=\"920\" height=\"613\" data-id=\"50834\" src=\"https:\/\/www.weber-fag.de\/wordpress\/wp-content\/uploads\/2022\/10\/2209_FAG-Lemgo_0029.jpg\" alt=\"\" class=\"wp-image-50834\" srcset=\"https:\/\/www.weber-fag.de\/wordpress\/wp-content\/uploads\/2022\/10\/2209_FAG-Lemgo_0029.jpg 920w, https:\/\/www.weber-fag.de\/wordpress\/wp-content\/uploads\/2022\/10\/2209_FAG-Lemgo_0029-300x200.jpg 300w, https:\/\/www.weber-fag.de\/wordpress\/wp-content\/uploads\/2022\/10\/2209_FAG-Lemgo_0029-768x512.jpg 768w\" sizes=\"auto, (max-width: 920px) 100vw, 920px\" \/><figcaption>Tim Kneule (FAG)<\/figcaption><\/figure>\n\n\n\n<figure class=\"wp-block-image size-large\"><img loading=\"lazy\" decoding=\"async\" width=\"920\" height=\"613\" data-id=\"50835\" src=\"https:\/\/www.weber-fag.de\/wordpress\/wp-content\/uploads\/2022\/10\/2209_FAG-Lemgo_0032.jpg\" alt=\"\" class=\"wp-image-50835\" srcset=\"https:\/\/www.weber-fag.de\/wordpress\/wp-content\/uploads\/2022\/10\/2209_FAG-Lemgo_0032.jpg 920w, https:\/\/www.weber-fag.de\/wordpress\/wp-content\/uploads\/2022\/10\/2209_FAG-Lemgo_0032-300x200.jpg 300w, https:\/\/www.weber-fag.de\/wordpress\/wp-content\/uploads\/2022\/10\/2209_FAG-Lemgo_0032-768x512.jpg 768w\" sizes=\"auto, (max-width: 920px) 100vw, 920px\" \/><\/figure>\n\n\n\n<figure class=\"wp-block-image size-large\"><img loading=\"lazy\" decoding=\"async\" width=\"920\" height=\"613\" data-id=\"50833\" src=\"https:\/\/www.weber-fag.de\/wordpress\/wp-content\/uploads\/2022\/10\/2209_FAG-Lemgo_0035.jpg\" alt=\"\" class=\"wp-image-50833\" srcset=\"https:\/\/www.weber-fag.de\/wordpress\/wp-content\/uploads\/2022\/10\/2209_FAG-Lemgo_0035.jpg 920w, https:\/\/www.weber-fag.de\/wordpress\/wp-content\/uploads\/2022\/10\/2209_FAG-Lemgo_0035-300x200.jpg 300w, https:\/\/www.weber-fag.de\/wordpress\/wp-content\/uploads\/2022\/10\/2209_FAG-Lemgo_0035-768x512.jpg 768w\" sizes=\"auto, (max-width: 920px) 100vw, 920px\" \/><\/figure>\n\n\n\n<figure class=\"wp-block-image size-large\"><img loading=\"lazy\" decoding=\"async\" width=\"920\" height=\"613\" data-id=\"50846\" src=\"https:\/\/www.weber-fag.de\/wordpress\/wp-content\/uploads\/2022\/10\/2209_FAG-Lemgo_0038.jpg\" alt=\"\" class=\"wp-image-50846\" srcset=\"https:\/\/www.weber-fag.de\/wordpress\/wp-content\/uploads\/2022\/10\/2209_FAG-Lemgo_0038.jpg 920w, https:\/\/www.weber-fag.de\/wordpress\/wp-content\/uploads\/2022\/10\/2209_FAG-Lemgo_0038-300x200.jpg 300w, https:\/\/www.weber-fag.de\/wordpress\/wp-content\/uploads\/2022\/10\/2209_FAG-Lemgo_0038-768x512.jpg 768w\" sizes=\"auto, (max-width: 920px) 100vw, 920px\" \/><figcaption>David Schmidt (FAG)<\/figcaption><\/figure>\n\n\n\n<figure class=\"wp-block-image size-large\"><img loading=\"lazy\" decoding=\"async\" width=\"920\" height=\"613\" data-id=\"50839\" src=\"https:\/\/www.weber-fag.de\/wordpress\/wp-content\/uploads\/2022\/10\/2209_FAG-Lemgo_0053.jpg\" alt=\"\" class=\"wp-image-50839\" srcset=\"https:\/\/www.weber-fag.de\/wordpress\/wp-content\/uploads\/2022\/10\/2209_FAG-Lemgo_0053.jpg 920w, https:\/\/www.weber-fag.de\/wordpress\/wp-content\/uploads\/2022\/10\/2209_FAG-Lemgo_0053-300x200.jpg 300w, https:\/\/www.weber-fag.de\/wordpress\/wp-content\/uploads\/2022\/10\/2209_FAG-Lemgo_0053-768x512.jpg 768w\" sizes=\"auto, (max-width: 920px) 100vw, 920px\" \/><figcaption>David Schmidt (FAG)<\/figcaption><\/figure>\n\n\n\n<figure class=\"wp-block-image size-large\"><img loading=\"lazy\" decoding=\"async\" width=\"920\" height=\"613\" data-id=\"50844\" src=\"https:\/\/www.weber-fag.de\/wordpress\/wp-content\/uploads\/2022\/10\/2209_FAG-Lemgo_0058.jpg\" alt=\"\" class=\"wp-image-50844\" srcset=\"https:\/\/www.weber-fag.de\/wordpress\/wp-content\/uploads\/2022\/10\/2209_FAG-Lemgo_0058.jpg 920w, https:\/\/www.weber-fag.de\/wordpress\/wp-content\/uploads\/2022\/10\/2209_FAG-Lemgo_0058-300x200.jpg 300w, https:\/\/www.weber-fag.de\/wordpress\/wp-content\/uploads\/2022\/10\/2209_FAG-Lemgo_0058-768x512.jpg 768w\" sizes=\"auto, (max-width: 920px) 100vw, 920px\" \/><figcaption>Kresimir Kozina (FAG)<\/figcaption><\/figure>\n\n\n\n<figure class=\"wp-block-image size-large\"><img loading=\"lazy\" decoding=\"async\" width=\"920\" height=\"613\" data-id=\"50840\" src=\"https:\/\/www.weber-fag.de\/wordpress\/wp-content\/uploads\/2022\/10\/2209_FAG-Lemgo_0064.jpg\" alt=\"\" class=\"wp-image-50840\" srcset=\"https:\/\/www.weber-fag.de\/wordpress\/wp-content\/uploads\/2022\/10\/2209_FAG-Lemgo_0064.jpg 920w, https:\/\/www.weber-fag.de\/wordpress\/wp-content\/uploads\/2022\/10\/2209_FAG-Lemgo_0064-300x200.jpg 300w, https:\/\/www.weber-fag.de\/wordpress\/wp-content\/uploads\/2022\/10\/2209_FAG-Lemgo_0064-768x512.jpg 768w\" sizes=\"auto, (max-width: 920px) 100vw, 920px\" \/><figcaption>Tobias Ellebaek (FAG)<\/figcaption><\/figure>\n\n\n\n<figure class=\"wp-block-image size-large\"><img loading=\"lazy\" decoding=\"async\" width=\"920\" height=\"613\" data-id=\"50843\" src=\"https:\/\/www.weber-fag.de\/wordpress\/wp-content\/uploads\/2022\/10\/2209_FAG-Lemgo_0067.jpg\" alt=\"\" class=\"wp-image-50843\" srcset=\"https:\/\/www.weber-fag.de\/wordpress\/wp-content\/uploads\/2022\/10\/2209_FAG-Lemgo_0067.jpg 920w, https:\/\/www.weber-fag.de\/wordpress\/wp-content\/uploads\/2022\/10\/2209_FAG-Lemgo_0067-300x200.jpg 300w, https:\/\/www.weber-fag.de\/wordpress\/wp-content\/uploads\/2022\/10\/2209_FAG-Lemgo_0067-768x512.jpg 768w\" sizes=\"auto, (max-width: 920px) 100vw, 920px\" \/><\/figure>\n\n\n\n<figure class=\"wp-block-image size-large\"><img loading=\"lazy\" decoding=\"async\" width=\"920\" height=\"613\" data-id=\"50842\" src=\"https:\/\/www.weber-fag.de\/wordpress\/wp-content\/uploads\/2022\/10\/2209_FAG-Lemgo_0072.jpg\" alt=\"\" class=\"wp-image-50842\" srcset=\"https:\/\/www.weber-fag.de\/wordpress\/wp-content\/uploads\/2022\/10\/2209_FAG-Lemgo_0072.jpg 920w, https:\/\/www.weber-fag.de\/wordpress\/wp-content\/uploads\/2022\/10\/2209_FAG-Lemgo_0072-300x200.jpg 300w, https:\/\/www.weber-fag.de\/wordpress\/wp-content\/uploads\/2022\/10\/2209_FAG-Lemgo_0072-768x512.jpg 768w\" sizes=\"auto, (max-width: 920px) 100vw, 920px\" \/><figcaption>Tobias Ellebaek (FAG)<\/figcaption><\/figure>\n\n\n\n<figure class=\"wp-block-image size-large\"><img loading=\"lazy\" decoding=\"async\" width=\"920\" height=\"613\" data-id=\"50841\" src=\"https:\/\/www.weber-fag.de\/wordpress\/wp-content\/uploads\/2022\/10\/2209_FAG-Lemgo_0077.jpg\" alt=\"\" class=\"wp-image-50841\" srcset=\"https:\/\/www.weber-fag.de\/wordpress\/wp-content\/uploads\/2022\/10\/2209_FAG-Lemgo_0077.jpg 920w, https:\/\/www.weber-fag.de\/wordpress\/wp-content\/uploads\/2022\/10\/2209_FAG-Lemgo_0077-300x200.jpg 300w, https:\/\/www.weber-fag.de\/wordpress\/wp-content\/uploads\/2022\/10\/2209_FAG-Lemgo_0077-768x512.jpg 768w\" sizes=\"auto, (max-width: 920px) 100vw, 920px\" \/><\/figure>\n\n\n\n<figure class=\"wp-block-image size-large\"><img loading=\"lazy\" decoding=\"async\" width=\"920\" height=\"613\" data-id=\"50845\" src=\"https:\/\/www.weber-fag.de\/wordpress\/wp-content\/uploads\/2022\/10\/2209_FAG-Lemgo_0089.jpg\" alt=\"\" class=\"wp-image-50845\" srcset=\"https:\/\/www.weber-fag.de\/wordpress\/wp-content\/uploads\/2022\/10\/2209_FAG-Lemgo_0089.jpg 920w, https:\/\/www.weber-fag.de\/wordpress\/wp-content\/uploads\/2022\/10\/2209_FAG-Lemgo_0089-300x200.jpg 300w, https:\/\/www.weber-fag.de\/wordpress\/wp-content\/uploads\/2022\/10\/2209_FAG-Lemgo_0089-768x512.jpg 768w\" sizes=\"auto, (max-width: 920px) 100vw, 920px\" \/><figcaption>Tobias Ellebaek (FAG)<\/figcaption><\/figure>\n\n\n\n<figure class=\"wp-block-image size-large\"><img loading=\"lazy\" decoding=\"async\" width=\"920\" height=\"613\" data-id=\"50847\" src=\"https:\/\/www.weber-fag.de\/wordpress\/wp-content\/uploads\/2022\/10\/2209_FAG-Lemgo_0090.jpg\" alt=\"\" class=\"wp-image-50847\" srcset=\"https:\/\/www.weber-fag.de\/wordpress\/wp-content\/uploads\/2022\/10\/2209_FAG-Lemgo_0090.jpg 920w, https:\/\/www.weber-fag.de\/wordpress\/wp-content\/uploads\/2022\/10\/2209_FAG-Lemgo_0090-300x200.jpg 300w, https:\/\/www.weber-fag.de\/wordpress\/wp-content\/uploads\/2022\/10\/2209_FAG-Lemgo_0090-768x512.jpg 768w\" sizes=\"auto, (max-width: 920px) 100vw, 920px\" \/><figcaption>Tobias Ellebaek (FAG)<\/figcaption><\/figure>\n\n\n\n<figure class=\"wp-block-image size-large\"><img loading=\"lazy\" decoding=\"async\" width=\"920\" height=\"613\" data-id=\"50848\" src=\"https:\/\/www.weber-fag.de\/wordpress\/wp-content\/uploads\/2022\/10\/2209_FAG-Lemgo_0097.jpg\" alt=\"\" class=\"wp-image-50848\" srcset=\"https:\/\/www.weber-fag.de\/wordpress\/wp-content\/uploads\/2022\/10\/2209_FAG-Lemgo_0097.jpg 920w, https:\/\/www.weber-fag.de\/wordpress\/wp-content\/uploads\/2022\/10\/2209_FAG-Lemgo_0097-300x200.jpg 300w, https:\/\/www.weber-fag.de\/wordpress\/wp-content\/uploads\/2022\/10\/2209_FAG-Lemgo_0097-768x512.jpg 768w\" sizes=\"auto, (max-width: 920px) 100vw, 920px\" \/><figcaption>David Schmidt (FAG); Axel Goller (FAG)<\/figcaption><\/figure>\n\n\n\n<figure class=\"wp-block-image size-large\"><img loading=\"lazy\" decoding=\"async\" width=\"920\" height=\"613\" data-id=\"50850\" src=\"https:\/\/www.weber-fag.de\/wordpress\/wp-content\/uploads\/2022\/10\/2209_FAG-Lemgo_0104.jpg\" alt=\"\" class=\"wp-image-50850\" srcset=\"https:\/\/www.weber-fag.de\/wordpress\/wp-content\/uploads\/2022\/10\/2209_FAG-Lemgo_0104.jpg 920w, https:\/\/www.weber-fag.de\/wordpress\/wp-content\/uploads\/2022\/10\/2209_FAG-Lemgo_0104-300x200.jpg 300w, https:\/\/www.weber-fag.de\/wordpress\/wp-content\/uploads\/2022\/10\/2209_FAG-Lemgo_0104-768x512.jpg 768w\" sizes=\"auto, (max-width: 920px) 100vw, 920px\" \/><\/figure>\n\n\n\n<figure class=\"wp-block-image size-large\"><img loading=\"lazy\" decoding=\"async\" width=\"920\" height=\"613\" data-id=\"50851\" src=\"https:\/\/www.weber-fag.de\/wordpress\/wp-content\/uploads\/2022\/10\/2209_FAG-Lemgo_0119.jpg\" alt=\"\" class=\"wp-image-50851\" srcset=\"https:\/\/www.weber-fag.de\/wordpress\/wp-content\/uploads\/2022\/10\/2209_FAG-Lemgo_0119.jpg 920w, https:\/\/www.weber-fag.de\/wordpress\/wp-content\/uploads\/2022\/10\/2209_FAG-Lemgo_0119-300x200.jpg 300w, https:\/\/www.weber-fag.de\/wordpress\/wp-content\/uploads\/2022\/10\/2209_FAG-Lemgo_0119-768x512.jpg 768w\" sizes=\"auto, (max-width: 920px) 100vw, 920px\" \/><\/figure>\n\n\n\n<figure class=\"wp-block-image size-large\"><img loading=\"lazy\" decoding=\"async\" width=\"920\" height=\"613\" data-id=\"50853\" src=\"https:\/\/www.weber-fag.de\/wordpress\/wp-content\/uploads\/2022\/10\/2209_FAG-Lemgo_0134.jpg\" alt=\"\" class=\"wp-image-50853\" srcset=\"https:\/\/www.weber-fag.de\/wordpress\/wp-content\/uploads\/2022\/10\/2209_FAG-Lemgo_0134.jpg 920w, https:\/\/www.weber-fag.de\/wordpress\/wp-content\/uploads\/2022\/10\/2209_FAG-Lemgo_0134-300x200.jpg 300w, https:\/\/www.weber-fag.de\/wordpress\/wp-content\/uploads\/2022\/10\/2209_FAG-Lemgo_0134-768x512.jpg 768w\" sizes=\"auto, (max-width: 920px) 100vw, 920px\" \/><\/figure>\n\n\n\n<figure class=\"wp-block-image size-large\"><img loading=\"lazy\" decoding=\"async\" width=\"920\" height=\"613\" data-id=\"50852\" src=\"https:\/\/www.weber-fag.de\/wordpress\/wp-content\/uploads\/2022\/10\/2209_FAG-Lemgo_0150.jpg\" alt=\"\" class=\"wp-image-50852\" srcset=\"https:\/\/www.weber-fag.de\/wordpress\/wp-content\/uploads\/2022\/10\/2209_FAG-Lemgo_0150.jpg 920w, https:\/\/www.weber-fag.de\/wordpress\/wp-content\/uploads\/2022\/10\/2209_FAG-Lemgo_0150-300x200.jpg 300w, https:\/\/www.weber-fag.de\/wordpress\/wp-content\/uploads\/2022\/10\/2209_FAG-Lemgo_0150-768x512.jpg 768w\" sizes=\"auto, (max-width: 920px) 100vw, 920px\" \/><\/figure>\n\n\n\n<figure class=\"wp-block-image size-large\"><img loading=\"lazy\" decoding=\"async\" width=\"920\" height=\"613\" data-id=\"50849\" src=\"https:\/\/www.weber-fag.de\/wordpress\/wp-content\/uploads\/2022\/10\/2209_FAG-Lemgo_0155.jpg\" alt=\"\" class=\"wp-image-50849\" srcset=\"https:\/\/www.weber-fag.de\/wordpress\/wp-content\/uploads\/2022\/10\/2209_FAG-Lemgo_0155.jpg 920w, https:\/\/www.weber-fag.de\/wordpress\/wp-content\/uploads\/2022\/10\/2209_FAG-Lemgo_0155-300x200.jpg 300w, https:\/\/www.weber-fag.de\/wordpress\/wp-content\/uploads\/2022\/10\/2209_FAG-Lemgo_0155-768x512.jpg 768w\" sizes=\"auto, (max-width: 920px) 100vw, 920px\" \/><\/figure>\n\n\n\n<figure class=\"wp-block-image size-large\"><img loading=\"lazy\" decoding=\"async\" width=\"920\" height=\"613\" data-id=\"50854\" src=\"https:\/\/www.weber-fag.de\/wordpress\/wp-content\/uploads\/2022\/10\/2209_FAG-Lemgo_0158.jpg\" alt=\"\" class=\"wp-image-50854\" srcset=\"https:\/\/www.weber-fag.de\/wordpress\/wp-content\/uploads\/2022\/10\/2209_FAG-Lemgo_0158.jpg 920w, https:\/\/www.weber-fag.de\/wordpress\/wp-content\/uploads\/2022\/10\/2209_FAG-Lemgo_0158-300x200.jpg 300w, https:\/\/www.weber-fag.de\/wordpress\/wp-content\/uploads\/2022\/10\/2209_FAG-Lemgo_0158-768x512.jpg 768w\" sizes=\"auto, (max-width: 920px) 100vw, 920px\" \/><\/figure>\n\n\n\n<figure class=\"wp-block-image size-large\"><img loading=\"lazy\" decoding=\"async\" width=\"920\" height=\"613\" data-id=\"50855\" src=\"https:\/\/www.weber-fag.de\/wordpress\/wp-content\/uploads\/2022\/10\/2209_FAG-Lemgo_0174.jpg\" alt=\"\" class=\"wp-image-50855\" srcset=\"https:\/\/www.weber-fag.de\/wordpress\/wp-content\/uploads\/2022\/10\/2209_FAG-Lemgo_0174.jpg 920w, https:\/\/www.weber-fag.de\/wordpress\/wp-content\/uploads\/2022\/10\/2209_FAG-Lemgo_0174-300x200.jpg 300w, https:\/\/www.weber-fag.de\/wordpress\/wp-content\/uploads\/2022\/10\/2209_FAG-Lemgo_0174-768x512.jpg 768w\" sizes=\"auto, (max-width: 920px) 100vw, 920px\" \/><figcaption>Blaz Blagotinsek (FAG)<\/figcaption><\/figure>\n\n\n\n<figure class=\"wp-block-image size-large\"><img loading=\"lazy\" decoding=\"async\" width=\"920\" height=\"613\" data-id=\"50858\" src=\"https:\/\/www.weber-fag.de\/wordpress\/wp-content\/uploads\/2022\/10\/2209_FAG-Lemgo_0190.jpg\" alt=\"\" class=\"wp-image-50858\" srcset=\"https:\/\/www.weber-fag.de\/wordpress\/wp-content\/uploads\/2022\/10\/2209_FAG-Lemgo_0190.jpg 920w, https:\/\/www.weber-fag.de\/wordpress\/wp-content\/uploads\/2022\/10\/2209_FAG-Lemgo_0190-300x200.jpg 300w, https:\/\/www.weber-fag.de\/wordpress\/wp-content\/uploads\/2022\/10\/2209_FAG-Lemgo_0190-768x512.jpg 768w\" sizes=\"auto, (max-width: 920px) 100vw, 920px\" \/><figcaption>Marcel Schiller (FAG)<\/figcaption><\/figure>\n\n\n\n<figure class=\"wp-block-image size-large\"><img loading=\"lazy\" decoding=\"async\" width=\"920\" height=\"613\" data-id=\"50856\" src=\"https:\/\/www.weber-fag.de\/wordpress\/wp-content\/uploads\/2022\/10\/2209_FAG-Lemgo_0191.jpg\" alt=\"\" class=\"wp-image-50856\" srcset=\"https:\/\/www.weber-fag.de\/wordpress\/wp-content\/uploads\/2022\/10\/2209_FAG-Lemgo_0191.jpg 920w, https:\/\/www.weber-fag.de\/wordpress\/wp-content\/uploads\/2022\/10\/2209_FAG-Lemgo_0191-300x200.jpg 300w, https:\/\/www.weber-fag.de\/wordpress\/wp-content\/uploads\/2022\/10\/2209_FAG-Lemgo_0191-768x512.jpg 768w\" sizes=\"auto, (max-width: 920px) 100vw, 920px\" \/><figcaption>Josip Sarac (FAG)<\/figcaption><\/figure>\n\n\n\n<figure class=\"wp-block-image size-large\"><img loading=\"lazy\" decoding=\"async\" width=\"920\" height=\"613\" data-id=\"50857\" src=\"https:\/\/www.weber-fag.de\/wordpress\/wp-content\/uploads\/2022\/10\/2209_FAG-Lemgo_0197.jpg\" alt=\"\" class=\"wp-image-50857\" srcset=\"https:\/\/www.weber-fag.de\/wordpress\/wp-content\/uploads\/2022\/10\/2209_FAG-Lemgo_0197.jpg 920w, https:\/\/www.weber-fag.de\/wordpress\/wp-content\/uploads\/2022\/10\/2209_FAG-Lemgo_0197-300x200.jpg 300w, https:\/\/www.weber-fag.de\/wordpress\/wp-content\/uploads\/2022\/10\/2209_FAG-Lemgo_0197-768x512.jpg 768w\" sizes=\"auto, (max-width: 920px) 100vw, 920px\" \/><figcaption>Josip Sarac (FAG)<\/figcaption><\/figure>\n\n\n\n<figure class=\"wp-block-image size-large\"><img loading=\"lazy\" decoding=\"async\" width=\"920\" height=\"613\" data-id=\"50859\" src=\"https:\/\/www.weber-fag.de\/wordpress\/wp-content\/uploads\/2022\/10\/2209_FAG-Lemgo_0200.jpg\" alt=\"\" class=\"wp-image-50859\" srcset=\"https:\/\/www.weber-fag.de\/wordpress\/wp-content\/uploads\/2022\/10\/2209_FAG-Lemgo_0200.jpg 920w, https:\/\/www.weber-fag.de\/wordpress\/wp-content\/uploads\/2022\/10\/2209_FAG-Lemgo_0200-300x200.jpg 300w, https:\/\/www.weber-fag.de\/wordpress\/wp-content\/uploads\/2022\/10\/2209_FAG-Lemgo_0200-768x512.jpg 768w\" sizes=\"auto, (max-width: 920px) 100vw, 920px\" \/><figcaption>Kresimir Kozina (FAG)<\/figcaption><\/figure>\n\n\n\n<figure class=\"wp-block-image size-large\"><img loading=\"lazy\" decoding=\"async\" width=\"920\" height=\"613\" data-id=\"50860\" src=\"https:\/\/www.weber-fag.de\/wordpress\/wp-content\/uploads\/2022\/10\/2209_FAG-Lemgo_0212.jpg\" alt=\"\" class=\"wp-image-50860\" srcset=\"https:\/\/www.weber-fag.de\/wordpress\/wp-content\/uploads\/2022\/10\/2209_FAG-Lemgo_0212.jpg 920w, https:\/\/www.weber-fag.de\/wordpress\/wp-content\/uploads\/2022\/10\/2209_FAG-Lemgo_0212-300x200.jpg 300w, https:\/\/www.weber-fag.de\/wordpress\/wp-content\/uploads\/2022\/10\/2209_FAG-Lemgo_0212-768x512.jpg 768w\" sizes=\"auto, (max-width: 920px) 100vw, 920px\" \/><figcaption>Jon Lindenchrone Andersen (FAG)<\/figcaption><\/figure>\n\n\n\n<figure class=\"wp-block-image size-large\"><img loading=\"lazy\" decoding=\"async\" width=\"920\" height=\"613\" data-id=\"50861\" src=\"https:\/\/www.weber-fag.de\/wordpress\/wp-content\/uploads\/2022\/10\/2209_FAG-Lemgo_0228-1.jpg\" alt=\"\" class=\"wp-image-50861\" srcset=\"https:\/\/www.weber-fag.de\/wordpress\/wp-content\/uploads\/2022\/10\/2209_FAG-Lemgo_0228-1.jpg 920w, https:\/\/www.weber-fag.de\/wordpress\/wp-content\/uploads\/2022\/10\/2209_FAG-Lemgo_0228-1-300x200.jpg 300w, https:\/\/www.weber-fag.de\/wordpress\/wp-content\/uploads\/2022\/10\/2209_FAG-Lemgo_0228-1-768x512.jpg 768w\" sizes=\"auto, (max-width: 920px) 100vw, 920px\" \/><figcaption>David Schmidt (FAG)<\/figcaption><\/figure>\n\n\n\n<figure class=\"wp-block-image size-large\"><img loading=\"lazy\" decoding=\"async\" width=\"920\" height=\"613\" data-id=\"50863\" src=\"https:\/\/www.weber-fag.de\/wordpress\/wp-content\/uploads\/2022\/10\/2209_FAG-Lemgo_0233.jpg\" alt=\"\" class=\"wp-image-50863\" srcset=\"https:\/\/www.weber-fag.de\/wordpress\/wp-content\/uploads\/2022\/10\/2209_FAG-Lemgo_0233.jpg 920w, https:\/\/www.weber-fag.de\/wordpress\/wp-content\/uploads\/2022\/10\/2209_FAG-Lemgo_0233-300x200.jpg 300w, https:\/\/www.weber-fag.de\/wordpress\/wp-content\/uploads\/2022\/10\/2209_FAG-Lemgo_0233-768x512.jpg 768w\" sizes=\"auto, (max-width: 920px) 100vw, 920px\" \/><figcaption>Josip Sarac (FAG)<\/figcaption><\/figure>\n\n\n\n<figure class=\"wp-block-image size-large\"><img loading=\"lazy\" decoding=\"async\" width=\"920\" height=\"613\" data-id=\"50864\" src=\"https:\/\/www.weber-fag.de\/wordpress\/wp-content\/uploads\/2022\/10\/2209_FAG-Lemgo_0238.jpg\" alt=\"\" class=\"wp-image-50864\" srcset=\"https:\/\/www.weber-fag.de\/wordpress\/wp-content\/uploads\/2022\/10\/2209_FAG-Lemgo_0238.jpg 920w, https:\/\/www.weber-fag.de\/wordpress\/wp-content\/uploads\/2022\/10\/2209_FAG-Lemgo_0238-300x200.jpg 300w, https:\/\/www.weber-fag.de\/wordpress\/wp-content\/uploads\/2022\/10\/2209_FAG-Lemgo_0238-768x512.jpg 768w\" sizes=\"auto, (max-width: 920px) 100vw, 920px\" \/><\/figure>\n\n\n\n<figure class=\"wp-block-image size-large\"><img loading=\"lazy\" decoding=\"async\" width=\"920\" height=\"613\" data-id=\"50862\" src=\"https:\/\/www.weber-fag.de\/wordpress\/wp-content\/uploads\/2022\/10\/2209_FAG-Lemgo_0243.jpg\" alt=\"\" class=\"wp-image-50862\" srcset=\"https:\/\/www.weber-fag.de\/wordpress\/wp-content\/uploads\/2022\/10\/2209_FAG-Lemgo_0243.jpg 920w, https:\/\/www.weber-fag.de\/wordpress\/wp-content\/uploads\/2022\/10\/2209_FAG-Lemgo_0243-300x200.jpg 300w, https:\/\/www.weber-fag.de\/wordpress\/wp-content\/uploads\/2022\/10\/2209_FAG-Lemgo_0243-768x512.jpg 768w\" sizes=\"auto, (max-width: 920px) 100vw, 920px\" \/><figcaption>Tim Kneule (FAG)<\/figcaption><\/figure>\n\n\n\n<figure class=\"wp-block-image size-large\"><img loading=\"lazy\" decoding=\"async\" width=\"920\" height=\"613\" data-id=\"50867\" src=\"https:\/\/www.weber-fag.de\/wordpress\/wp-content\/uploads\/2022\/10\/2209_FAG-Lemgo_0244.jpg\" alt=\"\" class=\"wp-image-50867\" srcset=\"https:\/\/www.weber-fag.de\/wordpress\/wp-content\/uploads\/2022\/10\/2209_FAG-Lemgo_0244.jpg 920w, https:\/\/www.weber-fag.de\/wordpress\/wp-content\/uploads\/2022\/10\/2209_FAG-Lemgo_0244-300x200.jpg 300w, https:\/\/www.weber-fag.de\/wordpress\/wp-content\/uploads\/2022\/10\/2209_FAG-Lemgo_0244-768x512.jpg 768w\" sizes=\"auto, (max-width: 920px) 100vw, 920px\" \/><figcaption>Tobias Ellebaek (FAG)<\/figcaption><\/figure>\n\n\n\n<figure class=\"wp-block-image size-large\"><img loading=\"lazy\" decoding=\"async\" width=\"920\" height=\"613\" data-id=\"50865\" src=\"https:\/\/www.weber-fag.de\/wordpress\/wp-content\/uploads\/2022\/10\/2209_FAG-Lemgo_0253.jpg\" alt=\"\" class=\"wp-image-50865\" srcset=\"https:\/\/www.weber-fag.de\/wordpress\/wp-content\/uploads\/2022\/10\/2209_FAG-Lemgo_0253.jpg 920w, https:\/\/www.weber-fag.de\/wordpress\/wp-content\/uploads\/2022\/10\/2209_FAG-Lemgo_0253-300x200.jpg 300w, https:\/\/www.weber-fag.de\/wordpress\/wp-content\/uploads\/2022\/10\/2209_FAG-Lemgo_0253-768x512.jpg 768w\" sizes=\"auto, (max-width: 920px) 100vw, 920px\" \/><figcaption>David Schmidt (FAG)<\/figcaption><\/figure>\n\n\n\n<figure class=\"wp-block-image size-large\"><img loading=\"lazy\" decoding=\"async\" width=\"920\" height=\"613\" data-id=\"50866\" src=\"https:\/\/www.weber-fag.de\/wordpress\/wp-content\/uploads\/2022\/10\/2209_FAG-Lemgo_0264.jpg\" alt=\"\" class=\"wp-image-50866\" srcset=\"https:\/\/www.weber-fag.de\/wordpress\/wp-content\/uploads\/2022\/10\/2209_FAG-Lemgo_0264.jpg 920w, https:\/\/www.weber-fag.de\/wordpress\/wp-content\/uploads\/2022\/10\/2209_FAG-Lemgo_0264-300x200.jpg 300w, https:\/\/www.weber-fag.de\/wordpress\/wp-content\/uploads\/2022\/10\/2209_FAG-Lemgo_0264-768x512.jpg 768w\" sizes=\"auto, (max-width: 920px) 100vw, 920px\" \/><figcaption>Till Hermann (FAG)<\/figcaption><\/figure>\n\n\n\n<figure class=\"wp-block-image size-large\"><img loading=\"lazy\" decoding=\"async\" width=\"920\" height=\"613\" data-id=\"50870\" src=\"https:\/\/www.weber-fag.de\/wordpress\/wp-content\/uploads\/2022\/10\/2209_FAG-Lemgo_0274.jpg\" alt=\"\" class=\"wp-image-50870\" srcset=\"https:\/\/www.weber-fag.de\/wordpress\/wp-content\/uploads\/2022\/10\/2209_FAG-Lemgo_0274.jpg 920w, https:\/\/www.weber-fag.de\/wordpress\/wp-content\/uploads\/2022\/10\/2209_FAG-Lemgo_0274-300x200.jpg 300w, https:\/\/www.weber-fag.de\/wordpress\/wp-content\/uploads\/2022\/10\/2209_FAG-Lemgo_0274-768x512.jpg 768w\" sizes=\"auto, (max-width: 920px) 100vw, 920px\" \/><figcaption>Tobias Ellebaek (FAG)<\/figcaption><\/figure>\n\n\n\n<figure class=\"wp-block-image size-large\"><img loading=\"lazy\" decoding=\"async\" width=\"920\" height=\"613\" data-id=\"50869\" src=\"https:\/\/www.weber-fag.de\/wordpress\/wp-content\/uploads\/2022\/10\/2209_FAG-Lemgo_0285.jpg\" alt=\"\" class=\"wp-image-50869\" srcset=\"https:\/\/www.weber-fag.de\/wordpress\/wp-content\/uploads\/2022\/10\/2209_FAG-Lemgo_0285.jpg 920w, https:\/\/www.weber-fag.de\/wordpress\/wp-content\/uploads\/2022\/10\/2209_FAG-Lemgo_0285-300x200.jpg 300w, https:\/\/www.weber-fag.de\/wordpress\/wp-content\/uploads\/2022\/10\/2209_FAG-Lemgo_0285-768x512.jpg 768w\" sizes=\"auto, (max-width: 920px) 100vw, 920px\" \/><figcaption>Tobias Ellebaek (FAG)<\/figcaption><\/figure>\n\n\n\n<figure class=\"wp-block-image size-large\"><img loading=\"lazy\" decoding=\"async\" width=\"920\" height=\"613\" data-id=\"50868\" src=\"https:\/\/www.weber-fag.de\/wordpress\/wp-content\/uploads\/2022\/10\/2209_FAG-Lemgo_0297.jpg\" alt=\"\" class=\"wp-image-50868\" srcset=\"https:\/\/www.weber-fag.de\/wordpress\/wp-content\/uploads\/2022\/10\/2209_FAG-Lemgo_0297.jpg 920w, https:\/\/www.weber-fag.de\/wordpress\/wp-content\/uploads\/2022\/10\/2209_FAG-Lemgo_0297-300x200.jpg 300w, https:\/\/www.weber-fag.de\/wordpress\/wp-content\/uploads\/2022\/10\/2209_FAG-Lemgo_0297-768x512.jpg 768w\" sizes=\"auto, (max-width: 920px) 100vw, 920px\" \/><figcaption>Josip Sarac (FAG)<\/figcaption><\/figure>\n\n\n\n<figure class=\"wp-block-image size-large\"><img loading=\"lazy\" decoding=\"async\" width=\"920\" height=\"613\" data-id=\"50871\" src=\"https:\/\/www.weber-fag.de\/wordpress\/wp-content\/uploads\/2022\/10\/2209_FAG-Lemgo_0310.jpg\" alt=\"\" class=\"wp-image-50871\" srcset=\"https:\/\/www.weber-fag.de\/wordpress\/wp-content\/uploads\/2022\/10\/2209_FAG-Lemgo_0310.jpg 920w, https:\/\/www.weber-fag.de\/wordpress\/wp-content\/uploads\/2022\/10\/2209_FAG-Lemgo_0310-300x200.jpg 300w, https:\/\/www.weber-fag.de\/wordpress\/wp-content\/uploads\/2022\/10\/2209_FAG-Lemgo_0310-768x512.jpg 768w\" sizes=\"auto, (max-width: 920px) 100vw, 920px\" \/><figcaption>Tobias Ellebaek (FAG)<\/figcaption><\/figure>\n\n\n\n<figure class=\"wp-block-image size-large\"><img loading=\"lazy\" decoding=\"async\" width=\"920\" height=\"613\" data-id=\"50873\" src=\"https:\/\/www.weber-fag.de\/wordpress\/wp-content\/uploads\/2022\/10\/2209_FAG-Lemgo_0315.jpg\" alt=\"\" class=\"wp-image-50873\" srcset=\"https:\/\/www.weber-fag.de\/wordpress\/wp-content\/uploads\/2022\/10\/2209_FAG-Lemgo_0315.jpg 920w, https:\/\/www.weber-fag.de\/wordpress\/wp-content\/uploads\/2022\/10\/2209_FAG-Lemgo_0315-300x200.jpg 300w, https:\/\/www.weber-fag.de\/wordpress\/wp-content\/uploads\/2022\/10\/2209_FAG-Lemgo_0315-768x512.jpg 768w\" sizes=\"auto, (max-width: 920px) 100vw, 920px\" \/><figcaption>Josip Sarac (FAG)<\/figcaption><\/figure>\n\n\n\n<figure class=\"wp-block-image size-large\"><img loading=\"lazy\" decoding=\"async\" width=\"920\" height=\"613\" data-id=\"50872\" src=\"https:\/\/www.weber-fag.de\/wordpress\/wp-content\/uploads\/2022\/10\/2209_FAG-Lemgo_0318.jpg\" alt=\"\" class=\"wp-image-50872\" srcset=\"https:\/\/www.weber-fag.de\/wordpress\/wp-content\/uploads\/2022\/10\/2209_FAG-Lemgo_0318.jpg 920w, https:\/\/www.weber-fag.de\/wordpress\/wp-content\/uploads\/2022\/10\/2209_FAG-Lemgo_0318-300x200.jpg 300w, https:\/\/www.weber-fag.de\/wordpress\/wp-content\/uploads\/2022\/10\/2209_FAG-Lemgo_0318-768x512.jpg 768w\" sizes=\"auto, (max-width: 920px) 100vw, 920px\" \/><\/figure>\n\n\n\n<figure class=\"wp-block-image size-large\"><img loading=\"lazy\" decoding=\"async\" width=\"920\" height=\"613\" data-id=\"50879\" src=\"https:\/\/www.weber-fag.de\/wordpress\/wp-content\/uploads\/2022\/10\/2209_FAG-Lemgo_0320.jpg\" alt=\"\" class=\"wp-image-50879\" srcset=\"https:\/\/www.weber-fag.de\/wordpress\/wp-content\/uploads\/2022\/10\/2209_FAG-Lemgo_0320.jpg 920w, https:\/\/www.weber-fag.de\/wordpress\/wp-content\/uploads\/2022\/10\/2209_FAG-Lemgo_0320-300x200.jpg 300w, https:\/\/www.weber-fag.de\/wordpress\/wp-content\/uploads\/2022\/10\/2209_FAG-Lemgo_0320-768x512.jpg 768w\" sizes=\"auto, (max-width: 920px) 100vw, 920px\" \/><figcaption>Blaz Blagotinsek (FAG)<\/figcaption><\/figure>\n\n\n\n<figure class=\"wp-block-image size-large\"><img loading=\"lazy\" decoding=\"async\" width=\"920\" height=\"613\" data-id=\"50876\" src=\"https:\/\/www.weber-fag.de\/wordpress\/wp-content\/uploads\/2022\/10\/2209_FAG-Lemgo_0323.jpg\" alt=\"\" class=\"wp-image-50876\" srcset=\"https:\/\/www.weber-fag.de\/wordpress\/wp-content\/uploads\/2022\/10\/2209_FAG-Lemgo_0323.jpg 920w, https:\/\/www.weber-fag.de\/wordpress\/wp-content\/uploads\/2022\/10\/2209_FAG-Lemgo_0323-300x200.jpg 300w, https:\/\/www.weber-fag.de\/wordpress\/wp-content\/uploads\/2022\/10\/2209_FAG-Lemgo_0323-768x512.jpg 768w\" sizes=\"auto, (max-width: 920px) 100vw, 920px\" \/><\/figure>\n\n\n\n<figure class=\"wp-block-image size-large\"><img loading=\"lazy\" decoding=\"async\" width=\"920\" height=\"613\" data-id=\"50875\" src=\"https:\/\/www.weber-fag.de\/wordpress\/wp-content\/uploads\/2022\/10\/2209_FAG-Lemgo_0326.jpg\" alt=\"\" class=\"wp-image-50875\" srcset=\"https:\/\/www.weber-fag.de\/wordpress\/wp-content\/uploads\/2022\/10\/2209_FAG-Lemgo_0326.jpg 920w, https:\/\/www.weber-fag.de\/wordpress\/wp-content\/uploads\/2022\/10\/2209_FAG-Lemgo_0326-300x200.jpg 300w, https:\/\/www.weber-fag.de\/wordpress\/wp-content\/uploads\/2022\/10\/2209_FAG-Lemgo_0326-768x512.jpg 768w\" sizes=\"auto, (max-width: 920px) 100vw, 920px\" \/><\/figure>\n\n\n\n<figure class=\"wp-block-image size-large\"><img loading=\"lazy\" decoding=\"async\" width=\"920\" height=\"613\" data-id=\"50874\" src=\"https:\/\/www.weber-fag.de\/wordpress\/wp-content\/uploads\/2022\/10\/2209_FAG-Lemgo_0327.jpg\" alt=\"\" class=\"wp-image-50874\" srcset=\"https:\/\/www.weber-fag.de\/wordpress\/wp-content\/uploads\/2022\/10\/2209_FAG-Lemgo_0327.jpg 920w, https:\/\/www.weber-fag.de\/wordpress\/wp-content\/uploads\/2022\/10\/2209_FAG-Lemgo_0327-300x200.jpg 300w, https:\/\/www.weber-fag.de\/wordpress\/wp-content\/uploads\/2022\/10\/2209_FAG-Lemgo_0327-768x512.jpg 768w\" sizes=\"auto, (max-width: 920px) 100vw, 920px\" \/><figcaption>Gilberto Duarte (FAG)<\/figcaption><\/figure>\n\n\n\n<figure class=\"wp-block-image size-large\"><img loading=\"lazy\" decoding=\"async\" width=\"920\" height=\"613\" data-id=\"50877\" src=\"https:\/\/www.weber-fag.de\/wordpress\/wp-content\/uploads\/2022\/10\/2209_FAG-Lemgo_0330.jpg\" alt=\"\" class=\"wp-image-50877\" srcset=\"https:\/\/www.weber-fag.de\/wordpress\/wp-content\/uploads\/2022\/10\/2209_FAG-Lemgo_0330.jpg 920w, https:\/\/www.weber-fag.de\/wordpress\/wp-content\/uploads\/2022\/10\/2209_FAG-Lemgo_0330-300x200.jpg 300w, https:\/\/www.weber-fag.de\/wordpress\/wp-content\/uploads\/2022\/10\/2209_FAG-Lemgo_0330-768x512.jpg 768w\" sizes=\"auto, (max-width: 920px) 100vw, 920px\" \/><figcaption>Jon Lindenchrone Andersen (FAG); David Schmidt (FAG)<\/figcaption><\/figure>\n\n\n\n<figure class=\"wp-block-image size-large\"><img loading=\"lazy\" decoding=\"async\" width=\"920\" height=\"613\" data-id=\"50878\" src=\"https:\/\/www.weber-fag.de\/wordpress\/wp-content\/uploads\/2022\/10\/2209_FAG-Lemgo_0334.jpg\" alt=\"\" class=\"wp-image-50878\" srcset=\"https:\/\/www.weber-fag.de\/wordpress\/wp-content\/uploads\/2022\/10\/2209_FAG-Lemgo_0334.jpg 920w, https:\/\/www.weber-fag.de\/wordpress\/wp-content\/uploads\/2022\/10\/2209_FAG-Lemgo_0334-300x200.jpg 300w, https:\/\/www.weber-fag.de\/wordpress\/wp-content\/uploads\/2022\/10\/2209_FAG-Lemgo_0334-768x512.jpg 768w\" sizes=\"auto, (max-width: 920px) 100vw, 920px\" \/><\/figure>\n\n\n\n<figure class=\"wp-block-image size-large\"><img loading=\"lazy\" decoding=\"async\" width=\"920\" height=\"613\" data-id=\"50880\" src=\"https:\/\/www.weber-fag.de\/wordpress\/wp-content\/uploads\/2022\/10\/2209_FAG-Lemgo_0336.jpg\" alt=\"\" class=\"wp-image-50880\" srcset=\"https:\/\/www.weber-fag.de\/wordpress\/wp-content\/uploads\/2022\/10\/2209_FAG-Lemgo_0336.jpg 920w, https:\/\/www.weber-fag.de\/wordpress\/wp-content\/uploads\/2022\/10\/2209_FAG-Lemgo_0336-300x200.jpg 300w, https:\/\/www.weber-fag.de\/wordpress\/wp-content\/uploads\/2022\/10\/2209_FAG-Lemgo_0336-768x512.jpg 768w\" sizes=\"auto, (max-width: 920px) 100vw, 920px\" \/><figcaption>Tobias Ellebaek (FAG)<\/figcaption><\/figure>\n<\/figure>\n<div class=\"pp-fb-like-btn-wrap\"><div class=\"fb-like\" data-href=\"https:\/\/www.weber-fag.de\/wordpress\/frisch-auf-goeppingen-vs-tbv-lemgo-3\/\" data-share=\"false\" data-layout=\"button_count\" data-width=\"90\" data-show-faces=\"\" data-action=\"like\"><\/div><\/div>","protected":false},"excerpt":{"rendered":"<p>Endlich spielt G\u00f6ppingen wieder auf internationalem Parkett. Um so bedauerlicher war es, dass FRISCH AUF! zur Qualifikation der Gruppenphase um den Europapokal gegen einen deutschen Vertreter antreten musste. So traf man bereits zum zweiten Mal im September auf den TBV Lemgo. Im Hinspiel in der EWS-Arena siegten die G\u00f6ppinger mit 28:24 Toren. Ob der Vorsprung [&hellip;]<\/p>\n","protected":false},"author":1,"featured_media":50832,"comment_status":"open","ping_status":"open","sticky":false,"template":"","format":"standard","meta":{"footnotes":""},"categories":[7],"tags":[],"class_list":["post-50831","post","type-post","status-publish","format-standard","has-post-thumbnail","hentry","category-ehf-pokal"],"_links":{"self":[{"href":"https:\/\/www.weber-fag.de\/wordpress\/wp-json\/wp\/v2\/posts\/50831","targetHints":{"allow":["GET"]}}],"collection":[{"href":"https:\/\/www.weber-fag.de\/wordpress\/wp-json\/wp\/v2\/posts"}],"about":[{"href":"https:\/\/www.weber-fag.de\/wordpress\/wp-json\/wp\/v2\/types\/post"}],"author":[{"embeddable":true,"href":"https:\/\/www.weber-fag.de\/wordpress\/wp-json\/wp\/v2\/users\/1"}],"replies":[{"embeddable":true,"href":"https:\/\/www.weber-fag.de\/wordpress\/wp-json\/wp\/v2\/comments?post=50831"}],"version-history":[{"count":1,"href":"https:\/\/www.weber-fag.de\/wordpress\/wp-json\/wp\/v2\/posts\/50831\/revisions"}],"predecessor-version":[{"id":50881,"href":"https:\/\/www.weber-fag.de\/wordpress\/wp-json\/wp\/v2\/posts\/50831\/revisions\/50881"}],"wp:featuredmedia":[{"embeddable":true,"href":"https:\/\/www.weber-fag.de\/wordpress\/wp-json\/wp\/v2\/media\/50832"}],"wp:attachment":[{"href":"https:\/\/www.weber-fag.de\/wordpress\/wp-json\/wp\/v2\/media?parent=50831"}],"wp:term":[{"taxonomy":"category","embeddable":true,"href":"https:\/\/www.weber-fag.de\/wordpress\/wp-json\/wp\/v2\/categories?post=50831"},{"taxonomy":"post_tag","embeddable":true,"href":"https:\/\/www.weber-fag.de\/wordpress\/wp-json\/wp\/v2\/tags?post=50831"}],"curies":[{"name":"wp","href":"https:\/\/api.w.org\/{rel}","templated":true}]}}