{"id":50615,"date":"2022-09-09T14:56:47","date_gmt":"2022-09-09T12:56:47","guid":{"rendered":"http:\/\/www.weber-fag.de\/wordpress\/?p=50615"},"modified":"2022-09-09T14:58:38","modified_gmt":"2022-09-09T12:58:38","slug":"frisch-auf-goeppingen-vs-tbv-lemgo-2","status":"publish","type":"post","link":"https:\/\/www.weber-fag.de\/wordpress\/frisch-auf-goeppingen-vs-tbv-lemgo-2\/","title":{"rendered":"FRISCH AUF! G\u00f6ppingen vs. TBV Lemgo"},"content":{"rendered":"\n<p>FRISCH AUF! gewinnt das erste Heimspiel in der neuen Saison gegen den TBV Lemgo mit 34:31 Toren. Lemgo erwies sich als der erwartet unangenehme Gegner und konnte die Partie bis zum 25:25 in der 49. Spielminute ausgeglichen gestalten. Letztendlich war die individuelle Klasse der G\u00f6ppinger Spieler das Z\u00fcnglein an der Waage. Da G\u00f6ppingen nie in R\u00fcckstand geriet, ging der Sieg f\u00fcr die Heimmannschaft in Ordnung. Hier die Bilder vom Spiel<\/p>\n\n\n\n<figure class=\"wp-block-image size-full\"><img loading=\"lazy\" decoding=\"async\" width=\"920\" height=\"613\" src=\"https:\/\/www.weber-fag.de\/wordpress\/wp-content\/uploads\/2022\/09\/2209_FAG-Lemgo_0508.jpg\" alt=\"\" class=\"wp-image-50617\" srcset=\"https:\/\/www.weber-fag.de\/wordpress\/wp-content\/uploads\/2022\/09\/2209_FAG-Lemgo_0508.jpg 920w, https:\/\/www.weber-fag.de\/wordpress\/wp-content\/uploads\/2022\/09\/2209_FAG-Lemgo_0508-300x200.jpg 300w, https:\/\/www.weber-fag.de\/wordpress\/wp-content\/uploads\/2022\/09\/2209_FAG-Lemgo_0508-768x512.jpg 768w\" sizes=\"auto, (max-width: 920px) 100vw, 920px\" \/><\/figure>\n\n\n\n<!--more-->\n\n\n\n<figure class=\"wp-block-gallery has-nested-images columns-1 is-cropped wp-block-gallery-1 is-layout-flex wp-block-gallery-is-layout-flex\">\n<figure class=\"wp-block-image size-large\"><img loading=\"lazy\" decoding=\"async\" width=\"920\" height=\"613\" data-id=\"50621\" src=\"https:\/\/www.weber-fag.de\/wordpress\/wp-content\/uploads\/2022\/09\/2209_FAG-Lemgo_0055.jpg\" alt=\"\" class=\"wp-image-50621\" srcset=\"https:\/\/www.weber-fag.de\/wordpress\/wp-content\/uploads\/2022\/09\/2209_FAG-Lemgo_0055.jpg 920w, https:\/\/www.weber-fag.de\/wordpress\/wp-content\/uploads\/2022\/09\/2209_FAG-Lemgo_0055-300x200.jpg 300w, https:\/\/www.weber-fag.de\/wordpress\/wp-content\/uploads\/2022\/09\/2209_FAG-Lemgo_0055-768x512.jpg 768w\" sizes=\"auto, (max-width: 920px) 100vw, 920px\" \/><figcaption>Trainer Hartmut Mayerhoffer (FAG)<\/figcaption><\/figure>\n\n\n\n<figure class=\"wp-block-image size-large\"><img loading=\"lazy\" decoding=\"async\" width=\"920\" height=\"613\" data-id=\"50618\" src=\"https:\/\/www.weber-fag.de\/wordpress\/wp-content\/uploads\/2022\/09\/2209_FAG-Lemgo_0059.jpg\" alt=\"\" class=\"wp-image-50618\" srcset=\"https:\/\/www.weber-fag.de\/wordpress\/wp-content\/uploads\/2022\/09\/2209_FAG-Lemgo_0059.jpg 920w, https:\/\/www.weber-fag.de\/wordpress\/wp-content\/uploads\/2022\/09\/2209_FAG-Lemgo_0059-300x200.jpg 300w, https:\/\/www.weber-fag.de\/wordpress\/wp-content\/uploads\/2022\/09\/2209_FAG-Lemgo_0059-768x512.jpg 768w\" sizes=\"auto, (max-width: 920px) 100vw, 920px\" \/><figcaption>Jaka Malus(FAG)<\/figcaption><\/figure>\n\n\n\n<figure class=\"wp-block-image size-large\"><img loading=\"lazy\" decoding=\"async\" width=\"920\" height=\"613\" data-id=\"50620\" src=\"https:\/\/www.weber-fag.de\/wordpress\/wp-content\/uploads\/2022\/09\/2209_FAG-Lemgo_0081.jpg\" alt=\"\" class=\"wp-image-50620\" srcset=\"https:\/\/www.weber-fag.de\/wordpress\/wp-content\/uploads\/2022\/09\/2209_FAG-Lemgo_0081.jpg 920w, https:\/\/www.weber-fag.de\/wordpress\/wp-content\/uploads\/2022\/09\/2209_FAG-Lemgo_0081-300x200.jpg 300w, https:\/\/www.weber-fag.de\/wordpress\/wp-content\/uploads\/2022\/09\/2209_FAG-Lemgo_0081-768x512.jpg 768w\" sizes=\"auto, (max-width: 920px) 100vw, 920px\" \/><\/figure>\n\n\n\n<figure class=\"wp-block-image size-large\"><img loading=\"lazy\" decoding=\"async\" width=\"920\" height=\"613\" data-id=\"50619\" src=\"https:\/\/www.weber-fag.de\/wordpress\/wp-content\/uploads\/2022\/09\/2209_FAG-Lemgo_0089.jpg\" alt=\"\" class=\"wp-image-50619\" srcset=\"https:\/\/www.weber-fag.de\/wordpress\/wp-content\/uploads\/2022\/09\/2209_FAG-Lemgo_0089.jpg 920w, https:\/\/www.weber-fag.de\/wordpress\/wp-content\/uploads\/2022\/09\/2209_FAG-Lemgo_0089-300x200.jpg 300w, https:\/\/www.weber-fag.de\/wordpress\/wp-content\/uploads\/2022\/09\/2209_FAG-Lemgo_0089-768x512.jpg 768w\" sizes=\"auto, (max-width: 920px) 100vw, 920px\" \/><figcaption>Jon Lindenchrone Andersen (FAG)<\/figcaption><\/figure>\n\n\n\n<figure class=\"wp-block-image size-large\"><img loading=\"lazy\" decoding=\"async\" width=\"920\" height=\"613\" data-id=\"50622\" src=\"https:\/\/www.weber-fag.de\/wordpress\/wp-content\/uploads\/2022\/09\/2209_FAG-Lemgo_0092.jpg\" alt=\"\" class=\"wp-image-50622\" srcset=\"https:\/\/www.weber-fag.de\/wordpress\/wp-content\/uploads\/2022\/09\/2209_FAG-Lemgo_0092.jpg 920w, https:\/\/www.weber-fag.de\/wordpress\/wp-content\/uploads\/2022\/09\/2209_FAG-Lemgo_0092-300x200.jpg 300w, https:\/\/www.weber-fag.de\/wordpress\/wp-content\/uploads\/2022\/09\/2209_FAG-Lemgo_0092-768x512.jpg 768w\" sizes=\"auto, (max-width: 920px) 100vw, 920px\" \/><figcaption>Jon Lindenchrone Andersen (FAG)<\/figcaption><\/figure>\n\n\n\n<figure class=\"wp-block-image size-large\"><img loading=\"lazy\" decoding=\"async\" width=\"920\" height=\"613\" data-id=\"50623\" src=\"https:\/\/www.weber-fag.de\/wordpress\/wp-content\/uploads\/2022\/09\/2209_FAG-Lemgo_0094.jpg\" alt=\"\" class=\"wp-image-50623\" srcset=\"https:\/\/www.weber-fag.de\/wordpress\/wp-content\/uploads\/2022\/09\/2209_FAG-Lemgo_0094.jpg 920w, https:\/\/www.weber-fag.de\/wordpress\/wp-content\/uploads\/2022\/09\/2209_FAG-Lemgo_0094-300x200.jpg 300w, https:\/\/www.weber-fag.de\/wordpress\/wp-content\/uploads\/2022\/09\/2209_FAG-Lemgo_0094-768x512.jpg 768w\" sizes=\"auto, (max-width: 920px) 100vw, 920px\" \/><\/figure>\n\n\n\n<figure class=\"wp-block-image size-large\"><img loading=\"lazy\" decoding=\"async\" width=\"920\" height=\"613\" data-id=\"50624\" src=\"https:\/\/www.weber-fag.de\/wordpress\/wp-content\/uploads\/2022\/09\/2209_FAG-Lemgo_0102.jpg\" alt=\"\" class=\"wp-image-50624\" srcset=\"https:\/\/www.weber-fag.de\/wordpress\/wp-content\/uploads\/2022\/09\/2209_FAG-Lemgo_0102.jpg 920w, https:\/\/www.weber-fag.de\/wordpress\/wp-content\/uploads\/2022\/09\/2209_FAG-Lemgo_0102-300x200.jpg 300w, https:\/\/www.weber-fag.de\/wordpress\/wp-content\/uploads\/2022\/09\/2209_FAG-Lemgo_0102-768x512.jpg 768w\" sizes=\"auto, (max-width: 920px) 100vw, 920px\" \/><\/figure>\n\n\n\n<figure class=\"wp-block-image size-large\"><img loading=\"lazy\" decoding=\"async\" width=\"920\" height=\"613\" data-id=\"50625\" src=\"https:\/\/www.weber-fag.de\/wordpress\/wp-content\/uploads\/2022\/09\/2209_FAG-Lemgo_0109.jpg\" alt=\"\" class=\"wp-image-50625\" srcset=\"https:\/\/www.weber-fag.de\/wordpress\/wp-content\/uploads\/2022\/09\/2209_FAG-Lemgo_0109.jpg 920w, https:\/\/www.weber-fag.de\/wordpress\/wp-content\/uploads\/2022\/09\/2209_FAG-Lemgo_0109-300x200.jpg 300w, https:\/\/www.weber-fag.de\/wordpress\/wp-content\/uploads\/2022\/09\/2209_FAG-Lemgo_0109-768x512.jpg 768w\" sizes=\"auto, (max-width: 920px) 100vw, 920px\" \/><\/figure>\n\n\n\n<figure class=\"wp-block-image size-large\"><img loading=\"lazy\" decoding=\"async\" width=\"920\" height=\"613\" data-id=\"50626\" src=\"https:\/\/www.weber-fag.de\/wordpress\/wp-content\/uploads\/2022\/09\/2209_FAG-Lemgo_0112.jpg\" alt=\"\" class=\"wp-image-50626\" srcset=\"https:\/\/www.weber-fag.de\/wordpress\/wp-content\/uploads\/2022\/09\/2209_FAG-Lemgo_0112.jpg 920w, https:\/\/www.weber-fag.de\/wordpress\/wp-content\/uploads\/2022\/09\/2209_FAG-Lemgo_0112-300x200.jpg 300w, https:\/\/www.weber-fag.de\/wordpress\/wp-content\/uploads\/2022\/09\/2209_FAG-Lemgo_0112-768x512.jpg 768w\" sizes=\"auto, (max-width: 920px) 100vw, 920px\" \/><figcaption>Jon Lindenchrone Andersen (FAG)<\/figcaption><\/figure>\n\n\n\n<figure class=\"wp-block-image size-large\"><img loading=\"lazy\" decoding=\"async\" width=\"920\" height=\"613\" data-id=\"50628\" src=\"https:\/\/www.weber-fag.de\/wordpress\/wp-content\/uploads\/2022\/09\/2209_FAG-Lemgo_0128.jpg\" alt=\"\" class=\"wp-image-50628\" srcset=\"https:\/\/www.weber-fag.de\/wordpress\/wp-content\/uploads\/2022\/09\/2209_FAG-Lemgo_0128.jpg 920w, https:\/\/www.weber-fag.de\/wordpress\/wp-content\/uploads\/2022\/09\/2209_FAG-Lemgo_0128-300x200.jpg 300w, https:\/\/www.weber-fag.de\/wordpress\/wp-content\/uploads\/2022\/09\/2209_FAG-Lemgo_0128-768x512.jpg 768w\" sizes=\"auto, (max-width: 920px) 100vw, 920px\" \/><figcaption>Tim Kneule (FAG)<\/figcaption><\/figure>\n\n\n\n<figure class=\"wp-block-image size-large\"><img loading=\"lazy\" decoding=\"async\" width=\"920\" height=\"613\" data-id=\"50627\" src=\"https:\/\/www.weber-fag.de\/wordpress\/wp-content\/uploads\/2022\/09\/2209_FAG-Lemgo_0131.jpg\" alt=\"\" class=\"wp-image-50627\" srcset=\"https:\/\/www.weber-fag.de\/wordpress\/wp-content\/uploads\/2022\/09\/2209_FAG-Lemgo_0131.jpg 920w, https:\/\/www.weber-fag.de\/wordpress\/wp-content\/uploads\/2022\/09\/2209_FAG-Lemgo_0131-300x200.jpg 300w, https:\/\/www.weber-fag.de\/wordpress\/wp-content\/uploads\/2022\/09\/2209_FAG-Lemgo_0131-768x512.jpg 768w\" sizes=\"auto, (max-width: 920px) 100vw, 920px\" \/><figcaption>Tim Kneule (FAG)<\/figcaption><\/figure>\n\n\n\n<figure class=\"wp-block-image size-large\"><img loading=\"lazy\" decoding=\"async\" width=\"920\" height=\"613\" data-id=\"50629\" src=\"https:\/\/www.weber-fag.de\/wordpress\/wp-content\/uploads\/2022\/09\/2209_FAG-Lemgo_0134.jpg\" alt=\"\" class=\"wp-image-50629\" srcset=\"https:\/\/www.weber-fag.de\/wordpress\/wp-content\/uploads\/2022\/09\/2209_FAG-Lemgo_0134.jpg 920w, https:\/\/www.weber-fag.de\/wordpress\/wp-content\/uploads\/2022\/09\/2209_FAG-Lemgo_0134-300x200.jpg 300w, https:\/\/www.weber-fag.de\/wordpress\/wp-content\/uploads\/2022\/09\/2209_FAG-Lemgo_0134-768x512.jpg 768w\" sizes=\"auto, (max-width: 920px) 100vw, 920px\" \/><\/figure>\n\n\n\n<figure class=\"wp-block-image size-large\"><img loading=\"lazy\" decoding=\"async\" width=\"920\" height=\"613\" data-id=\"50630\" src=\"https:\/\/www.weber-fag.de\/wordpress\/wp-content\/uploads\/2022\/09\/2209_FAG-Lemgo_0137.jpg\" alt=\"\" class=\"wp-image-50630\" srcset=\"https:\/\/www.weber-fag.de\/wordpress\/wp-content\/uploads\/2022\/09\/2209_FAG-Lemgo_0137.jpg 920w, https:\/\/www.weber-fag.de\/wordpress\/wp-content\/uploads\/2022\/09\/2209_FAG-Lemgo_0137-300x200.jpg 300w, https:\/\/www.weber-fag.de\/wordpress\/wp-content\/uploads\/2022\/09\/2209_FAG-Lemgo_0137-768x512.jpg 768w\" sizes=\"auto, (max-width: 920px) 100vw, 920px\" \/><figcaption>Marcel Schiller (FAG)<\/figcaption><\/figure>\n\n\n\n<figure class=\"wp-block-image size-large\"><img loading=\"lazy\" decoding=\"async\" width=\"920\" height=\"613\" data-id=\"50631\" src=\"https:\/\/www.weber-fag.de\/wordpress\/wp-content\/uploads\/2022\/09\/2209_FAG-Lemgo_0144.jpg\" alt=\"\" class=\"wp-image-50631\" srcset=\"https:\/\/www.weber-fag.de\/wordpress\/wp-content\/uploads\/2022\/09\/2209_FAG-Lemgo_0144.jpg 920w, https:\/\/www.weber-fag.de\/wordpress\/wp-content\/uploads\/2022\/09\/2209_FAG-Lemgo_0144-300x200.jpg 300w, https:\/\/www.weber-fag.de\/wordpress\/wp-content\/uploads\/2022\/09\/2209_FAG-Lemgo_0144-768x512.jpg 768w\" sizes=\"auto, (max-width: 920px) 100vw, 920px\" \/><\/figure>\n\n\n\n<figure class=\"wp-block-image size-large\"><img loading=\"lazy\" decoding=\"async\" width=\"920\" height=\"613\" data-id=\"50632\" src=\"https:\/\/www.weber-fag.de\/wordpress\/wp-content\/uploads\/2022\/09\/2209_FAG-Lemgo_0149.jpg\" alt=\"\" class=\"wp-image-50632\" srcset=\"https:\/\/www.weber-fag.de\/wordpress\/wp-content\/uploads\/2022\/09\/2209_FAG-Lemgo_0149.jpg 920w, https:\/\/www.weber-fag.de\/wordpress\/wp-content\/uploads\/2022\/09\/2209_FAG-Lemgo_0149-300x200.jpg 300w, https:\/\/www.weber-fag.de\/wordpress\/wp-content\/uploads\/2022\/09\/2209_FAG-Lemgo_0149-768x512.jpg 768w\" sizes=\"auto, (max-width: 920px) 100vw, 920px\" \/><\/figure>\n\n\n\n<figure class=\"wp-block-image size-large\"><img loading=\"lazy\" decoding=\"async\" width=\"920\" height=\"613\" data-id=\"50634\" src=\"https:\/\/www.weber-fag.de\/wordpress\/wp-content\/uploads\/2022\/09\/2209_FAG-Lemgo_0154.jpg\" alt=\"\" class=\"wp-image-50634\" srcset=\"https:\/\/www.weber-fag.de\/wordpress\/wp-content\/uploads\/2022\/09\/2209_FAG-Lemgo_0154.jpg 920w, https:\/\/www.weber-fag.de\/wordpress\/wp-content\/uploads\/2022\/09\/2209_FAG-Lemgo_0154-300x200.jpg 300w, https:\/\/www.weber-fag.de\/wordpress\/wp-content\/uploads\/2022\/09\/2209_FAG-Lemgo_0154-768x512.jpg 768w\" sizes=\"auto, (max-width: 920px) 100vw, 920px\" \/><figcaption>Marcel Schiller (FAG)<\/figcaption><\/figure>\n\n\n\n<figure class=\"wp-block-image size-large\"><img loading=\"lazy\" decoding=\"async\" width=\"920\" height=\"613\" data-id=\"50633\" src=\"https:\/\/www.weber-fag.de\/wordpress\/wp-content\/uploads\/2022\/09\/2209_FAG-Lemgo_0157.jpg\" alt=\"\" class=\"wp-image-50633\" srcset=\"https:\/\/www.weber-fag.de\/wordpress\/wp-content\/uploads\/2022\/09\/2209_FAG-Lemgo_0157.jpg 920w, https:\/\/www.weber-fag.de\/wordpress\/wp-content\/uploads\/2022\/09\/2209_FAG-Lemgo_0157-300x200.jpg 300w, https:\/\/www.weber-fag.de\/wordpress\/wp-content\/uploads\/2022\/09\/2209_FAG-Lemgo_0157-768x512.jpg 768w\" sizes=\"auto, (max-width: 920px) 100vw, 920px\" \/><figcaption>Marcel Schiller (FAG)<\/figcaption><\/figure>\n\n\n\n<figure class=\"wp-block-image size-large\"><img loading=\"lazy\" decoding=\"async\" width=\"920\" height=\"613\" data-id=\"50636\" src=\"https:\/\/www.weber-fag.de\/wordpress\/wp-content\/uploads\/2022\/09\/2209_FAG-Lemgo_0161.jpg\" alt=\"\" class=\"wp-image-50636\" srcset=\"https:\/\/www.weber-fag.de\/wordpress\/wp-content\/uploads\/2022\/09\/2209_FAG-Lemgo_0161.jpg 920w, https:\/\/www.weber-fag.de\/wordpress\/wp-content\/uploads\/2022\/09\/2209_FAG-Lemgo_0161-300x200.jpg 300w, https:\/\/www.weber-fag.de\/wordpress\/wp-content\/uploads\/2022\/09\/2209_FAG-Lemgo_0161-768x512.jpg 768w\" sizes=\"auto, (max-width: 920px) 100vw, 920px\" \/><\/figure>\n\n\n\n<figure class=\"wp-block-image size-large\"><img loading=\"lazy\" decoding=\"async\" width=\"920\" height=\"613\" data-id=\"50635\" src=\"https:\/\/www.weber-fag.de\/wordpress\/wp-content\/uploads\/2022\/09\/2209_FAG-Lemgo_0164.jpg\" alt=\"\" class=\"wp-image-50635\" srcset=\"https:\/\/www.weber-fag.de\/wordpress\/wp-content\/uploads\/2022\/09\/2209_FAG-Lemgo_0164.jpg 920w, https:\/\/www.weber-fag.de\/wordpress\/wp-content\/uploads\/2022\/09\/2209_FAG-Lemgo_0164-300x200.jpg 300w, https:\/\/www.weber-fag.de\/wordpress\/wp-content\/uploads\/2022\/09\/2209_FAG-Lemgo_0164-768x512.jpg 768w\" sizes=\"auto, (max-width: 920px) 100vw, 920px\" \/><\/figure>\n\n\n\n<figure class=\"wp-block-image size-large\"><img loading=\"lazy\" decoding=\"async\" width=\"920\" height=\"613\" data-id=\"50637\" src=\"https:\/\/www.weber-fag.de\/wordpress\/wp-content\/uploads\/2022\/09\/2209_FAG-Lemgo_0166.jpg\" alt=\"\" class=\"wp-image-50637\" srcset=\"https:\/\/www.weber-fag.de\/wordpress\/wp-content\/uploads\/2022\/09\/2209_FAG-Lemgo_0166.jpg 920w, https:\/\/www.weber-fag.de\/wordpress\/wp-content\/uploads\/2022\/09\/2209_FAG-Lemgo_0166-300x200.jpg 300w, https:\/\/www.weber-fag.de\/wordpress\/wp-content\/uploads\/2022\/09\/2209_FAG-Lemgo_0166-768x512.jpg 768w\" sizes=\"auto, (max-width: 920px) 100vw, 920px\" \/><\/figure>\n\n\n\n<figure class=\"wp-block-image size-large\"><img loading=\"lazy\" decoding=\"async\" width=\"920\" height=\"613\" data-id=\"50638\" src=\"https:\/\/www.weber-fag.de\/wordpress\/wp-content\/uploads\/2022\/09\/2209_FAG-Lemgo_0170.jpg\" alt=\"\" class=\"wp-image-50638\" srcset=\"https:\/\/www.weber-fag.de\/wordpress\/wp-content\/uploads\/2022\/09\/2209_FAG-Lemgo_0170.jpg 920w, https:\/\/www.weber-fag.de\/wordpress\/wp-content\/uploads\/2022\/09\/2209_FAG-Lemgo_0170-300x200.jpg 300w, https:\/\/www.weber-fag.de\/wordpress\/wp-content\/uploads\/2022\/09\/2209_FAG-Lemgo_0170-768x512.jpg 768w\" sizes=\"auto, (max-width: 920px) 100vw, 920px\" \/><\/figure>\n\n\n\n<figure class=\"wp-block-image size-large\"><img loading=\"lazy\" decoding=\"async\" width=\"920\" height=\"613\" data-id=\"50641\" src=\"https:\/\/www.weber-fag.de\/wordpress\/wp-content\/uploads\/2022\/09\/2209_FAG-Lemgo_0174.jpg\" alt=\"\" class=\"wp-image-50641\" srcset=\"https:\/\/www.weber-fag.de\/wordpress\/wp-content\/uploads\/2022\/09\/2209_FAG-Lemgo_0174.jpg 920w, https:\/\/www.weber-fag.de\/wordpress\/wp-content\/uploads\/2022\/09\/2209_FAG-Lemgo_0174-300x200.jpg 300w, https:\/\/www.weber-fag.de\/wordpress\/wp-content\/uploads\/2022\/09\/2209_FAG-Lemgo_0174-768x512.jpg 768w\" sizes=\"auto, (max-width: 920px) 100vw, 920px\" \/><figcaption>Marcel Schiller (FAG)<\/figcaption><\/figure>\n\n\n\n<figure class=\"wp-block-image size-large\"><img loading=\"lazy\" decoding=\"async\" width=\"920\" height=\"613\" data-id=\"50639\" src=\"https:\/\/www.weber-fag.de\/wordpress\/wp-content\/uploads\/2022\/09\/2209_FAG-Lemgo_0176.jpg\" alt=\"\" class=\"wp-image-50639\" srcset=\"https:\/\/www.weber-fag.de\/wordpress\/wp-content\/uploads\/2022\/09\/2209_FAG-Lemgo_0176.jpg 920w, https:\/\/www.weber-fag.de\/wordpress\/wp-content\/uploads\/2022\/09\/2209_FAG-Lemgo_0176-300x200.jpg 300w, https:\/\/www.weber-fag.de\/wordpress\/wp-content\/uploads\/2022\/09\/2209_FAG-Lemgo_0176-768x512.jpg 768w\" sizes=\"auto, (max-width: 920px) 100vw, 920px\" \/><\/figure>\n\n\n\n<figure class=\"wp-block-image size-large\"><img loading=\"lazy\" decoding=\"async\" width=\"920\" height=\"613\" data-id=\"50640\" src=\"https:\/\/www.weber-fag.de\/wordpress\/wp-content\/uploads\/2022\/09\/2209_FAG-Lemgo_0182.jpg\" alt=\"\" class=\"wp-image-50640\" srcset=\"https:\/\/www.weber-fag.de\/wordpress\/wp-content\/uploads\/2022\/09\/2209_FAG-Lemgo_0182.jpg 920w, https:\/\/www.weber-fag.de\/wordpress\/wp-content\/uploads\/2022\/09\/2209_FAG-Lemgo_0182-300x200.jpg 300w, https:\/\/www.weber-fag.de\/wordpress\/wp-content\/uploads\/2022\/09\/2209_FAG-Lemgo_0182-768x512.jpg 768w\" sizes=\"auto, (max-width: 920px) 100vw, 920px\" \/><figcaption>Kevin Gulliksen (FAG)<\/figcaption><\/figure>\n\n\n\n<figure class=\"wp-block-image size-large\"><img loading=\"lazy\" decoding=\"async\" width=\"920\" height=\"613\" data-id=\"50643\" src=\"https:\/\/www.weber-fag.de\/wordpress\/wp-content\/uploads\/2022\/09\/2209_FAG-Lemgo_0185.jpg\" alt=\"\" class=\"wp-image-50643\" srcset=\"https:\/\/www.weber-fag.de\/wordpress\/wp-content\/uploads\/2022\/09\/2209_FAG-Lemgo_0185.jpg 920w, https:\/\/www.weber-fag.de\/wordpress\/wp-content\/uploads\/2022\/09\/2209_FAG-Lemgo_0185-300x200.jpg 300w, https:\/\/www.weber-fag.de\/wordpress\/wp-content\/uploads\/2022\/09\/2209_FAG-Lemgo_0185-768x512.jpg 768w\" sizes=\"auto, (max-width: 920px) 100vw, 920px\" \/><\/figure>\n\n\n\n<figure class=\"wp-block-image size-large\"><img loading=\"lazy\" decoding=\"async\" width=\"920\" height=\"613\" data-id=\"50642\" src=\"https:\/\/www.weber-fag.de\/wordpress\/wp-content\/uploads\/2022\/09\/2209_FAG-Lemgo_0189.jpg\" alt=\"\" class=\"wp-image-50642\" srcset=\"https:\/\/www.weber-fag.de\/wordpress\/wp-content\/uploads\/2022\/09\/2209_FAG-Lemgo_0189.jpg 920w, https:\/\/www.weber-fag.de\/wordpress\/wp-content\/uploads\/2022\/09\/2209_FAG-Lemgo_0189-300x200.jpg 300w, https:\/\/www.weber-fag.de\/wordpress\/wp-content\/uploads\/2022\/09\/2209_FAG-Lemgo_0189-768x512.jpg 768w\" sizes=\"auto, (max-width: 920px) 100vw, 920px\" \/><\/figure>\n\n\n\n<figure class=\"wp-block-image size-large\"><img loading=\"lazy\" decoding=\"async\" width=\"920\" height=\"613\" data-id=\"50644\" src=\"https:\/\/www.weber-fag.de\/wordpress\/wp-content\/uploads\/2022\/09\/2209_FAG-Lemgo_0195.jpg\" alt=\"\" class=\"wp-image-50644\" srcset=\"https:\/\/www.weber-fag.de\/wordpress\/wp-content\/uploads\/2022\/09\/2209_FAG-Lemgo_0195.jpg 920w, https:\/\/www.weber-fag.de\/wordpress\/wp-content\/uploads\/2022\/09\/2209_FAG-Lemgo_0195-300x200.jpg 300w, https:\/\/www.weber-fag.de\/wordpress\/wp-content\/uploads\/2022\/09\/2209_FAG-Lemgo_0195-768x512.jpg 768w\" sizes=\"auto, (max-width: 920px) 100vw, 920px\" \/><\/figure>\n\n\n\n<figure class=\"wp-block-image size-large\"><img loading=\"lazy\" decoding=\"async\" width=\"920\" height=\"613\" data-id=\"50645\" src=\"https:\/\/www.weber-fag.de\/wordpress\/wp-content\/uploads\/2022\/09\/2209_FAG-Lemgo_0198.jpg\" alt=\"\" class=\"wp-image-50645\" srcset=\"https:\/\/www.weber-fag.de\/wordpress\/wp-content\/uploads\/2022\/09\/2209_FAG-Lemgo_0198.jpg 920w, https:\/\/www.weber-fag.de\/wordpress\/wp-content\/uploads\/2022\/09\/2209_FAG-Lemgo_0198-300x200.jpg 300w, https:\/\/www.weber-fag.de\/wordpress\/wp-content\/uploads\/2022\/09\/2209_FAG-Lemgo_0198-768x512.jpg 768w\" sizes=\"auto, (max-width: 920px) 100vw, 920px\" \/><\/figure>\n\n\n\n<figure class=\"wp-block-image size-large\"><img loading=\"lazy\" decoding=\"async\" width=\"920\" height=\"613\" data-id=\"50647\" src=\"https:\/\/www.weber-fag.de\/wordpress\/wp-content\/uploads\/2022\/09\/2209_FAG-Lemgo_0199.jpg\" alt=\"\" class=\"wp-image-50647\" srcset=\"https:\/\/www.weber-fag.de\/wordpress\/wp-content\/uploads\/2022\/09\/2209_FAG-Lemgo_0199.jpg 920w, https:\/\/www.weber-fag.de\/wordpress\/wp-content\/uploads\/2022\/09\/2209_FAG-Lemgo_0199-300x200.jpg 300w, https:\/\/www.weber-fag.de\/wordpress\/wp-content\/uploads\/2022\/09\/2209_FAG-Lemgo_0199-768x512.jpg 768w\" sizes=\"auto, (max-width: 920px) 100vw, 920px\" \/><figcaption>Marcel Schiller (FAG)<\/figcaption><\/figure>\n\n\n\n<figure class=\"wp-block-image size-large\"><img loading=\"lazy\" decoding=\"async\" width=\"920\" height=\"613\" data-id=\"50649\" src=\"https:\/\/www.weber-fag.de\/wordpress\/wp-content\/uploads\/2022\/09\/2209_FAG-Lemgo_0202.jpg\" alt=\"\" class=\"wp-image-50649\" srcset=\"https:\/\/www.weber-fag.de\/wordpress\/wp-content\/uploads\/2022\/09\/2209_FAG-Lemgo_0202.jpg 920w, https:\/\/www.weber-fag.de\/wordpress\/wp-content\/uploads\/2022\/09\/2209_FAG-Lemgo_0202-300x200.jpg 300w, https:\/\/www.weber-fag.de\/wordpress\/wp-content\/uploads\/2022\/09\/2209_FAG-Lemgo_0202-768x512.jpg 768w\" sizes=\"auto, (max-width: 920px) 100vw, 920px\" \/><figcaption>Tobias Ellebaek (FAG)<\/figcaption><\/figure>\n\n\n\n<figure class=\"wp-block-image size-large\"><img loading=\"lazy\" decoding=\"async\" width=\"920\" height=\"613\" data-id=\"50648\" src=\"https:\/\/www.weber-fag.de\/wordpress\/wp-content\/uploads\/2022\/09\/2209_FAG-Lemgo_0207.jpg\" alt=\"\" class=\"wp-image-50648\" srcset=\"https:\/\/www.weber-fag.de\/wordpress\/wp-content\/uploads\/2022\/09\/2209_FAG-Lemgo_0207.jpg 920w, https:\/\/www.weber-fag.de\/wordpress\/wp-content\/uploads\/2022\/09\/2209_FAG-Lemgo_0207-300x200.jpg 300w, https:\/\/www.weber-fag.de\/wordpress\/wp-content\/uploads\/2022\/09\/2209_FAG-Lemgo_0207-768x512.jpg 768w\" sizes=\"auto, (max-width: 920px) 100vw, 920px\" \/><figcaption>sportlicher Leiter Christian Sch\u00f6ne (FAG<\/figcaption><\/figure>\n\n\n\n<figure class=\"wp-block-image size-large\"><img loading=\"lazy\" decoding=\"async\" width=\"920\" height=\"613\" data-id=\"50646\" src=\"https:\/\/www.weber-fag.de\/wordpress\/wp-content\/uploads\/2022\/09\/2209_FAG-Lemgo_0209.jpg\" alt=\"\" class=\"wp-image-50646\" srcset=\"https:\/\/www.weber-fag.de\/wordpress\/wp-content\/uploads\/2022\/09\/2209_FAG-Lemgo_0209.jpg 920w, https:\/\/www.weber-fag.de\/wordpress\/wp-content\/uploads\/2022\/09\/2209_FAG-Lemgo_0209-300x200.jpg 300w, https:\/\/www.weber-fag.de\/wordpress\/wp-content\/uploads\/2022\/09\/2209_FAG-Lemgo_0209-768x512.jpg 768w\" sizes=\"auto, (max-width: 920px) 100vw, 920px\" \/><\/figure>\n\n\n\n<figure class=\"wp-block-image size-large\"><img loading=\"lazy\" decoding=\"async\" width=\"920\" height=\"613\" data-id=\"50650\" src=\"https:\/\/www.weber-fag.de\/wordpress\/wp-content\/uploads\/2022\/09\/2209_FAG-Lemgo_0212.jpg\" alt=\"\" class=\"wp-image-50650\" srcset=\"https:\/\/www.weber-fag.de\/wordpress\/wp-content\/uploads\/2022\/09\/2209_FAG-Lemgo_0212.jpg 920w, https:\/\/www.weber-fag.de\/wordpress\/wp-content\/uploads\/2022\/09\/2209_FAG-Lemgo_0212-300x200.jpg 300w, https:\/\/www.weber-fag.de\/wordpress\/wp-content\/uploads\/2022\/09\/2209_FAG-Lemgo_0212-768x512.jpg 768w\" sizes=\"auto, (max-width: 920px) 100vw, 920px\" \/><\/figure>\n\n\n\n<figure class=\"wp-block-image size-large\"><img loading=\"lazy\" decoding=\"async\" width=\"920\" height=\"613\" data-id=\"50651\" src=\"https:\/\/www.weber-fag.de\/wordpress\/wp-content\/uploads\/2022\/09\/2209_FAG-Lemgo_0215.jpg\" alt=\"\" class=\"wp-image-50651\" srcset=\"https:\/\/www.weber-fag.de\/wordpress\/wp-content\/uploads\/2022\/09\/2209_FAG-Lemgo_0215.jpg 920w, https:\/\/www.weber-fag.de\/wordpress\/wp-content\/uploads\/2022\/09\/2209_FAG-Lemgo_0215-300x200.jpg 300w, https:\/\/www.weber-fag.de\/wordpress\/wp-content\/uploads\/2022\/09\/2209_FAG-Lemgo_0215-768x512.jpg 768w\" sizes=\"auto, (max-width: 920px) 100vw, 920px\" \/><figcaption>Tim Kneule (FAG)<\/figcaption><\/figure>\n\n\n\n<figure class=\"wp-block-image size-large\"><img loading=\"lazy\" decoding=\"async\" width=\"920\" height=\"613\" data-id=\"50652\" src=\"https:\/\/www.weber-fag.de\/wordpress\/wp-content\/uploads\/2022\/09\/2209_FAG-Lemgo_0218.jpg\" alt=\"\" class=\"wp-image-50652\" srcset=\"https:\/\/www.weber-fag.de\/wordpress\/wp-content\/uploads\/2022\/09\/2209_FAG-Lemgo_0218.jpg 920w, https:\/\/www.weber-fag.de\/wordpress\/wp-content\/uploads\/2022\/09\/2209_FAG-Lemgo_0218-300x200.jpg 300w, https:\/\/www.weber-fag.de\/wordpress\/wp-content\/uploads\/2022\/09\/2209_FAG-Lemgo_0218-768x512.jpg 768w\" sizes=\"auto, (max-width: 920px) 100vw, 920px\" \/><figcaption>Tim Kneule (FAG)<\/figcaption><\/figure>\n\n\n\n<figure class=\"wp-block-image size-large\"><img loading=\"lazy\" decoding=\"async\" width=\"920\" height=\"613\" data-id=\"50654\" src=\"https:\/\/www.weber-fag.de\/wordpress\/wp-content\/uploads\/2022\/09\/2209_FAG-Lemgo_0224.jpg\" alt=\"\" class=\"wp-image-50654\" srcset=\"https:\/\/www.weber-fag.de\/wordpress\/wp-content\/uploads\/2022\/09\/2209_FAG-Lemgo_0224.jpg 920w, https:\/\/www.weber-fag.de\/wordpress\/wp-content\/uploads\/2022\/09\/2209_FAG-Lemgo_0224-300x200.jpg 300w, https:\/\/www.weber-fag.de\/wordpress\/wp-content\/uploads\/2022\/09\/2209_FAG-Lemgo_0224-768x512.jpg 768w\" sizes=\"auto, (max-width: 920px) 100vw, 920px\" \/><figcaption>Tim Kneule (FAG)<\/figcaption><\/figure>\n\n\n\n<figure class=\"wp-block-image size-large\"><img loading=\"lazy\" decoding=\"async\" width=\"920\" height=\"613\" data-id=\"50653\" src=\"https:\/\/www.weber-fag.de\/wordpress\/wp-content\/uploads\/2022\/09\/2209_FAG-Lemgo_0229.jpg\" alt=\"\" class=\"wp-image-50653\" srcset=\"https:\/\/www.weber-fag.de\/wordpress\/wp-content\/uploads\/2022\/09\/2209_FAG-Lemgo_0229.jpg 920w, https:\/\/www.weber-fag.de\/wordpress\/wp-content\/uploads\/2022\/09\/2209_FAG-Lemgo_0229-300x200.jpg 300w, https:\/\/www.weber-fag.de\/wordpress\/wp-content\/uploads\/2022\/09\/2209_FAG-Lemgo_0229-768x512.jpg 768w\" sizes=\"auto, (max-width: 920px) 100vw, 920px\" \/><figcaption>Jon Lindenchrone Andersen (FAG)<\/figcaption><\/figure>\n\n\n\n<figure class=\"wp-block-image size-large\"><img loading=\"lazy\" decoding=\"async\" width=\"920\" height=\"613\" data-id=\"50655\" src=\"https:\/\/www.weber-fag.de\/wordpress\/wp-content\/uploads\/2022\/09\/2209_FAG-Lemgo_0234.jpg\" alt=\"\" class=\"wp-image-50655\" srcset=\"https:\/\/www.weber-fag.de\/wordpress\/wp-content\/uploads\/2022\/09\/2209_FAG-Lemgo_0234.jpg 920w, https:\/\/www.weber-fag.de\/wordpress\/wp-content\/uploads\/2022\/09\/2209_FAG-Lemgo_0234-300x200.jpg 300w, https:\/\/www.weber-fag.de\/wordpress\/wp-content\/uploads\/2022\/09\/2209_FAG-Lemgo_0234-768x512.jpg 768w\" sizes=\"auto, (max-width: 920px) 100vw, 920px\" \/><figcaption>Jon Lindenchrone Andersen (FAG)<\/figcaption><\/figure>\n\n\n\n<figure class=\"wp-block-image size-large\"><img loading=\"lazy\" decoding=\"async\" width=\"920\" height=\"613\" data-id=\"50656\" src=\"https:\/\/www.weber-fag.de\/wordpress\/wp-content\/uploads\/2022\/09\/2209_FAG-Lemgo_0236.jpg\" alt=\"\" class=\"wp-image-50656\" srcset=\"https:\/\/www.weber-fag.de\/wordpress\/wp-content\/uploads\/2022\/09\/2209_FAG-Lemgo_0236.jpg 920w, https:\/\/www.weber-fag.de\/wordpress\/wp-content\/uploads\/2022\/09\/2209_FAG-Lemgo_0236-300x200.jpg 300w, https:\/\/www.weber-fag.de\/wordpress\/wp-content\/uploads\/2022\/09\/2209_FAG-Lemgo_0236-768x512.jpg 768w\" sizes=\"auto, (max-width: 920px) 100vw, 920px\" \/><figcaption>Jon Lindenchrone Andersen (FAG)<\/figcaption><\/figure>\n\n\n\n<figure class=\"wp-block-image size-large\"><img loading=\"lazy\" decoding=\"async\" width=\"920\" height=\"613\" data-id=\"50657\" src=\"https:\/\/www.weber-fag.de\/wordpress\/wp-content\/uploads\/2022\/09\/2209_FAG-Lemgo_0240.jpg\" alt=\"\" class=\"wp-image-50657\" srcset=\"https:\/\/www.weber-fag.de\/wordpress\/wp-content\/uploads\/2022\/09\/2209_FAG-Lemgo_0240.jpg 920w, https:\/\/www.weber-fag.de\/wordpress\/wp-content\/uploads\/2022\/09\/2209_FAG-Lemgo_0240-300x200.jpg 300w, https:\/\/www.weber-fag.de\/wordpress\/wp-content\/uploads\/2022\/09\/2209_FAG-Lemgo_0240-768x512.jpg 768w\" sizes=\"auto, (max-width: 920px) 100vw, 920px\" \/><\/figure>\n\n\n\n<figure class=\"wp-block-image size-large\"><img loading=\"lazy\" decoding=\"async\" width=\"920\" height=\"613\" data-id=\"50658\" src=\"https:\/\/www.weber-fag.de\/wordpress\/wp-content\/uploads\/2022\/09\/2209_FAG-Lemgo_0250.jpg\" alt=\"\" class=\"wp-image-50658\" srcset=\"https:\/\/www.weber-fag.de\/wordpress\/wp-content\/uploads\/2022\/09\/2209_FAG-Lemgo_0250.jpg 920w, https:\/\/www.weber-fag.de\/wordpress\/wp-content\/uploads\/2022\/09\/2209_FAG-Lemgo_0250-300x200.jpg 300w, https:\/\/www.weber-fag.de\/wordpress\/wp-content\/uploads\/2022\/09\/2209_FAG-Lemgo_0250-768x512.jpg 768w\" sizes=\"auto, (max-width: 920px) 100vw, 920px\" \/><\/figure>\n\n\n\n<figure class=\"wp-block-image size-large\"><img loading=\"lazy\" decoding=\"async\" width=\"920\" height=\"613\" data-id=\"50659\" src=\"https:\/\/www.weber-fag.de\/wordpress\/wp-content\/uploads\/2022\/09\/2209_FAG-Lemgo_0254.jpg\" alt=\"\" class=\"wp-image-50659\" srcset=\"https:\/\/www.weber-fag.de\/wordpress\/wp-content\/uploads\/2022\/09\/2209_FAG-Lemgo_0254.jpg 920w, https:\/\/www.weber-fag.de\/wordpress\/wp-content\/uploads\/2022\/09\/2209_FAG-Lemgo_0254-300x200.jpg 300w, https:\/\/www.weber-fag.de\/wordpress\/wp-content\/uploads\/2022\/09\/2209_FAG-Lemgo_0254-768x512.jpg 768w\" sizes=\"auto, (max-width: 920px) 100vw, 920px\" \/><figcaption>Kresimir Kozina (FAG)<\/figcaption><\/figure>\n\n\n\n<figure class=\"wp-block-image size-large\"><img loading=\"lazy\" decoding=\"async\" width=\"920\" height=\"613\" data-id=\"50660\" src=\"https:\/\/www.weber-fag.de\/wordpress\/wp-content\/uploads\/2022\/09\/2209_FAG-Lemgo_0258.jpg\" alt=\"\" class=\"wp-image-50660\" srcset=\"https:\/\/www.weber-fag.de\/wordpress\/wp-content\/uploads\/2022\/09\/2209_FAG-Lemgo_0258.jpg 920w, https:\/\/www.weber-fag.de\/wordpress\/wp-content\/uploads\/2022\/09\/2209_FAG-Lemgo_0258-300x200.jpg 300w, https:\/\/www.weber-fag.de\/wordpress\/wp-content\/uploads\/2022\/09\/2209_FAG-Lemgo_0258-768x512.jpg 768w\" sizes=\"auto, (max-width: 920px) 100vw, 920px\" \/><figcaption>Kresimir Kozina (FAG)<\/figcaption><\/figure>\n\n\n\n<figure class=\"wp-block-image size-large\"><img loading=\"lazy\" decoding=\"async\" width=\"920\" height=\"613\" data-id=\"50662\" src=\"https:\/\/www.weber-fag.de\/wordpress\/wp-content\/uploads\/2022\/09\/2209_FAG-Lemgo_0260.jpg\" alt=\"\" class=\"wp-image-50662\" srcset=\"https:\/\/www.weber-fag.de\/wordpress\/wp-content\/uploads\/2022\/09\/2209_FAG-Lemgo_0260.jpg 920w, https:\/\/www.weber-fag.de\/wordpress\/wp-content\/uploads\/2022\/09\/2209_FAG-Lemgo_0260-300x200.jpg 300w, https:\/\/www.weber-fag.de\/wordpress\/wp-content\/uploads\/2022\/09\/2209_FAG-Lemgo_0260-768x512.jpg 768w\" sizes=\"auto, (max-width: 920px) 100vw, 920px\" \/><figcaption>Kresimir Kozina (FAG)<\/figcaption><\/figure>\n\n\n\n<figure class=\"wp-block-image size-large\"><img loading=\"lazy\" decoding=\"async\" width=\"920\" height=\"613\" data-id=\"50661\" src=\"https:\/\/www.weber-fag.de\/wordpress\/wp-content\/uploads\/2022\/09\/2209_FAG-Lemgo_0262.jpg\" alt=\"\" class=\"wp-image-50661\" srcset=\"https:\/\/www.weber-fag.de\/wordpress\/wp-content\/uploads\/2022\/09\/2209_FAG-Lemgo_0262.jpg 920w, https:\/\/www.weber-fag.de\/wordpress\/wp-content\/uploads\/2022\/09\/2209_FAG-Lemgo_0262-300x200.jpg 300w, https:\/\/www.weber-fag.de\/wordpress\/wp-content\/uploads\/2022\/09\/2209_FAG-Lemgo_0262-768x512.jpg 768w\" sizes=\"auto, (max-width: 920px) 100vw, 920px\" \/><figcaption>Kresimir Kozina (FAG)<\/figcaption><\/figure>\n\n\n\n<figure class=\"wp-block-image size-large\"><img loading=\"lazy\" decoding=\"async\" width=\"920\" height=\"613\" data-id=\"50663\" src=\"https:\/\/www.weber-fag.de\/wordpress\/wp-content\/uploads\/2022\/09\/2209_FAG-Lemgo_0264.jpg\" alt=\"\" class=\"wp-image-50663\" srcset=\"https:\/\/www.weber-fag.de\/wordpress\/wp-content\/uploads\/2022\/09\/2209_FAG-Lemgo_0264.jpg 920w, https:\/\/www.weber-fag.de\/wordpress\/wp-content\/uploads\/2022\/09\/2209_FAG-Lemgo_0264-300x200.jpg 300w, https:\/\/www.weber-fag.de\/wordpress\/wp-content\/uploads\/2022\/09\/2209_FAG-Lemgo_0264-768x512.jpg 768w\" sizes=\"auto, (max-width: 920px) 100vw, 920px\" \/><figcaption>Marcel Schiller (FAG)<\/figcaption><\/figure>\n\n\n\n<figure class=\"wp-block-image size-large\"><img loading=\"lazy\" decoding=\"async\" width=\"920\" height=\"613\" data-id=\"50664\" src=\"https:\/\/www.weber-fag.de\/wordpress\/wp-content\/uploads\/2022\/09\/2209_FAG-Lemgo_0267.jpg\" alt=\"\" class=\"wp-image-50664\" srcset=\"https:\/\/www.weber-fag.de\/wordpress\/wp-content\/uploads\/2022\/09\/2209_FAG-Lemgo_0267.jpg 920w, https:\/\/www.weber-fag.de\/wordpress\/wp-content\/uploads\/2022\/09\/2209_FAG-Lemgo_0267-300x200.jpg 300w, https:\/\/www.weber-fag.de\/wordpress\/wp-content\/uploads\/2022\/09\/2209_FAG-Lemgo_0267-768x512.jpg 768w\" sizes=\"auto, (max-width: 920px) 100vw, 920px\" \/><figcaption>Tim Kneule (FAG)<\/figcaption><\/figure>\n\n\n\n<figure class=\"wp-block-image size-large\"><img loading=\"lazy\" decoding=\"async\" width=\"920\" height=\"613\" data-id=\"50667\" src=\"https:\/\/www.weber-fag.de\/wordpress\/wp-content\/uploads\/2022\/09\/2209_FAG-Lemgo_0269.jpg\" alt=\"\" class=\"wp-image-50667\" srcset=\"https:\/\/www.weber-fag.de\/wordpress\/wp-content\/uploads\/2022\/09\/2209_FAG-Lemgo_0269.jpg 920w, https:\/\/www.weber-fag.de\/wordpress\/wp-content\/uploads\/2022\/09\/2209_FAG-Lemgo_0269-300x200.jpg 300w, https:\/\/www.weber-fag.de\/wordpress\/wp-content\/uploads\/2022\/09\/2209_FAG-Lemgo_0269-768x512.jpg 768w\" sizes=\"auto, (max-width: 920px) 100vw, 920px\" \/><figcaption>Jon Lindenchrone Andersen (FAG)<\/figcaption><\/figure>\n\n\n\n<figure class=\"wp-block-image size-large\"><img loading=\"lazy\" decoding=\"async\" width=\"920\" height=\"613\" data-id=\"50666\" src=\"https:\/\/www.weber-fag.de\/wordpress\/wp-content\/uploads\/2022\/09\/2209_FAG-Lemgo_0273.jpg\" alt=\"\" class=\"wp-image-50666\" srcset=\"https:\/\/www.weber-fag.de\/wordpress\/wp-content\/uploads\/2022\/09\/2209_FAG-Lemgo_0273.jpg 920w, https:\/\/www.weber-fag.de\/wordpress\/wp-content\/uploads\/2022\/09\/2209_FAG-Lemgo_0273-300x200.jpg 300w, https:\/\/www.weber-fag.de\/wordpress\/wp-content\/uploads\/2022\/09\/2209_FAG-Lemgo_0273-768x512.jpg 768w\" sizes=\"auto, (max-width: 920px) 100vw, 920px\" \/><\/figure>\n\n\n\n<figure class=\"wp-block-image size-large\"><img loading=\"lazy\" decoding=\"async\" width=\"920\" height=\"613\" data-id=\"50665\" src=\"https:\/\/www.weber-fag.de\/wordpress\/wp-content\/uploads\/2022\/09\/2209_FAG-Lemgo_0274.jpg\" alt=\"\" class=\"wp-image-50665\" srcset=\"https:\/\/www.weber-fag.de\/wordpress\/wp-content\/uploads\/2022\/09\/2209_FAG-Lemgo_0274.jpg 920w, https:\/\/www.weber-fag.de\/wordpress\/wp-content\/uploads\/2022\/09\/2209_FAG-Lemgo_0274-300x200.jpg 300w, https:\/\/www.weber-fag.de\/wordpress\/wp-content\/uploads\/2022\/09\/2209_FAG-Lemgo_0274-768x512.jpg 768w\" sizes=\"auto, (max-width: 920px) 100vw, 920px\" \/><figcaption>Jaka Malus(FAG)<\/figcaption><\/figure>\n\n\n\n<figure class=\"wp-block-image size-large\"><img loading=\"lazy\" decoding=\"async\" width=\"920\" height=\"613\" data-id=\"50668\" src=\"https:\/\/www.weber-fag.de\/wordpress\/wp-content\/uploads\/2022\/09\/2209_FAG-Lemgo_0280.jpg\" alt=\"\" class=\"wp-image-50668\" srcset=\"https:\/\/www.weber-fag.de\/wordpress\/wp-content\/uploads\/2022\/09\/2209_FAG-Lemgo_0280.jpg 920w, https:\/\/www.weber-fag.de\/wordpress\/wp-content\/uploads\/2022\/09\/2209_FAG-Lemgo_0280-300x200.jpg 300w, https:\/\/www.weber-fag.de\/wordpress\/wp-content\/uploads\/2022\/09\/2209_FAG-Lemgo_0280-768x512.jpg 768w\" sizes=\"auto, (max-width: 920px) 100vw, 920px\" \/><figcaption>Jaka Malus(FAG)<\/figcaption><\/figure>\n\n\n\n<figure class=\"wp-block-image size-large\"><img loading=\"lazy\" decoding=\"async\" width=\"920\" height=\"613\" data-id=\"50669\" src=\"https:\/\/www.weber-fag.de\/wordpress\/wp-content\/uploads\/2022\/09\/2209_FAG-Lemgo_0287.jpg\" alt=\"\" class=\"wp-image-50669\" srcset=\"https:\/\/www.weber-fag.de\/wordpress\/wp-content\/uploads\/2022\/09\/2209_FAG-Lemgo_0287.jpg 920w, https:\/\/www.weber-fag.de\/wordpress\/wp-content\/uploads\/2022\/09\/2209_FAG-Lemgo_0287-300x200.jpg 300w, https:\/\/www.weber-fag.de\/wordpress\/wp-content\/uploads\/2022\/09\/2209_FAG-Lemgo_0287-768x512.jpg 768w\" sizes=\"auto, (max-width: 920px) 100vw, 920px\" \/><figcaption>Kresimir Kozina (FAG)<\/figcaption><\/figure>\n\n\n\n<figure class=\"wp-block-image size-large\"><img loading=\"lazy\" decoding=\"async\" width=\"920\" height=\"613\" data-id=\"50670\" src=\"https:\/\/www.weber-fag.de\/wordpress\/wp-content\/uploads\/2022\/09\/2209_FAG-Lemgo_0298.jpg\" alt=\"\" class=\"wp-image-50670\" srcset=\"https:\/\/www.weber-fag.de\/wordpress\/wp-content\/uploads\/2022\/09\/2209_FAG-Lemgo_0298.jpg 920w, https:\/\/www.weber-fag.de\/wordpress\/wp-content\/uploads\/2022\/09\/2209_FAG-Lemgo_0298-300x200.jpg 300w, https:\/\/www.weber-fag.de\/wordpress\/wp-content\/uploads\/2022\/09\/2209_FAG-Lemgo_0298-768x512.jpg 768w\" sizes=\"auto, (max-width: 920px) 100vw, 920px\" \/><figcaption>Tim Kneule (FAG)<\/figcaption><\/figure>\n\n\n\n<figure class=\"wp-block-image size-large\"><img loading=\"lazy\" decoding=\"async\" width=\"920\" height=\"613\" data-id=\"50671\" src=\"https:\/\/www.weber-fag.de\/wordpress\/wp-content\/uploads\/2022\/09\/2209_FAG-Lemgo_0303.jpg\" alt=\"\" class=\"wp-image-50671\" srcset=\"https:\/\/www.weber-fag.de\/wordpress\/wp-content\/uploads\/2022\/09\/2209_FAG-Lemgo_0303.jpg 920w, https:\/\/www.weber-fag.de\/wordpress\/wp-content\/uploads\/2022\/09\/2209_FAG-Lemgo_0303-300x200.jpg 300w, https:\/\/www.weber-fag.de\/wordpress\/wp-content\/uploads\/2022\/09\/2209_FAG-Lemgo_0303-768x512.jpg 768w\" sizes=\"auto, (max-width: 920px) 100vw, 920px\" \/><figcaption>Tim Kneule (FAG)<\/figcaption><\/figure>\n\n\n\n<figure class=\"wp-block-image size-large\"><img loading=\"lazy\" decoding=\"async\" width=\"920\" height=\"613\" data-id=\"50672\" src=\"https:\/\/www.weber-fag.de\/wordpress\/wp-content\/uploads\/2022\/09\/2209_FAG-Lemgo_0308.jpg\" alt=\"\" class=\"wp-image-50672\" srcset=\"https:\/\/www.weber-fag.de\/wordpress\/wp-content\/uploads\/2022\/09\/2209_FAG-Lemgo_0308.jpg 920w, https:\/\/www.weber-fag.de\/wordpress\/wp-content\/uploads\/2022\/09\/2209_FAG-Lemgo_0308-300x200.jpg 300w, https:\/\/www.weber-fag.de\/wordpress\/wp-content\/uploads\/2022\/09\/2209_FAG-Lemgo_0308-768x512.jpg 768w\" sizes=\"auto, (max-width: 920px) 100vw, 920px\" \/><figcaption>Tim Kneule (FAG)<\/figcaption><\/figure>\n\n\n\n<figure class=\"wp-block-image size-large\"><img loading=\"lazy\" decoding=\"async\" width=\"920\" height=\"613\" data-id=\"50675\" src=\"https:\/\/www.weber-fag.de\/wordpress\/wp-content\/uploads\/2022\/09\/2209_FAG-Lemgo_0314.jpg\" alt=\"\" class=\"wp-image-50675\" srcset=\"https:\/\/www.weber-fag.de\/wordpress\/wp-content\/uploads\/2022\/09\/2209_FAG-Lemgo_0314.jpg 920w, https:\/\/www.weber-fag.de\/wordpress\/wp-content\/uploads\/2022\/09\/2209_FAG-Lemgo_0314-300x200.jpg 300w, https:\/\/www.weber-fag.de\/wordpress\/wp-content\/uploads\/2022\/09\/2209_FAG-Lemgo_0314-768x512.jpg 768w\" sizes=\"auto, (max-width: 920px) 100vw, 920px\" \/><figcaption>Daniel Rebmann (FAG)<\/figcaption><\/figure>\n\n\n\n<figure class=\"wp-block-image size-large\"><img loading=\"lazy\" decoding=\"async\" width=\"920\" height=\"613\" data-id=\"50673\" src=\"https:\/\/www.weber-fag.de\/wordpress\/wp-content\/uploads\/2022\/09\/2209_FAG-Lemgo_0322.jpg\" alt=\"\" class=\"wp-image-50673\" srcset=\"https:\/\/www.weber-fag.de\/wordpress\/wp-content\/uploads\/2022\/09\/2209_FAG-Lemgo_0322.jpg 920w, https:\/\/www.weber-fag.de\/wordpress\/wp-content\/uploads\/2022\/09\/2209_FAG-Lemgo_0322-300x200.jpg 300w, https:\/\/www.weber-fag.de\/wordpress\/wp-content\/uploads\/2022\/09\/2209_FAG-Lemgo_0322-768x512.jpg 768w\" sizes=\"auto, (max-width: 920px) 100vw, 920px\" \/><figcaption>Gilberto Duarte (FAG)<\/figcaption><\/figure>\n\n\n\n<figure class=\"wp-block-image size-large\"><img loading=\"lazy\" decoding=\"async\" width=\"920\" height=\"613\" data-id=\"50674\" src=\"https:\/\/www.weber-fag.de\/wordpress\/wp-content\/uploads\/2022\/09\/2209_FAG-Lemgo_0328.jpg\" alt=\"\" class=\"wp-image-50674\" srcset=\"https:\/\/www.weber-fag.de\/wordpress\/wp-content\/uploads\/2022\/09\/2209_FAG-Lemgo_0328.jpg 920w, https:\/\/www.weber-fag.de\/wordpress\/wp-content\/uploads\/2022\/09\/2209_FAG-Lemgo_0328-300x200.jpg 300w, https:\/\/www.weber-fag.de\/wordpress\/wp-content\/uploads\/2022\/09\/2209_FAG-Lemgo_0328-768x512.jpg 768w\" sizes=\"auto, (max-width: 920px) 100vw, 920px\" \/><figcaption>Gilberto Duarte (FAG)<\/figcaption><\/figure>\n\n\n\n<figure class=\"wp-block-image size-large\"><img loading=\"lazy\" decoding=\"async\" width=\"920\" height=\"613\" data-id=\"50676\" src=\"https:\/\/www.weber-fag.de\/wordpress\/wp-content\/uploads\/2022\/09\/2209_FAG-Lemgo_0335.jpg\" alt=\"\" class=\"wp-image-50676\" srcset=\"https:\/\/www.weber-fag.de\/wordpress\/wp-content\/uploads\/2022\/09\/2209_FAG-Lemgo_0335.jpg 920w, https:\/\/www.weber-fag.de\/wordpress\/wp-content\/uploads\/2022\/09\/2209_FAG-Lemgo_0335-300x200.jpg 300w, https:\/\/www.weber-fag.de\/wordpress\/wp-content\/uploads\/2022\/09\/2209_FAG-Lemgo_0335-768x512.jpg 768w\" sizes=\"auto, (max-width: 920px) 100vw, 920px\" \/><figcaption>Kresimir Kozina (FAG)<\/figcaption><\/figure>\n\n\n\n<figure class=\"wp-block-image size-large\"><img loading=\"lazy\" decoding=\"async\" width=\"920\" height=\"613\" data-id=\"50679\" src=\"https:\/\/www.weber-fag.de\/wordpress\/wp-content\/uploads\/2022\/09\/2209_FAG-Lemgo_0338.jpg\" alt=\"\" class=\"wp-image-50679\" srcset=\"https:\/\/www.weber-fag.de\/wordpress\/wp-content\/uploads\/2022\/09\/2209_FAG-Lemgo_0338.jpg 920w, https:\/\/www.weber-fag.de\/wordpress\/wp-content\/uploads\/2022\/09\/2209_FAG-Lemgo_0338-300x200.jpg 300w, https:\/\/www.weber-fag.de\/wordpress\/wp-content\/uploads\/2022\/09\/2209_FAG-Lemgo_0338-768x512.jpg 768w\" sizes=\"auto, (max-width: 920px) 100vw, 920px\" \/><figcaption>Jaka Malus(FAG)<\/figcaption><\/figure>\n\n\n\n<figure class=\"wp-block-image size-large\"><img loading=\"lazy\" decoding=\"async\" width=\"920\" height=\"613\" data-id=\"50677\" src=\"https:\/\/www.weber-fag.de\/wordpress\/wp-content\/uploads\/2022\/09\/2209_FAG-Lemgo_0340.jpg\" alt=\"\" class=\"wp-image-50677\" srcset=\"https:\/\/www.weber-fag.de\/wordpress\/wp-content\/uploads\/2022\/09\/2209_FAG-Lemgo_0340.jpg 920w, https:\/\/www.weber-fag.de\/wordpress\/wp-content\/uploads\/2022\/09\/2209_FAG-Lemgo_0340-300x200.jpg 300w, https:\/\/www.weber-fag.de\/wordpress\/wp-content\/uploads\/2022\/09\/2209_FAG-Lemgo_0340-768x512.jpg 768w\" sizes=\"auto, (max-width: 920px) 100vw, 920px\" \/><figcaption>Jaka Malus(FAG)<\/figcaption><\/figure>\n\n\n\n<figure class=\"wp-block-image size-large\"><img loading=\"lazy\" decoding=\"async\" width=\"920\" height=\"613\" data-id=\"50678\" src=\"https:\/\/www.weber-fag.de\/wordpress\/wp-content\/uploads\/2022\/09\/2209_FAG-Lemgo_0347.jpg\" alt=\"\" class=\"wp-image-50678\" srcset=\"https:\/\/www.weber-fag.de\/wordpress\/wp-content\/uploads\/2022\/09\/2209_FAG-Lemgo_0347.jpg 920w, https:\/\/www.weber-fag.de\/wordpress\/wp-content\/uploads\/2022\/09\/2209_FAG-Lemgo_0347-300x200.jpg 300w, https:\/\/www.weber-fag.de\/wordpress\/wp-content\/uploads\/2022\/09\/2209_FAG-Lemgo_0347-768x512.jpg 768w\" sizes=\"auto, (max-width: 920px) 100vw, 920px\" \/><figcaption>Kresimir Kozina (FAG)<\/figcaption><\/figure>\n\n\n\n<figure class=\"wp-block-image size-large\"><img loading=\"lazy\" decoding=\"async\" width=\"920\" height=\"613\" data-id=\"50680\" src=\"https:\/\/www.weber-fag.de\/wordpress\/wp-content\/uploads\/2022\/09\/2209_FAG-Lemgo_0354.jpg\" alt=\"\" class=\"wp-image-50680\" srcset=\"https:\/\/www.weber-fag.de\/wordpress\/wp-content\/uploads\/2022\/09\/2209_FAG-Lemgo_0354.jpg 920w, https:\/\/www.weber-fag.de\/wordpress\/wp-content\/uploads\/2022\/09\/2209_FAG-Lemgo_0354-300x200.jpg 300w, https:\/\/www.weber-fag.de\/wordpress\/wp-content\/uploads\/2022\/09\/2209_FAG-Lemgo_0354-768x512.jpg 768w\" sizes=\"auto, (max-width: 920px) 100vw, 920px\" \/><figcaption>Tobias Ellebaek (FAG)<\/figcaption><\/figure>\n\n\n\n<figure class=\"wp-block-image size-large\"><img loading=\"lazy\" decoding=\"async\" width=\"920\" height=\"613\" data-id=\"50681\" src=\"https:\/\/www.weber-fag.de\/wordpress\/wp-content\/uploads\/2022\/09\/2209_FAG-Lemgo_0356.jpg\" alt=\"\" class=\"wp-image-50681\" srcset=\"https:\/\/www.weber-fag.de\/wordpress\/wp-content\/uploads\/2022\/09\/2209_FAG-Lemgo_0356.jpg 920w, https:\/\/www.weber-fag.de\/wordpress\/wp-content\/uploads\/2022\/09\/2209_FAG-Lemgo_0356-300x200.jpg 300w, https:\/\/www.weber-fag.de\/wordpress\/wp-content\/uploads\/2022\/09\/2209_FAG-Lemgo_0356-768x512.jpg 768w\" sizes=\"auto, (max-width: 920px) 100vw, 920px\" \/><figcaption>David Schmidt (FAG)<\/figcaption><\/figure>\n\n\n\n<figure class=\"wp-block-image size-large\"><img loading=\"lazy\" decoding=\"async\" width=\"920\" height=\"613\" data-id=\"50682\" src=\"https:\/\/www.weber-fag.de\/wordpress\/wp-content\/uploads\/2022\/09\/2209_FAG-Lemgo_0358.jpg\" alt=\"\" class=\"wp-image-50682\" srcset=\"https:\/\/www.weber-fag.de\/wordpress\/wp-content\/uploads\/2022\/09\/2209_FAG-Lemgo_0358.jpg 920w, https:\/\/www.weber-fag.de\/wordpress\/wp-content\/uploads\/2022\/09\/2209_FAG-Lemgo_0358-300x200.jpg 300w, https:\/\/www.weber-fag.de\/wordpress\/wp-content\/uploads\/2022\/09\/2209_FAG-Lemgo_0358-768x512.jpg 768w\" sizes=\"auto, (max-width: 920px) 100vw, 920px\" \/><figcaption>David Schmidt (FAG)<\/figcaption><\/figure>\n\n\n\n<figure class=\"wp-block-image size-large\"><img loading=\"lazy\" decoding=\"async\" width=\"920\" height=\"613\" data-id=\"50683\" src=\"https:\/\/www.weber-fag.de\/wordpress\/wp-content\/uploads\/2022\/09\/2209_FAG-Lemgo_0363.jpg\" alt=\"\" class=\"wp-image-50683\" srcset=\"https:\/\/www.weber-fag.de\/wordpress\/wp-content\/uploads\/2022\/09\/2209_FAG-Lemgo_0363.jpg 920w, https:\/\/www.weber-fag.de\/wordpress\/wp-content\/uploads\/2022\/09\/2209_FAG-Lemgo_0363-300x200.jpg 300w, https:\/\/www.weber-fag.de\/wordpress\/wp-content\/uploads\/2022\/09\/2209_FAG-Lemgo_0363-768x512.jpg 768w\" sizes=\"auto, (max-width: 920px) 100vw, 920px\" \/><figcaption>Jaka Malus(FAG)<\/figcaption><\/figure>\n\n\n\n<figure class=\"wp-block-image size-large\"><img loading=\"lazy\" decoding=\"async\" width=\"920\" height=\"613\" data-id=\"50684\" src=\"https:\/\/www.weber-fag.de\/wordpress\/wp-content\/uploads\/2022\/09\/2209_FAG-Lemgo_0368.jpg\" alt=\"\" class=\"wp-image-50684\" srcset=\"https:\/\/www.weber-fag.de\/wordpress\/wp-content\/uploads\/2022\/09\/2209_FAG-Lemgo_0368.jpg 920w, https:\/\/www.weber-fag.de\/wordpress\/wp-content\/uploads\/2022\/09\/2209_FAG-Lemgo_0368-300x200.jpg 300w, https:\/\/www.weber-fag.de\/wordpress\/wp-content\/uploads\/2022\/09\/2209_FAG-Lemgo_0368-768x512.jpg 768w\" sizes=\"auto, (max-width: 920px) 100vw, 920px\" \/><figcaption>Jaka Malus(FAG)<\/figcaption><\/figure>\n\n\n\n<figure class=\"wp-block-image size-large\"><img loading=\"lazy\" decoding=\"async\" width=\"920\" height=\"613\" data-id=\"50687\" src=\"https:\/\/www.weber-fag.de\/wordpress\/wp-content\/uploads\/2022\/09\/2209_FAG-Lemgo_0375.jpg\" alt=\"\" class=\"wp-image-50687\" srcset=\"https:\/\/www.weber-fag.de\/wordpress\/wp-content\/uploads\/2022\/09\/2209_FAG-Lemgo_0375.jpg 920w, https:\/\/www.weber-fag.de\/wordpress\/wp-content\/uploads\/2022\/09\/2209_FAG-Lemgo_0375-300x200.jpg 300w, https:\/\/www.weber-fag.de\/wordpress\/wp-content\/uploads\/2022\/09\/2209_FAG-Lemgo_0375-768x512.jpg 768w\" sizes=\"auto, (max-width: 920px) 100vw, 920px\" \/><figcaption>David Schmidt (FAG)<\/figcaption><\/figure>\n\n\n\n<figure class=\"wp-block-image size-large\"><img loading=\"lazy\" decoding=\"async\" width=\"920\" height=\"613\" data-id=\"50688\" src=\"https:\/\/www.weber-fag.de\/wordpress\/wp-content\/uploads\/2022\/09\/2209_FAG-Lemgo_0379.jpg\" alt=\"\" class=\"wp-image-50688\" srcset=\"https:\/\/www.weber-fag.de\/wordpress\/wp-content\/uploads\/2022\/09\/2209_FAG-Lemgo_0379.jpg 920w, https:\/\/www.weber-fag.de\/wordpress\/wp-content\/uploads\/2022\/09\/2209_FAG-Lemgo_0379-300x200.jpg 300w, https:\/\/www.weber-fag.de\/wordpress\/wp-content\/uploads\/2022\/09\/2209_FAG-Lemgo_0379-768x512.jpg 768w\" sizes=\"auto, (max-width: 920px) 100vw, 920px\" \/><figcaption>David Schmidt (FAG)<\/figcaption><\/figure>\n\n\n\n<figure class=\"wp-block-image size-large\"><img loading=\"lazy\" decoding=\"async\" width=\"920\" height=\"613\" data-id=\"50686\" src=\"https:\/\/www.weber-fag.de\/wordpress\/wp-content\/uploads\/2022\/09\/2209_FAG-Lemgo_0384.jpg\" alt=\"\" class=\"wp-image-50686\" srcset=\"https:\/\/www.weber-fag.de\/wordpress\/wp-content\/uploads\/2022\/09\/2209_FAG-Lemgo_0384.jpg 920w, https:\/\/www.weber-fag.de\/wordpress\/wp-content\/uploads\/2022\/09\/2209_FAG-Lemgo_0384-300x200.jpg 300w, https:\/\/www.weber-fag.de\/wordpress\/wp-content\/uploads\/2022\/09\/2209_FAG-Lemgo_0384-768x512.jpg 768w\" sizes=\"auto, (max-width: 920px) 100vw, 920px\" \/><figcaption>Axel Goller (FAG)<\/figcaption><\/figure>\n\n\n\n<figure class=\"wp-block-image size-large\"><img loading=\"lazy\" decoding=\"async\" width=\"920\" height=\"613\" data-id=\"50685\" src=\"https:\/\/www.weber-fag.de\/wordpress\/wp-content\/uploads\/2022\/09\/2209_FAG-Lemgo_0388.jpg\" alt=\"\" class=\"wp-image-50685\" srcset=\"https:\/\/www.weber-fag.de\/wordpress\/wp-content\/uploads\/2022\/09\/2209_FAG-Lemgo_0388.jpg 920w, https:\/\/www.weber-fag.de\/wordpress\/wp-content\/uploads\/2022\/09\/2209_FAG-Lemgo_0388-300x200.jpg 300w, https:\/\/www.weber-fag.de\/wordpress\/wp-content\/uploads\/2022\/09\/2209_FAG-Lemgo_0388-768x512.jpg 768w\" sizes=\"auto, (max-width: 920px) 100vw, 920px\" \/><figcaption>Marcel Schiller (FAG)<\/figcaption><\/figure>\n\n\n\n<figure class=\"wp-block-image size-large\"><img loading=\"lazy\" decoding=\"async\" width=\"920\" height=\"613\" data-id=\"50689\" src=\"https:\/\/www.weber-fag.de\/wordpress\/wp-content\/uploads\/2022\/09\/2209_FAG-Lemgo_0391.jpg\" alt=\"\" class=\"wp-image-50689\" srcset=\"https:\/\/www.weber-fag.de\/wordpress\/wp-content\/uploads\/2022\/09\/2209_FAG-Lemgo_0391.jpg 920w, https:\/\/www.weber-fag.de\/wordpress\/wp-content\/uploads\/2022\/09\/2209_FAG-Lemgo_0391-300x200.jpg 300w, https:\/\/www.weber-fag.de\/wordpress\/wp-content\/uploads\/2022\/09\/2209_FAG-Lemgo_0391-768x512.jpg 768w\" sizes=\"auto, (max-width: 920px) 100vw, 920px\" \/><figcaption>Marcel Schiller (FAG)<\/figcaption><\/figure>\n\n\n\n<figure class=\"wp-block-image size-large\"><img loading=\"lazy\" decoding=\"async\" width=\"920\" height=\"613\" data-id=\"50690\" src=\"https:\/\/www.weber-fag.de\/wordpress\/wp-content\/uploads\/2022\/09\/2209_FAG-Lemgo_0397.jpg\" alt=\"\" class=\"wp-image-50690\" srcset=\"https:\/\/www.weber-fag.de\/wordpress\/wp-content\/uploads\/2022\/09\/2209_FAG-Lemgo_0397.jpg 920w, https:\/\/www.weber-fag.de\/wordpress\/wp-content\/uploads\/2022\/09\/2209_FAG-Lemgo_0397-300x200.jpg 300w, https:\/\/www.weber-fag.de\/wordpress\/wp-content\/uploads\/2022\/09\/2209_FAG-Lemgo_0397-768x512.jpg 768w\" sizes=\"auto, (max-width: 920px) 100vw, 920px\" \/><\/figure>\n\n\n\n<figure class=\"wp-block-image size-large\"><img loading=\"lazy\" decoding=\"async\" width=\"920\" height=\"613\" data-id=\"50692\" src=\"https:\/\/www.weber-fag.de\/wordpress\/wp-content\/uploads\/2022\/09\/2209_FAG-Lemgo_0399.jpg\" alt=\"\" class=\"wp-image-50692\" srcset=\"https:\/\/www.weber-fag.de\/wordpress\/wp-content\/uploads\/2022\/09\/2209_FAG-Lemgo_0399.jpg 920w, https:\/\/www.weber-fag.de\/wordpress\/wp-content\/uploads\/2022\/09\/2209_FAG-Lemgo_0399-300x200.jpg 300w, https:\/\/www.weber-fag.de\/wordpress\/wp-content\/uploads\/2022\/09\/2209_FAG-Lemgo_0399-768x512.jpg 768w\" sizes=\"auto, (max-width: 920px) 100vw, 920px\" \/><figcaption>Kresimir Kozina (FAG)<\/figcaption><\/figure>\n\n\n\n<figure class=\"wp-block-image size-large\"><img loading=\"lazy\" decoding=\"async\" width=\"920\" height=\"613\" data-id=\"50691\" src=\"https:\/\/www.weber-fag.de\/wordpress\/wp-content\/uploads\/2022\/09\/2209_FAG-Lemgo_0404.jpg\" alt=\"\" class=\"wp-image-50691\" srcset=\"https:\/\/www.weber-fag.de\/wordpress\/wp-content\/uploads\/2022\/09\/2209_FAG-Lemgo_0404.jpg 920w, https:\/\/www.weber-fag.de\/wordpress\/wp-content\/uploads\/2022\/09\/2209_FAG-Lemgo_0404-300x200.jpg 300w, https:\/\/www.weber-fag.de\/wordpress\/wp-content\/uploads\/2022\/09\/2209_FAG-Lemgo_0404-768x512.jpg 768w\" sizes=\"auto, (max-width: 920px) 100vw, 920px\" \/><figcaption>Kresimir Kozina (FAG)<\/figcaption><\/figure>\n\n\n\n<figure class=\"wp-block-image size-large\"><img loading=\"lazy\" decoding=\"async\" width=\"920\" height=\"613\" data-id=\"50693\" src=\"https:\/\/www.weber-fag.de\/wordpress\/wp-content\/uploads\/2022\/09\/2209_FAG-Lemgo_0407.jpg\" alt=\"\" class=\"wp-image-50693\" srcset=\"https:\/\/www.weber-fag.de\/wordpress\/wp-content\/uploads\/2022\/09\/2209_FAG-Lemgo_0407.jpg 920w, https:\/\/www.weber-fag.de\/wordpress\/wp-content\/uploads\/2022\/09\/2209_FAG-Lemgo_0407-300x200.jpg 300w, https:\/\/www.weber-fag.de\/wordpress\/wp-content\/uploads\/2022\/09\/2209_FAG-Lemgo_0407-768x512.jpg 768w\" sizes=\"auto, (max-width: 920px) 100vw, 920px\" \/><figcaption>Jaka Malus(FAG)<\/figcaption><\/figure>\n\n\n\n<figure class=\"wp-block-image size-large\"><img loading=\"lazy\" decoding=\"async\" width=\"920\" height=\"613\" data-id=\"50694\" src=\"https:\/\/www.weber-fag.de\/wordpress\/wp-content\/uploads\/2022\/09\/2209_FAG-Lemgo_0413.jpg\" alt=\"\" class=\"wp-image-50694\" srcset=\"https:\/\/www.weber-fag.de\/wordpress\/wp-content\/uploads\/2022\/09\/2209_FAG-Lemgo_0413.jpg 920w, https:\/\/www.weber-fag.de\/wordpress\/wp-content\/uploads\/2022\/09\/2209_FAG-Lemgo_0413-300x200.jpg 300w, https:\/\/www.weber-fag.de\/wordpress\/wp-content\/uploads\/2022\/09\/2209_FAG-Lemgo_0413-768x512.jpg 768w\" sizes=\"auto, (max-width: 920px) 100vw, 920px\" \/><figcaption>Tobias Ellebaek (FAG)<\/figcaption><\/figure>\n\n\n\n<figure class=\"wp-block-image size-large\"><img loading=\"lazy\" decoding=\"async\" width=\"920\" height=\"613\" data-id=\"50695\" src=\"https:\/\/www.weber-fag.de\/wordpress\/wp-content\/uploads\/2022\/09\/2209_FAG-Lemgo_0416.jpg\" alt=\"\" class=\"wp-image-50695\" srcset=\"https:\/\/www.weber-fag.de\/wordpress\/wp-content\/uploads\/2022\/09\/2209_FAG-Lemgo_0416.jpg 920w, https:\/\/www.weber-fag.de\/wordpress\/wp-content\/uploads\/2022\/09\/2209_FAG-Lemgo_0416-300x200.jpg 300w, https:\/\/www.weber-fag.de\/wordpress\/wp-content\/uploads\/2022\/09\/2209_FAG-Lemgo_0416-768x512.jpg 768w\" sizes=\"auto, (max-width: 920px) 100vw, 920px\" \/><figcaption>Tobias Ellebaek (FAG)<\/figcaption><\/figure>\n\n\n\n<figure class=\"wp-block-image size-large\"><img loading=\"lazy\" decoding=\"async\" width=\"920\" height=\"613\" data-id=\"50696\" src=\"https:\/\/www.weber-fag.de\/wordpress\/wp-content\/uploads\/2022\/09\/2209_FAG-Lemgo_0421.jpg\" alt=\"\" class=\"wp-image-50696\" srcset=\"https:\/\/www.weber-fag.de\/wordpress\/wp-content\/uploads\/2022\/09\/2209_FAG-Lemgo_0421.jpg 920w, https:\/\/www.weber-fag.de\/wordpress\/wp-content\/uploads\/2022\/09\/2209_FAG-Lemgo_0421-300x200.jpg 300w, https:\/\/www.weber-fag.de\/wordpress\/wp-content\/uploads\/2022\/09\/2209_FAG-Lemgo_0421-768x512.jpg 768w\" sizes=\"auto, (max-width: 920px) 100vw, 920px\" \/><figcaption>Tobias Ellebaek (FAG)<\/figcaption><\/figure>\n\n\n\n<figure class=\"wp-block-image size-large\"><img loading=\"lazy\" decoding=\"async\" width=\"920\" height=\"613\" data-id=\"50697\" src=\"https:\/\/www.weber-fag.de\/wordpress\/wp-content\/uploads\/2022\/09\/2209_FAG-Lemgo_0430.jpg\" alt=\"\" class=\"wp-image-50697\" srcset=\"https:\/\/www.weber-fag.de\/wordpress\/wp-content\/uploads\/2022\/09\/2209_FAG-Lemgo_0430.jpg 920w, https:\/\/www.weber-fag.de\/wordpress\/wp-content\/uploads\/2022\/09\/2209_FAG-Lemgo_0430-300x200.jpg 300w, https:\/\/www.weber-fag.de\/wordpress\/wp-content\/uploads\/2022\/09\/2209_FAG-Lemgo_0430-768x512.jpg 768w\" sizes=\"auto, (max-width: 920px) 100vw, 920px\" \/><figcaption>Kresimir Kozina (FAG)<\/figcaption><\/figure>\n\n\n\n<figure class=\"wp-block-image size-large\"><img loading=\"lazy\" decoding=\"async\" width=\"920\" height=\"613\" data-id=\"50698\" src=\"https:\/\/www.weber-fag.de\/wordpress\/wp-content\/uploads\/2022\/09\/2209_FAG-Lemgo_0432.jpg\" alt=\"\" class=\"wp-image-50698\" srcset=\"https:\/\/www.weber-fag.de\/wordpress\/wp-content\/uploads\/2022\/09\/2209_FAG-Lemgo_0432.jpg 920w, https:\/\/www.weber-fag.de\/wordpress\/wp-content\/uploads\/2022\/09\/2209_FAG-Lemgo_0432-300x200.jpg 300w, https:\/\/www.weber-fag.de\/wordpress\/wp-content\/uploads\/2022\/09\/2209_FAG-Lemgo_0432-768x512.jpg 768w\" sizes=\"auto, (max-width: 920px) 100vw, 920px\" \/><figcaption>Kresimir Kozina (FAG)<\/figcaption><\/figure>\n\n\n\n<figure class=\"wp-block-image size-large\"><img loading=\"lazy\" decoding=\"async\" width=\"920\" height=\"613\" data-id=\"50700\" src=\"https:\/\/www.weber-fag.de\/wordpress\/wp-content\/uploads\/2022\/09\/2209_FAG-Lemgo_0434.jpg\" alt=\"\" class=\"wp-image-50700\" srcset=\"https:\/\/www.weber-fag.de\/wordpress\/wp-content\/uploads\/2022\/09\/2209_FAG-Lemgo_0434.jpg 920w, https:\/\/www.weber-fag.de\/wordpress\/wp-content\/uploads\/2022\/09\/2209_FAG-Lemgo_0434-300x200.jpg 300w, https:\/\/www.weber-fag.de\/wordpress\/wp-content\/uploads\/2022\/09\/2209_FAG-Lemgo_0434-768x512.jpg 768w\" sizes=\"auto, (max-width: 920px) 100vw, 920px\" \/><figcaption>Kresimir Kozina (FAG)<\/figcaption><\/figure>\n\n\n\n<figure class=\"wp-block-image size-large\"><img loading=\"lazy\" decoding=\"async\" width=\"920\" height=\"613\" data-id=\"50699\" src=\"https:\/\/www.weber-fag.de\/wordpress\/wp-content\/uploads\/2022\/09\/2209_FAG-Lemgo_0437.jpg\" alt=\"\" class=\"wp-image-50699\" srcset=\"https:\/\/www.weber-fag.de\/wordpress\/wp-content\/uploads\/2022\/09\/2209_FAG-Lemgo_0437.jpg 920w, https:\/\/www.weber-fag.de\/wordpress\/wp-content\/uploads\/2022\/09\/2209_FAG-Lemgo_0437-300x200.jpg 300w, https:\/\/www.weber-fag.de\/wordpress\/wp-content\/uploads\/2022\/09\/2209_FAG-Lemgo_0437-768x512.jpg 768w\" sizes=\"auto, (max-width: 920px) 100vw, 920px\" \/><\/figure>\n\n\n\n<figure class=\"wp-block-image size-large\"><img loading=\"lazy\" decoding=\"async\" width=\"920\" height=\"613\" data-id=\"50703\" src=\"https:\/\/www.weber-fag.de\/wordpress\/wp-content\/uploads\/2022\/09\/2209_FAG-Lemgo_0439.jpg\" alt=\"\" class=\"wp-image-50703\" srcset=\"https:\/\/www.weber-fag.de\/wordpress\/wp-content\/uploads\/2022\/09\/2209_FAG-Lemgo_0439.jpg 920w, https:\/\/www.weber-fag.de\/wordpress\/wp-content\/uploads\/2022\/09\/2209_FAG-Lemgo_0439-300x200.jpg 300w, https:\/\/www.weber-fag.de\/wordpress\/wp-content\/uploads\/2022\/09\/2209_FAG-Lemgo_0439-768x512.jpg 768w\" sizes=\"auto, (max-width: 920px) 100vw, 920px\" \/><\/figure>\n\n\n\n<figure class=\"wp-block-image size-large\"><img loading=\"lazy\" decoding=\"async\" width=\"920\" height=\"613\" data-id=\"50701\" src=\"https:\/\/www.weber-fag.de\/wordpress\/wp-content\/uploads\/2022\/09\/2209_FAG-Lemgo_0447.jpg\" alt=\"\" class=\"wp-image-50701\" srcset=\"https:\/\/www.weber-fag.de\/wordpress\/wp-content\/uploads\/2022\/09\/2209_FAG-Lemgo_0447.jpg 920w, https:\/\/www.weber-fag.de\/wordpress\/wp-content\/uploads\/2022\/09\/2209_FAG-Lemgo_0447-300x200.jpg 300w, https:\/\/www.weber-fag.de\/wordpress\/wp-content\/uploads\/2022\/09\/2209_FAG-Lemgo_0447-768x512.jpg 768w\" sizes=\"auto, (max-width: 920px) 100vw, 920px\" \/><figcaption>Tobias Ellebaek (FAG)<\/figcaption><\/figure>\n\n\n\n<figure class=\"wp-block-image size-large\"><img loading=\"lazy\" decoding=\"async\" width=\"920\" height=\"613\" data-id=\"50702\" src=\"https:\/\/www.weber-fag.de\/wordpress\/wp-content\/uploads\/2022\/09\/2209_FAG-Lemgo_0454.jpg\" alt=\"\" class=\"wp-image-50702\" srcset=\"https:\/\/www.weber-fag.de\/wordpress\/wp-content\/uploads\/2022\/09\/2209_FAG-Lemgo_0454.jpg 920w, https:\/\/www.weber-fag.de\/wordpress\/wp-content\/uploads\/2022\/09\/2209_FAG-Lemgo_0454-300x200.jpg 300w, https:\/\/www.weber-fag.de\/wordpress\/wp-content\/uploads\/2022\/09\/2209_FAG-Lemgo_0454-768x512.jpg 768w\" sizes=\"auto, (max-width: 920px) 100vw, 920px\" \/><figcaption>Tobias Ellebaek (FAG)<\/figcaption><\/figure>\n\n\n\n<figure class=\"wp-block-image size-large\"><img loading=\"lazy\" decoding=\"async\" width=\"920\" height=\"613\" data-id=\"50704\" src=\"https:\/\/www.weber-fag.de\/wordpress\/wp-content\/uploads\/2022\/09\/2209_FAG-Lemgo_0457.jpg\" alt=\"\" class=\"wp-image-50704\" srcset=\"https:\/\/www.weber-fag.de\/wordpress\/wp-content\/uploads\/2022\/09\/2209_FAG-Lemgo_0457.jpg 920w, https:\/\/www.weber-fag.de\/wordpress\/wp-content\/uploads\/2022\/09\/2209_FAG-Lemgo_0457-300x200.jpg 300w, https:\/\/www.weber-fag.de\/wordpress\/wp-content\/uploads\/2022\/09\/2209_FAG-Lemgo_0457-768x512.jpg 768w\" sizes=\"auto, (max-width: 920px) 100vw, 920px\" \/><figcaption>Tobias Ellebaek (FAG)<\/figcaption><\/figure>\n\n\n\n<figure class=\"wp-block-image size-large\"><img loading=\"lazy\" decoding=\"async\" width=\"920\" height=\"613\" data-id=\"50706\" src=\"https:\/\/www.weber-fag.de\/wordpress\/wp-content\/uploads\/2022\/09\/2209_FAG-Lemgo_0461.jpg\" alt=\"\" class=\"wp-image-50706\" srcset=\"https:\/\/www.weber-fag.de\/wordpress\/wp-content\/uploads\/2022\/09\/2209_FAG-Lemgo_0461.jpg 920w, https:\/\/www.weber-fag.de\/wordpress\/wp-content\/uploads\/2022\/09\/2209_FAG-Lemgo_0461-300x200.jpg 300w, https:\/\/www.weber-fag.de\/wordpress\/wp-content\/uploads\/2022\/09\/2209_FAG-Lemgo_0461-768x512.jpg 768w\" sizes=\"auto, (max-width: 920px) 100vw, 920px\" \/><figcaption>Tobias Ellebaek (FAG)<\/figcaption><\/figure>\n\n\n\n<figure class=\"wp-block-image size-large\"><img loading=\"lazy\" decoding=\"async\" width=\"920\" height=\"613\" data-id=\"50705\" src=\"https:\/\/www.weber-fag.de\/wordpress\/wp-content\/uploads\/2022\/09\/2209_FAG-Lemgo_0470.jpg\" alt=\"\" class=\"wp-image-50705\" srcset=\"https:\/\/www.weber-fag.de\/wordpress\/wp-content\/uploads\/2022\/09\/2209_FAG-Lemgo_0470.jpg 920w, https:\/\/www.weber-fag.de\/wordpress\/wp-content\/uploads\/2022\/09\/2209_FAG-Lemgo_0470-300x200.jpg 300w, https:\/\/www.weber-fag.de\/wordpress\/wp-content\/uploads\/2022\/09\/2209_FAG-Lemgo_0470-768x512.jpg 768w\" sizes=\"auto, (max-width: 920px) 100vw, 920px\" \/><\/figure>\n\n\n\n<figure class=\"wp-block-image size-large\"><img loading=\"lazy\" decoding=\"async\" width=\"920\" height=\"613\" data-id=\"50707\" src=\"https:\/\/www.weber-fag.de\/wordpress\/wp-content\/uploads\/2022\/09\/2209_FAG-Lemgo_0472.jpg\" alt=\"\" class=\"wp-image-50707\" srcset=\"https:\/\/www.weber-fag.de\/wordpress\/wp-content\/uploads\/2022\/09\/2209_FAG-Lemgo_0472.jpg 920w, https:\/\/www.weber-fag.de\/wordpress\/wp-content\/uploads\/2022\/09\/2209_FAG-Lemgo_0472-300x200.jpg 300w, https:\/\/www.weber-fag.de\/wordpress\/wp-content\/uploads\/2022\/09\/2209_FAG-Lemgo_0472-768x512.jpg 768w\" sizes=\"auto, (max-width: 920px) 100vw, 920px\" \/><\/figure>\n\n\n\n<figure class=\"wp-block-image size-large\"><img loading=\"lazy\" decoding=\"async\" width=\"920\" height=\"613\" data-id=\"50708\" src=\"https:\/\/www.weber-fag.de\/wordpress\/wp-content\/uploads\/2022\/09\/2209_FAG-Lemgo_0484.jpg\" alt=\"\" class=\"wp-image-50708\" srcset=\"https:\/\/www.weber-fag.de\/wordpress\/wp-content\/uploads\/2022\/09\/2209_FAG-Lemgo_0484.jpg 920w, https:\/\/www.weber-fag.de\/wordpress\/wp-content\/uploads\/2022\/09\/2209_FAG-Lemgo_0484-300x200.jpg 300w, https:\/\/www.weber-fag.de\/wordpress\/wp-content\/uploads\/2022\/09\/2209_FAG-Lemgo_0484-768x512.jpg 768w\" sizes=\"auto, (max-width: 920px) 100vw, 920px\" \/><\/figure>\n\n\n\n<figure class=\"wp-block-image size-large\"><img loading=\"lazy\" decoding=\"async\" width=\"920\" height=\"613\" data-id=\"50709\" src=\"https:\/\/www.weber-fag.de\/wordpress\/wp-content\/uploads\/2022\/09\/2209_FAG-Lemgo_0488.jpg\" alt=\"\" class=\"wp-image-50709\" srcset=\"https:\/\/www.weber-fag.de\/wordpress\/wp-content\/uploads\/2022\/09\/2209_FAG-Lemgo_0488.jpg 920w, https:\/\/www.weber-fag.de\/wordpress\/wp-content\/uploads\/2022\/09\/2209_FAG-Lemgo_0488-300x200.jpg 300w, https:\/\/www.weber-fag.de\/wordpress\/wp-content\/uploads\/2022\/09\/2209_FAG-Lemgo_0488-768x512.jpg 768w\" sizes=\"auto, (max-width: 920px) 100vw, 920px\" \/><\/figure>\n\n\n\n<figure class=\"wp-block-image size-large\"><img loading=\"lazy\" decoding=\"async\" width=\"920\" height=\"613\" data-id=\"50711\" src=\"https:\/\/www.weber-fag.de\/wordpress\/wp-content\/uploads\/2022\/09\/2209_FAG-Lemgo_0489.jpg\" alt=\"\" class=\"wp-image-50711\" srcset=\"https:\/\/www.weber-fag.de\/wordpress\/wp-content\/uploads\/2022\/09\/2209_FAG-Lemgo_0489.jpg 920w, https:\/\/www.weber-fag.de\/wordpress\/wp-content\/uploads\/2022\/09\/2209_FAG-Lemgo_0489-300x200.jpg 300w, https:\/\/www.weber-fag.de\/wordpress\/wp-content\/uploads\/2022\/09\/2209_FAG-Lemgo_0489-768x512.jpg 768w\" sizes=\"auto, (max-width: 920px) 100vw, 920px\" \/><\/figure>\n\n\n\n<figure class=\"wp-block-image size-large\"><img loading=\"lazy\" decoding=\"async\" width=\"920\" height=\"613\" data-id=\"50710\" src=\"https:\/\/www.weber-fag.de\/wordpress\/wp-content\/uploads\/2022\/09\/2209_FAG-Lemgo_0496.jpg\" alt=\"\" class=\"wp-image-50710\" srcset=\"https:\/\/www.weber-fag.de\/wordpress\/wp-content\/uploads\/2022\/09\/2209_FAG-Lemgo_0496.jpg 920w, https:\/\/www.weber-fag.de\/wordpress\/wp-content\/uploads\/2022\/09\/2209_FAG-Lemgo_0496-300x200.jpg 300w, https:\/\/www.weber-fag.de\/wordpress\/wp-content\/uploads\/2022\/09\/2209_FAG-Lemgo_0496-768x512.jpg 768w\" sizes=\"auto, (max-width: 920px) 100vw, 920px\" \/><figcaption>Tim Kneule (FAG)<\/figcaption><\/figure>\n\n\n\n<figure class=\"wp-block-image size-large\"><img loading=\"lazy\" decoding=\"async\" width=\"920\" height=\"613\" data-id=\"50712\" src=\"https:\/\/www.weber-fag.de\/wordpress\/wp-content\/uploads\/2022\/09\/2209_FAG-Lemgo_0506.jpg\" alt=\"\" class=\"wp-image-50712\" srcset=\"https:\/\/www.weber-fag.de\/wordpress\/wp-content\/uploads\/2022\/09\/2209_FAG-Lemgo_0506.jpg 920w, https:\/\/www.weber-fag.de\/wordpress\/wp-content\/uploads\/2022\/09\/2209_FAG-Lemgo_0506-300x200.jpg 300w, https:\/\/www.weber-fag.de\/wordpress\/wp-content\/uploads\/2022\/09\/2209_FAG-Lemgo_0506-768x512.jpg 768w\" sizes=\"auto, (max-width: 920px) 100vw, 920px\" \/><\/figure>\n\n\n\n<figure class=\"wp-block-image size-large\"><img loading=\"lazy\" decoding=\"async\" width=\"920\" height=\"613\" data-id=\"50713\" src=\"https:\/\/www.weber-fag.de\/wordpress\/wp-content\/uploads\/2022\/09\/2209_FAG-Lemgo_0508-1.jpg\" alt=\"\" class=\"wp-image-50713\" srcset=\"https:\/\/www.weber-fag.de\/wordpress\/wp-content\/uploads\/2022\/09\/2209_FAG-Lemgo_0508-1.jpg 920w, https:\/\/www.weber-fag.de\/wordpress\/wp-content\/uploads\/2022\/09\/2209_FAG-Lemgo_0508-1-300x200.jpg 300w, https:\/\/www.weber-fag.de\/wordpress\/wp-content\/uploads\/2022\/09\/2209_FAG-Lemgo_0508-1-768x512.jpg 768w\" sizes=\"auto, (max-width: 920px) 100vw, 920px\" \/><\/figure>\n\n\n\n<figure class=\"wp-block-image size-large\"><img loading=\"lazy\" decoding=\"async\" width=\"920\" height=\"613\" data-id=\"50714\" src=\"https:\/\/www.weber-fag.de\/wordpress\/wp-content\/uploads\/2022\/09\/2209_FAG-Lemgo_0510.jpg\" alt=\"\" class=\"wp-image-50714\" srcset=\"https:\/\/www.weber-fag.de\/wordpress\/wp-content\/uploads\/2022\/09\/2209_FAG-Lemgo_0510.jpg 920w, https:\/\/www.weber-fag.de\/wordpress\/wp-content\/uploads\/2022\/09\/2209_FAG-Lemgo_0510-300x200.jpg 300w, https:\/\/www.weber-fag.de\/wordpress\/wp-content\/uploads\/2022\/09\/2209_FAG-Lemgo_0510-768x512.jpg 768w\" sizes=\"auto, (max-width: 920px) 100vw, 920px\" \/><figcaption>Axel Goller (FAG)<\/figcaption><\/figure>\n\n\n\n<figure class=\"wp-block-image size-large\"><img loading=\"lazy\" decoding=\"async\" width=\"920\" height=\"613\" data-id=\"50715\" src=\"https:\/\/www.weber-fag.de\/wordpress\/wp-content\/uploads\/2022\/09\/2209_FAG-Lemgo_0513.jpg\" alt=\"\" class=\"wp-image-50715\" srcset=\"https:\/\/www.weber-fag.de\/wordpress\/wp-content\/uploads\/2022\/09\/2209_FAG-Lemgo_0513.jpg 920w, https:\/\/www.weber-fag.de\/wordpress\/wp-content\/uploads\/2022\/09\/2209_FAG-Lemgo_0513-300x200.jpg 300w, https:\/\/www.weber-fag.de\/wordpress\/wp-content\/uploads\/2022\/09\/2209_FAG-Lemgo_0513-768x512.jpg 768w\" sizes=\"auto, (max-width: 920px) 100vw, 920px\" \/><figcaption>Josip Sarac (FAG)<\/figcaption><\/figure>\n<\/figure>\n<div class=\"pp-fb-like-btn-wrap\"><div class=\"fb-like\" data-href=\"https:\/\/www.weber-fag.de\/wordpress\/frisch-auf-goeppingen-vs-tbv-lemgo-2\/\" data-share=\"false\" data-layout=\"button_count\" data-width=\"90\" data-show-faces=\"\" data-action=\"like\"><\/div><\/div>","protected":false},"excerpt":{"rendered":"<p>FRISCH AUF! gewinnt das erste Heimspiel in der neuen Saison gegen den TBV Lemgo mit 34:31 Toren. Lemgo erwies sich als der erwartet unangenehme Gegner und konnte die Partie bis zum 25:25 in der 49. Spielminute ausgeglichen gestalten. Letztendlich war die individuelle Klasse der G\u00f6ppinger Spieler das Z\u00fcnglein an der Waage. Da G\u00f6ppingen nie in [&hellip;]<\/p>\n","protected":false},"author":1,"featured_media":50617,"comment_status":"open","ping_status":"open","sticky":false,"template":"","format":"standard","meta":{"footnotes":""},"categories":[5],"tags":[],"class_list":["post-50615","post","type-post","status-publish","format-standard","has-post-thumbnail","hentry","category-bundesliga"],"_links":{"self":[{"href":"https:\/\/www.weber-fag.de\/wordpress\/wp-json\/wp\/v2\/posts\/50615","targetHints":{"allow":["GET"]}}],"collection":[{"href":"https:\/\/www.weber-fag.de\/wordpress\/wp-json\/wp\/v2\/posts"}],"about":[{"href":"https:\/\/www.weber-fag.de\/wordpress\/wp-json\/wp\/v2\/types\/post"}],"author":[{"embeddable":true,"href":"https:\/\/www.weber-fag.de\/wordpress\/wp-json\/wp\/v2\/users\/1"}],"replies":[{"embeddable":true,"href":"https:\/\/www.weber-fag.de\/wordpress\/wp-json\/wp\/v2\/comments?post=50615"}],"version-history":[{"count":2,"href":"https:\/\/www.weber-fag.de\/wordpress\/wp-json\/wp\/v2\/posts\/50615\/revisions"}],"predecessor-version":[{"id":50717,"href":"https:\/\/www.weber-fag.de\/wordpress\/wp-json\/wp\/v2\/posts\/50615\/revisions\/50717"}],"wp:featuredmedia":[{"embeddable":true,"href":"https:\/\/www.weber-fag.de\/wordpress\/wp-json\/wp\/v2\/media\/50617"}],"wp:attachment":[{"href":"https:\/\/www.weber-fag.de\/wordpress\/wp-json\/wp\/v2\/media?parent=50615"}],"wp:term":[{"taxonomy":"category","embeddable":true,"href":"https:\/\/www.weber-fag.de\/wordpress\/wp-json\/wp\/v2\/categories?post=50615"},{"taxonomy":"post_tag","embeddable":true,"href":"https:\/\/www.weber-fag.de\/wordpress\/wp-json\/wp\/v2\/tags?post=50615"}],"curies":[{"name":"wp","href":"https:\/\/api.w.org\/{rel}","templated":true}]}}