{"id":50485,"date":"2022-04-04T09:36:54","date_gmt":"2022-04-04T07:36:54","guid":{"rendered":"http:\/\/www.weber-fag.de\/wordpress\/?p=50485"},"modified":"2022-04-04T09:36:56","modified_gmt":"2022-04-04T07:36:56","slug":"frisch-auf-goeppingen-vs-balingen-weilstetten","status":"publish","type":"post","link":"https:\/\/www.weber-fag.de\/wordpress\/frisch-auf-goeppingen-vs-balingen-weilstetten\/","title":{"rendered":"FRISCH AUF! G\u00f6ppingen vs. Balingen-Weilstetten"},"content":{"rendered":"\n<p>Mit einer \u00e4rgerlichen und v\u00f6llig unn\u00f6tigen 27:28 Niederlage gegen den Tabellenletzten Balingen-Weilstetten mussten die Hausherren einen schweren R\u00fcckschlag um den Kampf um die Europapokalpl\u00e4tze hinnehmen. Hier die Bilder vom Spiel<\/p>\n\n\n\n<figure class=\"wp-block-image size-full\"><img loading=\"lazy\" decoding=\"async\" width=\"920\" height=\"613\" src=\"https:\/\/www.weber-fag.de\/wordpress\/wp-content\/uploads\/2022\/04\/2204_FAG-Balingen_0151.jpg\" alt=\"\" class=\"wp-image-50486\" srcset=\"https:\/\/www.weber-fag.de\/wordpress\/wp-content\/uploads\/2022\/04\/2204_FAG-Balingen_0151.jpg 920w, https:\/\/www.weber-fag.de\/wordpress\/wp-content\/uploads\/2022\/04\/2204_FAG-Balingen_0151-300x200.jpg 300w, https:\/\/www.weber-fag.de\/wordpress\/wp-content\/uploads\/2022\/04\/2204_FAG-Balingen_0151-768x512.jpg 768w\" sizes=\"auto, (max-width: 920px) 100vw, 920px\" \/><figcaption>Jon Lindenchrone Andersen (FAG)<\/figcaption><\/figure>\n\n\n\n<!--more-->\n\n\n\n<figure class=\"wp-block-gallery columns-1 is-cropped wp-block-gallery-1 is-layout-flex wp-block-gallery-is-layout-flex\"><ul class=\"blocks-gallery-grid\"><li class=\"blocks-gallery-item\"><figure><img loading=\"lazy\" decoding=\"async\" width=\"920\" height=\"613\" src=\"https:\/\/www.weber-fag.de\/wordpress\/wp-content\/uploads\/2022\/04\/2204_FAG-Balingen_0013.jpg\" alt=\"\" data-id=\"50487\" data-full-url=\"https:\/\/www.weber-fag.de\/wordpress\/wp-content\/uploads\/2022\/04\/2204_FAG-Balingen_0013.jpg\" data-link=\"https:\/\/www.weber-fag.de\/wordpress\/?attachment_id=50487\" class=\"wp-image-50487\" srcset=\"https:\/\/www.weber-fag.de\/wordpress\/wp-content\/uploads\/2022\/04\/2204_FAG-Balingen_0013.jpg 920w, https:\/\/www.weber-fag.de\/wordpress\/wp-content\/uploads\/2022\/04\/2204_FAG-Balingen_0013-300x200.jpg 300w, https:\/\/www.weber-fag.de\/wordpress\/wp-content\/uploads\/2022\/04\/2204_FAG-Balingen_0013-768x512.jpg 768w\" sizes=\"auto, (max-width: 920px) 100vw, 920px\" \/><figcaption class=\"blocks-gallery-item__caption\">Jacob Bagersted (FAG)<\/figcaption><\/figure><\/li><li class=\"blocks-gallery-item\"><figure><img loading=\"lazy\" decoding=\"async\" width=\"920\" height=\"613\" src=\"https:\/\/www.weber-fag.de\/wordpress\/wp-content\/uploads\/2022\/04\/2204_FAG-Balingen_0014.jpg\" alt=\"\" data-id=\"50488\" data-full-url=\"https:\/\/www.weber-fag.de\/wordpress\/wp-content\/uploads\/2022\/04\/2204_FAG-Balingen_0014.jpg\" data-link=\"https:\/\/www.weber-fag.de\/wordpress\/?attachment_id=50488\" class=\"wp-image-50488\" srcset=\"https:\/\/www.weber-fag.de\/wordpress\/wp-content\/uploads\/2022\/04\/2204_FAG-Balingen_0014.jpg 920w, https:\/\/www.weber-fag.de\/wordpress\/wp-content\/uploads\/2022\/04\/2204_FAG-Balingen_0014-300x200.jpg 300w, https:\/\/www.weber-fag.de\/wordpress\/wp-content\/uploads\/2022\/04\/2204_FAG-Balingen_0014-768x512.jpg 768w\" sizes=\"auto, (max-width: 920px) 100vw, 920px\" \/><figcaption class=\"blocks-gallery-item__caption\">Nemanja Zelenovic (FAG)<\/figcaption><\/figure><\/li><li class=\"blocks-gallery-item\"><figure><img loading=\"lazy\" decoding=\"async\" width=\"920\" height=\"613\" src=\"https:\/\/www.weber-fag.de\/wordpress\/wp-content\/uploads\/2022\/04\/2204_FAG-Balingen_0015.jpg\" alt=\"\" data-id=\"50489\" data-full-url=\"https:\/\/www.weber-fag.de\/wordpress\/wp-content\/uploads\/2022\/04\/2204_FAG-Balingen_0015.jpg\" data-link=\"https:\/\/www.weber-fag.de\/wordpress\/?attachment_id=50489\" class=\"wp-image-50489\" srcset=\"https:\/\/www.weber-fag.de\/wordpress\/wp-content\/uploads\/2022\/04\/2204_FAG-Balingen_0015.jpg 920w, https:\/\/www.weber-fag.de\/wordpress\/wp-content\/uploads\/2022\/04\/2204_FAG-Balingen_0015-300x200.jpg 300w, https:\/\/www.weber-fag.de\/wordpress\/wp-content\/uploads\/2022\/04\/2204_FAG-Balingen_0015-768x512.jpg 768w\" sizes=\"auto, (max-width: 920px) 100vw, 920px\" \/><figcaption class=\"blocks-gallery-item__caption\">Marcel Schiller (FAG)<\/figcaption><\/figure><\/li><li class=\"blocks-gallery-item\"><figure><img loading=\"lazy\" decoding=\"async\" width=\"920\" height=\"613\" src=\"https:\/\/www.weber-fag.de\/wordpress\/wp-content\/uploads\/2022\/04\/2204_FAG-Balingen_0016.jpg\" alt=\"\" data-id=\"50490\" data-full-url=\"https:\/\/www.weber-fag.de\/wordpress\/wp-content\/uploads\/2022\/04\/2204_FAG-Balingen_0016.jpg\" data-link=\"https:\/\/www.weber-fag.de\/wordpress\/?attachment_id=50490\" class=\"wp-image-50490\" srcset=\"https:\/\/www.weber-fag.de\/wordpress\/wp-content\/uploads\/2022\/04\/2204_FAG-Balingen_0016.jpg 920w, https:\/\/www.weber-fag.de\/wordpress\/wp-content\/uploads\/2022\/04\/2204_FAG-Balingen_0016-300x200.jpg 300w, https:\/\/www.weber-fag.de\/wordpress\/wp-content\/uploads\/2022\/04\/2204_FAG-Balingen_0016-768x512.jpg 768w\" sizes=\"auto, (max-width: 920px) 100vw, 920px\" \/><figcaption class=\"blocks-gallery-item__caption\">Kevin Gulliksen (FAG)<\/figcaption><\/figure><\/li><li class=\"blocks-gallery-item\"><figure><img loading=\"lazy\" decoding=\"async\" width=\"920\" height=\"613\" src=\"https:\/\/www.weber-fag.de\/wordpress\/wp-content\/uploads\/2022\/04\/2204_FAG-Balingen_0017.jpg\" alt=\"\" data-id=\"50491\" data-full-url=\"https:\/\/www.weber-fag.de\/wordpress\/wp-content\/uploads\/2022\/04\/2204_FAG-Balingen_0017.jpg\" data-link=\"https:\/\/www.weber-fag.de\/wordpress\/?attachment_id=50491\" class=\"wp-image-50491\" srcset=\"https:\/\/www.weber-fag.de\/wordpress\/wp-content\/uploads\/2022\/04\/2204_FAG-Balingen_0017.jpg 920w, https:\/\/www.weber-fag.de\/wordpress\/wp-content\/uploads\/2022\/04\/2204_FAG-Balingen_0017-300x200.jpg 300w, https:\/\/www.weber-fag.de\/wordpress\/wp-content\/uploads\/2022\/04\/2204_FAG-Balingen_0017-768x512.jpg 768w\" sizes=\"auto, (max-width: 920px) 100vw, 920px\" \/><figcaption class=\"blocks-gallery-item__caption\">Josip Sarac (FAG)<\/figcaption><\/figure><\/li><li class=\"blocks-gallery-item\"><figure><img loading=\"lazy\" decoding=\"async\" width=\"920\" height=\"613\" src=\"https:\/\/www.weber-fag.de\/wordpress\/wp-content\/uploads\/2022\/04\/2204_FAG-Balingen_0018.jpg\" alt=\"\" data-id=\"50492\" data-full-url=\"https:\/\/www.weber-fag.de\/wordpress\/wp-content\/uploads\/2022\/04\/2204_FAG-Balingen_0018.jpg\" data-link=\"https:\/\/www.weber-fag.de\/wordpress\/?attachment_id=50492\" class=\"wp-image-50492\" srcset=\"https:\/\/www.weber-fag.de\/wordpress\/wp-content\/uploads\/2022\/04\/2204_FAG-Balingen_0018.jpg 920w, https:\/\/www.weber-fag.de\/wordpress\/wp-content\/uploads\/2022\/04\/2204_FAG-Balingen_0018-300x200.jpg 300w, https:\/\/www.weber-fag.de\/wordpress\/wp-content\/uploads\/2022\/04\/2204_FAG-Balingen_0018-768x512.jpg 768w\" sizes=\"auto, (max-width: 920px) 100vw, 920px\" \/><figcaption class=\"blocks-gallery-item__caption\">Tim Kneule (FAG)<\/figcaption><\/figure><\/li><li class=\"blocks-gallery-item\"><figure><img loading=\"lazy\" decoding=\"async\" width=\"920\" height=\"613\" src=\"https:\/\/www.weber-fag.de\/wordpress\/wp-content\/uploads\/2022\/04\/2204_FAG-Balingen_0026.jpg\" alt=\"\" data-id=\"50493\" data-full-url=\"https:\/\/www.weber-fag.de\/wordpress\/wp-content\/uploads\/2022\/04\/2204_FAG-Balingen_0026.jpg\" data-link=\"https:\/\/www.weber-fag.de\/wordpress\/?attachment_id=50493\" class=\"wp-image-50493\" srcset=\"https:\/\/www.weber-fag.de\/wordpress\/wp-content\/uploads\/2022\/04\/2204_FAG-Balingen_0026.jpg 920w, https:\/\/www.weber-fag.de\/wordpress\/wp-content\/uploads\/2022\/04\/2204_FAG-Balingen_0026-300x200.jpg 300w, https:\/\/www.weber-fag.de\/wordpress\/wp-content\/uploads\/2022\/04\/2204_FAG-Balingen_0026-768x512.jpg 768w\" sizes=\"auto, (max-width: 920px) 100vw, 920px\" \/><\/figure><\/li><li class=\"blocks-gallery-item\"><figure><img loading=\"lazy\" decoding=\"async\" width=\"920\" height=\"613\" src=\"https:\/\/www.weber-fag.de\/wordpress\/wp-content\/uploads\/2022\/04\/2204_FAG-Balingen_0030.jpg\" alt=\"\" data-id=\"50494\" data-full-url=\"https:\/\/www.weber-fag.de\/wordpress\/wp-content\/uploads\/2022\/04\/2204_FAG-Balingen_0030.jpg\" data-link=\"https:\/\/www.weber-fag.de\/wordpress\/?attachment_id=50494\" class=\"wp-image-50494\" srcset=\"https:\/\/www.weber-fag.de\/wordpress\/wp-content\/uploads\/2022\/04\/2204_FAG-Balingen_0030.jpg 920w, https:\/\/www.weber-fag.de\/wordpress\/wp-content\/uploads\/2022\/04\/2204_FAG-Balingen_0030-300x200.jpg 300w, https:\/\/www.weber-fag.de\/wordpress\/wp-content\/uploads\/2022\/04\/2204_FAG-Balingen_0030-768x512.jpg 768w\" sizes=\"auto, (max-width: 920px) 100vw, 920px\" \/><\/figure><\/li><li class=\"blocks-gallery-item\"><figure><img loading=\"lazy\" decoding=\"async\" width=\"920\" height=\"613\" src=\"https:\/\/www.weber-fag.de\/wordpress\/wp-content\/uploads\/2022\/04\/2204_FAG-Balingen_0034.jpg\" alt=\"\" data-id=\"50495\" data-full-url=\"https:\/\/www.weber-fag.de\/wordpress\/wp-content\/uploads\/2022\/04\/2204_FAG-Balingen_0034.jpg\" data-link=\"https:\/\/www.weber-fag.de\/wordpress\/?attachment_id=50495\" class=\"wp-image-50495\" srcset=\"https:\/\/www.weber-fag.de\/wordpress\/wp-content\/uploads\/2022\/04\/2204_FAG-Balingen_0034.jpg 920w, https:\/\/www.weber-fag.de\/wordpress\/wp-content\/uploads\/2022\/04\/2204_FAG-Balingen_0034-300x200.jpg 300w, https:\/\/www.weber-fag.de\/wordpress\/wp-content\/uploads\/2022\/04\/2204_FAG-Balingen_0034-768x512.jpg 768w\" sizes=\"auto, (max-width: 920px) 100vw, 920px\" \/><figcaption class=\"blocks-gallery-item__caption\">Marcel Schiller (FAG)<\/figcaption><\/figure><\/li><li class=\"blocks-gallery-item\"><figure><img loading=\"lazy\" decoding=\"async\" width=\"920\" height=\"613\" src=\"https:\/\/www.weber-fag.de\/wordpress\/wp-content\/uploads\/2022\/04\/2204_FAG-Balingen_0036.jpg\" alt=\"\" data-id=\"50496\" data-full-url=\"https:\/\/www.weber-fag.de\/wordpress\/wp-content\/uploads\/2022\/04\/2204_FAG-Balingen_0036.jpg\" data-link=\"https:\/\/www.weber-fag.de\/wordpress\/?attachment_id=50496\" class=\"wp-image-50496\" srcset=\"https:\/\/www.weber-fag.de\/wordpress\/wp-content\/uploads\/2022\/04\/2204_FAG-Balingen_0036.jpg 920w, https:\/\/www.weber-fag.de\/wordpress\/wp-content\/uploads\/2022\/04\/2204_FAG-Balingen_0036-300x200.jpg 300w, https:\/\/www.weber-fag.de\/wordpress\/wp-content\/uploads\/2022\/04\/2204_FAG-Balingen_0036-768x512.jpg 768w\" sizes=\"auto, (max-width: 920px) 100vw, 920px\" \/><\/figure><\/li><li class=\"blocks-gallery-item\"><figure><img loading=\"lazy\" decoding=\"async\" width=\"920\" height=\"613\" src=\"https:\/\/www.weber-fag.de\/wordpress\/wp-content\/uploads\/2022\/04\/2204_FAG-Balingen_0041.jpg\" alt=\"\" data-id=\"50497\" data-full-url=\"https:\/\/www.weber-fag.de\/wordpress\/wp-content\/uploads\/2022\/04\/2204_FAG-Balingen_0041.jpg\" data-link=\"https:\/\/www.weber-fag.de\/wordpress\/?attachment_id=50497\" class=\"wp-image-50497\" srcset=\"https:\/\/www.weber-fag.de\/wordpress\/wp-content\/uploads\/2022\/04\/2204_FAG-Balingen_0041.jpg 920w, https:\/\/www.weber-fag.de\/wordpress\/wp-content\/uploads\/2022\/04\/2204_FAG-Balingen_0041-300x200.jpg 300w, https:\/\/www.weber-fag.de\/wordpress\/wp-content\/uploads\/2022\/04\/2204_FAG-Balingen_0041-768x512.jpg 768w\" sizes=\"auto, (max-width: 920px) 100vw, 920px\" \/><figcaption class=\"blocks-gallery-item__caption\">Kevin Gulliksen (FAG)<\/figcaption><\/figure><\/li><li class=\"blocks-gallery-item\"><figure><img loading=\"lazy\" decoding=\"async\" width=\"920\" height=\"613\" src=\"https:\/\/www.weber-fag.de\/wordpress\/wp-content\/uploads\/2022\/04\/2204_FAG-Balingen_0046.jpg\" alt=\"\" data-id=\"50498\" data-full-url=\"https:\/\/www.weber-fag.de\/wordpress\/wp-content\/uploads\/2022\/04\/2204_FAG-Balingen_0046.jpg\" data-link=\"https:\/\/www.weber-fag.de\/wordpress\/?attachment_id=50498\" class=\"wp-image-50498\" srcset=\"https:\/\/www.weber-fag.de\/wordpress\/wp-content\/uploads\/2022\/04\/2204_FAG-Balingen_0046.jpg 920w, https:\/\/www.weber-fag.de\/wordpress\/wp-content\/uploads\/2022\/04\/2204_FAG-Balingen_0046-300x200.jpg 300w, https:\/\/www.weber-fag.de\/wordpress\/wp-content\/uploads\/2022\/04\/2204_FAG-Balingen_0046-768x512.jpg 768w\" sizes=\"auto, (max-width: 920px) 100vw, 920px\" \/><\/figure><\/li><li class=\"blocks-gallery-item\"><figure><img loading=\"lazy\" decoding=\"async\" width=\"920\" height=\"613\" src=\"https:\/\/www.weber-fag.de\/wordpress\/wp-content\/uploads\/2022\/04\/2204_FAG-Balingen_0051.jpg\" alt=\"\" data-id=\"50499\" data-full-url=\"https:\/\/www.weber-fag.de\/wordpress\/wp-content\/uploads\/2022\/04\/2204_FAG-Balingen_0051.jpg\" data-link=\"https:\/\/www.weber-fag.de\/wordpress\/?attachment_id=50499\" class=\"wp-image-50499\" srcset=\"https:\/\/www.weber-fag.de\/wordpress\/wp-content\/uploads\/2022\/04\/2204_FAG-Balingen_0051.jpg 920w, https:\/\/www.weber-fag.de\/wordpress\/wp-content\/uploads\/2022\/04\/2204_FAG-Balingen_0051-300x200.jpg 300w, https:\/\/www.weber-fag.de\/wordpress\/wp-content\/uploads\/2022\/04\/2204_FAG-Balingen_0051-768x512.jpg 768w\" sizes=\"auto, (max-width: 920px) 100vw, 920px\" \/><figcaption class=\"blocks-gallery-item__caption\">Kresimir Kozina (FAG)<\/figcaption><\/figure><\/li><li class=\"blocks-gallery-item\"><figure><img loading=\"lazy\" decoding=\"async\" width=\"920\" height=\"613\" src=\"https:\/\/www.weber-fag.de\/wordpress\/wp-content\/uploads\/2022\/04\/2204_FAG-Balingen_0058.jpg\" alt=\"\" data-id=\"50500\" data-full-url=\"https:\/\/www.weber-fag.de\/wordpress\/wp-content\/uploads\/2022\/04\/2204_FAG-Balingen_0058.jpg\" data-link=\"https:\/\/www.weber-fag.de\/wordpress\/?attachment_id=50500\" class=\"wp-image-50500\" srcset=\"https:\/\/www.weber-fag.de\/wordpress\/wp-content\/uploads\/2022\/04\/2204_FAG-Balingen_0058.jpg 920w, https:\/\/www.weber-fag.de\/wordpress\/wp-content\/uploads\/2022\/04\/2204_FAG-Balingen_0058-300x200.jpg 300w, https:\/\/www.weber-fag.de\/wordpress\/wp-content\/uploads\/2022\/04\/2204_FAG-Balingen_0058-768x512.jpg 768w\" sizes=\"auto, (max-width: 920px) 100vw, 920px\" \/><figcaption class=\"blocks-gallery-item__caption\">Jacob Bagersted (FAG)<\/figcaption><\/figure><\/li><li class=\"blocks-gallery-item\"><figure><img loading=\"lazy\" decoding=\"async\" width=\"920\" height=\"613\" src=\"https:\/\/www.weber-fag.de\/wordpress\/wp-content\/uploads\/2022\/04\/2204_FAG-Balingen_0066.jpg\" alt=\"\" data-id=\"50501\" data-full-url=\"https:\/\/www.weber-fag.de\/wordpress\/wp-content\/uploads\/2022\/04\/2204_FAG-Balingen_0066.jpg\" data-link=\"https:\/\/www.weber-fag.de\/wordpress\/?attachment_id=50501\" class=\"wp-image-50501\" srcset=\"https:\/\/www.weber-fag.de\/wordpress\/wp-content\/uploads\/2022\/04\/2204_FAG-Balingen_0066.jpg 920w, https:\/\/www.weber-fag.de\/wordpress\/wp-content\/uploads\/2022\/04\/2204_FAG-Balingen_0066-300x200.jpg 300w, https:\/\/www.weber-fag.de\/wordpress\/wp-content\/uploads\/2022\/04\/2204_FAG-Balingen_0066-768x512.jpg 768w\" sizes=\"auto, (max-width: 920px) 100vw, 920px\" \/><figcaption class=\"blocks-gallery-item__caption\">Trainer Hartmut Mayerhoffer (FAG)<\/figcaption><\/figure><\/li><li class=\"blocks-gallery-item\"><figure><img loading=\"lazy\" decoding=\"async\" width=\"920\" height=\"613\" src=\"https:\/\/www.weber-fag.de\/wordpress\/wp-content\/uploads\/2022\/04\/2204_FAG-Balingen_0070.jpg\" alt=\"\" data-id=\"50502\" data-full-url=\"https:\/\/www.weber-fag.de\/wordpress\/wp-content\/uploads\/2022\/04\/2204_FAG-Balingen_0070.jpg\" data-link=\"https:\/\/www.weber-fag.de\/wordpress\/?attachment_id=50502\" class=\"wp-image-50502\" srcset=\"https:\/\/www.weber-fag.de\/wordpress\/wp-content\/uploads\/2022\/04\/2204_FAG-Balingen_0070.jpg 920w, https:\/\/www.weber-fag.de\/wordpress\/wp-content\/uploads\/2022\/04\/2204_FAG-Balingen_0070-300x200.jpg 300w, https:\/\/www.weber-fag.de\/wordpress\/wp-content\/uploads\/2022\/04\/2204_FAG-Balingen_0070-768x512.jpg 768w\" sizes=\"auto, (max-width: 920px) 100vw, 920px\" \/><figcaption class=\"blocks-gallery-item__caption\">Jon Lindenchrone Andersen (FAG)<\/figcaption><\/figure><\/li><li class=\"blocks-gallery-item\"><figure><img loading=\"lazy\" decoding=\"async\" width=\"920\" height=\"613\" src=\"https:\/\/www.weber-fag.de\/wordpress\/wp-content\/uploads\/2022\/04\/2204_FAG-Balingen_0075.jpg\" alt=\"\" data-id=\"50503\" data-full-url=\"https:\/\/www.weber-fag.de\/wordpress\/wp-content\/uploads\/2022\/04\/2204_FAG-Balingen_0075.jpg\" data-link=\"https:\/\/www.weber-fag.de\/wordpress\/?attachment_id=50503\" class=\"wp-image-50503\" srcset=\"https:\/\/www.weber-fag.de\/wordpress\/wp-content\/uploads\/2022\/04\/2204_FAG-Balingen_0075.jpg 920w, https:\/\/www.weber-fag.de\/wordpress\/wp-content\/uploads\/2022\/04\/2204_FAG-Balingen_0075-300x200.jpg 300w, https:\/\/www.weber-fag.de\/wordpress\/wp-content\/uploads\/2022\/04\/2204_FAG-Balingen_0075-768x512.jpg 768w\" sizes=\"auto, (max-width: 920px) 100vw, 920px\" \/><figcaption class=\"blocks-gallery-item__caption\">Jon Lindenchrone Andersen (FAG)<\/figcaption><\/figure><\/li><li class=\"blocks-gallery-item\"><figure><img loading=\"lazy\" decoding=\"async\" width=\"920\" height=\"613\" src=\"https:\/\/www.weber-fag.de\/wordpress\/wp-content\/uploads\/2022\/04\/2204_FAG-Balingen_0077.jpg\" alt=\"\" data-id=\"50504\" data-full-url=\"https:\/\/www.weber-fag.de\/wordpress\/wp-content\/uploads\/2022\/04\/2204_FAG-Balingen_0077.jpg\" data-link=\"https:\/\/www.weber-fag.de\/wordpress\/?attachment_id=50504\" class=\"wp-image-50504\" srcset=\"https:\/\/www.weber-fag.de\/wordpress\/wp-content\/uploads\/2022\/04\/2204_FAG-Balingen_0077.jpg 920w, https:\/\/www.weber-fag.de\/wordpress\/wp-content\/uploads\/2022\/04\/2204_FAG-Balingen_0077-300x200.jpg 300w, https:\/\/www.weber-fag.de\/wordpress\/wp-content\/uploads\/2022\/04\/2204_FAG-Balingen_0077-768x512.jpg 768w\" sizes=\"auto, (max-width: 920px) 100vw, 920px\" \/><figcaption class=\"blocks-gallery-item__caption\">Kevin Gulliksen (FAG)<\/figcaption><\/figure><\/li><li class=\"blocks-gallery-item\"><figure><img loading=\"lazy\" decoding=\"async\" width=\"920\" height=\"613\" src=\"https:\/\/www.weber-fag.de\/wordpress\/wp-content\/uploads\/2022\/04\/2204_FAG-Balingen_0079.jpg\" alt=\"\" data-id=\"50505\" data-full-url=\"https:\/\/www.weber-fag.de\/wordpress\/wp-content\/uploads\/2022\/04\/2204_FAG-Balingen_0079.jpg\" data-link=\"https:\/\/www.weber-fag.de\/wordpress\/?attachment_id=50505\" class=\"wp-image-50505\" srcset=\"https:\/\/www.weber-fag.de\/wordpress\/wp-content\/uploads\/2022\/04\/2204_FAG-Balingen_0079.jpg 920w, https:\/\/www.weber-fag.de\/wordpress\/wp-content\/uploads\/2022\/04\/2204_FAG-Balingen_0079-300x200.jpg 300w, https:\/\/www.weber-fag.de\/wordpress\/wp-content\/uploads\/2022\/04\/2204_FAG-Balingen_0079-768x512.jpg 768w\" sizes=\"auto, (max-width: 920px) 100vw, 920px\" \/><\/figure><\/li><li class=\"blocks-gallery-item\"><figure><img loading=\"lazy\" decoding=\"async\" width=\"920\" height=\"613\" src=\"https:\/\/www.weber-fag.de\/wordpress\/wp-content\/uploads\/2022\/04\/2204_FAG-Balingen_0082.jpg\" alt=\"\" data-id=\"50506\" data-full-url=\"https:\/\/www.weber-fag.de\/wordpress\/wp-content\/uploads\/2022\/04\/2204_FAG-Balingen_0082.jpg\" data-link=\"https:\/\/www.weber-fag.de\/wordpress\/?attachment_id=50506\" class=\"wp-image-50506\" srcset=\"https:\/\/www.weber-fag.de\/wordpress\/wp-content\/uploads\/2022\/04\/2204_FAG-Balingen_0082.jpg 920w, https:\/\/www.weber-fag.de\/wordpress\/wp-content\/uploads\/2022\/04\/2204_FAG-Balingen_0082-300x200.jpg 300w, https:\/\/www.weber-fag.de\/wordpress\/wp-content\/uploads\/2022\/04\/2204_FAG-Balingen_0082-768x512.jpg 768w\" sizes=\"auto, (max-width: 920px) 100vw, 920px\" \/><\/figure><\/li><li class=\"blocks-gallery-item\"><figure><img loading=\"lazy\" decoding=\"async\" width=\"920\" height=\"613\" src=\"https:\/\/www.weber-fag.de\/wordpress\/wp-content\/uploads\/2022\/04\/2204_FAG-Balingen_0091.jpg\" alt=\"\" data-id=\"50507\" data-full-url=\"https:\/\/www.weber-fag.de\/wordpress\/wp-content\/uploads\/2022\/04\/2204_FAG-Balingen_0091.jpg\" data-link=\"https:\/\/www.weber-fag.de\/wordpress\/?attachment_id=50507\" class=\"wp-image-50507\" srcset=\"https:\/\/www.weber-fag.de\/wordpress\/wp-content\/uploads\/2022\/04\/2204_FAG-Balingen_0091.jpg 920w, https:\/\/www.weber-fag.de\/wordpress\/wp-content\/uploads\/2022\/04\/2204_FAG-Balingen_0091-300x200.jpg 300w, https:\/\/www.weber-fag.de\/wordpress\/wp-content\/uploads\/2022\/04\/2204_FAG-Balingen_0091-768x512.jpg 768w\" sizes=\"auto, (max-width: 920px) 100vw, 920px\" \/><\/figure><\/li><li class=\"blocks-gallery-item\"><figure><img loading=\"lazy\" decoding=\"async\" width=\"920\" height=\"613\" src=\"https:\/\/www.weber-fag.de\/wordpress\/wp-content\/uploads\/2022\/04\/2204_FAG-Balingen_0129.jpg\" alt=\"\" data-id=\"50508\" data-full-url=\"https:\/\/www.weber-fag.de\/wordpress\/wp-content\/uploads\/2022\/04\/2204_FAG-Balingen_0129.jpg\" data-link=\"https:\/\/www.weber-fag.de\/wordpress\/?attachment_id=50508\" class=\"wp-image-50508\" srcset=\"https:\/\/www.weber-fag.de\/wordpress\/wp-content\/uploads\/2022\/04\/2204_FAG-Balingen_0129.jpg 920w, https:\/\/www.weber-fag.de\/wordpress\/wp-content\/uploads\/2022\/04\/2204_FAG-Balingen_0129-300x200.jpg 300w, https:\/\/www.weber-fag.de\/wordpress\/wp-content\/uploads\/2022\/04\/2204_FAG-Balingen_0129-768x512.jpg 768w\" sizes=\"auto, (max-width: 920px) 100vw, 920px\" \/><figcaption class=\"blocks-gallery-item__caption\">Marcel Schiller (FAG)<\/figcaption><\/figure><\/li><li class=\"blocks-gallery-item\"><figure><img loading=\"lazy\" decoding=\"async\" width=\"920\" height=\"613\" src=\"https:\/\/www.weber-fag.de\/wordpress\/wp-content\/uploads\/2022\/04\/2204_FAG-Balingen_0141.jpg\" alt=\"\" data-id=\"50509\" data-full-url=\"https:\/\/www.weber-fag.de\/wordpress\/wp-content\/uploads\/2022\/04\/2204_FAG-Balingen_0141.jpg\" data-link=\"https:\/\/www.weber-fag.de\/wordpress\/?attachment_id=50509\" class=\"wp-image-50509\" srcset=\"https:\/\/www.weber-fag.de\/wordpress\/wp-content\/uploads\/2022\/04\/2204_FAG-Balingen_0141.jpg 920w, https:\/\/www.weber-fag.de\/wordpress\/wp-content\/uploads\/2022\/04\/2204_FAG-Balingen_0141-300x200.jpg 300w, https:\/\/www.weber-fag.de\/wordpress\/wp-content\/uploads\/2022\/04\/2204_FAG-Balingen_0141-768x512.jpg 768w\" sizes=\"auto, (max-width: 920px) 100vw, 920px\" \/><figcaption class=\"blocks-gallery-item__caption\">Jon Lindenchrone Andersen (FAG)<\/figcaption><\/figure><\/li><li class=\"blocks-gallery-item\"><figure><img loading=\"lazy\" decoding=\"async\" width=\"920\" height=\"613\" src=\"https:\/\/www.weber-fag.de\/wordpress\/wp-content\/uploads\/2022\/04\/2204_FAG-Balingen_0164.jpg\" alt=\"\" data-id=\"50510\" data-full-url=\"https:\/\/www.weber-fag.de\/wordpress\/wp-content\/uploads\/2022\/04\/2204_FAG-Balingen_0164.jpg\" data-link=\"https:\/\/www.weber-fag.de\/wordpress\/?attachment_id=50510\" class=\"wp-image-50510\" srcset=\"https:\/\/www.weber-fag.de\/wordpress\/wp-content\/uploads\/2022\/04\/2204_FAG-Balingen_0164.jpg 920w, https:\/\/www.weber-fag.de\/wordpress\/wp-content\/uploads\/2022\/04\/2204_FAG-Balingen_0164-300x200.jpg 300w, https:\/\/www.weber-fag.de\/wordpress\/wp-content\/uploads\/2022\/04\/2204_FAG-Balingen_0164-768x512.jpg 768w\" sizes=\"auto, (max-width: 920px) 100vw, 920px\" \/><figcaption class=\"blocks-gallery-item__caption\">Kresimir Kozina (FAG)<\/figcaption><\/figure><\/li><li class=\"blocks-gallery-item\"><figure><img loading=\"lazy\" decoding=\"async\" width=\"920\" height=\"613\" src=\"https:\/\/www.weber-fag.de\/wordpress\/wp-content\/uploads\/2022\/04\/2204_FAG-Balingen_0171.jpg\" alt=\"\" data-id=\"50511\" data-full-url=\"https:\/\/www.weber-fag.de\/wordpress\/wp-content\/uploads\/2022\/04\/2204_FAG-Balingen_0171.jpg\" data-link=\"https:\/\/www.weber-fag.de\/wordpress\/?attachment_id=50511\" class=\"wp-image-50511\" srcset=\"https:\/\/www.weber-fag.de\/wordpress\/wp-content\/uploads\/2022\/04\/2204_FAG-Balingen_0171.jpg 920w, https:\/\/www.weber-fag.de\/wordpress\/wp-content\/uploads\/2022\/04\/2204_FAG-Balingen_0171-300x200.jpg 300w, https:\/\/www.weber-fag.de\/wordpress\/wp-content\/uploads\/2022\/04\/2204_FAG-Balingen_0171-768x512.jpg 768w\" sizes=\"auto, (max-width: 920px) 100vw, 920px\" \/><figcaption class=\"blocks-gallery-item__caption\">Josip Sarac (FAG)<\/figcaption><\/figure><\/li><li class=\"blocks-gallery-item\"><figure><img loading=\"lazy\" decoding=\"async\" width=\"920\" height=\"613\" src=\"https:\/\/www.weber-fag.de\/wordpress\/wp-content\/uploads\/2022\/04\/2204_FAG-Balingen_0179.jpg\" alt=\"\" data-id=\"50512\" data-full-url=\"https:\/\/www.weber-fag.de\/wordpress\/wp-content\/uploads\/2022\/04\/2204_FAG-Balingen_0179.jpg\" data-link=\"https:\/\/www.weber-fag.de\/wordpress\/?attachment_id=50512\" class=\"wp-image-50512\" srcset=\"https:\/\/www.weber-fag.de\/wordpress\/wp-content\/uploads\/2022\/04\/2204_FAG-Balingen_0179.jpg 920w, https:\/\/www.weber-fag.de\/wordpress\/wp-content\/uploads\/2022\/04\/2204_FAG-Balingen_0179-300x200.jpg 300w, https:\/\/www.weber-fag.de\/wordpress\/wp-content\/uploads\/2022\/04\/2204_FAG-Balingen_0179-768x512.jpg 768w\" sizes=\"auto, (max-width: 920px) 100vw, 920px\" \/><figcaption class=\"blocks-gallery-item__caption\">Till Hermann (FAG)<\/figcaption><\/figure><\/li><li class=\"blocks-gallery-item\"><figure><img loading=\"lazy\" decoding=\"async\" width=\"920\" height=\"613\" src=\"https:\/\/www.weber-fag.de\/wordpress\/wp-content\/uploads\/2022\/04\/2204_FAG-Balingen_0190.jpg\" alt=\"\" data-id=\"50513\" data-full-url=\"https:\/\/www.weber-fag.de\/wordpress\/wp-content\/uploads\/2022\/04\/2204_FAG-Balingen_0190.jpg\" data-link=\"https:\/\/www.weber-fag.de\/wordpress\/?attachment_id=50513\" class=\"wp-image-50513\" srcset=\"https:\/\/www.weber-fag.de\/wordpress\/wp-content\/uploads\/2022\/04\/2204_FAG-Balingen_0190.jpg 920w, https:\/\/www.weber-fag.de\/wordpress\/wp-content\/uploads\/2022\/04\/2204_FAG-Balingen_0190-300x200.jpg 300w, https:\/\/www.weber-fag.de\/wordpress\/wp-content\/uploads\/2022\/04\/2204_FAG-Balingen_0190-768x512.jpg 768w\" sizes=\"auto, (max-width: 920px) 100vw, 920px\" \/><figcaption class=\"blocks-gallery-item__caption\">Till Hermann (FAG)<\/figcaption><\/figure><\/li><li class=\"blocks-gallery-item\"><figure><img loading=\"lazy\" decoding=\"async\" width=\"920\" height=\"613\" src=\"https:\/\/www.weber-fag.de\/wordpress\/wp-content\/uploads\/2022\/04\/2204_FAG-Balingen_0194.jpg\" alt=\"\" data-id=\"50514\" data-full-url=\"https:\/\/www.weber-fag.de\/wordpress\/wp-content\/uploads\/2022\/04\/2204_FAG-Balingen_0194.jpg\" data-link=\"https:\/\/www.weber-fag.de\/wordpress\/?attachment_id=50514\" class=\"wp-image-50514\" srcset=\"https:\/\/www.weber-fag.de\/wordpress\/wp-content\/uploads\/2022\/04\/2204_FAG-Balingen_0194.jpg 920w, https:\/\/www.weber-fag.de\/wordpress\/wp-content\/uploads\/2022\/04\/2204_FAG-Balingen_0194-300x200.jpg 300w, https:\/\/www.weber-fag.de\/wordpress\/wp-content\/uploads\/2022\/04\/2204_FAG-Balingen_0194-768x512.jpg 768w\" sizes=\"auto, (max-width: 920px) 100vw, 920px\" \/><figcaption class=\"blocks-gallery-item__caption\">Till Hermann (FAG)<\/figcaption><\/figure><\/li><li class=\"blocks-gallery-item\"><figure><img loading=\"lazy\" decoding=\"async\" width=\"920\" height=\"613\" src=\"https:\/\/www.weber-fag.de\/wordpress\/wp-content\/uploads\/2022\/04\/2204_FAG-Balingen_0202.jpg\" alt=\"\" data-id=\"50515\" data-full-url=\"https:\/\/www.weber-fag.de\/wordpress\/wp-content\/uploads\/2022\/04\/2204_FAG-Balingen_0202.jpg\" data-link=\"https:\/\/www.weber-fag.de\/wordpress\/?attachment_id=50515\" class=\"wp-image-50515\" srcset=\"https:\/\/www.weber-fag.de\/wordpress\/wp-content\/uploads\/2022\/04\/2204_FAG-Balingen_0202.jpg 920w, https:\/\/www.weber-fag.de\/wordpress\/wp-content\/uploads\/2022\/04\/2204_FAG-Balingen_0202-300x200.jpg 300w, https:\/\/www.weber-fag.de\/wordpress\/wp-content\/uploads\/2022\/04\/2204_FAG-Balingen_0202-768x512.jpg 768w\" sizes=\"auto, (max-width: 920px) 100vw, 920px\" \/><figcaption class=\"blocks-gallery-item__caption\">Kevin Gulliksen (FAG)<\/figcaption><\/figure><\/li><li class=\"blocks-gallery-item\"><figure><img loading=\"lazy\" decoding=\"async\" width=\"920\" height=\"613\" src=\"https:\/\/www.weber-fag.de\/wordpress\/wp-content\/uploads\/2022\/04\/2204_FAG-Balingen_0214.jpg\" alt=\"\" data-id=\"50516\" data-full-url=\"https:\/\/www.weber-fag.de\/wordpress\/wp-content\/uploads\/2022\/04\/2204_FAG-Balingen_0214.jpg\" data-link=\"https:\/\/www.weber-fag.de\/wordpress\/?attachment_id=50516\" class=\"wp-image-50516\" srcset=\"https:\/\/www.weber-fag.de\/wordpress\/wp-content\/uploads\/2022\/04\/2204_FAG-Balingen_0214.jpg 920w, https:\/\/www.weber-fag.de\/wordpress\/wp-content\/uploads\/2022\/04\/2204_FAG-Balingen_0214-300x200.jpg 300w, https:\/\/www.weber-fag.de\/wordpress\/wp-content\/uploads\/2022\/04\/2204_FAG-Balingen_0214-768x512.jpg 768w\" sizes=\"auto, (max-width: 920px) 100vw, 920px\" \/><figcaption class=\"blocks-gallery-item__caption\">Urh Kastelic (FAG)<\/figcaption><\/figure><\/li><li class=\"blocks-gallery-item\"><figure><img loading=\"lazy\" decoding=\"async\" width=\"920\" height=\"613\" src=\"https:\/\/www.weber-fag.de\/wordpress\/wp-content\/uploads\/2022\/04\/2204_FAG-Balingen_0216.jpg\" alt=\"\" data-id=\"50517\" data-full-url=\"https:\/\/www.weber-fag.de\/wordpress\/wp-content\/uploads\/2022\/04\/2204_FAG-Balingen_0216.jpg\" data-link=\"https:\/\/www.weber-fag.de\/wordpress\/?attachment_id=50517\" class=\"wp-image-50517\" srcset=\"https:\/\/www.weber-fag.de\/wordpress\/wp-content\/uploads\/2022\/04\/2204_FAG-Balingen_0216.jpg 920w, https:\/\/www.weber-fag.de\/wordpress\/wp-content\/uploads\/2022\/04\/2204_FAG-Balingen_0216-300x200.jpg 300w, https:\/\/www.weber-fag.de\/wordpress\/wp-content\/uploads\/2022\/04\/2204_FAG-Balingen_0216-768x512.jpg 768w\" sizes=\"auto, (max-width: 920px) 100vw, 920px\" \/><figcaption class=\"blocks-gallery-item__caption\">Till Hermann (FAG)<\/figcaption><\/figure><\/li><li class=\"blocks-gallery-item\"><figure><img loading=\"lazy\" decoding=\"async\" width=\"920\" height=\"613\" src=\"https:\/\/www.weber-fag.de\/wordpress\/wp-content\/uploads\/2022\/04\/2204_FAG-Balingen_0230.jpg\" alt=\"\" data-id=\"50518\" data-full-url=\"https:\/\/www.weber-fag.de\/wordpress\/wp-content\/uploads\/2022\/04\/2204_FAG-Balingen_0230.jpg\" data-link=\"https:\/\/www.weber-fag.de\/wordpress\/?attachment_id=50518\" class=\"wp-image-50518\" srcset=\"https:\/\/www.weber-fag.de\/wordpress\/wp-content\/uploads\/2022\/04\/2204_FAG-Balingen_0230.jpg 920w, https:\/\/www.weber-fag.de\/wordpress\/wp-content\/uploads\/2022\/04\/2204_FAG-Balingen_0230-300x200.jpg 300w, https:\/\/www.weber-fag.de\/wordpress\/wp-content\/uploads\/2022\/04\/2204_FAG-Balingen_0230-768x512.jpg 768w\" sizes=\"auto, (max-width: 920px) 100vw, 920px\" \/><figcaption class=\"blocks-gallery-item__caption\">Kevin Gulliksen (FAG)<\/figcaption><\/figure><\/li><li class=\"blocks-gallery-item\"><figure><img loading=\"lazy\" decoding=\"async\" width=\"920\" height=\"613\" src=\"https:\/\/www.weber-fag.de\/wordpress\/wp-content\/uploads\/2022\/04\/2204_FAG-Balingen_0233.jpg\" alt=\"\" data-id=\"50519\" data-full-url=\"https:\/\/www.weber-fag.de\/wordpress\/wp-content\/uploads\/2022\/04\/2204_FAG-Balingen_0233.jpg\" data-link=\"https:\/\/www.weber-fag.de\/wordpress\/?attachment_id=50519\" class=\"wp-image-50519\" srcset=\"https:\/\/www.weber-fag.de\/wordpress\/wp-content\/uploads\/2022\/04\/2204_FAG-Balingen_0233.jpg 920w, https:\/\/www.weber-fag.de\/wordpress\/wp-content\/uploads\/2022\/04\/2204_FAG-Balingen_0233-300x200.jpg 300w, https:\/\/www.weber-fag.de\/wordpress\/wp-content\/uploads\/2022\/04\/2204_FAG-Balingen_0233-768x512.jpg 768w\" sizes=\"auto, (max-width: 920px) 100vw, 920px\" \/><\/figure><\/li><li class=\"blocks-gallery-item\"><figure><img loading=\"lazy\" decoding=\"async\" width=\"920\" height=\"613\" src=\"https:\/\/www.weber-fag.de\/wordpress\/wp-content\/uploads\/2022\/04\/2204_FAG-Balingen_0239.jpg\" alt=\"\" data-id=\"50520\" data-full-url=\"https:\/\/www.weber-fag.de\/wordpress\/wp-content\/uploads\/2022\/04\/2204_FAG-Balingen_0239.jpg\" data-link=\"https:\/\/www.weber-fag.de\/wordpress\/?attachment_id=50520\" class=\"wp-image-50520\" srcset=\"https:\/\/www.weber-fag.de\/wordpress\/wp-content\/uploads\/2022\/04\/2204_FAG-Balingen_0239.jpg 920w, https:\/\/www.weber-fag.de\/wordpress\/wp-content\/uploads\/2022\/04\/2204_FAG-Balingen_0239-300x200.jpg 300w, https:\/\/www.weber-fag.de\/wordpress\/wp-content\/uploads\/2022\/04\/2204_FAG-Balingen_0239-768x512.jpg 768w\" sizes=\"auto, (max-width: 920px) 100vw, 920px\" \/><\/figure><\/li><li class=\"blocks-gallery-item\"><figure><img loading=\"lazy\" decoding=\"async\" width=\"920\" height=\"613\" src=\"https:\/\/www.weber-fag.de\/wordpress\/wp-content\/uploads\/2022\/04\/2204_FAG-Balingen_0243.jpg\" alt=\"\" data-id=\"50521\" data-full-url=\"https:\/\/www.weber-fag.de\/wordpress\/wp-content\/uploads\/2022\/04\/2204_FAG-Balingen_0243.jpg\" data-link=\"https:\/\/www.weber-fag.de\/wordpress\/?attachment_id=50521\" class=\"wp-image-50521\" srcset=\"https:\/\/www.weber-fag.de\/wordpress\/wp-content\/uploads\/2022\/04\/2204_FAG-Balingen_0243.jpg 920w, https:\/\/www.weber-fag.de\/wordpress\/wp-content\/uploads\/2022\/04\/2204_FAG-Balingen_0243-300x200.jpg 300w, https:\/\/www.weber-fag.de\/wordpress\/wp-content\/uploads\/2022\/04\/2204_FAG-Balingen_0243-768x512.jpg 768w\" sizes=\"auto, (max-width: 920px) 100vw, 920px\" \/><\/figure><\/li><li class=\"blocks-gallery-item\"><figure><img loading=\"lazy\" decoding=\"async\" width=\"920\" height=\"613\" src=\"https:\/\/www.weber-fag.de\/wordpress\/wp-content\/uploads\/2022\/04\/2204_FAG-Balingen_0244.jpg\" alt=\"\" data-id=\"50522\" data-full-url=\"https:\/\/www.weber-fag.de\/wordpress\/wp-content\/uploads\/2022\/04\/2204_FAG-Balingen_0244.jpg\" data-link=\"https:\/\/www.weber-fag.de\/wordpress\/?attachment_id=50522\" class=\"wp-image-50522\" srcset=\"https:\/\/www.weber-fag.de\/wordpress\/wp-content\/uploads\/2022\/04\/2204_FAG-Balingen_0244.jpg 920w, https:\/\/www.weber-fag.de\/wordpress\/wp-content\/uploads\/2022\/04\/2204_FAG-Balingen_0244-300x200.jpg 300w, https:\/\/www.weber-fag.de\/wordpress\/wp-content\/uploads\/2022\/04\/2204_FAG-Balingen_0244-768x512.jpg 768w\" sizes=\"auto, (max-width: 920px) 100vw, 920px\" \/><\/figure><\/li><li class=\"blocks-gallery-item\"><figure><img loading=\"lazy\" decoding=\"async\" width=\"920\" height=\"613\" src=\"https:\/\/www.weber-fag.de\/wordpress\/wp-content\/uploads\/2022\/04\/2204_FAG-Balingen_0247.jpg\" alt=\"\" data-id=\"50523\" data-full-url=\"https:\/\/www.weber-fag.de\/wordpress\/wp-content\/uploads\/2022\/04\/2204_FAG-Balingen_0247.jpg\" data-link=\"https:\/\/www.weber-fag.de\/wordpress\/?attachment_id=50523\" class=\"wp-image-50523\" srcset=\"https:\/\/www.weber-fag.de\/wordpress\/wp-content\/uploads\/2022\/04\/2204_FAG-Balingen_0247.jpg 920w, https:\/\/www.weber-fag.de\/wordpress\/wp-content\/uploads\/2022\/04\/2204_FAG-Balingen_0247-300x200.jpg 300w, https:\/\/www.weber-fag.de\/wordpress\/wp-content\/uploads\/2022\/04\/2204_FAG-Balingen_0247-768x512.jpg 768w\" sizes=\"auto, (max-width: 920px) 100vw, 920px\" \/><\/figure><\/li><\/ul><\/figure>\n<div class=\"pp-fb-like-btn-wrap\"><div class=\"fb-like\" data-href=\"https:\/\/www.weber-fag.de\/wordpress\/frisch-auf-goeppingen-vs-balingen-weilstetten\/\" data-share=\"false\" data-layout=\"button_count\" data-width=\"90\" data-show-faces=\"\" data-action=\"like\"><\/div><\/div>","protected":false},"excerpt":{"rendered":"<p>Mit einer \u00e4rgerlichen und v\u00f6llig unn\u00f6tigen 27:28 Niederlage gegen den Tabellenletzten Balingen-Weilstetten mussten die Hausherren einen schweren R\u00fcckschlag um den Kampf um die Europapokalpl\u00e4tze hinnehmen. Hier die Bilder vom Spiel<\/p>\n","protected":false},"author":1,"featured_media":50486,"comment_status":"open","ping_status":"open","sticky":false,"template":"","format":"standard","meta":{"footnotes":""},"categories":[5],"tags":[],"class_list":["post-50485","post","type-post","status-publish","format-standard","has-post-thumbnail","hentry","category-bundesliga"],"_links":{"self":[{"href":"https:\/\/www.weber-fag.de\/wordpress\/wp-json\/wp\/v2\/posts\/50485","targetHints":{"allow":["GET"]}}],"collection":[{"href":"https:\/\/www.weber-fag.de\/wordpress\/wp-json\/wp\/v2\/posts"}],"about":[{"href":"https:\/\/www.weber-fag.de\/wordpress\/wp-json\/wp\/v2\/types\/post"}],"author":[{"embeddable":true,"href":"https:\/\/www.weber-fag.de\/wordpress\/wp-json\/wp\/v2\/users\/1"}],"replies":[{"embeddable":true,"href":"https:\/\/www.weber-fag.de\/wordpress\/wp-json\/wp\/v2\/comments?post=50485"}],"version-history":[{"count":1,"href":"https:\/\/www.weber-fag.de\/wordpress\/wp-json\/wp\/v2\/posts\/50485\/revisions"}],"predecessor-version":[{"id":50524,"href":"https:\/\/www.weber-fag.de\/wordpress\/wp-json\/wp\/v2\/posts\/50485\/revisions\/50524"}],"wp:featuredmedia":[{"embeddable":true,"href":"https:\/\/www.weber-fag.de\/wordpress\/wp-json\/wp\/v2\/media\/50486"}],"wp:attachment":[{"href":"https:\/\/www.weber-fag.de\/wordpress\/wp-json\/wp\/v2\/media?parent=50485"}],"wp:term":[{"taxonomy":"category","embeddable":true,"href":"https:\/\/www.weber-fag.de\/wordpress\/wp-json\/wp\/v2\/categories?post=50485"},{"taxonomy":"post_tag","embeddable":true,"href":"https:\/\/www.weber-fag.de\/wordpress\/wp-json\/wp\/v2\/tags?post=50485"}],"curies":[{"name":"wp","href":"https:\/\/api.w.org\/{rel}","templated":true}]}}