{"id":50432,"date":"2022-02-15T15:45:42","date_gmt":"2022-02-15T13:45:42","guid":{"rendered":"http:\/\/www.weber-fag.de\/wordpress\/?p=50432"},"modified":"2022-02-15T15:45:44","modified_gmt":"2022-02-15T13:45:44","slug":"frisch-auf-goeppingen-vs-hsg-wetzlar-2","status":"publish","type":"post","link":"https:\/\/www.weber-fag.de\/wordpress\/frisch-auf-goeppingen-vs-hsg-wetzlar-2\/","title":{"rendered":"FRISCH AUF! G\u00f6ppingen vs. HSG Wetzlar"},"content":{"rendered":"\n<p>Mit einer tollen Leistung setzte G\u00f6ppingen die richtige Antwort auf das zuletzt schwache Ausw\u00e4rtsspiel gegen Minden. Mit einem in dieser H\u00f6he v\u00f6llig verdienten Sieg (33:26) konnten sich die G\u00f6ppinger gegen den direkten Tabellennachbarn aus Wetzlar klar durchsetzen. Hier die Bilder vom Spiel<\/p>\n\n\n\n<figure class=\"wp-block-image size-full\"><img loading=\"lazy\" decoding=\"async\" width=\"920\" height=\"613\" src=\"https:\/\/www.weber-fag.de\/wordpress\/wp-content\/uploads\/2022\/02\/2202_FAG-Wetzlar_0176.jpg\" alt=\"\" class=\"wp-image-50433\" srcset=\"https:\/\/www.weber-fag.de\/wordpress\/wp-content\/uploads\/2022\/02\/2202_FAG-Wetzlar_0176.jpg 920w, https:\/\/www.weber-fag.de\/wordpress\/wp-content\/uploads\/2022\/02\/2202_FAG-Wetzlar_0176-300x200.jpg 300w, https:\/\/www.weber-fag.de\/wordpress\/wp-content\/uploads\/2022\/02\/2202_FAG-Wetzlar_0176-768x512.jpg 768w\" sizes=\"auto, (max-width: 920px) 100vw, 920px\" \/><figcaption>Sebastian Heymann (FAG)<\/figcaption><\/figure>\n\n\n\n<!--more-->\n\n\n\n<figure class=\"wp-block-gallery columns-1 is-cropped wp-block-gallery-1 is-layout-flex wp-block-gallery-is-layout-flex\"><ul class=\"blocks-gallery-grid\"><li class=\"blocks-gallery-item\"><figure><img loading=\"lazy\" decoding=\"async\" width=\"920\" height=\"613\" src=\"https:\/\/www.weber-fag.de\/wordpress\/wp-content\/uploads\/2022\/02\/2202_FAG-Wetzlar_0018.jpg\" alt=\"\" data-id=\"50434\" data-full-url=\"https:\/\/www.weber-fag.de\/wordpress\/wp-content\/uploads\/2022\/02\/2202_FAG-Wetzlar_0018.jpg\" data-link=\"https:\/\/www.weber-fag.de\/wordpress\/?attachment_id=50434\" class=\"wp-image-50434\" srcset=\"https:\/\/www.weber-fag.de\/wordpress\/wp-content\/uploads\/2022\/02\/2202_FAG-Wetzlar_0018.jpg 920w, https:\/\/www.weber-fag.de\/wordpress\/wp-content\/uploads\/2022\/02\/2202_FAG-Wetzlar_0018-300x200.jpg 300w, https:\/\/www.weber-fag.de\/wordpress\/wp-content\/uploads\/2022\/02\/2202_FAG-Wetzlar_0018-768x512.jpg 768w\" sizes=\"auto, (max-width: 920px) 100vw, 920px\" \/><figcaption class=\"blocks-gallery-item__caption\">Kresimir Kozina (FAG)<\/figcaption><\/figure><\/li><li class=\"blocks-gallery-item\"><figure><img loading=\"lazy\" decoding=\"async\" width=\"920\" height=\"613\" src=\"https:\/\/www.weber-fag.de\/wordpress\/wp-content\/uploads\/2022\/02\/2202_FAG-Wetzlar_0023.jpg\" alt=\"\" data-id=\"50435\" data-full-url=\"https:\/\/www.weber-fag.de\/wordpress\/wp-content\/uploads\/2022\/02\/2202_FAG-Wetzlar_0023.jpg\" data-link=\"https:\/\/www.weber-fag.de\/wordpress\/?attachment_id=50435\" class=\"wp-image-50435\" srcset=\"https:\/\/www.weber-fag.de\/wordpress\/wp-content\/uploads\/2022\/02\/2202_FAG-Wetzlar_0023.jpg 920w, https:\/\/www.weber-fag.de\/wordpress\/wp-content\/uploads\/2022\/02\/2202_FAG-Wetzlar_0023-300x200.jpg 300w, https:\/\/www.weber-fag.de\/wordpress\/wp-content\/uploads\/2022\/02\/2202_FAG-Wetzlar_0023-768x512.jpg 768w\" sizes=\"auto, (max-width: 920px) 100vw, 920px\" \/><figcaption class=\"blocks-gallery-item__caption\">Sebastian Heymann (FAG)<\/figcaption><\/figure><\/li><li class=\"blocks-gallery-item\"><figure><img loading=\"lazy\" decoding=\"async\" width=\"920\" height=\"613\" src=\"https:\/\/www.weber-fag.de\/wordpress\/wp-content\/uploads\/2022\/02\/2202_FAG-Wetzlar_0027.jpg\" alt=\"\" data-id=\"50436\" data-full-url=\"https:\/\/www.weber-fag.de\/wordpress\/wp-content\/uploads\/2022\/02\/2202_FAG-Wetzlar_0027.jpg\" data-link=\"https:\/\/www.weber-fag.de\/wordpress\/?attachment_id=50436\" class=\"wp-image-50436\" srcset=\"https:\/\/www.weber-fag.de\/wordpress\/wp-content\/uploads\/2022\/02\/2202_FAG-Wetzlar_0027.jpg 920w, https:\/\/www.weber-fag.de\/wordpress\/wp-content\/uploads\/2022\/02\/2202_FAG-Wetzlar_0027-300x200.jpg 300w, https:\/\/www.weber-fag.de\/wordpress\/wp-content\/uploads\/2022\/02\/2202_FAG-Wetzlar_0027-768x512.jpg 768w\" sizes=\"auto, (max-width: 920px) 100vw, 920px\" \/><figcaption class=\"blocks-gallery-item__caption\">Jacob Bagersted (FAG)<\/figcaption><\/figure><\/li><li class=\"blocks-gallery-item\"><figure><img loading=\"lazy\" decoding=\"async\" width=\"920\" height=\"613\" src=\"https:\/\/www.weber-fag.de\/wordpress\/wp-content\/uploads\/2022\/02\/2202_FAG-Wetzlar_0031.jpg\" alt=\"\" data-id=\"50437\" data-full-url=\"https:\/\/www.weber-fag.de\/wordpress\/wp-content\/uploads\/2022\/02\/2202_FAG-Wetzlar_0031.jpg\" data-link=\"https:\/\/www.weber-fag.de\/wordpress\/?attachment_id=50437\" class=\"wp-image-50437\" srcset=\"https:\/\/www.weber-fag.de\/wordpress\/wp-content\/uploads\/2022\/02\/2202_FAG-Wetzlar_0031.jpg 920w, https:\/\/www.weber-fag.de\/wordpress\/wp-content\/uploads\/2022\/02\/2202_FAG-Wetzlar_0031-300x200.jpg 300w, https:\/\/www.weber-fag.de\/wordpress\/wp-content\/uploads\/2022\/02\/2202_FAG-Wetzlar_0031-768x512.jpg 768w\" sizes=\"auto, (max-width: 920px) 100vw, 920px\" \/><figcaption class=\"blocks-gallery-item__caption\">Till Hermann (FAG)<\/figcaption><\/figure><\/li><li class=\"blocks-gallery-item\"><figure><img loading=\"lazy\" decoding=\"async\" width=\"920\" height=\"613\" src=\"https:\/\/www.weber-fag.de\/wordpress\/wp-content\/uploads\/2022\/02\/2202_FAG-Wetzlar_0032.jpg\" alt=\"\" data-id=\"50438\" data-full-url=\"https:\/\/www.weber-fag.de\/wordpress\/wp-content\/uploads\/2022\/02\/2202_FAG-Wetzlar_0032.jpg\" data-link=\"https:\/\/www.weber-fag.de\/wordpress\/?attachment_id=50438\" class=\"wp-image-50438\" srcset=\"https:\/\/www.weber-fag.de\/wordpress\/wp-content\/uploads\/2022\/02\/2202_FAG-Wetzlar_0032.jpg 920w, https:\/\/www.weber-fag.de\/wordpress\/wp-content\/uploads\/2022\/02\/2202_FAG-Wetzlar_0032-300x200.jpg 300w, https:\/\/www.weber-fag.de\/wordpress\/wp-content\/uploads\/2022\/02\/2202_FAG-Wetzlar_0032-768x512.jpg 768w\" sizes=\"auto, (max-width: 920px) 100vw, 920px\" \/><figcaption class=\"blocks-gallery-item__caption\">Axel Goller (FAG)<\/figcaption><\/figure><\/li><li class=\"blocks-gallery-item\"><figure><img loading=\"lazy\" decoding=\"async\" width=\"920\" height=\"613\" src=\"https:\/\/www.weber-fag.de\/wordpress\/wp-content\/uploads\/2022\/02\/2202_FAG-Wetzlar_0038.jpg\" alt=\"\" data-id=\"50439\" data-full-url=\"https:\/\/www.weber-fag.de\/wordpress\/wp-content\/uploads\/2022\/02\/2202_FAG-Wetzlar_0038.jpg\" data-link=\"https:\/\/www.weber-fag.de\/wordpress\/?attachment_id=50439\" class=\"wp-image-50439\" srcset=\"https:\/\/www.weber-fag.de\/wordpress\/wp-content\/uploads\/2022\/02\/2202_FAG-Wetzlar_0038.jpg 920w, https:\/\/www.weber-fag.de\/wordpress\/wp-content\/uploads\/2022\/02\/2202_FAG-Wetzlar_0038-300x200.jpg 300w, https:\/\/www.weber-fag.de\/wordpress\/wp-content\/uploads\/2022\/02\/2202_FAG-Wetzlar_0038-768x512.jpg 768w\" sizes=\"auto, (max-width: 920px) 100vw, 920px\" \/><figcaption class=\"blocks-gallery-item__caption\">Sebastian Heymann (FAG)<\/figcaption><\/figure><\/li><li class=\"blocks-gallery-item\"><figure><img loading=\"lazy\" decoding=\"async\" width=\"920\" height=\"613\" src=\"https:\/\/www.weber-fag.de\/wordpress\/wp-content\/uploads\/2022\/02\/2202_FAG-Wetzlar_0040.jpg\" alt=\"\" data-id=\"50440\" data-full-url=\"https:\/\/www.weber-fag.de\/wordpress\/wp-content\/uploads\/2022\/02\/2202_FAG-Wetzlar_0040.jpg\" data-link=\"https:\/\/www.weber-fag.de\/wordpress\/?attachment_id=50440\" class=\"wp-image-50440\" srcset=\"https:\/\/www.weber-fag.de\/wordpress\/wp-content\/uploads\/2022\/02\/2202_FAG-Wetzlar_0040.jpg 920w, https:\/\/www.weber-fag.de\/wordpress\/wp-content\/uploads\/2022\/02\/2202_FAG-Wetzlar_0040-300x200.jpg 300w, https:\/\/www.weber-fag.de\/wordpress\/wp-content\/uploads\/2022\/02\/2202_FAG-Wetzlar_0040-768x512.jpg 768w\" sizes=\"auto, (max-width: 920px) 100vw, 920px\" \/><figcaption class=\"blocks-gallery-item__caption\">Kevin Gulliksen (FAG)<\/figcaption><\/figure><\/li><li class=\"blocks-gallery-item\"><figure><img loading=\"lazy\" decoding=\"async\" width=\"920\" height=\"613\" src=\"https:\/\/www.weber-fag.de\/wordpress\/wp-content\/uploads\/2022\/02\/2202_FAG-Wetzlar_0047.jpg\" alt=\"\" data-id=\"50441\" data-full-url=\"https:\/\/www.weber-fag.de\/wordpress\/wp-content\/uploads\/2022\/02\/2202_FAG-Wetzlar_0047.jpg\" data-link=\"https:\/\/www.weber-fag.de\/wordpress\/?attachment_id=50441\" class=\"wp-image-50441\" srcset=\"https:\/\/www.weber-fag.de\/wordpress\/wp-content\/uploads\/2022\/02\/2202_FAG-Wetzlar_0047.jpg 920w, https:\/\/www.weber-fag.de\/wordpress\/wp-content\/uploads\/2022\/02\/2202_FAG-Wetzlar_0047-300x200.jpg 300w, https:\/\/www.weber-fag.de\/wordpress\/wp-content\/uploads\/2022\/02\/2202_FAG-Wetzlar_0047-768x512.jpg 768w\" sizes=\"auto, (max-width: 920px) 100vw, 920px\" \/><\/figure><\/li><li class=\"blocks-gallery-item\"><figure><img loading=\"lazy\" decoding=\"async\" width=\"920\" height=\"613\" src=\"https:\/\/www.weber-fag.de\/wordpress\/wp-content\/uploads\/2022\/02\/2202_FAG-Wetzlar_0054.jpg\" alt=\"\" data-id=\"50442\" data-full-url=\"https:\/\/www.weber-fag.de\/wordpress\/wp-content\/uploads\/2022\/02\/2202_FAG-Wetzlar_0054.jpg\" data-link=\"https:\/\/www.weber-fag.de\/wordpress\/?attachment_id=50442\" class=\"wp-image-50442\" srcset=\"https:\/\/www.weber-fag.de\/wordpress\/wp-content\/uploads\/2022\/02\/2202_FAG-Wetzlar_0054.jpg 920w, https:\/\/www.weber-fag.de\/wordpress\/wp-content\/uploads\/2022\/02\/2202_FAG-Wetzlar_0054-300x200.jpg 300w, https:\/\/www.weber-fag.de\/wordpress\/wp-content\/uploads\/2022\/02\/2202_FAG-Wetzlar_0054-768x512.jpg 768w\" sizes=\"auto, (max-width: 920px) 100vw, 920px\" \/><figcaption class=\"blocks-gallery-item__caption\">Jon Lindenchrone Andersen (FAG)<\/figcaption><\/figure><\/li><li class=\"blocks-gallery-item\"><figure><img loading=\"lazy\" decoding=\"async\" width=\"920\" height=\"613\" src=\"https:\/\/www.weber-fag.de\/wordpress\/wp-content\/uploads\/2022\/02\/2202_FAG-Wetzlar_0058.jpg\" alt=\"\" data-id=\"50443\" data-full-url=\"https:\/\/www.weber-fag.de\/wordpress\/wp-content\/uploads\/2022\/02\/2202_FAG-Wetzlar_0058.jpg\" data-link=\"https:\/\/www.weber-fag.de\/wordpress\/?attachment_id=50443\" class=\"wp-image-50443\" srcset=\"https:\/\/www.weber-fag.de\/wordpress\/wp-content\/uploads\/2022\/02\/2202_FAG-Wetzlar_0058.jpg 920w, https:\/\/www.weber-fag.de\/wordpress\/wp-content\/uploads\/2022\/02\/2202_FAG-Wetzlar_0058-300x200.jpg 300w, https:\/\/www.weber-fag.de\/wordpress\/wp-content\/uploads\/2022\/02\/2202_FAG-Wetzlar_0058-768x512.jpg 768w\" sizes=\"auto, (max-width: 920px) 100vw, 920px\" \/><figcaption class=\"blocks-gallery-item__caption\">Jon Lindenchrone Andersen (FAG)<\/figcaption><\/figure><\/li><li class=\"blocks-gallery-item\"><figure><img loading=\"lazy\" decoding=\"async\" width=\"920\" height=\"613\" src=\"https:\/\/www.weber-fag.de\/wordpress\/wp-content\/uploads\/2022\/02\/2202_FAG-Wetzlar_0061.jpg\" alt=\"\" data-id=\"50444\" data-full-url=\"https:\/\/www.weber-fag.de\/wordpress\/wp-content\/uploads\/2022\/02\/2202_FAG-Wetzlar_0061.jpg\" data-link=\"https:\/\/www.weber-fag.de\/wordpress\/?attachment_id=50444\" class=\"wp-image-50444\" srcset=\"https:\/\/www.weber-fag.de\/wordpress\/wp-content\/uploads\/2022\/02\/2202_FAG-Wetzlar_0061.jpg 920w, https:\/\/www.weber-fag.de\/wordpress\/wp-content\/uploads\/2022\/02\/2202_FAG-Wetzlar_0061-300x200.jpg 300w, https:\/\/www.weber-fag.de\/wordpress\/wp-content\/uploads\/2022\/02\/2202_FAG-Wetzlar_0061-768x512.jpg 768w\" sizes=\"auto, (max-width: 920px) 100vw, 920px\" \/><\/figure><\/li><li class=\"blocks-gallery-item\"><figure><img loading=\"lazy\" decoding=\"async\" width=\"920\" height=\"613\" src=\"https:\/\/www.weber-fag.de\/wordpress\/wp-content\/uploads\/2022\/02\/2202_FAG-Wetzlar_0065.jpg\" alt=\"\" data-id=\"50445\" data-full-url=\"https:\/\/www.weber-fag.de\/wordpress\/wp-content\/uploads\/2022\/02\/2202_FAG-Wetzlar_0065.jpg\" data-link=\"https:\/\/www.weber-fag.de\/wordpress\/?attachment_id=50445\" class=\"wp-image-50445\" srcset=\"https:\/\/www.weber-fag.de\/wordpress\/wp-content\/uploads\/2022\/02\/2202_FAG-Wetzlar_0065.jpg 920w, https:\/\/www.weber-fag.de\/wordpress\/wp-content\/uploads\/2022\/02\/2202_FAG-Wetzlar_0065-300x200.jpg 300w, https:\/\/www.weber-fag.de\/wordpress\/wp-content\/uploads\/2022\/02\/2202_FAG-Wetzlar_0065-768x512.jpg 768w\" sizes=\"auto, (max-width: 920px) 100vw, 920px\" \/><figcaption class=\"blocks-gallery-item__caption\">Urh Kastelic (FAG)<\/figcaption><\/figure><\/li><li class=\"blocks-gallery-item\"><figure><img loading=\"lazy\" decoding=\"async\" width=\"920\" height=\"613\" src=\"https:\/\/www.weber-fag.de\/wordpress\/wp-content\/uploads\/2022\/02\/2202_FAG-Wetzlar_0069.jpg\" alt=\"\" data-id=\"50446\" data-full-url=\"https:\/\/www.weber-fag.de\/wordpress\/wp-content\/uploads\/2022\/02\/2202_FAG-Wetzlar_0069.jpg\" data-link=\"https:\/\/www.weber-fag.de\/wordpress\/?attachment_id=50446\" class=\"wp-image-50446\" srcset=\"https:\/\/www.weber-fag.de\/wordpress\/wp-content\/uploads\/2022\/02\/2202_FAG-Wetzlar_0069.jpg 920w, https:\/\/www.weber-fag.de\/wordpress\/wp-content\/uploads\/2022\/02\/2202_FAG-Wetzlar_0069-300x200.jpg 300w, https:\/\/www.weber-fag.de\/wordpress\/wp-content\/uploads\/2022\/02\/2202_FAG-Wetzlar_0069-768x512.jpg 768w\" sizes=\"auto, (max-width: 920px) 100vw, 920px\" \/><\/figure><\/li><li class=\"blocks-gallery-item\"><figure><img loading=\"lazy\" decoding=\"async\" width=\"920\" height=\"613\" src=\"https:\/\/www.weber-fag.de\/wordpress\/wp-content\/uploads\/2022\/02\/2202_FAG-Wetzlar_0071.jpg\" alt=\"\" data-id=\"50447\" data-full-url=\"https:\/\/www.weber-fag.de\/wordpress\/wp-content\/uploads\/2022\/02\/2202_FAG-Wetzlar_0071.jpg\" data-link=\"https:\/\/www.weber-fag.de\/wordpress\/?attachment_id=50447\" class=\"wp-image-50447\" srcset=\"https:\/\/www.weber-fag.de\/wordpress\/wp-content\/uploads\/2022\/02\/2202_FAG-Wetzlar_0071.jpg 920w, https:\/\/www.weber-fag.de\/wordpress\/wp-content\/uploads\/2022\/02\/2202_FAG-Wetzlar_0071-300x200.jpg 300w, https:\/\/www.weber-fag.de\/wordpress\/wp-content\/uploads\/2022\/02\/2202_FAG-Wetzlar_0071-768x512.jpg 768w\" sizes=\"auto, (max-width: 920px) 100vw, 920px\" \/><figcaption class=\"blocks-gallery-item__caption\">Marcel Schiller (FAG)<\/figcaption><\/figure><\/li><li class=\"blocks-gallery-item\"><figure><img loading=\"lazy\" decoding=\"async\" width=\"920\" height=\"613\" src=\"https:\/\/www.weber-fag.de\/wordpress\/wp-content\/uploads\/2022\/02\/2202_FAG-Wetzlar_0075.jpg\" alt=\"\" data-id=\"50448\" data-full-url=\"https:\/\/www.weber-fag.de\/wordpress\/wp-content\/uploads\/2022\/02\/2202_FAG-Wetzlar_0075.jpg\" data-link=\"https:\/\/www.weber-fag.de\/wordpress\/?attachment_id=50448\" class=\"wp-image-50448\" srcset=\"https:\/\/www.weber-fag.de\/wordpress\/wp-content\/uploads\/2022\/02\/2202_FAG-Wetzlar_0075.jpg 920w, https:\/\/www.weber-fag.de\/wordpress\/wp-content\/uploads\/2022\/02\/2202_FAG-Wetzlar_0075-300x200.jpg 300w, https:\/\/www.weber-fag.de\/wordpress\/wp-content\/uploads\/2022\/02\/2202_FAG-Wetzlar_0075-768x512.jpg 768w\" sizes=\"auto, (max-width: 920px) 100vw, 920px\" \/><figcaption class=\"blocks-gallery-item__caption\">Jacob Bagersted (FAG)<\/figcaption><\/figure><\/li><li class=\"blocks-gallery-item\"><figure><img loading=\"lazy\" decoding=\"async\" width=\"920\" height=\"613\" src=\"https:\/\/www.weber-fag.de\/wordpress\/wp-content\/uploads\/2022\/02\/2202_FAG-Wetzlar_0089.jpg\" alt=\"\" data-id=\"50449\" data-full-url=\"https:\/\/www.weber-fag.de\/wordpress\/wp-content\/uploads\/2022\/02\/2202_FAG-Wetzlar_0089.jpg\" data-link=\"https:\/\/www.weber-fag.de\/wordpress\/?attachment_id=50449\" class=\"wp-image-50449\" srcset=\"https:\/\/www.weber-fag.de\/wordpress\/wp-content\/uploads\/2022\/02\/2202_FAG-Wetzlar_0089.jpg 920w, https:\/\/www.weber-fag.de\/wordpress\/wp-content\/uploads\/2022\/02\/2202_FAG-Wetzlar_0089-300x200.jpg 300w, https:\/\/www.weber-fag.de\/wordpress\/wp-content\/uploads\/2022\/02\/2202_FAG-Wetzlar_0089-768x512.jpg 768w\" sizes=\"auto, (max-width: 920px) 100vw, 920px\" \/><figcaption class=\"blocks-gallery-item__caption\">Oskar Neudeck (FAG)<\/figcaption><\/figure><\/li><li class=\"blocks-gallery-item\"><figure><img loading=\"lazy\" decoding=\"async\" width=\"920\" height=\"613\" src=\"https:\/\/www.weber-fag.de\/wordpress\/wp-content\/uploads\/2022\/02\/2202_FAG-Wetzlar_0091.jpg\" alt=\"\" data-id=\"50450\" data-full-url=\"https:\/\/www.weber-fag.de\/wordpress\/wp-content\/uploads\/2022\/02\/2202_FAG-Wetzlar_0091.jpg\" data-link=\"https:\/\/www.weber-fag.de\/wordpress\/?attachment_id=50450\" class=\"wp-image-50450\" srcset=\"https:\/\/www.weber-fag.de\/wordpress\/wp-content\/uploads\/2022\/02\/2202_FAG-Wetzlar_0091.jpg 920w, https:\/\/www.weber-fag.de\/wordpress\/wp-content\/uploads\/2022\/02\/2202_FAG-Wetzlar_0091-300x200.jpg 300w, https:\/\/www.weber-fag.de\/wordpress\/wp-content\/uploads\/2022\/02\/2202_FAG-Wetzlar_0091-768x512.jpg 768w\" sizes=\"auto, (max-width: 920px) 100vw, 920px\" \/><\/figure><\/li><li class=\"blocks-gallery-item\"><figure><img loading=\"lazy\" decoding=\"async\" width=\"920\" height=\"613\" src=\"https:\/\/www.weber-fag.de\/wordpress\/wp-content\/uploads\/2022\/02\/2202_FAG-Wetzlar_0094.jpg\" alt=\"\" data-id=\"50451\" data-full-url=\"https:\/\/www.weber-fag.de\/wordpress\/wp-content\/uploads\/2022\/02\/2202_FAG-Wetzlar_0094.jpg\" data-link=\"https:\/\/www.weber-fag.de\/wordpress\/?attachment_id=50451\" class=\"wp-image-50451\" srcset=\"https:\/\/www.weber-fag.de\/wordpress\/wp-content\/uploads\/2022\/02\/2202_FAG-Wetzlar_0094.jpg 920w, https:\/\/www.weber-fag.de\/wordpress\/wp-content\/uploads\/2022\/02\/2202_FAG-Wetzlar_0094-300x200.jpg 300w, https:\/\/www.weber-fag.de\/wordpress\/wp-content\/uploads\/2022\/02\/2202_FAG-Wetzlar_0094-768x512.jpg 768w\" sizes=\"auto, (max-width: 920px) 100vw, 920px\" \/><figcaption class=\"blocks-gallery-item__caption\">Jon Lindenchrone Andersen (FAG)<\/figcaption><\/figure><\/li><li class=\"blocks-gallery-item\"><figure><img loading=\"lazy\" decoding=\"async\" width=\"920\" height=\"613\" src=\"https:\/\/www.weber-fag.de\/wordpress\/wp-content\/uploads\/2022\/02\/2202_FAG-Wetzlar_0102.jpg\" alt=\"\" data-id=\"50452\" data-full-url=\"https:\/\/www.weber-fag.de\/wordpress\/wp-content\/uploads\/2022\/02\/2202_FAG-Wetzlar_0102.jpg\" data-link=\"https:\/\/www.weber-fag.de\/wordpress\/?attachment_id=50452\" class=\"wp-image-50452\" srcset=\"https:\/\/www.weber-fag.de\/wordpress\/wp-content\/uploads\/2022\/02\/2202_FAG-Wetzlar_0102.jpg 920w, https:\/\/www.weber-fag.de\/wordpress\/wp-content\/uploads\/2022\/02\/2202_FAG-Wetzlar_0102-300x200.jpg 300w, https:\/\/www.weber-fag.de\/wordpress\/wp-content\/uploads\/2022\/02\/2202_FAG-Wetzlar_0102-768x512.jpg 768w\" sizes=\"auto, (max-width: 920px) 100vw, 920px\" \/><\/figure><\/li><li class=\"blocks-gallery-item\"><figure><img loading=\"lazy\" decoding=\"async\" width=\"920\" height=\"613\" src=\"https:\/\/www.weber-fag.de\/wordpress\/wp-content\/uploads\/2022\/02\/2202_FAG-Wetzlar_0103.jpg\" alt=\"\" data-id=\"50453\" data-full-url=\"https:\/\/www.weber-fag.de\/wordpress\/wp-content\/uploads\/2022\/02\/2202_FAG-Wetzlar_0103.jpg\" data-link=\"https:\/\/www.weber-fag.de\/wordpress\/?attachment_id=50453\" class=\"wp-image-50453\" srcset=\"https:\/\/www.weber-fag.de\/wordpress\/wp-content\/uploads\/2022\/02\/2202_FAG-Wetzlar_0103.jpg 920w, https:\/\/www.weber-fag.de\/wordpress\/wp-content\/uploads\/2022\/02\/2202_FAG-Wetzlar_0103-300x200.jpg 300w, https:\/\/www.weber-fag.de\/wordpress\/wp-content\/uploads\/2022\/02\/2202_FAG-Wetzlar_0103-768x512.jpg 768w\" sizes=\"auto, (max-width: 920px) 100vw, 920px\" \/><\/figure><\/li><li class=\"blocks-gallery-item\"><figure><img loading=\"lazy\" decoding=\"async\" width=\"920\" height=\"613\" src=\"https:\/\/www.weber-fag.de\/wordpress\/wp-content\/uploads\/2022\/02\/2202_FAG-Wetzlar_0105.jpg\" alt=\"\" data-id=\"50454\" data-full-url=\"https:\/\/www.weber-fag.de\/wordpress\/wp-content\/uploads\/2022\/02\/2202_FAG-Wetzlar_0105.jpg\" data-link=\"https:\/\/www.weber-fag.de\/wordpress\/?attachment_id=50454\" class=\"wp-image-50454\" srcset=\"https:\/\/www.weber-fag.de\/wordpress\/wp-content\/uploads\/2022\/02\/2202_FAG-Wetzlar_0105.jpg 920w, https:\/\/www.weber-fag.de\/wordpress\/wp-content\/uploads\/2022\/02\/2202_FAG-Wetzlar_0105-300x200.jpg 300w, https:\/\/www.weber-fag.de\/wordpress\/wp-content\/uploads\/2022\/02\/2202_FAG-Wetzlar_0105-768x512.jpg 768w\" sizes=\"auto, (max-width: 920px) 100vw, 920px\" \/><figcaption class=\"blocks-gallery-item__caption\">Marcel Schiller (FAG)<\/figcaption><\/figure><\/li><li class=\"blocks-gallery-item\"><figure><img loading=\"lazy\" decoding=\"async\" width=\"920\" height=\"613\" src=\"https:\/\/www.weber-fag.de\/wordpress\/wp-content\/uploads\/2022\/02\/2202_FAG-Wetzlar_0107.jpg\" alt=\"\" data-id=\"50455\" data-full-url=\"https:\/\/www.weber-fag.de\/wordpress\/wp-content\/uploads\/2022\/02\/2202_FAG-Wetzlar_0107.jpg\" data-link=\"https:\/\/www.weber-fag.de\/wordpress\/?attachment_id=50455\" class=\"wp-image-50455\" srcset=\"https:\/\/www.weber-fag.de\/wordpress\/wp-content\/uploads\/2022\/02\/2202_FAG-Wetzlar_0107.jpg 920w, https:\/\/www.weber-fag.de\/wordpress\/wp-content\/uploads\/2022\/02\/2202_FAG-Wetzlar_0107-300x200.jpg 300w, https:\/\/www.weber-fag.de\/wordpress\/wp-content\/uploads\/2022\/02\/2202_FAG-Wetzlar_0107-768x512.jpg 768w\" sizes=\"auto, (max-width: 920px) 100vw, 920px\" \/><figcaption class=\"blocks-gallery-item__caption\">Trainer Hartmut Mayerhoffer (FAG)<\/figcaption><\/figure><\/li><li class=\"blocks-gallery-item\"><figure><img loading=\"lazy\" decoding=\"async\" width=\"920\" height=\"613\" src=\"https:\/\/www.weber-fag.de\/wordpress\/wp-content\/uploads\/2022\/02\/2202_FAG-Wetzlar_0110.jpg\" alt=\"\" data-id=\"50456\" data-full-url=\"https:\/\/www.weber-fag.de\/wordpress\/wp-content\/uploads\/2022\/02\/2202_FAG-Wetzlar_0110.jpg\" data-link=\"https:\/\/www.weber-fag.de\/wordpress\/?attachment_id=50456\" class=\"wp-image-50456\" srcset=\"https:\/\/www.weber-fag.de\/wordpress\/wp-content\/uploads\/2022\/02\/2202_FAG-Wetzlar_0110.jpg 920w, https:\/\/www.weber-fag.de\/wordpress\/wp-content\/uploads\/2022\/02\/2202_FAG-Wetzlar_0110-300x200.jpg 300w, https:\/\/www.weber-fag.de\/wordpress\/wp-content\/uploads\/2022\/02\/2202_FAG-Wetzlar_0110-768x512.jpg 768w\" sizes=\"auto, (max-width: 920px) 100vw, 920px\" \/><\/figure><\/li><li class=\"blocks-gallery-item\"><figure><img loading=\"lazy\" decoding=\"async\" width=\"920\" height=\"613\" src=\"https:\/\/www.weber-fag.de\/wordpress\/wp-content\/uploads\/2022\/02\/2202_FAG-Wetzlar_0113.jpg\" alt=\"\" data-id=\"50457\" data-full-url=\"https:\/\/www.weber-fag.de\/wordpress\/wp-content\/uploads\/2022\/02\/2202_FAG-Wetzlar_0113.jpg\" data-link=\"https:\/\/www.weber-fag.de\/wordpress\/?attachment_id=50457\" class=\"wp-image-50457\" srcset=\"https:\/\/www.weber-fag.de\/wordpress\/wp-content\/uploads\/2022\/02\/2202_FAG-Wetzlar_0113.jpg 920w, https:\/\/www.weber-fag.de\/wordpress\/wp-content\/uploads\/2022\/02\/2202_FAG-Wetzlar_0113-300x200.jpg 300w, https:\/\/www.weber-fag.de\/wordpress\/wp-content\/uploads\/2022\/02\/2202_FAG-Wetzlar_0113-768x512.jpg 768w\" sizes=\"auto, (max-width: 920px) 100vw, 920px\" \/><\/figure><\/li><li class=\"blocks-gallery-item\"><figure><img loading=\"lazy\" decoding=\"async\" width=\"920\" height=\"613\" src=\"https:\/\/www.weber-fag.de\/wordpress\/wp-content\/uploads\/2022\/02\/2202_FAG-Wetzlar_0118.jpg\" alt=\"\" data-id=\"50458\" data-full-url=\"https:\/\/www.weber-fag.de\/wordpress\/wp-content\/uploads\/2022\/02\/2202_FAG-Wetzlar_0118.jpg\" data-link=\"https:\/\/www.weber-fag.de\/wordpress\/?attachment_id=50458\" class=\"wp-image-50458\" srcset=\"https:\/\/www.weber-fag.de\/wordpress\/wp-content\/uploads\/2022\/02\/2202_FAG-Wetzlar_0118.jpg 920w, https:\/\/www.weber-fag.de\/wordpress\/wp-content\/uploads\/2022\/02\/2202_FAG-Wetzlar_0118-300x200.jpg 300w, https:\/\/www.weber-fag.de\/wordpress\/wp-content\/uploads\/2022\/02\/2202_FAG-Wetzlar_0118-768x512.jpg 768w\" sizes=\"auto, (max-width: 920px) 100vw, 920px\" \/><\/figure><\/li><li class=\"blocks-gallery-item\"><figure><img loading=\"lazy\" decoding=\"async\" width=\"920\" height=\"613\" src=\"https:\/\/www.weber-fag.de\/wordpress\/wp-content\/uploads\/2022\/02\/2202_FAG-Wetzlar_0123.jpg\" alt=\"\" data-id=\"50459\" data-full-url=\"https:\/\/www.weber-fag.de\/wordpress\/wp-content\/uploads\/2022\/02\/2202_FAG-Wetzlar_0123.jpg\" data-link=\"https:\/\/www.weber-fag.de\/wordpress\/?attachment_id=50459\" class=\"wp-image-50459\" srcset=\"https:\/\/www.weber-fag.de\/wordpress\/wp-content\/uploads\/2022\/02\/2202_FAG-Wetzlar_0123.jpg 920w, https:\/\/www.weber-fag.de\/wordpress\/wp-content\/uploads\/2022\/02\/2202_FAG-Wetzlar_0123-300x200.jpg 300w, https:\/\/www.weber-fag.de\/wordpress\/wp-content\/uploads\/2022\/02\/2202_FAG-Wetzlar_0123-768x512.jpg 768w\" sizes=\"auto, (max-width: 920px) 100vw, 920px\" \/><figcaption class=\"blocks-gallery-item__caption\">Urh Kastelic (FAG)<\/figcaption><\/figure><\/li><li class=\"blocks-gallery-item\"><figure><img loading=\"lazy\" decoding=\"async\" width=\"920\" height=\"613\" src=\"https:\/\/www.weber-fag.de\/wordpress\/wp-content\/uploads\/2022\/02\/2202_FAG-Wetzlar_0134.jpg\" alt=\"\" data-id=\"50460\" data-full-url=\"https:\/\/www.weber-fag.de\/wordpress\/wp-content\/uploads\/2022\/02\/2202_FAG-Wetzlar_0134.jpg\" data-link=\"https:\/\/www.weber-fag.de\/wordpress\/?attachment_id=50460\" class=\"wp-image-50460\" srcset=\"https:\/\/www.weber-fag.de\/wordpress\/wp-content\/uploads\/2022\/02\/2202_FAG-Wetzlar_0134.jpg 920w, https:\/\/www.weber-fag.de\/wordpress\/wp-content\/uploads\/2022\/02\/2202_FAG-Wetzlar_0134-300x200.jpg 300w, https:\/\/www.weber-fag.de\/wordpress\/wp-content\/uploads\/2022\/02\/2202_FAG-Wetzlar_0134-768x512.jpg 768w\" sizes=\"auto, (max-width: 920px) 100vw, 920px\" \/><figcaption class=\"blocks-gallery-item__caption\">Till Hermann (FAG)<\/figcaption><\/figure><\/li><li class=\"blocks-gallery-item\"><figure><img loading=\"lazy\" decoding=\"async\" width=\"920\" height=\"613\" src=\"https:\/\/www.weber-fag.de\/wordpress\/wp-content\/uploads\/2022\/02\/2202_FAG-Wetzlar_0139.jpg\" alt=\"\" data-id=\"50461\" data-full-url=\"https:\/\/www.weber-fag.de\/wordpress\/wp-content\/uploads\/2022\/02\/2202_FAG-Wetzlar_0139.jpg\" data-link=\"https:\/\/www.weber-fag.de\/wordpress\/?attachment_id=50461\" class=\"wp-image-50461\" srcset=\"https:\/\/www.weber-fag.de\/wordpress\/wp-content\/uploads\/2022\/02\/2202_FAG-Wetzlar_0139.jpg 920w, https:\/\/www.weber-fag.de\/wordpress\/wp-content\/uploads\/2022\/02\/2202_FAG-Wetzlar_0139-300x200.jpg 300w, https:\/\/www.weber-fag.de\/wordpress\/wp-content\/uploads\/2022\/02\/2202_FAG-Wetzlar_0139-768x512.jpg 768w\" sizes=\"auto, (max-width: 920px) 100vw, 920px\" \/><\/figure><\/li><li class=\"blocks-gallery-item\"><figure><img loading=\"lazy\" decoding=\"async\" width=\"920\" height=\"613\" src=\"https:\/\/www.weber-fag.de\/wordpress\/wp-content\/uploads\/2022\/02\/2202_FAG-Wetzlar_0142.jpg\" alt=\"\" data-id=\"50462\" data-full-url=\"https:\/\/www.weber-fag.de\/wordpress\/wp-content\/uploads\/2022\/02\/2202_FAG-Wetzlar_0142.jpg\" data-link=\"https:\/\/www.weber-fag.de\/wordpress\/?attachment_id=50462\" class=\"wp-image-50462\" srcset=\"https:\/\/www.weber-fag.de\/wordpress\/wp-content\/uploads\/2022\/02\/2202_FAG-Wetzlar_0142.jpg 920w, https:\/\/www.weber-fag.de\/wordpress\/wp-content\/uploads\/2022\/02\/2202_FAG-Wetzlar_0142-300x200.jpg 300w, https:\/\/www.weber-fag.de\/wordpress\/wp-content\/uploads\/2022\/02\/2202_FAG-Wetzlar_0142-768x512.jpg 768w\" sizes=\"auto, (max-width: 920px) 100vw, 920px\" \/><figcaption class=\"blocks-gallery-item__caption\">Kresimir Kozina (FAG)<\/figcaption><\/figure><\/li><li class=\"blocks-gallery-item\"><figure><img loading=\"lazy\" decoding=\"async\" width=\"920\" height=\"613\" src=\"https:\/\/www.weber-fag.de\/wordpress\/wp-content\/uploads\/2022\/02\/2202_FAG-Wetzlar_0145.jpg\" alt=\"\" data-id=\"50463\" data-full-url=\"https:\/\/www.weber-fag.de\/wordpress\/wp-content\/uploads\/2022\/02\/2202_FAG-Wetzlar_0145.jpg\" data-link=\"https:\/\/www.weber-fag.de\/wordpress\/?attachment_id=50463\" class=\"wp-image-50463\" srcset=\"https:\/\/www.weber-fag.de\/wordpress\/wp-content\/uploads\/2022\/02\/2202_FAG-Wetzlar_0145.jpg 920w, https:\/\/www.weber-fag.de\/wordpress\/wp-content\/uploads\/2022\/02\/2202_FAG-Wetzlar_0145-300x200.jpg 300w, https:\/\/www.weber-fag.de\/wordpress\/wp-content\/uploads\/2022\/02\/2202_FAG-Wetzlar_0145-768x512.jpg 768w\" sizes=\"auto, (max-width: 920px) 100vw, 920px\" \/><\/figure><\/li><li class=\"blocks-gallery-item\"><figure><img loading=\"lazy\" decoding=\"async\" width=\"920\" height=\"613\" src=\"https:\/\/www.weber-fag.de\/wordpress\/wp-content\/uploads\/2022\/02\/2202_FAG-Wetzlar_0148.jpg\" alt=\"\" data-id=\"50464\" data-full-url=\"https:\/\/www.weber-fag.de\/wordpress\/wp-content\/uploads\/2022\/02\/2202_FAG-Wetzlar_0148.jpg\" data-link=\"https:\/\/www.weber-fag.de\/wordpress\/?attachment_id=50464\" class=\"wp-image-50464\" srcset=\"https:\/\/www.weber-fag.de\/wordpress\/wp-content\/uploads\/2022\/02\/2202_FAG-Wetzlar_0148.jpg 920w, https:\/\/www.weber-fag.de\/wordpress\/wp-content\/uploads\/2022\/02\/2202_FAG-Wetzlar_0148-300x200.jpg 300w, https:\/\/www.weber-fag.de\/wordpress\/wp-content\/uploads\/2022\/02\/2202_FAG-Wetzlar_0148-768x512.jpg 768w\" sizes=\"auto, (max-width: 920px) 100vw, 920px\" \/><figcaption class=\"blocks-gallery-item__caption\">Daniel Rebmann (FAG)<\/figcaption><\/figure><\/li><li class=\"blocks-gallery-item\"><figure><img loading=\"lazy\" decoding=\"async\" width=\"920\" height=\"613\" src=\"https:\/\/www.weber-fag.de\/wordpress\/wp-content\/uploads\/2022\/02\/2202_FAG-Wetzlar_0153.jpg\" alt=\"\" data-id=\"50465\" data-full-url=\"https:\/\/www.weber-fag.de\/wordpress\/wp-content\/uploads\/2022\/02\/2202_FAG-Wetzlar_0153.jpg\" data-link=\"https:\/\/www.weber-fag.de\/wordpress\/?attachment_id=50465\" class=\"wp-image-50465\" srcset=\"https:\/\/www.weber-fag.de\/wordpress\/wp-content\/uploads\/2022\/02\/2202_FAG-Wetzlar_0153.jpg 920w, https:\/\/www.weber-fag.de\/wordpress\/wp-content\/uploads\/2022\/02\/2202_FAG-Wetzlar_0153-300x200.jpg 300w, https:\/\/www.weber-fag.de\/wordpress\/wp-content\/uploads\/2022\/02\/2202_FAG-Wetzlar_0153-768x512.jpg 768w\" sizes=\"auto, (max-width: 920px) 100vw, 920px\" \/><figcaption class=\"blocks-gallery-item__caption\">Marcel Schiller (FAG)<\/figcaption><\/figure><\/li><li class=\"blocks-gallery-item\"><figure><img loading=\"lazy\" decoding=\"async\" width=\"920\" height=\"613\" src=\"https:\/\/www.weber-fag.de\/wordpress\/wp-content\/uploads\/2022\/02\/2202_FAG-Wetzlar_0162.jpg\" alt=\"\" data-id=\"50466\" data-full-url=\"https:\/\/www.weber-fag.de\/wordpress\/wp-content\/uploads\/2022\/02\/2202_FAG-Wetzlar_0162.jpg\" data-link=\"https:\/\/www.weber-fag.de\/wordpress\/?attachment_id=50466\" class=\"wp-image-50466\" srcset=\"https:\/\/www.weber-fag.de\/wordpress\/wp-content\/uploads\/2022\/02\/2202_FAG-Wetzlar_0162.jpg 920w, https:\/\/www.weber-fag.de\/wordpress\/wp-content\/uploads\/2022\/02\/2202_FAG-Wetzlar_0162-300x200.jpg 300w, https:\/\/www.weber-fag.de\/wordpress\/wp-content\/uploads\/2022\/02\/2202_FAG-Wetzlar_0162-768x512.jpg 768w\" sizes=\"auto, (max-width: 920px) 100vw, 920px\" \/><figcaption class=\"blocks-gallery-item__caption\">Kevin Gulliksen (FAG)<\/figcaption><\/figure><\/li><li class=\"blocks-gallery-item\"><figure><img loading=\"lazy\" decoding=\"async\" width=\"920\" height=\"613\" src=\"https:\/\/www.weber-fag.de\/wordpress\/wp-content\/uploads\/2022\/02\/2202_FAG-Wetzlar_0179.jpg\" alt=\"\" data-id=\"50467\" data-full-url=\"https:\/\/www.weber-fag.de\/wordpress\/wp-content\/uploads\/2022\/02\/2202_FAG-Wetzlar_0179.jpg\" data-link=\"https:\/\/www.weber-fag.de\/wordpress\/?attachment_id=50467\" class=\"wp-image-50467\" srcset=\"https:\/\/www.weber-fag.de\/wordpress\/wp-content\/uploads\/2022\/02\/2202_FAG-Wetzlar_0179.jpg 920w, https:\/\/www.weber-fag.de\/wordpress\/wp-content\/uploads\/2022\/02\/2202_FAG-Wetzlar_0179-300x200.jpg 300w, https:\/\/www.weber-fag.de\/wordpress\/wp-content\/uploads\/2022\/02\/2202_FAG-Wetzlar_0179-768x512.jpg 768w\" sizes=\"auto, (max-width: 920px) 100vw, 920px\" \/><\/figure><\/li><li class=\"blocks-gallery-item\"><figure><img loading=\"lazy\" decoding=\"async\" width=\"920\" height=\"613\" src=\"https:\/\/www.weber-fag.de\/wordpress\/wp-content\/uploads\/2022\/02\/2202_FAG-Wetzlar_0182.jpg\" alt=\"\" data-id=\"50468\" data-full-url=\"https:\/\/www.weber-fag.de\/wordpress\/wp-content\/uploads\/2022\/02\/2202_FAG-Wetzlar_0182.jpg\" data-link=\"https:\/\/www.weber-fag.de\/wordpress\/?attachment_id=50468\" class=\"wp-image-50468\" srcset=\"https:\/\/www.weber-fag.de\/wordpress\/wp-content\/uploads\/2022\/02\/2202_FAG-Wetzlar_0182.jpg 920w, https:\/\/www.weber-fag.de\/wordpress\/wp-content\/uploads\/2022\/02\/2202_FAG-Wetzlar_0182-300x200.jpg 300w, https:\/\/www.weber-fag.de\/wordpress\/wp-content\/uploads\/2022\/02\/2202_FAG-Wetzlar_0182-768x512.jpg 768w\" sizes=\"auto, (max-width: 920px) 100vw, 920px\" \/><figcaption class=\"blocks-gallery-item__caption\">Tobias Ellebaek (FAG)<\/figcaption><\/figure><\/li><li class=\"blocks-gallery-item\"><figure><img loading=\"lazy\" decoding=\"async\" width=\"920\" height=\"613\" src=\"https:\/\/www.weber-fag.de\/wordpress\/wp-content\/uploads\/2022\/02\/2202_FAG-Wetzlar_0188.jpg\" alt=\"\" data-id=\"50469\" data-full-url=\"https:\/\/www.weber-fag.de\/wordpress\/wp-content\/uploads\/2022\/02\/2202_FAG-Wetzlar_0188.jpg\" data-link=\"https:\/\/www.weber-fag.de\/wordpress\/?attachment_id=50469\" class=\"wp-image-50469\" srcset=\"https:\/\/www.weber-fag.de\/wordpress\/wp-content\/uploads\/2022\/02\/2202_FAG-Wetzlar_0188.jpg 920w, https:\/\/www.weber-fag.de\/wordpress\/wp-content\/uploads\/2022\/02\/2202_FAG-Wetzlar_0188-300x200.jpg 300w, https:\/\/www.weber-fag.de\/wordpress\/wp-content\/uploads\/2022\/02\/2202_FAG-Wetzlar_0188-768x512.jpg 768w\" sizes=\"auto, (max-width: 920px) 100vw, 920px\" \/><figcaption class=\"blocks-gallery-item__caption\">Tobias Ellebaek (FAG)<\/figcaption><\/figure><\/li><li class=\"blocks-gallery-item\"><figure><img loading=\"lazy\" decoding=\"async\" width=\"920\" height=\"613\" src=\"https:\/\/www.weber-fag.de\/wordpress\/wp-content\/uploads\/2022\/02\/2202_FAG-Wetzlar_0190.jpg\" alt=\"\" data-id=\"50470\" data-full-url=\"https:\/\/www.weber-fag.de\/wordpress\/wp-content\/uploads\/2022\/02\/2202_FAG-Wetzlar_0190.jpg\" data-link=\"https:\/\/www.weber-fag.de\/wordpress\/?attachment_id=50470\" class=\"wp-image-50470\" srcset=\"https:\/\/www.weber-fag.de\/wordpress\/wp-content\/uploads\/2022\/02\/2202_FAG-Wetzlar_0190.jpg 920w, https:\/\/www.weber-fag.de\/wordpress\/wp-content\/uploads\/2022\/02\/2202_FAG-Wetzlar_0190-300x200.jpg 300w, https:\/\/www.weber-fag.de\/wordpress\/wp-content\/uploads\/2022\/02\/2202_FAG-Wetzlar_0190-768x512.jpg 768w\" sizes=\"auto, (max-width: 920px) 100vw, 920px\" \/><figcaption class=\"blocks-gallery-item__caption\">Kresimir Kozina (FAG)<\/figcaption><\/figure><\/li><li class=\"blocks-gallery-item\"><figure><img loading=\"lazy\" decoding=\"async\" width=\"920\" height=\"613\" src=\"https:\/\/www.weber-fag.de\/wordpress\/wp-content\/uploads\/2022\/02\/2202_FAG-Wetzlar_0201.jpg\" alt=\"\" data-id=\"50471\" data-full-url=\"https:\/\/www.weber-fag.de\/wordpress\/wp-content\/uploads\/2022\/02\/2202_FAG-Wetzlar_0201.jpg\" data-link=\"https:\/\/www.weber-fag.de\/wordpress\/?attachment_id=50471\" class=\"wp-image-50471\" srcset=\"https:\/\/www.weber-fag.de\/wordpress\/wp-content\/uploads\/2022\/02\/2202_FAG-Wetzlar_0201.jpg 920w, https:\/\/www.weber-fag.de\/wordpress\/wp-content\/uploads\/2022\/02\/2202_FAG-Wetzlar_0201-300x200.jpg 300w, https:\/\/www.weber-fag.de\/wordpress\/wp-content\/uploads\/2022\/02\/2202_FAG-Wetzlar_0201-768x512.jpg 768w\" sizes=\"auto, (max-width: 920px) 100vw, 920px\" \/><figcaption class=\"blocks-gallery-item__caption\">Jon Lindenchrone Andersen (FAG)<\/figcaption><\/figure><\/li><li class=\"blocks-gallery-item\"><figure><img loading=\"lazy\" decoding=\"async\" width=\"920\" height=\"613\" src=\"https:\/\/www.weber-fag.de\/wordpress\/wp-content\/uploads\/2022\/02\/2202_FAG-Wetzlar_0203.jpg\" alt=\"\" data-id=\"50472\" data-full-url=\"https:\/\/www.weber-fag.de\/wordpress\/wp-content\/uploads\/2022\/02\/2202_FAG-Wetzlar_0203.jpg\" data-link=\"https:\/\/www.weber-fag.de\/wordpress\/?attachment_id=50472\" class=\"wp-image-50472\" srcset=\"https:\/\/www.weber-fag.de\/wordpress\/wp-content\/uploads\/2022\/02\/2202_FAG-Wetzlar_0203.jpg 920w, https:\/\/www.weber-fag.de\/wordpress\/wp-content\/uploads\/2022\/02\/2202_FAG-Wetzlar_0203-300x200.jpg 300w, https:\/\/www.weber-fag.de\/wordpress\/wp-content\/uploads\/2022\/02\/2202_FAG-Wetzlar_0203-768x512.jpg 768w\" sizes=\"auto, (max-width: 920px) 100vw, 920px\" \/><figcaption class=\"blocks-gallery-item__caption\">Sebastian Heymann (FAG)<\/figcaption><\/figure><\/li><li class=\"blocks-gallery-item\"><figure><img loading=\"lazy\" decoding=\"async\" width=\"920\" height=\"613\" src=\"https:\/\/www.weber-fag.de\/wordpress\/wp-content\/uploads\/2022\/02\/2202_FAG-Wetzlar_0218.jpg\" alt=\"\" data-id=\"50473\" data-full-url=\"https:\/\/www.weber-fag.de\/wordpress\/wp-content\/uploads\/2022\/02\/2202_FAG-Wetzlar_0218.jpg\" data-link=\"https:\/\/www.weber-fag.de\/wordpress\/?attachment_id=50473\" class=\"wp-image-50473\" srcset=\"https:\/\/www.weber-fag.de\/wordpress\/wp-content\/uploads\/2022\/02\/2202_FAG-Wetzlar_0218.jpg 920w, https:\/\/www.weber-fag.de\/wordpress\/wp-content\/uploads\/2022\/02\/2202_FAG-Wetzlar_0218-300x200.jpg 300w, https:\/\/www.weber-fag.de\/wordpress\/wp-content\/uploads\/2022\/02\/2202_FAG-Wetzlar_0218-768x512.jpg 768w\" sizes=\"auto, (max-width: 920px) 100vw, 920px\" \/><figcaption class=\"blocks-gallery-item__caption\">Sebastian Heymann (FAG)<\/figcaption><\/figure><\/li><li class=\"blocks-gallery-item\"><figure><img loading=\"lazy\" decoding=\"async\" width=\"920\" height=\"613\" src=\"https:\/\/www.weber-fag.de\/wordpress\/wp-content\/uploads\/2022\/02\/2202_FAG-Wetzlar_0229.jpg\" alt=\"\" data-id=\"50474\" data-full-url=\"https:\/\/www.weber-fag.de\/wordpress\/wp-content\/uploads\/2022\/02\/2202_FAG-Wetzlar_0229.jpg\" data-link=\"https:\/\/www.weber-fag.de\/wordpress\/?attachment_id=50474\" class=\"wp-image-50474\" srcset=\"https:\/\/www.weber-fag.de\/wordpress\/wp-content\/uploads\/2022\/02\/2202_FAG-Wetzlar_0229.jpg 920w, https:\/\/www.weber-fag.de\/wordpress\/wp-content\/uploads\/2022\/02\/2202_FAG-Wetzlar_0229-300x200.jpg 300w, https:\/\/www.weber-fag.de\/wordpress\/wp-content\/uploads\/2022\/02\/2202_FAG-Wetzlar_0229-768x512.jpg 768w\" sizes=\"auto, (max-width: 920px) 100vw, 920px\" \/><\/figure><\/li><li class=\"blocks-gallery-item\"><figure><img loading=\"lazy\" decoding=\"async\" width=\"920\" height=\"613\" src=\"https:\/\/www.weber-fag.de\/wordpress\/wp-content\/uploads\/2022\/02\/2202_FAG-Wetzlar_0230.jpg\" alt=\"\" data-id=\"50475\" data-full-url=\"https:\/\/www.weber-fag.de\/wordpress\/wp-content\/uploads\/2022\/02\/2202_FAG-Wetzlar_0230.jpg\" data-link=\"https:\/\/www.weber-fag.de\/wordpress\/?attachment_id=50475\" class=\"wp-image-50475\" srcset=\"https:\/\/www.weber-fag.de\/wordpress\/wp-content\/uploads\/2022\/02\/2202_FAG-Wetzlar_0230.jpg 920w, https:\/\/www.weber-fag.de\/wordpress\/wp-content\/uploads\/2022\/02\/2202_FAG-Wetzlar_0230-300x200.jpg 300w, https:\/\/www.weber-fag.de\/wordpress\/wp-content\/uploads\/2022\/02\/2202_FAG-Wetzlar_0230-768x512.jpg 768w\" sizes=\"auto, (max-width: 920px) 100vw, 920px\" \/><figcaption class=\"blocks-gallery-item__caption\">Kevin Gulliksen (FAG)<\/figcaption><\/figure><\/li><li class=\"blocks-gallery-item\"><figure><img loading=\"lazy\" decoding=\"async\" width=\"920\" height=\"613\" src=\"https:\/\/www.weber-fag.de\/wordpress\/wp-content\/uploads\/2022\/02\/2202_FAG-Wetzlar_0233.jpg\" alt=\"\" data-id=\"50476\" data-full-url=\"https:\/\/www.weber-fag.de\/wordpress\/wp-content\/uploads\/2022\/02\/2202_FAG-Wetzlar_0233.jpg\" data-link=\"https:\/\/www.weber-fag.de\/wordpress\/?attachment_id=50476\" class=\"wp-image-50476\" srcset=\"https:\/\/www.weber-fag.de\/wordpress\/wp-content\/uploads\/2022\/02\/2202_FAG-Wetzlar_0233.jpg 920w, https:\/\/www.weber-fag.de\/wordpress\/wp-content\/uploads\/2022\/02\/2202_FAG-Wetzlar_0233-300x200.jpg 300w, https:\/\/www.weber-fag.de\/wordpress\/wp-content\/uploads\/2022\/02\/2202_FAG-Wetzlar_0233-768x512.jpg 768w\" sizes=\"auto, (max-width: 920px) 100vw, 920px\" \/><figcaption class=\"blocks-gallery-item__caption\">Jacob Bagersted (FAG)<\/figcaption><\/figure><\/li><li class=\"blocks-gallery-item\"><figure><img loading=\"lazy\" decoding=\"async\" width=\"920\" height=\"613\" src=\"https:\/\/www.weber-fag.de\/wordpress\/wp-content\/uploads\/2022\/02\/2202_FAG-Wetzlar_0237.jpg\" alt=\"\" data-id=\"50477\" data-full-url=\"https:\/\/www.weber-fag.de\/wordpress\/wp-content\/uploads\/2022\/02\/2202_FAG-Wetzlar_0237.jpg\" data-link=\"https:\/\/www.weber-fag.de\/wordpress\/?attachment_id=50477\" class=\"wp-image-50477\" srcset=\"https:\/\/www.weber-fag.de\/wordpress\/wp-content\/uploads\/2022\/02\/2202_FAG-Wetzlar_0237.jpg 920w, https:\/\/www.weber-fag.de\/wordpress\/wp-content\/uploads\/2022\/02\/2202_FAG-Wetzlar_0237-300x200.jpg 300w, https:\/\/www.weber-fag.de\/wordpress\/wp-content\/uploads\/2022\/02\/2202_FAG-Wetzlar_0237-768x512.jpg 768w\" sizes=\"auto, (max-width: 920px) 100vw, 920px\" \/><\/figure><\/li><li class=\"blocks-gallery-item\"><figure><img loading=\"lazy\" decoding=\"async\" width=\"920\" height=\"613\" src=\"https:\/\/www.weber-fag.de\/wordpress\/wp-content\/uploads\/2022\/02\/2202_FAG-Wetzlar_0243.jpg\" alt=\"\" data-id=\"50478\" data-full-url=\"https:\/\/www.weber-fag.de\/wordpress\/wp-content\/uploads\/2022\/02\/2202_FAG-Wetzlar_0243.jpg\" data-link=\"https:\/\/www.weber-fag.de\/wordpress\/?attachment_id=50478\" class=\"wp-image-50478\" srcset=\"https:\/\/www.weber-fag.de\/wordpress\/wp-content\/uploads\/2022\/02\/2202_FAG-Wetzlar_0243.jpg 920w, https:\/\/www.weber-fag.de\/wordpress\/wp-content\/uploads\/2022\/02\/2202_FAG-Wetzlar_0243-300x200.jpg 300w, https:\/\/www.weber-fag.de\/wordpress\/wp-content\/uploads\/2022\/02\/2202_FAG-Wetzlar_0243-768x512.jpg 768w\" sizes=\"auto, (max-width: 920px) 100vw, 920px\" \/><figcaption class=\"blocks-gallery-item__caption\">Daniel Rebmann (FAG)<\/figcaption><\/figure><\/li><li class=\"blocks-gallery-item\"><figure><img loading=\"lazy\" decoding=\"async\" width=\"920\" height=\"613\" src=\"https:\/\/www.weber-fag.de\/wordpress\/wp-content\/uploads\/2022\/02\/2202_FAG-Wetzlar_0244.jpg\" alt=\"\" data-id=\"50479\" data-full-url=\"https:\/\/www.weber-fag.de\/wordpress\/wp-content\/uploads\/2022\/02\/2202_FAG-Wetzlar_0244.jpg\" data-link=\"https:\/\/www.weber-fag.de\/wordpress\/?attachment_id=50479\" class=\"wp-image-50479\" srcset=\"https:\/\/www.weber-fag.de\/wordpress\/wp-content\/uploads\/2022\/02\/2202_FAG-Wetzlar_0244.jpg 920w, https:\/\/www.weber-fag.de\/wordpress\/wp-content\/uploads\/2022\/02\/2202_FAG-Wetzlar_0244-300x200.jpg 300w, https:\/\/www.weber-fag.de\/wordpress\/wp-content\/uploads\/2022\/02\/2202_FAG-Wetzlar_0244-768x512.jpg 768w\" sizes=\"auto, (max-width: 920px) 100vw, 920px\" \/><figcaption class=\"blocks-gallery-item__caption\">Marcel Schiller (FAG)<\/figcaption><\/figure><\/li><li class=\"blocks-gallery-item\"><figure><img loading=\"lazy\" decoding=\"async\" width=\"920\" height=\"613\" src=\"https:\/\/www.weber-fag.de\/wordpress\/wp-content\/uploads\/2022\/02\/2202_FAG-Wetzlar_0246.jpg\" alt=\"\" data-id=\"50480\" data-full-url=\"https:\/\/www.weber-fag.de\/wordpress\/wp-content\/uploads\/2022\/02\/2202_FAG-Wetzlar_0246.jpg\" data-link=\"https:\/\/www.weber-fag.de\/wordpress\/?attachment_id=50480\" class=\"wp-image-50480\" srcset=\"https:\/\/www.weber-fag.de\/wordpress\/wp-content\/uploads\/2022\/02\/2202_FAG-Wetzlar_0246.jpg 920w, https:\/\/www.weber-fag.de\/wordpress\/wp-content\/uploads\/2022\/02\/2202_FAG-Wetzlar_0246-300x200.jpg 300w, https:\/\/www.weber-fag.de\/wordpress\/wp-content\/uploads\/2022\/02\/2202_FAG-Wetzlar_0246-768x512.jpg 768w\" sizes=\"auto, (max-width: 920px) 100vw, 920px\" \/><figcaption class=\"blocks-gallery-item__caption\">Nemanja Zelenovic (FAG), Urh Kastelic (FAG)<\/figcaption><\/figure><\/li><li class=\"blocks-gallery-item\"><figure><img loading=\"lazy\" decoding=\"async\" width=\"920\" height=\"613\" src=\"https:\/\/www.weber-fag.de\/wordpress\/wp-content\/uploads\/2022\/02\/2202_FAG-Wetzlar_0251.jpg\" alt=\"\" data-id=\"50481\" data-full-url=\"https:\/\/www.weber-fag.de\/wordpress\/wp-content\/uploads\/2022\/02\/2202_FAG-Wetzlar_0251.jpg\" data-link=\"https:\/\/www.weber-fag.de\/wordpress\/?attachment_id=50481\" class=\"wp-image-50481\" srcset=\"https:\/\/www.weber-fag.de\/wordpress\/wp-content\/uploads\/2022\/02\/2202_FAG-Wetzlar_0251.jpg 920w, https:\/\/www.weber-fag.de\/wordpress\/wp-content\/uploads\/2022\/02\/2202_FAG-Wetzlar_0251-300x200.jpg 300w, https:\/\/www.weber-fag.de\/wordpress\/wp-content\/uploads\/2022\/02\/2202_FAG-Wetzlar_0251-768x512.jpg 768w\" sizes=\"auto, (max-width: 920px) 100vw, 920px\" \/><figcaption class=\"blocks-gallery-item__caption\">Marcel Schiller (FAG), Jacob Bagersted (FAG)<\/figcaption><\/figure><\/li><li class=\"blocks-gallery-item\"><figure><img loading=\"lazy\" decoding=\"async\" width=\"920\" height=\"613\" src=\"https:\/\/www.weber-fag.de\/wordpress\/wp-content\/uploads\/2022\/02\/2202_FAG-Wetzlar_0256.jpg\" alt=\"\" data-id=\"50482\" data-full-url=\"https:\/\/www.weber-fag.de\/wordpress\/wp-content\/uploads\/2022\/02\/2202_FAG-Wetzlar_0256.jpg\" data-link=\"https:\/\/www.weber-fag.de\/wordpress\/?attachment_id=50482\" class=\"wp-image-50482\" srcset=\"https:\/\/www.weber-fag.de\/wordpress\/wp-content\/uploads\/2022\/02\/2202_FAG-Wetzlar_0256.jpg 920w, https:\/\/www.weber-fag.de\/wordpress\/wp-content\/uploads\/2022\/02\/2202_FAG-Wetzlar_0256-300x200.jpg 300w, https:\/\/www.weber-fag.de\/wordpress\/wp-content\/uploads\/2022\/02\/2202_FAG-Wetzlar_0256-768x512.jpg 768w\" sizes=\"auto, (max-width: 920px) 100vw, 920px\" \/><\/figure><\/li><li class=\"blocks-gallery-item\"><figure><img loading=\"lazy\" decoding=\"async\" width=\"920\" height=\"613\" src=\"https:\/\/www.weber-fag.de\/wordpress\/wp-content\/uploads\/2022\/02\/2202_FAG-Wetzlar_0262.jpg\" alt=\"\" data-id=\"50483\" data-full-url=\"https:\/\/www.weber-fag.de\/wordpress\/wp-content\/uploads\/2022\/02\/2202_FAG-Wetzlar_0262.jpg\" data-link=\"https:\/\/www.weber-fag.de\/wordpress\/?attachment_id=50483\" class=\"wp-image-50483\" srcset=\"https:\/\/www.weber-fag.de\/wordpress\/wp-content\/uploads\/2022\/02\/2202_FAG-Wetzlar_0262.jpg 920w, https:\/\/www.weber-fag.de\/wordpress\/wp-content\/uploads\/2022\/02\/2202_FAG-Wetzlar_0262-300x200.jpg 300w, https:\/\/www.weber-fag.de\/wordpress\/wp-content\/uploads\/2022\/02\/2202_FAG-Wetzlar_0262-768x512.jpg 768w\" sizes=\"auto, (max-width: 920px) 100vw, 920px\" \/><figcaption class=\"blocks-gallery-item__caption\">Sebastian Heymann (FAG)<\/figcaption><\/figure><\/li><\/ul><\/figure>\n<div class=\"pp-fb-like-btn-wrap\"><div class=\"fb-like\" data-href=\"https:\/\/www.weber-fag.de\/wordpress\/frisch-auf-goeppingen-vs-hsg-wetzlar-2\/\" data-share=\"false\" data-layout=\"button_count\" data-width=\"90\" data-show-faces=\"\" data-action=\"like\"><\/div><\/div>","protected":false},"excerpt":{"rendered":"<p>Mit einer tollen Leistung setzte G\u00f6ppingen die richtige Antwort auf das zuletzt schwache Ausw\u00e4rtsspiel gegen Minden. Mit einem in dieser H\u00f6he v\u00f6llig verdienten Sieg (33:26) konnten sich die G\u00f6ppinger gegen den direkten Tabellennachbarn aus Wetzlar klar durchsetzen. Hier die Bilder vom Spiel<\/p>\n","protected":false},"author":1,"featured_media":50433,"comment_status":"open","ping_status":"open","sticky":false,"template":"","format":"standard","meta":{"footnotes":""},"categories":[5],"tags":[],"class_list":["post-50432","post","type-post","status-publish","format-standard","has-post-thumbnail","hentry","category-bundesliga"],"_links":{"self":[{"href":"https:\/\/www.weber-fag.de\/wordpress\/wp-json\/wp\/v2\/posts\/50432","targetHints":{"allow":["GET"]}}],"collection":[{"href":"https:\/\/www.weber-fag.de\/wordpress\/wp-json\/wp\/v2\/posts"}],"about":[{"href":"https:\/\/www.weber-fag.de\/wordpress\/wp-json\/wp\/v2\/types\/post"}],"author":[{"embeddable":true,"href":"https:\/\/www.weber-fag.de\/wordpress\/wp-json\/wp\/v2\/users\/1"}],"replies":[{"embeddable":true,"href":"https:\/\/www.weber-fag.de\/wordpress\/wp-json\/wp\/v2\/comments?post=50432"}],"version-history":[{"count":1,"href":"https:\/\/www.weber-fag.de\/wordpress\/wp-json\/wp\/v2\/posts\/50432\/revisions"}],"predecessor-version":[{"id":50484,"href":"https:\/\/www.weber-fag.de\/wordpress\/wp-json\/wp\/v2\/posts\/50432\/revisions\/50484"}],"wp:featuredmedia":[{"embeddable":true,"href":"https:\/\/www.weber-fag.de\/wordpress\/wp-json\/wp\/v2\/media\/50433"}],"wp:attachment":[{"href":"https:\/\/www.weber-fag.de\/wordpress\/wp-json\/wp\/v2\/media?parent=50432"}],"wp:term":[{"taxonomy":"category","embeddable":true,"href":"https:\/\/www.weber-fag.de\/wordpress\/wp-json\/wp\/v2\/categories?post=50432"},{"taxonomy":"post_tag","embeddable":true,"href":"https:\/\/www.weber-fag.de\/wordpress\/wp-json\/wp\/v2\/tags?post=50432"}],"curies":[{"name":"wp","href":"https:\/\/api.w.org\/{rel}","templated":true}]}}