{"id":50350,"date":"2021-12-27T15:27:12","date_gmt":"2021-12-27T13:27:12","guid":{"rendered":"http:\/\/www.weber-fag.de\/wordpress\/?p=50350"},"modified":"2021-12-27T15:27:14","modified_gmt":"2021-12-27T13:27:14","slug":"frisch-auf-goeppingen-vs-tvb-stuttgart-2","status":"publish","type":"post","link":"https:\/\/www.weber-fag.de\/wordpress\/frisch-auf-goeppingen-vs-tvb-stuttgart-2\/","title":{"rendered":"FRISCH AUF! G\u00f6ppingen vs. TVB Stuttgart"},"content":{"rendered":"\n<p>Im letzten Heimspiel des Jahres war der TVB Stutgart zu Gast in der EWS-Arena. Die G\u00f6ppinger konnten einen knappen 34:32 Derbysieg f\u00fcr sich verbuchen. Die 750 Zuschauer sahen dabei aber erneut zwei unterschiedliche Gesichter der G\u00f6ppinger. W\u00e4hrend die Hausherren in der 1. Halbzeit souver\u00e4n aufspielten (19:13) schlichen sich nach dem Seitenwechsel wieder unsicherheiten und reihenweise technische Fehler ein. Hier die Bilder vom Spiel:<\/p>\n\n\n\n<figure class=\"wp-block-image size-full\"><img loading=\"lazy\" decoding=\"async\" width=\"920\" height=\"613\" src=\"https:\/\/www.weber-fag.de\/wordpress\/wp-content\/uploads\/2021\/12\/2112_FAG-Stuttgart_0089.jpg\" alt=\"\" class=\"wp-image-50351\" srcset=\"https:\/\/www.weber-fag.de\/wordpress\/wp-content\/uploads\/2021\/12\/2112_FAG-Stuttgart_0089.jpg 920w, https:\/\/www.weber-fag.de\/wordpress\/wp-content\/uploads\/2021\/12\/2112_FAG-Stuttgart_0089-300x200.jpg 300w, https:\/\/www.weber-fag.de\/wordpress\/wp-content\/uploads\/2021\/12\/2112_FAG-Stuttgart_0089-768x512.jpg 768w\" sizes=\"auto, (max-width: 920px) 100vw, 920px\" \/><figcaption>Jacob Bagersted (FAG)<\/figcaption><\/figure>\n\n\n\n<!--more-->\n\n\n\n<figure class=\"wp-block-gallery columns-1 is-cropped wp-block-gallery-1 is-layout-flex wp-block-gallery-is-layout-flex\"><ul class=\"blocks-gallery-grid\"><li class=\"blocks-gallery-item\"><figure><img loading=\"lazy\" decoding=\"async\" width=\"920\" height=\"613\" src=\"https:\/\/www.weber-fag.de\/wordpress\/wp-content\/uploads\/2021\/12\/2112_FAG-Stuttgart_0017.jpg\" alt=\"\" data-id=\"50352\" data-full-url=\"https:\/\/www.weber-fag.de\/wordpress\/wp-content\/uploads\/2021\/12\/2112_FAG-Stuttgart_0017.jpg\" data-link=\"https:\/\/www.weber-fag.de\/wordpress\/?attachment_id=50352\" class=\"wp-image-50352\" srcset=\"https:\/\/www.weber-fag.de\/wordpress\/wp-content\/uploads\/2021\/12\/2112_FAG-Stuttgart_0017.jpg 920w, https:\/\/www.weber-fag.de\/wordpress\/wp-content\/uploads\/2021\/12\/2112_FAG-Stuttgart_0017-300x200.jpg 300w, https:\/\/www.weber-fag.de\/wordpress\/wp-content\/uploads\/2021\/12\/2112_FAG-Stuttgart_0017-768x512.jpg 768w\" sizes=\"auto, (max-width: 920px) 100vw, 920px\" \/><figcaption class=\"blocks-gallery-item__caption\">Janus Smarason (FAG)<\/figcaption><\/figure><\/li><li class=\"blocks-gallery-item\"><figure><img loading=\"lazy\" decoding=\"async\" width=\"920\" height=\"613\" src=\"https:\/\/www.weber-fag.de\/wordpress\/wp-content\/uploads\/2021\/12\/2112_FAG-Stuttgart_0019.jpg\" alt=\"\" data-id=\"50353\" data-full-url=\"https:\/\/www.weber-fag.de\/wordpress\/wp-content\/uploads\/2021\/12\/2112_FAG-Stuttgart_0019.jpg\" data-link=\"https:\/\/www.weber-fag.de\/wordpress\/?attachment_id=50353\" class=\"wp-image-50353\" srcset=\"https:\/\/www.weber-fag.de\/wordpress\/wp-content\/uploads\/2021\/12\/2112_FAG-Stuttgart_0019.jpg 920w, https:\/\/www.weber-fag.de\/wordpress\/wp-content\/uploads\/2021\/12\/2112_FAG-Stuttgart_0019-300x200.jpg 300w, https:\/\/www.weber-fag.de\/wordpress\/wp-content\/uploads\/2021\/12\/2112_FAG-Stuttgart_0019-768x512.jpg 768w\" sizes=\"auto, (max-width: 920px) 100vw, 920px\" \/><figcaption class=\"blocks-gallery-item__caption\">Tim Kneule (FAG)<\/figcaption><\/figure><\/li><li class=\"blocks-gallery-item\"><figure><img loading=\"lazy\" decoding=\"async\" width=\"920\" height=\"613\" src=\"https:\/\/www.weber-fag.de\/wordpress\/wp-content\/uploads\/2021\/12\/2112_FAG-Stuttgart_0023.jpg\" alt=\"\" data-id=\"50354\" data-full-url=\"https:\/\/www.weber-fag.de\/wordpress\/wp-content\/uploads\/2021\/12\/2112_FAG-Stuttgart_0023.jpg\" data-link=\"https:\/\/www.weber-fag.de\/wordpress\/?attachment_id=50354\" class=\"wp-image-50354\" srcset=\"https:\/\/www.weber-fag.de\/wordpress\/wp-content\/uploads\/2021\/12\/2112_FAG-Stuttgart_0023.jpg 920w, https:\/\/www.weber-fag.de\/wordpress\/wp-content\/uploads\/2021\/12\/2112_FAG-Stuttgart_0023-300x200.jpg 300w, https:\/\/www.weber-fag.de\/wordpress\/wp-content\/uploads\/2021\/12\/2112_FAG-Stuttgart_0023-768x512.jpg 768w\" sizes=\"auto, (max-width: 920px) 100vw, 920px\" \/><figcaption class=\"blocks-gallery-item__caption\">Sebastian Heymann (FAG)<\/figcaption><\/figure><\/li><li class=\"blocks-gallery-item\"><figure><img loading=\"lazy\" decoding=\"async\" width=\"920\" height=\"613\" src=\"https:\/\/www.weber-fag.de\/wordpress\/wp-content\/uploads\/2021\/12\/2112_FAG-Stuttgart_0026.jpg\" alt=\"\" data-id=\"50355\" data-full-url=\"https:\/\/www.weber-fag.de\/wordpress\/wp-content\/uploads\/2021\/12\/2112_FAG-Stuttgart_0026.jpg\" data-link=\"https:\/\/www.weber-fag.de\/wordpress\/?attachment_id=50355\" class=\"wp-image-50355\" srcset=\"https:\/\/www.weber-fag.de\/wordpress\/wp-content\/uploads\/2021\/12\/2112_FAG-Stuttgart_0026.jpg 920w, https:\/\/www.weber-fag.de\/wordpress\/wp-content\/uploads\/2021\/12\/2112_FAG-Stuttgart_0026-300x200.jpg 300w, https:\/\/www.weber-fag.de\/wordpress\/wp-content\/uploads\/2021\/12\/2112_FAG-Stuttgart_0026-768x512.jpg 768w\" sizes=\"auto, (max-width: 920px) 100vw, 920px\" \/><figcaption class=\"blocks-gallery-item__caption\">Sebastian Heymann (FAG)<\/figcaption><\/figure><\/li><li class=\"blocks-gallery-item\"><figure><img loading=\"lazy\" decoding=\"async\" width=\"920\" height=\"613\" src=\"https:\/\/www.weber-fag.de\/wordpress\/wp-content\/uploads\/2021\/12\/2112_FAG-Stuttgart_0031.jpg\" alt=\"\" data-id=\"50356\" data-full-url=\"https:\/\/www.weber-fag.de\/wordpress\/wp-content\/uploads\/2021\/12\/2112_FAG-Stuttgart_0031.jpg\" data-link=\"https:\/\/www.weber-fag.de\/wordpress\/?attachment_id=50356\" class=\"wp-image-50356\" srcset=\"https:\/\/www.weber-fag.de\/wordpress\/wp-content\/uploads\/2021\/12\/2112_FAG-Stuttgart_0031.jpg 920w, https:\/\/www.weber-fag.de\/wordpress\/wp-content\/uploads\/2021\/12\/2112_FAG-Stuttgart_0031-300x200.jpg 300w, https:\/\/www.weber-fag.de\/wordpress\/wp-content\/uploads\/2021\/12\/2112_FAG-Stuttgart_0031-768x512.jpg 768w\" sizes=\"auto, (max-width: 920px) 100vw, 920px\" \/><figcaption class=\"blocks-gallery-item__caption\">Jacob Bagersted (FAG)<\/figcaption><\/figure><\/li><li class=\"blocks-gallery-item\"><figure><img loading=\"lazy\" decoding=\"async\" width=\"920\" height=\"613\" src=\"https:\/\/www.weber-fag.de\/wordpress\/wp-content\/uploads\/2021\/12\/2112_FAG-Stuttgart_0039.jpg\" alt=\"\" data-id=\"50357\" data-full-url=\"https:\/\/www.weber-fag.de\/wordpress\/wp-content\/uploads\/2021\/12\/2112_FAG-Stuttgart_0039.jpg\" data-link=\"https:\/\/www.weber-fag.de\/wordpress\/?attachment_id=50357\" class=\"wp-image-50357\" srcset=\"https:\/\/www.weber-fag.de\/wordpress\/wp-content\/uploads\/2021\/12\/2112_FAG-Stuttgart_0039.jpg 920w, https:\/\/www.weber-fag.de\/wordpress\/wp-content\/uploads\/2021\/12\/2112_FAG-Stuttgart_0039-300x200.jpg 300w, https:\/\/www.weber-fag.de\/wordpress\/wp-content\/uploads\/2021\/12\/2112_FAG-Stuttgart_0039-768x512.jpg 768w\" sizes=\"auto, (max-width: 920px) 100vw, 920px\" \/><figcaption class=\"blocks-gallery-item__caption\">Janus Smarason (FAG)<\/figcaption><\/figure><\/li><li class=\"blocks-gallery-item\"><figure><img loading=\"lazy\" decoding=\"async\" width=\"920\" height=\"613\" src=\"https:\/\/www.weber-fag.de\/wordpress\/wp-content\/uploads\/2021\/12\/2112_FAG-Stuttgart_0046.jpg\" alt=\"\" data-id=\"50358\" data-full-url=\"https:\/\/www.weber-fag.de\/wordpress\/wp-content\/uploads\/2021\/12\/2112_FAG-Stuttgart_0046.jpg\" data-link=\"https:\/\/www.weber-fag.de\/wordpress\/?attachment_id=50358\" class=\"wp-image-50358\" srcset=\"https:\/\/www.weber-fag.de\/wordpress\/wp-content\/uploads\/2021\/12\/2112_FAG-Stuttgart_0046.jpg 920w, https:\/\/www.weber-fag.de\/wordpress\/wp-content\/uploads\/2021\/12\/2112_FAG-Stuttgart_0046-300x200.jpg 300w, https:\/\/www.weber-fag.de\/wordpress\/wp-content\/uploads\/2021\/12\/2112_FAG-Stuttgart_0046-768x512.jpg 768w\" sizes=\"auto, (max-width: 920px) 100vw, 920px\" \/><figcaption class=\"blocks-gallery-item__caption\">Janus Smarason (FAG)<\/figcaption><\/figure><\/li><li class=\"blocks-gallery-item\"><figure><img loading=\"lazy\" decoding=\"async\" width=\"920\" height=\"613\" src=\"https:\/\/www.weber-fag.de\/wordpress\/wp-content\/uploads\/2021\/12\/2112_FAG-Stuttgart_0054.jpg\" alt=\"\" data-id=\"50359\" data-full-url=\"https:\/\/www.weber-fag.de\/wordpress\/wp-content\/uploads\/2021\/12\/2112_FAG-Stuttgart_0054.jpg\" data-link=\"https:\/\/www.weber-fag.de\/wordpress\/?attachment_id=50359\" class=\"wp-image-50359\" srcset=\"https:\/\/www.weber-fag.de\/wordpress\/wp-content\/uploads\/2021\/12\/2112_FAG-Stuttgart_0054.jpg 920w, https:\/\/www.weber-fag.de\/wordpress\/wp-content\/uploads\/2021\/12\/2112_FAG-Stuttgart_0054-300x200.jpg 300w, https:\/\/www.weber-fag.de\/wordpress\/wp-content\/uploads\/2021\/12\/2112_FAG-Stuttgart_0054-768x512.jpg 768w\" sizes=\"auto, (max-width: 920px) 100vw, 920px\" \/><figcaption class=\"blocks-gallery-item__caption\">Sebastian Heymann (FAG)<\/figcaption><\/figure><\/li><li class=\"blocks-gallery-item\"><figure><img loading=\"lazy\" decoding=\"async\" width=\"920\" height=\"613\" src=\"https:\/\/www.weber-fag.de\/wordpress\/wp-content\/uploads\/2021\/12\/2112_FAG-Stuttgart_0059.jpg\" alt=\"\" data-id=\"50360\" data-full-url=\"https:\/\/www.weber-fag.de\/wordpress\/wp-content\/uploads\/2021\/12\/2112_FAG-Stuttgart_0059.jpg\" data-link=\"https:\/\/www.weber-fag.de\/wordpress\/?attachment_id=50360\" class=\"wp-image-50360\" srcset=\"https:\/\/www.weber-fag.de\/wordpress\/wp-content\/uploads\/2021\/12\/2112_FAG-Stuttgart_0059.jpg 920w, https:\/\/www.weber-fag.de\/wordpress\/wp-content\/uploads\/2021\/12\/2112_FAG-Stuttgart_0059-300x200.jpg 300w, https:\/\/www.weber-fag.de\/wordpress\/wp-content\/uploads\/2021\/12\/2112_FAG-Stuttgart_0059-768x512.jpg 768w\" sizes=\"auto, (max-width: 920px) 100vw, 920px\" \/><figcaption class=\"blocks-gallery-item__caption\">Kevin Gulliksen (FAG)<\/figcaption><\/figure><\/li><li class=\"blocks-gallery-item\"><figure><img loading=\"lazy\" decoding=\"async\" width=\"920\" height=\"613\" src=\"https:\/\/www.weber-fag.de\/wordpress\/wp-content\/uploads\/2021\/12\/2112_FAG-Stuttgart_0066.jpg\" alt=\"\" data-id=\"50361\" data-full-url=\"https:\/\/www.weber-fag.de\/wordpress\/wp-content\/uploads\/2021\/12\/2112_FAG-Stuttgart_0066.jpg\" data-link=\"https:\/\/www.weber-fag.de\/wordpress\/?attachment_id=50361\" class=\"wp-image-50361\" srcset=\"https:\/\/www.weber-fag.de\/wordpress\/wp-content\/uploads\/2021\/12\/2112_FAG-Stuttgart_0066.jpg 920w, https:\/\/www.weber-fag.de\/wordpress\/wp-content\/uploads\/2021\/12\/2112_FAG-Stuttgart_0066-300x200.jpg 300w, https:\/\/www.weber-fag.de\/wordpress\/wp-content\/uploads\/2021\/12\/2112_FAG-Stuttgart_0066-768x512.jpg 768w\" sizes=\"auto, (max-width: 920px) 100vw, 920px\" \/><figcaption class=\"blocks-gallery-item__caption\">Urh Kastelic (FAG)<\/figcaption><\/figure><\/li><li class=\"blocks-gallery-item\"><figure><img loading=\"lazy\" decoding=\"async\" width=\"920\" height=\"613\" src=\"https:\/\/www.weber-fag.de\/wordpress\/wp-content\/uploads\/2021\/12\/2112_FAG-Stuttgart_0072.jpg\" alt=\"\" data-id=\"50362\" data-full-url=\"https:\/\/www.weber-fag.de\/wordpress\/wp-content\/uploads\/2021\/12\/2112_FAG-Stuttgart_0072.jpg\" data-link=\"https:\/\/www.weber-fag.de\/wordpress\/?attachment_id=50362\" class=\"wp-image-50362\" srcset=\"https:\/\/www.weber-fag.de\/wordpress\/wp-content\/uploads\/2021\/12\/2112_FAG-Stuttgart_0072.jpg 920w, https:\/\/www.weber-fag.de\/wordpress\/wp-content\/uploads\/2021\/12\/2112_FAG-Stuttgart_0072-300x200.jpg 300w, https:\/\/www.weber-fag.de\/wordpress\/wp-content\/uploads\/2021\/12\/2112_FAG-Stuttgart_0072-768x512.jpg 768w\" sizes=\"auto, (max-width: 920px) 100vw, 920px\" \/><figcaption class=\"blocks-gallery-item__caption\">Marcel Schiller (FAG)<\/figcaption><\/figure><\/li><li class=\"blocks-gallery-item\"><figure><img loading=\"lazy\" decoding=\"async\" width=\"920\" height=\"613\" src=\"https:\/\/www.weber-fag.de\/wordpress\/wp-content\/uploads\/2021\/12\/2112_FAG-Stuttgart_0073.jpg\" alt=\"\" data-id=\"50363\" data-full-url=\"https:\/\/www.weber-fag.de\/wordpress\/wp-content\/uploads\/2021\/12\/2112_FAG-Stuttgart_0073.jpg\" data-link=\"https:\/\/www.weber-fag.de\/wordpress\/?attachment_id=50363\" class=\"wp-image-50363\" srcset=\"https:\/\/www.weber-fag.de\/wordpress\/wp-content\/uploads\/2021\/12\/2112_FAG-Stuttgart_0073.jpg 920w, https:\/\/www.weber-fag.de\/wordpress\/wp-content\/uploads\/2021\/12\/2112_FAG-Stuttgart_0073-300x200.jpg 300w, https:\/\/www.weber-fag.de\/wordpress\/wp-content\/uploads\/2021\/12\/2112_FAG-Stuttgart_0073-768x512.jpg 768w\" sizes=\"auto, (max-width: 920px) 100vw, 920px\" \/><figcaption class=\"blocks-gallery-item__caption\">Kevin Gulliksen (FAG)<\/figcaption><\/figure><\/li><li class=\"blocks-gallery-item\"><figure><img loading=\"lazy\" decoding=\"async\" width=\"920\" height=\"613\" src=\"https:\/\/www.weber-fag.de\/wordpress\/wp-content\/uploads\/2021\/12\/2112_FAG-Stuttgart_0074.jpg\" alt=\"\" data-id=\"50364\" data-full-url=\"https:\/\/www.weber-fag.de\/wordpress\/wp-content\/uploads\/2021\/12\/2112_FAG-Stuttgart_0074.jpg\" data-link=\"https:\/\/www.weber-fag.de\/wordpress\/?attachment_id=50364\" class=\"wp-image-50364\" srcset=\"https:\/\/www.weber-fag.de\/wordpress\/wp-content\/uploads\/2021\/12\/2112_FAG-Stuttgart_0074.jpg 920w, https:\/\/www.weber-fag.de\/wordpress\/wp-content\/uploads\/2021\/12\/2112_FAG-Stuttgart_0074-300x200.jpg 300w, https:\/\/www.weber-fag.de\/wordpress\/wp-content\/uploads\/2021\/12\/2112_FAG-Stuttgart_0074-768x512.jpg 768w\" sizes=\"auto, (max-width: 920px) 100vw, 920px\" \/><figcaption class=\"blocks-gallery-item__caption\">Kevin Gulliksen (FAG)<\/figcaption><\/figure><\/li><li class=\"blocks-gallery-item\"><figure><img loading=\"lazy\" decoding=\"async\" width=\"920\" height=\"613\" src=\"https:\/\/www.weber-fag.de\/wordpress\/wp-content\/uploads\/2021\/12\/2112_FAG-Stuttgart_0075.jpg\" alt=\"\" data-id=\"50365\" data-full-url=\"https:\/\/www.weber-fag.de\/wordpress\/wp-content\/uploads\/2021\/12\/2112_FAG-Stuttgart_0075.jpg\" data-link=\"https:\/\/www.weber-fag.de\/wordpress\/?attachment_id=50365\" class=\"wp-image-50365\" srcset=\"https:\/\/www.weber-fag.de\/wordpress\/wp-content\/uploads\/2021\/12\/2112_FAG-Stuttgart_0075.jpg 920w, https:\/\/www.weber-fag.de\/wordpress\/wp-content\/uploads\/2021\/12\/2112_FAG-Stuttgart_0075-300x200.jpg 300w, https:\/\/www.weber-fag.de\/wordpress\/wp-content\/uploads\/2021\/12\/2112_FAG-Stuttgart_0075-768x512.jpg 768w\" sizes=\"auto, (max-width: 920px) 100vw, 920px\" \/><\/figure><\/li><li class=\"blocks-gallery-item\"><figure><img loading=\"lazy\" decoding=\"async\" width=\"920\" height=\"613\" src=\"https:\/\/www.weber-fag.de\/wordpress\/wp-content\/uploads\/2021\/12\/2112_FAG-Stuttgart_0094.jpg\" alt=\"\" data-id=\"50366\" data-full-url=\"https:\/\/www.weber-fag.de\/wordpress\/wp-content\/uploads\/2021\/12\/2112_FAG-Stuttgart_0094.jpg\" data-link=\"https:\/\/www.weber-fag.de\/wordpress\/?attachment_id=50366\" class=\"wp-image-50366\" srcset=\"https:\/\/www.weber-fag.de\/wordpress\/wp-content\/uploads\/2021\/12\/2112_FAG-Stuttgart_0094.jpg 920w, https:\/\/www.weber-fag.de\/wordpress\/wp-content\/uploads\/2021\/12\/2112_FAG-Stuttgart_0094-300x200.jpg 300w, https:\/\/www.weber-fag.de\/wordpress\/wp-content\/uploads\/2021\/12\/2112_FAG-Stuttgart_0094-768x512.jpg 768w\" sizes=\"auto, (max-width: 920px) 100vw, 920px\" \/><figcaption class=\"blocks-gallery-item__caption\">Jacob Bagersted (FAG)<\/figcaption><\/figure><\/li><li class=\"blocks-gallery-item\"><figure><img loading=\"lazy\" decoding=\"async\" width=\"920\" height=\"613\" src=\"https:\/\/www.weber-fag.de\/wordpress\/wp-content\/uploads\/2021\/12\/2112_FAG-Stuttgart_0103.jpg\" alt=\"\" data-id=\"50367\" data-full-url=\"https:\/\/www.weber-fag.de\/wordpress\/wp-content\/uploads\/2021\/12\/2112_FAG-Stuttgart_0103.jpg\" data-link=\"https:\/\/www.weber-fag.de\/wordpress\/?attachment_id=50367\" class=\"wp-image-50367\" srcset=\"https:\/\/www.weber-fag.de\/wordpress\/wp-content\/uploads\/2021\/12\/2112_FAG-Stuttgart_0103.jpg 920w, https:\/\/www.weber-fag.de\/wordpress\/wp-content\/uploads\/2021\/12\/2112_FAG-Stuttgart_0103-300x200.jpg 300w, https:\/\/www.weber-fag.de\/wordpress\/wp-content\/uploads\/2021\/12\/2112_FAG-Stuttgart_0103-768x512.jpg 768w\" sizes=\"auto, (max-width: 920px) 100vw, 920px\" \/><figcaption class=\"blocks-gallery-item__caption\">Jon Lindenchrone Andersen (FAG)<\/figcaption><\/figure><\/li><li class=\"blocks-gallery-item\"><figure><img loading=\"lazy\" decoding=\"async\" width=\"920\" height=\"613\" src=\"https:\/\/www.weber-fag.de\/wordpress\/wp-content\/uploads\/2021\/12\/2112_FAG-Stuttgart_0108.jpg\" alt=\"\" data-id=\"50368\" data-full-url=\"https:\/\/www.weber-fag.de\/wordpress\/wp-content\/uploads\/2021\/12\/2112_FAG-Stuttgart_0108.jpg\" data-link=\"https:\/\/www.weber-fag.de\/wordpress\/?attachment_id=50368\" class=\"wp-image-50368\" srcset=\"https:\/\/www.weber-fag.de\/wordpress\/wp-content\/uploads\/2021\/12\/2112_FAG-Stuttgart_0108.jpg 920w, https:\/\/www.weber-fag.de\/wordpress\/wp-content\/uploads\/2021\/12\/2112_FAG-Stuttgart_0108-300x200.jpg 300w, https:\/\/www.weber-fag.de\/wordpress\/wp-content\/uploads\/2021\/12\/2112_FAG-Stuttgart_0108-768x512.jpg 768w\" sizes=\"auto, (max-width: 920px) 100vw, 920px\" \/><figcaption class=\"blocks-gallery-item__caption\">Jon Lindenchrone Andersen (FAG)<\/figcaption><\/figure><\/li><li class=\"blocks-gallery-item\"><figure><img loading=\"lazy\" decoding=\"async\" width=\"920\" height=\"613\" src=\"https:\/\/www.weber-fag.de\/wordpress\/wp-content\/uploads\/2021\/12\/2112_FAG-Stuttgart_0116.jpg\" alt=\"\" data-id=\"50369\" data-full-url=\"https:\/\/www.weber-fag.de\/wordpress\/wp-content\/uploads\/2021\/12\/2112_FAG-Stuttgart_0116.jpg\" data-link=\"https:\/\/www.weber-fag.de\/wordpress\/?attachment_id=50369\" class=\"wp-image-50369\" srcset=\"https:\/\/www.weber-fag.de\/wordpress\/wp-content\/uploads\/2021\/12\/2112_FAG-Stuttgart_0116.jpg 920w, https:\/\/www.weber-fag.de\/wordpress\/wp-content\/uploads\/2021\/12\/2112_FAG-Stuttgart_0116-300x200.jpg 300w, https:\/\/www.weber-fag.de\/wordpress\/wp-content\/uploads\/2021\/12\/2112_FAG-Stuttgart_0116-768x512.jpg 768w\" sizes=\"auto, (max-width: 920px) 100vw, 920px\" \/><figcaption class=\"blocks-gallery-item__caption\">Jon Lindenchrone Andersen (FAG)<\/figcaption><\/figure><\/li><li class=\"blocks-gallery-item\"><figure><img loading=\"lazy\" decoding=\"async\" width=\"920\" height=\"613\" src=\"https:\/\/www.weber-fag.de\/wordpress\/wp-content\/uploads\/2021\/12\/2112_FAG-Stuttgart_0121.jpg\" alt=\"\" data-id=\"50370\" data-full-url=\"https:\/\/www.weber-fag.de\/wordpress\/wp-content\/uploads\/2021\/12\/2112_FAG-Stuttgart_0121.jpg\" data-link=\"https:\/\/www.weber-fag.de\/wordpress\/?attachment_id=50370\" class=\"wp-image-50370\" srcset=\"https:\/\/www.weber-fag.de\/wordpress\/wp-content\/uploads\/2021\/12\/2112_FAG-Stuttgart_0121.jpg 920w, https:\/\/www.weber-fag.de\/wordpress\/wp-content\/uploads\/2021\/12\/2112_FAG-Stuttgart_0121-300x200.jpg 300w, https:\/\/www.weber-fag.de\/wordpress\/wp-content\/uploads\/2021\/12\/2112_FAG-Stuttgart_0121-768x512.jpg 768w\" sizes=\"auto, (max-width: 920px) 100vw, 920px\" \/><figcaption class=\"blocks-gallery-item__caption\">Jon Lindenchrone Andersen (FAG)<\/figcaption><\/figure><\/li><li class=\"blocks-gallery-item\"><figure><img loading=\"lazy\" decoding=\"async\" width=\"920\" height=\"613\" src=\"https:\/\/www.weber-fag.de\/wordpress\/wp-content\/uploads\/2021\/12\/2112_FAG-Stuttgart_0125.jpg\" alt=\"\" data-id=\"50371\" data-full-url=\"https:\/\/www.weber-fag.de\/wordpress\/wp-content\/uploads\/2021\/12\/2112_FAG-Stuttgart_0125.jpg\" data-link=\"https:\/\/www.weber-fag.de\/wordpress\/?attachment_id=50371\" class=\"wp-image-50371\" srcset=\"https:\/\/www.weber-fag.de\/wordpress\/wp-content\/uploads\/2021\/12\/2112_FAG-Stuttgart_0125.jpg 920w, https:\/\/www.weber-fag.de\/wordpress\/wp-content\/uploads\/2021\/12\/2112_FAG-Stuttgart_0125-300x200.jpg 300w, https:\/\/www.weber-fag.de\/wordpress\/wp-content\/uploads\/2021\/12\/2112_FAG-Stuttgart_0125-768x512.jpg 768w\" sizes=\"auto, (max-width: 920px) 100vw, 920px\" \/><figcaption class=\"blocks-gallery-item__caption\">Jon Lindenchrone Andersen (FAG)<\/figcaption><\/figure><\/li><li class=\"blocks-gallery-item\"><figure><img loading=\"lazy\" decoding=\"async\" width=\"920\" height=\"613\" src=\"https:\/\/www.weber-fag.de\/wordpress\/wp-content\/uploads\/2021\/12\/2112_FAG-Stuttgart_0134.jpg\" alt=\"\" data-id=\"50372\" data-full-url=\"https:\/\/www.weber-fag.de\/wordpress\/wp-content\/uploads\/2021\/12\/2112_FAG-Stuttgart_0134.jpg\" data-link=\"https:\/\/www.weber-fag.de\/wordpress\/?attachment_id=50372\" class=\"wp-image-50372\" srcset=\"https:\/\/www.weber-fag.de\/wordpress\/wp-content\/uploads\/2021\/12\/2112_FAG-Stuttgart_0134.jpg 920w, https:\/\/www.weber-fag.de\/wordpress\/wp-content\/uploads\/2021\/12\/2112_FAG-Stuttgart_0134-300x200.jpg 300w, https:\/\/www.weber-fag.de\/wordpress\/wp-content\/uploads\/2021\/12\/2112_FAG-Stuttgart_0134-768x512.jpg 768w\" sizes=\"auto, (max-width: 920px) 100vw, 920px\" \/><figcaption class=\"blocks-gallery-item__caption\">Janus Smarason (FAG)<\/figcaption><\/figure><\/li><li class=\"blocks-gallery-item\"><figure><img loading=\"lazy\" decoding=\"async\" width=\"920\" height=\"613\" src=\"https:\/\/www.weber-fag.de\/wordpress\/wp-content\/uploads\/2021\/12\/2112_FAG-Stuttgart_0135.jpg\" alt=\"\" data-id=\"50373\" data-full-url=\"https:\/\/www.weber-fag.de\/wordpress\/wp-content\/uploads\/2021\/12\/2112_FAG-Stuttgart_0135.jpg\" data-link=\"https:\/\/www.weber-fag.de\/wordpress\/?attachment_id=50373\" class=\"wp-image-50373\" srcset=\"https:\/\/www.weber-fag.de\/wordpress\/wp-content\/uploads\/2021\/12\/2112_FAG-Stuttgart_0135.jpg 920w, https:\/\/www.weber-fag.de\/wordpress\/wp-content\/uploads\/2021\/12\/2112_FAG-Stuttgart_0135-300x200.jpg 300w, https:\/\/www.weber-fag.de\/wordpress\/wp-content\/uploads\/2021\/12\/2112_FAG-Stuttgart_0135-768x512.jpg 768w\" sizes=\"auto, (max-width: 920px) 100vw, 920px\" \/><figcaption class=\"blocks-gallery-item__caption\">Janus Smarason (FAG)<\/figcaption><\/figure><\/li><li class=\"blocks-gallery-item\"><figure><img loading=\"lazy\" decoding=\"async\" width=\"920\" height=\"613\" src=\"https:\/\/www.weber-fag.de\/wordpress\/wp-content\/uploads\/2021\/12\/2112_FAG-Stuttgart_0136.jpg\" alt=\"\" data-id=\"50374\" data-full-url=\"https:\/\/www.weber-fag.de\/wordpress\/wp-content\/uploads\/2021\/12\/2112_FAG-Stuttgart_0136.jpg\" data-link=\"https:\/\/www.weber-fag.de\/wordpress\/?attachment_id=50374\" class=\"wp-image-50374\" srcset=\"https:\/\/www.weber-fag.de\/wordpress\/wp-content\/uploads\/2021\/12\/2112_FAG-Stuttgart_0136.jpg 920w, https:\/\/www.weber-fag.de\/wordpress\/wp-content\/uploads\/2021\/12\/2112_FAG-Stuttgart_0136-300x200.jpg 300w, https:\/\/www.weber-fag.de\/wordpress\/wp-content\/uploads\/2021\/12\/2112_FAG-Stuttgart_0136-768x512.jpg 768w\" sizes=\"auto, (max-width: 920px) 100vw, 920px\" \/><figcaption class=\"blocks-gallery-item__caption\">Sebastian Heymann (FAG)<\/figcaption><\/figure><\/li><li class=\"blocks-gallery-item\"><figure><img loading=\"lazy\" decoding=\"async\" width=\"920\" height=\"613\" src=\"https:\/\/www.weber-fag.de\/wordpress\/wp-content\/uploads\/2021\/12\/2112_FAG-Stuttgart_0141.jpg\" alt=\"\" data-id=\"50375\" data-full-url=\"https:\/\/www.weber-fag.de\/wordpress\/wp-content\/uploads\/2021\/12\/2112_FAG-Stuttgart_0141.jpg\" data-link=\"https:\/\/www.weber-fag.de\/wordpress\/?attachment_id=50375\" class=\"wp-image-50375\" srcset=\"https:\/\/www.weber-fag.de\/wordpress\/wp-content\/uploads\/2021\/12\/2112_FAG-Stuttgart_0141.jpg 920w, https:\/\/www.weber-fag.de\/wordpress\/wp-content\/uploads\/2021\/12\/2112_FAG-Stuttgart_0141-300x200.jpg 300w, https:\/\/www.weber-fag.de\/wordpress\/wp-content\/uploads\/2021\/12\/2112_FAG-Stuttgart_0141-768x512.jpg 768w\" sizes=\"auto, (max-width: 920px) 100vw, 920px\" \/><figcaption class=\"blocks-gallery-item__caption\">Nemanja Zelenovic (FAG)<\/figcaption><\/figure><\/li><li class=\"blocks-gallery-item\"><figure><img loading=\"lazy\" decoding=\"async\" width=\"920\" height=\"613\" src=\"https:\/\/www.weber-fag.de\/wordpress\/wp-content\/uploads\/2021\/12\/2112_FAG-Stuttgart_0143.jpg\" alt=\"\" data-id=\"50376\" data-full-url=\"https:\/\/www.weber-fag.de\/wordpress\/wp-content\/uploads\/2021\/12\/2112_FAG-Stuttgart_0143.jpg\" data-link=\"https:\/\/www.weber-fag.de\/wordpress\/?attachment_id=50376\" class=\"wp-image-50376\" srcset=\"https:\/\/www.weber-fag.de\/wordpress\/wp-content\/uploads\/2021\/12\/2112_FAG-Stuttgart_0143.jpg 920w, https:\/\/www.weber-fag.de\/wordpress\/wp-content\/uploads\/2021\/12\/2112_FAG-Stuttgart_0143-300x200.jpg 300w, https:\/\/www.weber-fag.de\/wordpress\/wp-content\/uploads\/2021\/12\/2112_FAG-Stuttgart_0143-768x512.jpg 768w\" sizes=\"auto, (max-width: 920px) 100vw, 920px\" \/><figcaption class=\"blocks-gallery-item__caption\">Nemanja Zelenovic (FAG)<\/figcaption><\/figure><\/li><li class=\"blocks-gallery-item\"><figure><img loading=\"lazy\" decoding=\"async\" width=\"920\" height=\"613\" src=\"https:\/\/www.weber-fag.de\/wordpress\/wp-content\/uploads\/2021\/12\/2112_FAG-Stuttgart_0144.jpg\" alt=\"\" data-id=\"50377\" data-full-url=\"https:\/\/www.weber-fag.de\/wordpress\/wp-content\/uploads\/2021\/12\/2112_FAG-Stuttgart_0144.jpg\" data-link=\"https:\/\/www.weber-fag.de\/wordpress\/?attachment_id=50377\" class=\"wp-image-50377\" srcset=\"https:\/\/www.weber-fag.de\/wordpress\/wp-content\/uploads\/2021\/12\/2112_FAG-Stuttgart_0144.jpg 920w, https:\/\/www.weber-fag.de\/wordpress\/wp-content\/uploads\/2021\/12\/2112_FAG-Stuttgart_0144-300x200.jpg 300w, https:\/\/www.weber-fag.de\/wordpress\/wp-content\/uploads\/2021\/12\/2112_FAG-Stuttgart_0144-768x512.jpg 768w\" sizes=\"auto, (max-width: 920px) 100vw, 920px\" \/><figcaption class=\"blocks-gallery-item__caption\">Kevin Gulliksen (FAG)<\/figcaption><\/figure><\/li><li class=\"blocks-gallery-item\"><figure><img loading=\"lazy\" decoding=\"async\" width=\"920\" height=\"613\" src=\"https:\/\/www.weber-fag.de\/wordpress\/wp-content\/uploads\/2021\/12\/2112_FAG-Stuttgart_0148.jpg\" alt=\"\" data-id=\"50378\" data-full-url=\"https:\/\/www.weber-fag.de\/wordpress\/wp-content\/uploads\/2021\/12\/2112_FAG-Stuttgart_0148.jpg\" data-link=\"https:\/\/www.weber-fag.de\/wordpress\/?attachment_id=50378\" class=\"wp-image-50378\" srcset=\"https:\/\/www.weber-fag.de\/wordpress\/wp-content\/uploads\/2021\/12\/2112_FAG-Stuttgart_0148.jpg 920w, https:\/\/www.weber-fag.de\/wordpress\/wp-content\/uploads\/2021\/12\/2112_FAG-Stuttgart_0148-300x200.jpg 300w, https:\/\/www.weber-fag.de\/wordpress\/wp-content\/uploads\/2021\/12\/2112_FAG-Stuttgart_0148-768x512.jpg 768w\" sizes=\"auto, (max-width: 920px) 100vw, 920px\" \/><figcaption class=\"blocks-gallery-item__caption\">Kevin Gulliksen (FAG)<\/figcaption><\/figure><\/li><li class=\"blocks-gallery-item\"><figure><img loading=\"lazy\" decoding=\"async\" width=\"920\" height=\"613\" src=\"https:\/\/www.weber-fag.de\/wordpress\/wp-content\/uploads\/2021\/12\/2112_FAG-Stuttgart_0160.jpg\" alt=\"\" data-id=\"50379\" data-full-url=\"https:\/\/www.weber-fag.de\/wordpress\/wp-content\/uploads\/2021\/12\/2112_FAG-Stuttgart_0160.jpg\" data-link=\"https:\/\/www.weber-fag.de\/wordpress\/?attachment_id=50379\" class=\"wp-image-50379\" srcset=\"https:\/\/www.weber-fag.de\/wordpress\/wp-content\/uploads\/2021\/12\/2112_FAG-Stuttgart_0160.jpg 920w, https:\/\/www.weber-fag.de\/wordpress\/wp-content\/uploads\/2021\/12\/2112_FAG-Stuttgart_0160-300x200.jpg 300w, https:\/\/www.weber-fag.de\/wordpress\/wp-content\/uploads\/2021\/12\/2112_FAG-Stuttgart_0160-768x512.jpg 768w\" sizes=\"auto, (max-width: 920px) 100vw, 920px\" \/><figcaption class=\"blocks-gallery-item__caption\">Jacob Bagersted (FAG)<\/figcaption><\/figure><\/li><li class=\"blocks-gallery-item\"><figure><img loading=\"lazy\" decoding=\"async\" width=\"920\" height=\"613\" src=\"https:\/\/www.weber-fag.de\/wordpress\/wp-content\/uploads\/2021\/12\/2112_FAG-Stuttgart_0162.jpg\" alt=\"\" data-id=\"50380\" data-full-url=\"https:\/\/www.weber-fag.de\/wordpress\/wp-content\/uploads\/2021\/12\/2112_FAG-Stuttgart_0162.jpg\" data-link=\"https:\/\/www.weber-fag.de\/wordpress\/?attachment_id=50380\" class=\"wp-image-50380\" srcset=\"https:\/\/www.weber-fag.de\/wordpress\/wp-content\/uploads\/2021\/12\/2112_FAG-Stuttgart_0162.jpg 920w, https:\/\/www.weber-fag.de\/wordpress\/wp-content\/uploads\/2021\/12\/2112_FAG-Stuttgart_0162-300x200.jpg 300w, https:\/\/www.weber-fag.de\/wordpress\/wp-content\/uploads\/2021\/12\/2112_FAG-Stuttgart_0162-768x512.jpg 768w\" sizes=\"auto, (max-width: 920px) 100vw, 920px\" \/><figcaption class=\"blocks-gallery-item__caption\">Nemanja Zelenovic (FAG)<\/figcaption><\/figure><\/li><li class=\"blocks-gallery-item\"><figure><img loading=\"lazy\" decoding=\"async\" width=\"920\" height=\"613\" src=\"https:\/\/www.weber-fag.de\/wordpress\/wp-content\/uploads\/2021\/12\/2112_FAG-Stuttgart_0167.jpg\" alt=\"\" data-id=\"50381\" data-full-url=\"https:\/\/www.weber-fag.de\/wordpress\/wp-content\/uploads\/2021\/12\/2112_FAG-Stuttgart_0167.jpg\" data-link=\"https:\/\/www.weber-fag.de\/wordpress\/?attachment_id=50381\" class=\"wp-image-50381\" srcset=\"https:\/\/www.weber-fag.de\/wordpress\/wp-content\/uploads\/2021\/12\/2112_FAG-Stuttgart_0167.jpg 920w, https:\/\/www.weber-fag.de\/wordpress\/wp-content\/uploads\/2021\/12\/2112_FAG-Stuttgart_0167-300x200.jpg 300w, https:\/\/www.weber-fag.de\/wordpress\/wp-content\/uploads\/2021\/12\/2112_FAG-Stuttgart_0167-768x512.jpg 768w\" sizes=\"auto, (max-width: 920px) 100vw, 920px\" \/><figcaption class=\"blocks-gallery-item__caption\">Janus Smarason (FAG)<\/figcaption><\/figure><\/li><li class=\"blocks-gallery-item\"><figure><img loading=\"lazy\" decoding=\"async\" width=\"920\" height=\"613\" src=\"https:\/\/www.weber-fag.de\/wordpress\/wp-content\/uploads\/2021\/12\/2112_FAG-Stuttgart_0174.jpg\" alt=\"\" data-id=\"50382\" data-full-url=\"https:\/\/www.weber-fag.de\/wordpress\/wp-content\/uploads\/2021\/12\/2112_FAG-Stuttgart_0174.jpg\" data-link=\"https:\/\/www.weber-fag.de\/wordpress\/?attachment_id=50382\" class=\"wp-image-50382\" srcset=\"https:\/\/www.weber-fag.de\/wordpress\/wp-content\/uploads\/2021\/12\/2112_FAG-Stuttgart_0174.jpg 920w, https:\/\/www.weber-fag.de\/wordpress\/wp-content\/uploads\/2021\/12\/2112_FAG-Stuttgart_0174-300x200.jpg 300w, https:\/\/www.weber-fag.de\/wordpress\/wp-content\/uploads\/2021\/12\/2112_FAG-Stuttgart_0174-768x512.jpg 768w\" sizes=\"auto, (max-width: 920px) 100vw, 920px\" \/><figcaption class=\"blocks-gallery-item__caption\">Marcel Schiller (FAG)<\/figcaption><\/figure><\/li><li class=\"blocks-gallery-item\"><figure><img loading=\"lazy\" decoding=\"async\" width=\"920\" height=\"613\" src=\"https:\/\/www.weber-fag.de\/wordpress\/wp-content\/uploads\/2021\/12\/2112_FAG-Stuttgart_0175.jpg\" alt=\"\" data-id=\"50383\" data-full-url=\"https:\/\/www.weber-fag.de\/wordpress\/wp-content\/uploads\/2021\/12\/2112_FAG-Stuttgart_0175.jpg\" data-link=\"https:\/\/www.weber-fag.de\/wordpress\/?attachment_id=50383\" class=\"wp-image-50383\" srcset=\"https:\/\/www.weber-fag.de\/wordpress\/wp-content\/uploads\/2021\/12\/2112_FAG-Stuttgart_0175.jpg 920w, https:\/\/www.weber-fag.de\/wordpress\/wp-content\/uploads\/2021\/12\/2112_FAG-Stuttgart_0175-300x200.jpg 300w, https:\/\/www.weber-fag.de\/wordpress\/wp-content\/uploads\/2021\/12\/2112_FAG-Stuttgart_0175-768x512.jpg 768w\" sizes=\"auto, (max-width: 920px) 100vw, 920px\" \/><figcaption class=\"blocks-gallery-item__caption\">Janus Smarason (FAG)<\/figcaption><\/figure><\/li><li class=\"blocks-gallery-item\"><figure><img loading=\"lazy\" decoding=\"async\" width=\"920\" height=\"613\" src=\"https:\/\/www.weber-fag.de\/wordpress\/wp-content\/uploads\/2021\/12\/2112_FAG-Stuttgart_0177.jpg\" alt=\"\" data-id=\"50384\" data-full-url=\"https:\/\/www.weber-fag.de\/wordpress\/wp-content\/uploads\/2021\/12\/2112_FAG-Stuttgart_0177.jpg\" data-link=\"https:\/\/www.weber-fag.de\/wordpress\/?attachment_id=50384\" class=\"wp-image-50384\" srcset=\"https:\/\/www.weber-fag.de\/wordpress\/wp-content\/uploads\/2021\/12\/2112_FAG-Stuttgart_0177.jpg 920w, https:\/\/www.weber-fag.de\/wordpress\/wp-content\/uploads\/2021\/12\/2112_FAG-Stuttgart_0177-300x200.jpg 300w, https:\/\/www.weber-fag.de\/wordpress\/wp-content\/uploads\/2021\/12\/2112_FAG-Stuttgart_0177-768x512.jpg 768w\" sizes=\"auto, (max-width: 920px) 100vw, 920px\" \/><figcaption class=\"blocks-gallery-item__caption\">Janus Smarason (FAG)<\/figcaption><\/figure><\/li><li class=\"blocks-gallery-item\"><figure><img loading=\"lazy\" decoding=\"async\" width=\"920\" height=\"613\" src=\"https:\/\/www.weber-fag.de\/wordpress\/wp-content\/uploads\/2021\/12\/2112_FAG-Stuttgart_0183.jpg\" alt=\"\" data-id=\"50385\" data-full-url=\"https:\/\/www.weber-fag.de\/wordpress\/wp-content\/uploads\/2021\/12\/2112_FAG-Stuttgart_0183.jpg\" data-link=\"https:\/\/www.weber-fag.de\/wordpress\/?attachment_id=50385\" class=\"wp-image-50385\" srcset=\"https:\/\/www.weber-fag.de\/wordpress\/wp-content\/uploads\/2021\/12\/2112_FAG-Stuttgart_0183.jpg 920w, https:\/\/www.weber-fag.de\/wordpress\/wp-content\/uploads\/2021\/12\/2112_FAG-Stuttgart_0183-300x200.jpg 300w, https:\/\/www.weber-fag.de\/wordpress\/wp-content\/uploads\/2021\/12\/2112_FAG-Stuttgart_0183-768x512.jpg 768w\" sizes=\"auto, (max-width: 920px) 100vw, 920px\" \/><figcaption class=\"blocks-gallery-item__caption\">Marcel Schiller (FAG)<\/figcaption><\/figure><\/li><li class=\"blocks-gallery-item\"><figure><img loading=\"lazy\" decoding=\"async\" width=\"920\" height=\"613\" src=\"https:\/\/www.weber-fag.de\/wordpress\/wp-content\/uploads\/2021\/12\/2112_FAG-Stuttgart_0192.jpg\" alt=\"\" data-id=\"50386\" data-full-url=\"https:\/\/www.weber-fag.de\/wordpress\/wp-content\/uploads\/2021\/12\/2112_FAG-Stuttgart_0192.jpg\" data-link=\"https:\/\/www.weber-fag.de\/wordpress\/?attachment_id=50386\" class=\"wp-image-50386\" srcset=\"https:\/\/www.weber-fag.de\/wordpress\/wp-content\/uploads\/2021\/12\/2112_FAG-Stuttgart_0192.jpg 920w, https:\/\/www.weber-fag.de\/wordpress\/wp-content\/uploads\/2021\/12\/2112_FAG-Stuttgart_0192-300x200.jpg 300w, https:\/\/www.weber-fag.de\/wordpress\/wp-content\/uploads\/2021\/12\/2112_FAG-Stuttgart_0192-768x512.jpg 768w\" sizes=\"auto, (max-width: 920px) 100vw, 920px\" \/><\/figure><\/li><li class=\"blocks-gallery-item\"><figure><img loading=\"lazy\" decoding=\"async\" width=\"920\" height=\"613\" src=\"https:\/\/www.weber-fag.de\/wordpress\/wp-content\/uploads\/2021\/12\/2112_FAG-Stuttgart_0199.jpg\" alt=\"\" data-id=\"50387\" data-full-url=\"https:\/\/www.weber-fag.de\/wordpress\/wp-content\/uploads\/2021\/12\/2112_FAG-Stuttgart_0199.jpg\" data-link=\"https:\/\/www.weber-fag.de\/wordpress\/?attachment_id=50387\" class=\"wp-image-50387\" srcset=\"https:\/\/www.weber-fag.de\/wordpress\/wp-content\/uploads\/2021\/12\/2112_FAG-Stuttgart_0199.jpg 920w, https:\/\/www.weber-fag.de\/wordpress\/wp-content\/uploads\/2021\/12\/2112_FAG-Stuttgart_0199-300x200.jpg 300w, https:\/\/www.weber-fag.de\/wordpress\/wp-content\/uploads\/2021\/12\/2112_FAG-Stuttgart_0199-768x512.jpg 768w\" sizes=\"auto, (max-width: 920px) 100vw, 920px\" \/><figcaption class=\"blocks-gallery-item__caption\">Marcel Schiller (FAG)<\/figcaption><\/figure><\/li><li class=\"blocks-gallery-item\"><figure><img loading=\"lazy\" decoding=\"async\" width=\"920\" height=\"613\" src=\"https:\/\/www.weber-fag.de\/wordpress\/wp-content\/uploads\/2021\/12\/2112_FAG-Stuttgart_0202.jpg\" alt=\"\" data-id=\"50388\" data-full-url=\"https:\/\/www.weber-fag.de\/wordpress\/wp-content\/uploads\/2021\/12\/2112_FAG-Stuttgart_0202.jpg\" data-link=\"https:\/\/www.weber-fag.de\/wordpress\/?attachment_id=50388\" class=\"wp-image-50388\" srcset=\"https:\/\/www.weber-fag.de\/wordpress\/wp-content\/uploads\/2021\/12\/2112_FAG-Stuttgart_0202.jpg 920w, https:\/\/www.weber-fag.de\/wordpress\/wp-content\/uploads\/2021\/12\/2112_FAG-Stuttgart_0202-300x200.jpg 300w, https:\/\/www.weber-fag.de\/wordpress\/wp-content\/uploads\/2021\/12\/2112_FAG-Stuttgart_0202-768x512.jpg 768w\" sizes=\"auto, (max-width: 920px) 100vw, 920px\" \/><\/figure><\/li><li class=\"blocks-gallery-item\"><figure><img loading=\"lazy\" decoding=\"async\" width=\"920\" height=\"613\" src=\"https:\/\/www.weber-fag.de\/wordpress\/wp-content\/uploads\/2021\/12\/2112_FAG-Stuttgart_0203.jpg\" alt=\"\" data-id=\"50389\" data-full-url=\"https:\/\/www.weber-fag.de\/wordpress\/wp-content\/uploads\/2021\/12\/2112_FAG-Stuttgart_0203.jpg\" data-link=\"https:\/\/www.weber-fag.de\/wordpress\/?attachment_id=50389\" class=\"wp-image-50389\" srcset=\"https:\/\/www.weber-fag.de\/wordpress\/wp-content\/uploads\/2021\/12\/2112_FAG-Stuttgart_0203.jpg 920w, https:\/\/www.weber-fag.de\/wordpress\/wp-content\/uploads\/2021\/12\/2112_FAG-Stuttgart_0203-300x200.jpg 300w, https:\/\/www.weber-fag.de\/wordpress\/wp-content\/uploads\/2021\/12\/2112_FAG-Stuttgart_0203-768x512.jpg 768w\" sizes=\"auto, (max-width: 920px) 100vw, 920px\" \/><figcaption class=\"blocks-gallery-item__caption\">Trainer Hartmut Mayerhoffer (FAG)<\/figcaption><\/figure><\/li><li class=\"blocks-gallery-item\"><figure><img loading=\"lazy\" decoding=\"async\" width=\"920\" height=\"613\" src=\"https:\/\/www.weber-fag.de\/wordpress\/wp-content\/uploads\/2021\/12\/2112_FAG-Stuttgart_0205.jpg\" alt=\"\" data-id=\"50390\" data-full-url=\"https:\/\/www.weber-fag.de\/wordpress\/wp-content\/uploads\/2021\/12\/2112_FAG-Stuttgart_0205.jpg\" data-link=\"https:\/\/www.weber-fag.de\/wordpress\/?attachment_id=50390\" class=\"wp-image-50390\" srcset=\"https:\/\/www.weber-fag.de\/wordpress\/wp-content\/uploads\/2021\/12\/2112_FAG-Stuttgart_0205.jpg 920w, https:\/\/www.weber-fag.de\/wordpress\/wp-content\/uploads\/2021\/12\/2112_FAG-Stuttgart_0205-300x200.jpg 300w, https:\/\/www.weber-fag.de\/wordpress\/wp-content\/uploads\/2021\/12\/2112_FAG-Stuttgart_0205-768x512.jpg 768w\" sizes=\"auto, (max-width: 920px) 100vw, 920px\" \/><figcaption class=\"blocks-gallery-item__caption\">Trainer Hartmut Mayerhoffer (FAG)<\/figcaption><\/figure><\/li><li class=\"blocks-gallery-item\"><figure><img loading=\"lazy\" decoding=\"async\" width=\"920\" height=\"613\" src=\"https:\/\/www.weber-fag.de\/wordpress\/wp-content\/uploads\/2021\/12\/2112_FAG-Stuttgart_0207.jpg\" alt=\"\" data-id=\"50391\" data-full-url=\"https:\/\/www.weber-fag.de\/wordpress\/wp-content\/uploads\/2021\/12\/2112_FAG-Stuttgart_0207.jpg\" data-link=\"https:\/\/www.weber-fag.de\/wordpress\/?attachment_id=50391\" class=\"wp-image-50391\" srcset=\"https:\/\/www.weber-fag.de\/wordpress\/wp-content\/uploads\/2021\/12\/2112_FAG-Stuttgart_0207.jpg 920w, https:\/\/www.weber-fag.de\/wordpress\/wp-content\/uploads\/2021\/12\/2112_FAG-Stuttgart_0207-300x200.jpg 300w, https:\/\/www.weber-fag.de\/wordpress\/wp-content\/uploads\/2021\/12\/2112_FAG-Stuttgart_0207-768x512.jpg 768w\" sizes=\"auto, (max-width: 920px) 100vw, 920px\" \/><figcaption class=\"blocks-gallery-item__caption\">Trainer Hartmut Mayerhoffer (FAG)<\/figcaption><\/figure><\/li><li class=\"blocks-gallery-item\"><figure><img loading=\"lazy\" decoding=\"async\" width=\"920\" height=\"613\" src=\"https:\/\/www.weber-fag.de\/wordpress\/wp-content\/uploads\/2021\/12\/2112_FAG-Stuttgart_0209.jpg\" alt=\"\" data-id=\"50392\" data-full-url=\"https:\/\/www.weber-fag.de\/wordpress\/wp-content\/uploads\/2021\/12\/2112_FAG-Stuttgart_0209.jpg\" data-link=\"https:\/\/www.weber-fag.de\/wordpress\/?attachment_id=50392\" class=\"wp-image-50392\" srcset=\"https:\/\/www.weber-fag.de\/wordpress\/wp-content\/uploads\/2021\/12\/2112_FAG-Stuttgart_0209.jpg 920w, https:\/\/www.weber-fag.de\/wordpress\/wp-content\/uploads\/2021\/12\/2112_FAG-Stuttgart_0209-300x200.jpg 300w, https:\/\/www.weber-fag.de\/wordpress\/wp-content\/uploads\/2021\/12\/2112_FAG-Stuttgart_0209-768x512.jpg 768w\" sizes=\"auto, (max-width: 920px) 100vw, 920px\" \/><figcaption class=\"blocks-gallery-item__caption\">Jon Lindenchrone Andersen (FAG)<\/figcaption><\/figure><\/li><li class=\"blocks-gallery-item\"><figure><img loading=\"lazy\" decoding=\"async\" width=\"920\" height=\"613\" src=\"https:\/\/www.weber-fag.de\/wordpress\/wp-content\/uploads\/2021\/12\/2112_FAG-Stuttgart_0212.jpg\" alt=\"\" data-id=\"50393\" data-full-url=\"https:\/\/www.weber-fag.de\/wordpress\/wp-content\/uploads\/2021\/12\/2112_FAG-Stuttgart_0212.jpg\" data-link=\"https:\/\/www.weber-fag.de\/wordpress\/?attachment_id=50393\" class=\"wp-image-50393\" srcset=\"https:\/\/www.weber-fag.de\/wordpress\/wp-content\/uploads\/2021\/12\/2112_FAG-Stuttgart_0212.jpg 920w, https:\/\/www.weber-fag.de\/wordpress\/wp-content\/uploads\/2021\/12\/2112_FAG-Stuttgart_0212-300x200.jpg 300w, https:\/\/www.weber-fag.de\/wordpress\/wp-content\/uploads\/2021\/12\/2112_FAG-Stuttgart_0212-768x512.jpg 768w\" sizes=\"auto, (max-width: 920px) 100vw, 920px\" \/><\/figure><\/li><li class=\"blocks-gallery-item\"><figure><img loading=\"lazy\" decoding=\"async\" width=\"920\" height=\"613\" src=\"https:\/\/www.weber-fag.de\/wordpress\/wp-content\/uploads\/2021\/12\/2112_FAG-Stuttgart_0218.jpg\" alt=\"\" data-id=\"50394\" data-full-url=\"https:\/\/www.weber-fag.de\/wordpress\/wp-content\/uploads\/2021\/12\/2112_FAG-Stuttgart_0218.jpg\" data-link=\"https:\/\/www.weber-fag.de\/wordpress\/?attachment_id=50394\" class=\"wp-image-50394\" srcset=\"https:\/\/www.weber-fag.de\/wordpress\/wp-content\/uploads\/2021\/12\/2112_FAG-Stuttgart_0218.jpg 920w, https:\/\/www.weber-fag.de\/wordpress\/wp-content\/uploads\/2021\/12\/2112_FAG-Stuttgart_0218-300x200.jpg 300w, https:\/\/www.weber-fag.de\/wordpress\/wp-content\/uploads\/2021\/12\/2112_FAG-Stuttgart_0218-768x512.jpg 768w\" sizes=\"auto, (max-width: 920px) 100vw, 920px\" \/><\/figure><\/li><li class=\"blocks-gallery-item\"><figure><img loading=\"lazy\" decoding=\"async\" width=\"920\" height=\"613\" src=\"https:\/\/www.weber-fag.de\/wordpress\/wp-content\/uploads\/2021\/12\/2112_FAG-Stuttgart_0223.jpg\" alt=\"\" data-id=\"50395\" data-full-url=\"https:\/\/www.weber-fag.de\/wordpress\/wp-content\/uploads\/2021\/12\/2112_FAG-Stuttgart_0223.jpg\" data-link=\"https:\/\/www.weber-fag.de\/wordpress\/?attachment_id=50395\" class=\"wp-image-50395\" srcset=\"https:\/\/www.weber-fag.de\/wordpress\/wp-content\/uploads\/2021\/12\/2112_FAG-Stuttgart_0223.jpg 920w, https:\/\/www.weber-fag.de\/wordpress\/wp-content\/uploads\/2021\/12\/2112_FAG-Stuttgart_0223-300x200.jpg 300w, https:\/\/www.weber-fag.de\/wordpress\/wp-content\/uploads\/2021\/12\/2112_FAG-Stuttgart_0223-768x512.jpg 768w\" sizes=\"auto, (max-width: 920px) 100vw, 920px\" \/><\/figure><\/li><li class=\"blocks-gallery-item\"><figure><img loading=\"lazy\" decoding=\"async\" width=\"920\" height=\"613\" src=\"https:\/\/www.weber-fag.de\/wordpress\/wp-content\/uploads\/2021\/12\/2112_FAG-Stuttgart_0227.jpg\" alt=\"\" data-id=\"50396\" data-full-url=\"https:\/\/www.weber-fag.de\/wordpress\/wp-content\/uploads\/2021\/12\/2112_FAG-Stuttgart_0227.jpg\" data-link=\"https:\/\/www.weber-fag.de\/wordpress\/?attachment_id=50396\" class=\"wp-image-50396\" srcset=\"https:\/\/www.weber-fag.de\/wordpress\/wp-content\/uploads\/2021\/12\/2112_FAG-Stuttgart_0227.jpg 920w, https:\/\/www.weber-fag.de\/wordpress\/wp-content\/uploads\/2021\/12\/2112_FAG-Stuttgart_0227-300x200.jpg 300w, https:\/\/www.weber-fag.de\/wordpress\/wp-content\/uploads\/2021\/12\/2112_FAG-Stuttgart_0227-768x512.jpg 768w\" sizes=\"auto, (max-width: 920px) 100vw, 920px\" \/><\/figure><\/li><li class=\"blocks-gallery-item\"><figure><img loading=\"lazy\" decoding=\"async\" width=\"920\" height=\"613\" src=\"https:\/\/www.weber-fag.de\/wordpress\/wp-content\/uploads\/2021\/12\/2112_FAG-Stuttgart_0229.jpg\" alt=\"\" data-id=\"50397\" data-full-url=\"https:\/\/www.weber-fag.de\/wordpress\/wp-content\/uploads\/2021\/12\/2112_FAG-Stuttgart_0229.jpg\" data-link=\"https:\/\/www.weber-fag.de\/wordpress\/?attachment_id=50397\" class=\"wp-image-50397\" srcset=\"https:\/\/www.weber-fag.de\/wordpress\/wp-content\/uploads\/2021\/12\/2112_FAG-Stuttgart_0229.jpg 920w, https:\/\/www.weber-fag.de\/wordpress\/wp-content\/uploads\/2021\/12\/2112_FAG-Stuttgart_0229-300x200.jpg 300w, https:\/\/www.weber-fag.de\/wordpress\/wp-content\/uploads\/2021\/12\/2112_FAG-Stuttgart_0229-768x512.jpg 768w\" sizes=\"auto, (max-width: 920px) 100vw, 920px\" \/><figcaption class=\"blocks-gallery-item__caption\">Urh Kastelic (FAG)<\/figcaption><\/figure><\/li><li class=\"blocks-gallery-item\"><figure><img loading=\"lazy\" decoding=\"async\" width=\"920\" height=\"613\" src=\"https:\/\/www.weber-fag.de\/wordpress\/wp-content\/uploads\/2021\/12\/2112_FAG-Stuttgart_0236.jpg\" alt=\"\" data-id=\"50398\" data-full-url=\"https:\/\/www.weber-fag.de\/wordpress\/wp-content\/uploads\/2021\/12\/2112_FAG-Stuttgart_0236.jpg\" data-link=\"https:\/\/www.weber-fag.de\/wordpress\/?attachment_id=50398\" class=\"wp-image-50398\" srcset=\"https:\/\/www.weber-fag.de\/wordpress\/wp-content\/uploads\/2021\/12\/2112_FAG-Stuttgart_0236.jpg 920w, https:\/\/www.weber-fag.de\/wordpress\/wp-content\/uploads\/2021\/12\/2112_FAG-Stuttgart_0236-300x200.jpg 300w, https:\/\/www.weber-fag.de\/wordpress\/wp-content\/uploads\/2021\/12\/2112_FAG-Stuttgart_0236-768x512.jpg 768w\" sizes=\"auto, (max-width: 920px) 100vw, 920px\" \/><\/figure><\/li><li class=\"blocks-gallery-item\"><figure><img loading=\"lazy\" decoding=\"async\" width=\"920\" height=\"613\" src=\"https:\/\/www.weber-fag.de\/wordpress\/wp-content\/uploads\/2021\/12\/2112_FAG-Stuttgart_0241.jpg\" alt=\"\" data-id=\"50399\" data-full-url=\"https:\/\/www.weber-fag.de\/wordpress\/wp-content\/uploads\/2021\/12\/2112_FAG-Stuttgart_0241.jpg\" data-link=\"https:\/\/www.weber-fag.de\/wordpress\/?attachment_id=50399\" class=\"wp-image-50399\" srcset=\"https:\/\/www.weber-fag.de\/wordpress\/wp-content\/uploads\/2021\/12\/2112_FAG-Stuttgart_0241.jpg 920w, https:\/\/www.weber-fag.de\/wordpress\/wp-content\/uploads\/2021\/12\/2112_FAG-Stuttgart_0241-300x200.jpg 300w, https:\/\/www.weber-fag.de\/wordpress\/wp-content\/uploads\/2021\/12\/2112_FAG-Stuttgart_0241-768x512.jpg 768w\" sizes=\"auto, (max-width: 920px) 100vw, 920px\" \/><\/figure><\/li><li class=\"blocks-gallery-item\"><figure><img loading=\"lazy\" decoding=\"async\" width=\"920\" height=\"613\" src=\"https:\/\/www.weber-fag.de\/wordpress\/wp-content\/uploads\/2021\/12\/2112_FAG-Stuttgart_0248.jpg\" alt=\"\" data-id=\"50400\" data-full-url=\"https:\/\/www.weber-fag.de\/wordpress\/wp-content\/uploads\/2021\/12\/2112_FAG-Stuttgart_0248.jpg\" data-link=\"https:\/\/www.weber-fag.de\/wordpress\/?attachment_id=50400\" class=\"wp-image-50400\" srcset=\"https:\/\/www.weber-fag.de\/wordpress\/wp-content\/uploads\/2021\/12\/2112_FAG-Stuttgart_0248.jpg 920w, https:\/\/www.weber-fag.de\/wordpress\/wp-content\/uploads\/2021\/12\/2112_FAG-Stuttgart_0248-300x200.jpg 300w, https:\/\/www.weber-fag.de\/wordpress\/wp-content\/uploads\/2021\/12\/2112_FAG-Stuttgart_0248-768x512.jpg 768w\" sizes=\"auto, (max-width: 920px) 100vw, 920px\" \/><figcaption class=\"blocks-gallery-item__caption\">Daniel Rebmann (FAG)<\/figcaption><\/figure><\/li><li class=\"blocks-gallery-item\"><figure><img loading=\"lazy\" decoding=\"async\" width=\"920\" height=\"613\" src=\"https:\/\/www.weber-fag.de\/wordpress\/wp-content\/uploads\/2021\/12\/2112_FAG-Stuttgart_0249.jpg\" alt=\"\" data-id=\"50401\" data-full-url=\"https:\/\/www.weber-fag.de\/wordpress\/wp-content\/uploads\/2021\/12\/2112_FAG-Stuttgart_0249.jpg\" data-link=\"https:\/\/www.weber-fag.de\/wordpress\/?attachment_id=50401\" class=\"wp-image-50401\" srcset=\"https:\/\/www.weber-fag.de\/wordpress\/wp-content\/uploads\/2021\/12\/2112_FAG-Stuttgart_0249.jpg 920w, https:\/\/www.weber-fag.de\/wordpress\/wp-content\/uploads\/2021\/12\/2112_FAG-Stuttgart_0249-300x200.jpg 300w, https:\/\/www.weber-fag.de\/wordpress\/wp-content\/uploads\/2021\/12\/2112_FAG-Stuttgart_0249-768x512.jpg 768w\" sizes=\"auto, (max-width: 920px) 100vw, 920px\" \/><\/figure><\/li><li class=\"blocks-gallery-item\"><figure><img loading=\"lazy\" decoding=\"async\" width=\"920\" height=\"613\" src=\"https:\/\/www.weber-fag.de\/wordpress\/wp-content\/uploads\/2021\/12\/2112_FAG-Stuttgart_0251.jpg\" alt=\"\" data-id=\"50402\" data-full-url=\"https:\/\/www.weber-fag.de\/wordpress\/wp-content\/uploads\/2021\/12\/2112_FAG-Stuttgart_0251.jpg\" data-link=\"https:\/\/www.weber-fag.de\/wordpress\/?attachment_id=50402\" class=\"wp-image-50402\" srcset=\"https:\/\/www.weber-fag.de\/wordpress\/wp-content\/uploads\/2021\/12\/2112_FAG-Stuttgart_0251.jpg 920w, https:\/\/www.weber-fag.de\/wordpress\/wp-content\/uploads\/2021\/12\/2112_FAG-Stuttgart_0251-300x200.jpg 300w, https:\/\/www.weber-fag.de\/wordpress\/wp-content\/uploads\/2021\/12\/2112_FAG-Stuttgart_0251-768x512.jpg 768w\" sizes=\"auto, (max-width: 920px) 100vw, 920px\" \/><figcaption class=\"blocks-gallery-item__caption\">Marcel Schiller (FAG)<\/figcaption><\/figure><\/li><li class=\"blocks-gallery-item\"><figure><img loading=\"lazy\" decoding=\"async\" width=\"920\" height=\"613\" src=\"https:\/\/www.weber-fag.de\/wordpress\/wp-content\/uploads\/2021\/12\/2112_FAG-Stuttgart_0257.jpg\" alt=\"\" data-id=\"50403\" data-full-url=\"https:\/\/www.weber-fag.de\/wordpress\/wp-content\/uploads\/2021\/12\/2112_FAG-Stuttgart_0257.jpg\" data-link=\"https:\/\/www.weber-fag.de\/wordpress\/?attachment_id=50403\" class=\"wp-image-50403\" srcset=\"https:\/\/www.weber-fag.de\/wordpress\/wp-content\/uploads\/2021\/12\/2112_FAG-Stuttgart_0257.jpg 920w, https:\/\/www.weber-fag.de\/wordpress\/wp-content\/uploads\/2021\/12\/2112_FAG-Stuttgart_0257-300x200.jpg 300w, https:\/\/www.weber-fag.de\/wordpress\/wp-content\/uploads\/2021\/12\/2112_FAG-Stuttgart_0257-768x512.jpg 768w\" sizes=\"auto, (max-width: 920px) 100vw, 920px\" \/><\/figure><\/li><li class=\"blocks-gallery-item\"><figure><img loading=\"lazy\" decoding=\"async\" width=\"920\" height=\"613\" src=\"https:\/\/www.weber-fag.de\/wordpress\/wp-content\/uploads\/2021\/12\/2112_FAG-Stuttgart_0267.jpg\" alt=\"\" data-id=\"50404\" data-full-url=\"https:\/\/www.weber-fag.de\/wordpress\/wp-content\/uploads\/2021\/12\/2112_FAG-Stuttgart_0267.jpg\" data-link=\"https:\/\/www.weber-fag.de\/wordpress\/?attachment_id=50404\" class=\"wp-image-50404\" srcset=\"https:\/\/www.weber-fag.de\/wordpress\/wp-content\/uploads\/2021\/12\/2112_FAG-Stuttgart_0267.jpg 920w, https:\/\/www.weber-fag.de\/wordpress\/wp-content\/uploads\/2021\/12\/2112_FAG-Stuttgart_0267-300x200.jpg 300w, https:\/\/www.weber-fag.de\/wordpress\/wp-content\/uploads\/2021\/12\/2112_FAG-Stuttgart_0267-768x512.jpg 768w\" sizes=\"auto, (max-width: 920px) 100vw, 920px\" \/><figcaption class=\"blocks-gallery-item__caption\">Janus Smarason (FAG)<\/figcaption><\/figure><\/li><li class=\"blocks-gallery-item\"><figure><img loading=\"lazy\" decoding=\"async\" width=\"920\" height=\"613\" src=\"https:\/\/www.weber-fag.de\/wordpress\/wp-content\/uploads\/2021\/12\/2112_FAG-Stuttgart_0269.jpg\" alt=\"\" data-id=\"50405\" data-full-url=\"https:\/\/www.weber-fag.de\/wordpress\/wp-content\/uploads\/2021\/12\/2112_FAG-Stuttgart_0269.jpg\" data-link=\"https:\/\/www.weber-fag.de\/wordpress\/?attachment_id=50405\" class=\"wp-image-50405\" srcset=\"https:\/\/www.weber-fag.de\/wordpress\/wp-content\/uploads\/2021\/12\/2112_FAG-Stuttgart_0269.jpg 920w, https:\/\/www.weber-fag.de\/wordpress\/wp-content\/uploads\/2021\/12\/2112_FAG-Stuttgart_0269-300x200.jpg 300w, https:\/\/www.weber-fag.de\/wordpress\/wp-content\/uploads\/2021\/12\/2112_FAG-Stuttgart_0269-768x512.jpg 768w\" sizes=\"auto, (max-width: 920px) 100vw, 920px\" \/><figcaption class=\"blocks-gallery-item__caption\">Sebastian Heymann (FAG)<\/figcaption><\/figure><\/li><li class=\"blocks-gallery-item\"><figure><img loading=\"lazy\" decoding=\"async\" width=\"920\" height=\"613\" src=\"https:\/\/www.weber-fag.de\/wordpress\/wp-content\/uploads\/2021\/12\/2112_FAG-Stuttgart_0278.jpg\" alt=\"\" data-id=\"50406\" data-full-url=\"https:\/\/www.weber-fag.de\/wordpress\/wp-content\/uploads\/2021\/12\/2112_FAG-Stuttgart_0278.jpg\" data-link=\"https:\/\/www.weber-fag.de\/wordpress\/?attachment_id=50406\" class=\"wp-image-50406\" srcset=\"https:\/\/www.weber-fag.de\/wordpress\/wp-content\/uploads\/2021\/12\/2112_FAG-Stuttgart_0278.jpg 920w, https:\/\/www.weber-fag.de\/wordpress\/wp-content\/uploads\/2021\/12\/2112_FAG-Stuttgart_0278-300x200.jpg 300w, https:\/\/www.weber-fag.de\/wordpress\/wp-content\/uploads\/2021\/12\/2112_FAG-Stuttgart_0278-768x512.jpg 768w\" sizes=\"auto, (max-width: 920px) 100vw, 920px\" \/><\/figure><\/li><li class=\"blocks-gallery-item\"><figure><img loading=\"lazy\" decoding=\"async\" width=\"920\" height=\"613\" src=\"https:\/\/www.weber-fag.de\/wordpress\/wp-content\/uploads\/2021\/12\/2112_FAG-Stuttgart_0286.jpg\" alt=\"\" data-id=\"50407\" data-full-url=\"https:\/\/www.weber-fag.de\/wordpress\/wp-content\/uploads\/2021\/12\/2112_FAG-Stuttgart_0286.jpg\" data-link=\"https:\/\/www.weber-fag.de\/wordpress\/?attachment_id=50407\" class=\"wp-image-50407\" srcset=\"https:\/\/www.weber-fag.de\/wordpress\/wp-content\/uploads\/2021\/12\/2112_FAG-Stuttgart_0286.jpg 920w, https:\/\/www.weber-fag.de\/wordpress\/wp-content\/uploads\/2021\/12\/2112_FAG-Stuttgart_0286-300x200.jpg 300w, https:\/\/www.weber-fag.de\/wordpress\/wp-content\/uploads\/2021\/12\/2112_FAG-Stuttgart_0286-768x512.jpg 768w\" sizes=\"auto, (max-width: 920px) 100vw, 920px\" \/><\/figure><\/li><li class=\"blocks-gallery-item\"><figure><img loading=\"lazy\" decoding=\"async\" width=\"920\" height=\"613\" src=\"https:\/\/www.weber-fag.de\/wordpress\/wp-content\/uploads\/2021\/12\/2112_FAG-Stuttgart_0290.jpg\" alt=\"\" data-id=\"50408\" data-full-url=\"https:\/\/www.weber-fag.de\/wordpress\/wp-content\/uploads\/2021\/12\/2112_FAG-Stuttgart_0290.jpg\" data-link=\"https:\/\/www.weber-fag.de\/wordpress\/?attachment_id=50408\" class=\"wp-image-50408\" srcset=\"https:\/\/www.weber-fag.de\/wordpress\/wp-content\/uploads\/2021\/12\/2112_FAG-Stuttgart_0290.jpg 920w, https:\/\/www.weber-fag.de\/wordpress\/wp-content\/uploads\/2021\/12\/2112_FAG-Stuttgart_0290-300x200.jpg 300w, https:\/\/www.weber-fag.de\/wordpress\/wp-content\/uploads\/2021\/12\/2112_FAG-Stuttgart_0290-768x512.jpg 768w\" sizes=\"auto, (max-width: 920px) 100vw, 920px\" \/><\/figure><\/li><li class=\"blocks-gallery-item\"><figure><img loading=\"lazy\" decoding=\"async\" width=\"920\" height=\"613\" src=\"https:\/\/www.weber-fag.de\/wordpress\/wp-content\/uploads\/2021\/12\/2112_FAG-Stuttgart_0291.jpg\" alt=\"\" data-id=\"50409\" data-full-url=\"https:\/\/www.weber-fag.de\/wordpress\/wp-content\/uploads\/2021\/12\/2112_FAG-Stuttgart_0291.jpg\" data-link=\"https:\/\/www.weber-fag.de\/wordpress\/?attachment_id=50409\" class=\"wp-image-50409\" srcset=\"https:\/\/www.weber-fag.de\/wordpress\/wp-content\/uploads\/2021\/12\/2112_FAG-Stuttgart_0291.jpg 920w, https:\/\/www.weber-fag.de\/wordpress\/wp-content\/uploads\/2021\/12\/2112_FAG-Stuttgart_0291-300x200.jpg 300w, https:\/\/www.weber-fag.de\/wordpress\/wp-content\/uploads\/2021\/12\/2112_FAG-Stuttgart_0291-768x512.jpg 768w\" sizes=\"auto, (max-width: 920px) 100vw, 920px\" \/><\/figure><\/li><li class=\"blocks-gallery-item\"><figure><img loading=\"lazy\" decoding=\"async\" width=\"920\" height=\"613\" src=\"https:\/\/www.weber-fag.de\/wordpress\/wp-content\/uploads\/2021\/12\/2112_FAG-Stuttgart_0294.jpg\" alt=\"\" data-id=\"50410\" data-full-url=\"https:\/\/www.weber-fag.de\/wordpress\/wp-content\/uploads\/2021\/12\/2112_FAG-Stuttgart_0294.jpg\" data-link=\"https:\/\/www.weber-fag.de\/wordpress\/?attachment_id=50410\" class=\"wp-image-50410\" srcset=\"https:\/\/www.weber-fag.de\/wordpress\/wp-content\/uploads\/2021\/12\/2112_FAG-Stuttgart_0294.jpg 920w, https:\/\/www.weber-fag.de\/wordpress\/wp-content\/uploads\/2021\/12\/2112_FAG-Stuttgart_0294-300x200.jpg 300w, https:\/\/www.weber-fag.de\/wordpress\/wp-content\/uploads\/2021\/12\/2112_FAG-Stuttgart_0294-768x512.jpg 768w\" sizes=\"auto, (max-width: 920px) 100vw, 920px\" \/><\/figure><\/li><li class=\"blocks-gallery-item\"><figure><img loading=\"lazy\" decoding=\"async\" width=\"920\" height=\"613\" src=\"https:\/\/www.weber-fag.de\/wordpress\/wp-content\/uploads\/2021\/12\/2112_FAG-Stuttgart_0298.jpg\" alt=\"\" data-id=\"50411\" data-full-url=\"https:\/\/www.weber-fag.de\/wordpress\/wp-content\/uploads\/2021\/12\/2112_FAG-Stuttgart_0298.jpg\" data-link=\"https:\/\/www.weber-fag.de\/wordpress\/?attachment_id=50411\" class=\"wp-image-50411\" srcset=\"https:\/\/www.weber-fag.de\/wordpress\/wp-content\/uploads\/2021\/12\/2112_FAG-Stuttgart_0298.jpg 920w, https:\/\/www.weber-fag.de\/wordpress\/wp-content\/uploads\/2021\/12\/2112_FAG-Stuttgart_0298-300x200.jpg 300w, https:\/\/www.weber-fag.de\/wordpress\/wp-content\/uploads\/2021\/12\/2112_FAG-Stuttgart_0298-768x512.jpg 768w\" sizes=\"auto, (max-width: 920px) 100vw, 920px\" \/><\/figure><\/li><li class=\"blocks-gallery-item\"><figure><img loading=\"lazy\" decoding=\"async\" width=\"920\" height=\"613\" src=\"https:\/\/www.weber-fag.de\/wordpress\/wp-content\/uploads\/2021\/12\/2112_FAG-Stuttgart_0302.jpg\" alt=\"\" data-id=\"50412\" data-full-url=\"https:\/\/www.weber-fag.de\/wordpress\/wp-content\/uploads\/2021\/12\/2112_FAG-Stuttgart_0302.jpg\" data-link=\"https:\/\/www.weber-fag.de\/wordpress\/?attachment_id=50412\" class=\"wp-image-50412\" srcset=\"https:\/\/www.weber-fag.de\/wordpress\/wp-content\/uploads\/2021\/12\/2112_FAG-Stuttgart_0302.jpg 920w, https:\/\/www.weber-fag.de\/wordpress\/wp-content\/uploads\/2021\/12\/2112_FAG-Stuttgart_0302-300x200.jpg 300w, https:\/\/www.weber-fag.de\/wordpress\/wp-content\/uploads\/2021\/12\/2112_FAG-Stuttgart_0302-768x512.jpg 768w\" sizes=\"auto, (max-width: 920px) 100vw, 920px\" \/><\/figure><\/li><li class=\"blocks-gallery-item\"><figure><img loading=\"lazy\" decoding=\"async\" width=\"920\" height=\"613\" src=\"https:\/\/www.weber-fag.de\/wordpress\/wp-content\/uploads\/2021\/12\/2112_FAG-Stuttgart_0305.jpg\" alt=\"\" data-id=\"50413\" data-full-url=\"https:\/\/www.weber-fag.de\/wordpress\/wp-content\/uploads\/2021\/12\/2112_FAG-Stuttgart_0305.jpg\" data-link=\"https:\/\/www.weber-fag.de\/wordpress\/?attachment_id=50413\" class=\"wp-image-50413\" srcset=\"https:\/\/www.weber-fag.de\/wordpress\/wp-content\/uploads\/2021\/12\/2112_FAG-Stuttgart_0305.jpg 920w, https:\/\/www.weber-fag.de\/wordpress\/wp-content\/uploads\/2021\/12\/2112_FAG-Stuttgart_0305-300x200.jpg 300w, https:\/\/www.weber-fag.de\/wordpress\/wp-content\/uploads\/2021\/12\/2112_FAG-Stuttgart_0305-768x512.jpg 768w\" sizes=\"auto, (max-width: 920px) 100vw, 920px\" \/><figcaption class=\"blocks-gallery-item__caption\">Marcel Schiller (FAG)<\/figcaption><\/figure><\/li><li class=\"blocks-gallery-item\"><figure><img loading=\"lazy\" decoding=\"async\" width=\"920\" height=\"613\" src=\"https:\/\/www.weber-fag.de\/wordpress\/wp-content\/uploads\/2021\/12\/2112_FAG-Stuttgart_0307.jpg\" alt=\"\" data-id=\"50414\" data-full-url=\"https:\/\/www.weber-fag.de\/wordpress\/wp-content\/uploads\/2021\/12\/2112_FAG-Stuttgart_0307.jpg\" data-link=\"https:\/\/www.weber-fag.de\/wordpress\/?attachment_id=50414\" class=\"wp-image-50414\" srcset=\"https:\/\/www.weber-fag.de\/wordpress\/wp-content\/uploads\/2021\/12\/2112_FAG-Stuttgart_0307.jpg 920w, https:\/\/www.weber-fag.de\/wordpress\/wp-content\/uploads\/2021\/12\/2112_FAG-Stuttgart_0307-300x200.jpg 300w, https:\/\/www.weber-fag.de\/wordpress\/wp-content\/uploads\/2021\/12\/2112_FAG-Stuttgart_0307-768x512.jpg 768w\" sizes=\"auto, (max-width: 920px) 100vw, 920px\" \/><figcaption class=\"blocks-gallery-item__caption\">Daniel Rebmann (FAG)<\/figcaption><\/figure><\/li><li class=\"blocks-gallery-item\"><figure><img loading=\"lazy\" decoding=\"async\" width=\"920\" height=\"613\" src=\"https:\/\/www.weber-fag.de\/wordpress\/wp-content\/uploads\/2021\/12\/2112_FAG-Stuttgart_0309.jpg\" alt=\"\" data-id=\"50415\" data-full-url=\"https:\/\/www.weber-fag.de\/wordpress\/wp-content\/uploads\/2021\/12\/2112_FAG-Stuttgart_0309.jpg\" data-link=\"https:\/\/www.weber-fag.de\/wordpress\/?attachment_id=50415\" class=\"wp-image-50415\" srcset=\"https:\/\/www.weber-fag.de\/wordpress\/wp-content\/uploads\/2021\/12\/2112_FAG-Stuttgart_0309.jpg 920w, https:\/\/www.weber-fag.de\/wordpress\/wp-content\/uploads\/2021\/12\/2112_FAG-Stuttgart_0309-300x200.jpg 300w, https:\/\/www.weber-fag.de\/wordpress\/wp-content\/uploads\/2021\/12\/2112_FAG-Stuttgart_0309-768x512.jpg 768w\" sizes=\"auto, (max-width: 920px) 100vw, 920px\" \/><figcaption class=\"blocks-gallery-item__caption\">Oskar Neudeck (FAG)<\/figcaption><\/figure><\/li><li class=\"blocks-gallery-item\"><figure><img loading=\"lazy\" decoding=\"async\" width=\"920\" height=\"613\" src=\"https:\/\/www.weber-fag.de\/wordpress\/wp-content\/uploads\/2021\/12\/2112_FAG-Stuttgart_0313.jpg\" alt=\"\" data-id=\"50416\" data-full-url=\"https:\/\/www.weber-fag.de\/wordpress\/wp-content\/uploads\/2021\/12\/2112_FAG-Stuttgart_0313.jpg\" data-link=\"https:\/\/www.weber-fag.de\/wordpress\/?attachment_id=50416\" class=\"wp-image-50416\" srcset=\"https:\/\/www.weber-fag.de\/wordpress\/wp-content\/uploads\/2021\/12\/2112_FAG-Stuttgart_0313.jpg 920w, https:\/\/www.weber-fag.de\/wordpress\/wp-content\/uploads\/2021\/12\/2112_FAG-Stuttgart_0313-300x200.jpg 300w, https:\/\/www.weber-fag.de\/wordpress\/wp-content\/uploads\/2021\/12\/2112_FAG-Stuttgart_0313-768x512.jpg 768w\" sizes=\"auto, (max-width: 920px) 100vw, 920px\" \/><\/figure><\/li><li class=\"blocks-gallery-item\"><figure><img loading=\"lazy\" decoding=\"async\" width=\"920\" height=\"613\" src=\"https:\/\/www.weber-fag.de\/wordpress\/wp-content\/uploads\/2021\/12\/2112_FAG-Stuttgart_0314.jpg\" alt=\"\" data-id=\"50417\" data-full-url=\"https:\/\/www.weber-fag.de\/wordpress\/wp-content\/uploads\/2021\/12\/2112_FAG-Stuttgart_0314.jpg\" data-link=\"https:\/\/www.weber-fag.de\/wordpress\/?attachment_id=50417\" class=\"wp-image-50417\" srcset=\"https:\/\/www.weber-fag.de\/wordpress\/wp-content\/uploads\/2021\/12\/2112_FAG-Stuttgart_0314.jpg 920w, https:\/\/www.weber-fag.de\/wordpress\/wp-content\/uploads\/2021\/12\/2112_FAG-Stuttgart_0314-300x200.jpg 300w, https:\/\/www.weber-fag.de\/wordpress\/wp-content\/uploads\/2021\/12\/2112_FAG-Stuttgart_0314-768x512.jpg 768w\" sizes=\"auto, (max-width: 920px) 100vw, 920px\" \/><\/figure><\/li><li class=\"blocks-gallery-item\"><figure><img loading=\"lazy\" decoding=\"async\" width=\"920\" height=\"613\" src=\"https:\/\/www.weber-fag.de\/wordpress\/wp-content\/uploads\/2021\/12\/2112_FAG-Stuttgart_0320.jpg\" alt=\"\" data-id=\"50418\" data-full-url=\"https:\/\/www.weber-fag.de\/wordpress\/wp-content\/uploads\/2021\/12\/2112_FAG-Stuttgart_0320.jpg\" data-link=\"https:\/\/www.weber-fag.de\/wordpress\/?attachment_id=50418\" class=\"wp-image-50418\" srcset=\"https:\/\/www.weber-fag.de\/wordpress\/wp-content\/uploads\/2021\/12\/2112_FAG-Stuttgart_0320.jpg 920w, https:\/\/www.weber-fag.de\/wordpress\/wp-content\/uploads\/2021\/12\/2112_FAG-Stuttgart_0320-300x200.jpg 300w, https:\/\/www.weber-fag.de\/wordpress\/wp-content\/uploads\/2021\/12\/2112_FAG-Stuttgart_0320-768x512.jpg 768w\" sizes=\"auto, (max-width: 920px) 100vw, 920px\" \/><\/figure><\/li><li class=\"blocks-gallery-item\"><figure><img loading=\"lazy\" decoding=\"async\" width=\"920\" height=\"613\" src=\"https:\/\/www.weber-fag.de\/wordpress\/wp-content\/uploads\/2021\/12\/2112_FAG-Stuttgart_0329.jpg\" alt=\"\" data-id=\"50419\" data-full-url=\"https:\/\/www.weber-fag.de\/wordpress\/wp-content\/uploads\/2021\/12\/2112_FAG-Stuttgart_0329.jpg\" data-link=\"https:\/\/www.weber-fag.de\/wordpress\/?attachment_id=50419\" class=\"wp-image-50419\" srcset=\"https:\/\/www.weber-fag.de\/wordpress\/wp-content\/uploads\/2021\/12\/2112_FAG-Stuttgart_0329.jpg 920w, https:\/\/www.weber-fag.de\/wordpress\/wp-content\/uploads\/2021\/12\/2112_FAG-Stuttgart_0329-300x200.jpg 300w, https:\/\/www.weber-fag.de\/wordpress\/wp-content\/uploads\/2021\/12\/2112_FAG-Stuttgart_0329-768x512.jpg 768w\" sizes=\"auto, (max-width: 920px) 100vw, 920px\" \/><\/figure><\/li><li class=\"blocks-gallery-item\"><figure><img loading=\"lazy\" decoding=\"async\" width=\"920\" height=\"613\" src=\"https:\/\/www.weber-fag.de\/wordpress\/wp-content\/uploads\/2021\/12\/2112_FAG-Stuttgart_0330.jpg\" alt=\"\" data-id=\"50420\" data-full-url=\"https:\/\/www.weber-fag.de\/wordpress\/wp-content\/uploads\/2021\/12\/2112_FAG-Stuttgart_0330.jpg\" data-link=\"https:\/\/www.weber-fag.de\/wordpress\/?attachment_id=50420\" class=\"wp-image-50420\" srcset=\"https:\/\/www.weber-fag.de\/wordpress\/wp-content\/uploads\/2021\/12\/2112_FAG-Stuttgart_0330.jpg 920w, https:\/\/www.weber-fag.de\/wordpress\/wp-content\/uploads\/2021\/12\/2112_FAG-Stuttgart_0330-300x200.jpg 300w, https:\/\/www.weber-fag.de\/wordpress\/wp-content\/uploads\/2021\/12\/2112_FAG-Stuttgart_0330-768x512.jpg 768w\" sizes=\"auto, (max-width: 920px) 100vw, 920px\" \/><figcaption class=\"blocks-gallery-item__caption\">Kevin Gulliksen (FAG)<\/figcaption><\/figure><\/li><li class=\"blocks-gallery-item\"><figure><img loading=\"lazy\" decoding=\"async\" width=\"920\" height=\"613\" src=\"https:\/\/www.weber-fag.de\/wordpress\/wp-content\/uploads\/2021\/12\/2112_FAG-Stuttgart_0331.jpg\" alt=\"\" data-id=\"50421\" data-full-url=\"https:\/\/www.weber-fag.de\/wordpress\/wp-content\/uploads\/2021\/12\/2112_FAG-Stuttgart_0331.jpg\" data-link=\"https:\/\/www.weber-fag.de\/wordpress\/?attachment_id=50421\" class=\"wp-image-50421\" srcset=\"https:\/\/www.weber-fag.de\/wordpress\/wp-content\/uploads\/2021\/12\/2112_FAG-Stuttgart_0331.jpg 920w, https:\/\/www.weber-fag.de\/wordpress\/wp-content\/uploads\/2021\/12\/2112_FAG-Stuttgart_0331-300x200.jpg 300w, https:\/\/www.weber-fag.de\/wordpress\/wp-content\/uploads\/2021\/12\/2112_FAG-Stuttgart_0331-768x512.jpg 768w\" sizes=\"auto, (max-width: 920px) 100vw, 920px\" \/><\/figure><\/li><li class=\"blocks-gallery-item\"><figure><img loading=\"lazy\" decoding=\"async\" width=\"920\" height=\"613\" src=\"https:\/\/www.weber-fag.de\/wordpress\/wp-content\/uploads\/2021\/12\/2112_FAG-Stuttgart_0332.jpg\" alt=\"\" data-id=\"50422\" data-full-url=\"https:\/\/www.weber-fag.de\/wordpress\/wp-content\/uploads\/2021\/12\/2112_FAG-Stuttgart_0332.jpg\" data-link=\"https:\/\/www.weber-fag.de\/wordpress\/?attachment_id=50422\" class=\"wp-image-50422\" srcset=\"https:\/\/www.weber-fag.de\/wordpress\/wp-content\/uploads\/2021\/12\/2112_FAG-Stuttgart_0332.jpg 920w, https:\/\/www.weber-fag.de\/wordpress\/wp-content\/uploads\/2021\/12\/2112_FAG-Stuttgart_0332-300x200.jpg 300w, https:\/\/www.weber-fag.de\/wordpress\/wp-content\/uploads\/2021\/12\/2112_FAG-Stuttgart_0332-768x512.jpg 768w\" sizes=\"auto, (max-width: 920px) 100vw, 920px\" \/><\/figure><\/li><li class=\"blocks-gallery-item\"><figure><img loading=\"lazy\" decoding=\"async\" width=\"920\" height=\"613\" src=\"https:\/\/www.weber-fag.de\/wordpress\/wp-content\/uploads\/2021\/12\/2112_FAG-Stuttgart_0335.jpg\" alt=\"\" data-id=\"50423\" data-full-url=\"https:\/\/www.weber-fag.de\/wordpress\/wp-content\/uploads\/2021\/12\/2112_FAG-Stuttgart_0335.jpg\" data-link=\"https:\/\/www.weber-fag.de\/wordpress\/?attachment_id=50423\" class=\"wp-image-50423\" srcset=\"https:\/\/www.weber-fag.de\/wordpress\/wp-content\/uploads\/2021\/12\/2112_FAG-Stuttgart_0335.jpg 920w, https:\/\/www.weber-fag.de\/wordpress\/wp-content\/uploads\/2021\/12\/2112_FAG-Stuttgart_0335-300x200.jpg 300w, https:\/\/www.weber-fag.de\/wordpress\/wp-content\/uploads\/2021\/12\/2112_FAG-Stuttgart_0335-768x512.jpg 768w\" sizes=\"auto, (max-width: 920px) 100vw, 920px\" \/><\/figure><\/li><li class=\"blocks-gallery-item\"><figure><img loading=\"lazy\" decoding=\"async\" width=\"920\" height=\"613\" src=\"https:\/\/www.weber-fag.de\/wordpress\/wp-content\/uploads\/2021\/12\/2112_FAG-Stuttgart_0338.jpg\" alt=\"\" data-id=\"50424\" data-full-url=\"https:\/\/www.weber-fag.de\/wordpress\/wp-content\/uploads\/2021\/12\/2112_FAG-Stuttgart_0338.jpg\" data-link=\"https:\/\/www.weber-fag.de\/wordpress\/?attachment_id=50424\" class=\"wp-image-50424\" srcset=\"https:\/\/www.weber-fag.de\/wordpress\/wp-content\/uploads\/2021\/12\/2112_FAG-Stuttgart_0338.jpg 920w, https:\/\/www.weber-fag.de\/wordpress\/wp-content\/uploads\/2021\/12\/2112_FAG-Stuttgart_0338-300x200.jpg 300w, https:\/\/www.weber-fag.de\/wordpress\/wp-content\/uploads\/2021\/12\/2112_FAG-Stuttgart_0338-768x512.jpg 768w\" sizes=\"auto, (max-width: 920px) 100vw, 920px\" \/><\/figure><\/li><li class=\"blocks-gallery-item\"><figure><img loading=\"lazy\" decoding=\"async\" width=\"920\" height=\"613\" src=\"https:\/\/www.weber-fag.de\/wordpress\/wp-content\/uploads\/2021\/12\/2112_FAG-Stuttgart_0341.jpg\" alt=\"\" data-id=\"50425\" data-full-url=\"https:\/\/www.weber-fag.de\/wordpress\/wp-content\/uploads\/2021\/12\/2112_FAG-Stuttgart_0341.jpg\" data-link=\"https:\/\/www.weber-fag.de\/wordpress\/?attachment_id=50425\" class=\"wp-image-50425\" srcset=\"https:\/\/www.weber-fag.de\/wordpress\/wp-content\/uploads\/2021\/12\/2112_FAG-Stuttgart_0341.jpg 920w, https:\/\/www.weber-fag.de\/wordpress\/wp-content\/uploads\/2021\/12\/2112_FAG-Stuttgart_0341-300x200.jpg 300w, https:\/\/www.weber-fag.de\/wordpress\/wp-content\/uploads\/2021\/12\/2112_FAG-Stuttgart_0341-768x512.jpg 768w\" sizes=\"auto, (max-width: 920px) 100vw, 920px\" \/><\/figure><\/li><li class=\"blocks-gallery-item\"><figure><img loading=\"lazy\" decoding=\"async\" width=\"920\" height=\"613\" src=\"https:\/\/www.weber-fag.de\/wordpress\/wp-content\/uploads\/2021\/12\/2112_FAG-Stuttgart_0343.jpg\" alt=\"\" data-id=\"50426\" data-full-url=\"https:\/\/www.weber-fag.de\/wordpress\/wp-content\/uploads\/2021\/12\/2112_FAG-Stuttgart_0343.jpg\" data-link=\"https:\/\/www.weber-fag.de\/wordpress\/?attachment_id=50426\" class=\"wp-image-50426\" srcset=\"https:\/\/www.weber-fag.de\/wordpress\/wp-content\/uploads\/2021\/12\/2112_FAG-Stuttgart_0343.jpg 920w, https:\/\/www.weber-fag.de\/wordpress\/wp-content\/uploads\/2021\/12\/2112_FAG-Stuttgart_0343-300x200.jpg 300w, https:\/\/www.weber-fag.de\/wordpress\/wp-content\/uploads\/2021\/12\/2112_FAG-Stuttgart_0343-768x512.jpg 768w\" sizes=\"auto, (max-width: 920px) 100vw, 920px\" \/><\/figure><\/li><li class=\"blocks-gallery-item\"><figure><img loading=\"lazy\" decoding=\"async\" width=\"920\" height=\"613\" src=\"https:\/\/www.weber-fag.de\/wordpress\/wp-content\/uploads\/2021\/12\/2112_FAG-Stuttgart_0347.jpg\" alt=\"\" data-id=\"50427\" data-full-url=\"https:\/\/www.weber-fag.de\/wordpress\/wp-content\/uploads\/2021\/12\/2112_FAG-Stuttgart_0347.jpg\" data-link=\"https:\/\/www.weber-fag.de\/wordpress\/?attachment_id=50427\" class=\"wp-image-50427\" srcset=\"https:\/\/www.weber-fag.de\/wordpress\/wp-content\/uploads\/2021\/12\/2112_FAG-Stuttgart_0347.jpg 920w, https:\/\/www.weber-fag.de\/wordpress\/wp-content\/uploads\/2021\/12\/2112_FAG-Stuttgart_0347-300x200.jpg 300w, https:\/\/www.weber-fag.de\/wordpress\/wp-content\/uploads\/2021\/12\/2112_FAG-Stuttgart_0347-768x512.jpg 768w\" sizes=\"auto, (max-width: 920px) 100vw, 920px\" \/><\/figure><\/li><li class=\"blocks-gallery-item\"><figure><img loading=\"lazy\" decoding=\"async\" width=\"920\" height=\"613\" src=\"https:\/\/www.weber-fag.de\/wordpress\/wp-content\/uploads\/2021\/12\/2112_FAG-Stuttgart_0349.jpg\" alt=\"\" data-id=\"50428\" data-full-url=\"https:\/\/www.weber-fag.de\/wordpress\/wp-content\/uploads\/2021\/12\/2112_FAG-Stuttgart_0349.jpg\" data-link=\"https:\/\/www.weber-fag.de\/wordpress\/?attachment_id=50428\" class=\"wp-image-50428\" srcset=\"https:\/\/www.weber-fag.de\/wordpress\/wp-content\/uploads\/2021\/12\/2112_FAG-Stuttgart_0349.jpg 920w, https:\/\/www.weber-fag.de\/wordpress\/wp-content\/uploads\/2021\/12\/2112_FAG-Stuttgart_0349-300x200.jpg 300w, https:\/\/www.weber-fag.de\/wordpress\/wp-content\/uploads\/2021\/12\/2112_FAG-Stuttgart_0349-768x512.jpg 768w\" sizes=\"auto, (max-width: 920px) 100vw, 920px\" \/><\/figure><\/li><li class=\"blocks-gallery-item\"><figure><img loading=\"lazy\" decoding=\"async\" width=\"920\" height=\"613\" src=\"https:\/\/www.weber-fag.de\/wordpress\/wp-content\/uploads\/2021\/12\/2112_FAG-Stuttgart_0351.jpg\" alt=\"\" data-id=\"50429\" data-full-url=\"https:\/\/www.weber-fag.de\/wordpress\/wp-content\/uploads\/2021\/12\/2112_FAG-Stuttgart_0351.jpg\" data-link=\"https:\/\/www.weber-fag.de\/wordpress\/?attachment_id=50429\" class=\"wp-image-50429\" srcset=\"https:\/\/www.weber-fag.de\/wordpress\/wp-content\/uploads\/2021\/12\/2112_FAG-Stuttgart_0351.jpg 920w, https:\/\/www.weber-fag.de\/wordpress\/wp-content\/uploads\/2021\/12\/2112_FAG-Stuttgart_0351-300x200.jpg 300w, https:\/\/www.weber-fag.de\/wordpress\/wp-content\/uploads\/2021\/12\/2112_FAG-Stuttgart_0351-768x512.jpg 768w\" sizes=\"auto, (max-width: 920px) 100vw, 920px\" \/><figcaption class=\"blocks-gallery-item__caption\">FRISCH AUF! Goeppingen<\/figcaption><\/figure><\/li><li class=\"blocks-gallery-item\"><figure><img loading=\"lazy\" decoding=\"async\" width=\"920\" height=\"613\" src=\"https:\/\/www.weber-fag.de\/wordpress\/wp-content\/uploads\/2021\/12\/2112_FAG-Stuttgart_0358.jpg\" alt=\"\" data-id=\"50430\" data-full-url=\"https:\/\/www.weber-fag.de\/wordpress\/wp-content\/uploads\/2021\/12\/2112_FAG-Stuttgart_0358.jpg\" data-link=\"https:\/\/www.weber-fag.de\/wordpress\/?attachment_id=50430\" class=\"wp-image-50430\" srcset=\"https:\/\/www.weber-fag.de\/wordpress\/wp-content\/uploads\/2021\/12\/2112_FAG-Stuttgart_0358.jpg 920w, https:\/\/www.weber-fag.de\/wordpress\/wp-content\/uploads\/2021\/12\/2112_FAG-Stuttgart_0358-300x200.jpg 300w, https:\/\/www.weber-fag.de\/wordpress\/wp-content\/uploads\/2021\/12\/2112_FAG-Stuttgart_0358-768x512.jpg 768w\" sizes=\"auto, (max-width: 920px) 100vw, 920px\" \/><figcaption class=\"blocks-gallery-item__caption\">FRISCH AUF! Goeppingen<\/figcaption><\/figure><\/li><\/ul><\/figure>\n<div class=\"pp-fb-like-btn-wrap\"><div class=\"fb-like\" data-href=\"https:\/\/www.weber-fag.de\/wordpress\/frisch-auf-goeppingen-vs-tvb-stuttgart-2\/\" data-share=\"false\" data-layout=\"button_count\" data-width=\"90\" data-show-faces=\"\" data-action=\"like\"><\/div><\/div>","protected":false},"excerpt":{"rendered":"<p>Im letzten Heimspiel des Jahres war der TVB Stutgart zu Gast in der EWS-Arena. Die G\u00f6ppinger konnten einen knappen 34:32 Derbysieg f\u00fcr sich verbuchen. Die 750 Zuschauer sahen dabei aber erneut zwei unterschiedliche Gesichter der G\u00f6ppinger. W\u00e4hrend die Hausherren in der 1. Halbzeit souver\u00e4n aufspielten (19:13) schlichen sich nach dem Seitenwechsel wieder unsicherheiten und reihenweise [&hellip;]<\/p>\n","protected":false},"author":1,"featured_media":50351,"comment_status":"open","ping_status":"open","sticky":false,"template":"","format":"standard","meta":{"footnotes":""},"categories":[5],"tags":[],"class_list":["post-50350","post","type-post","status-publish","format-standard","has-post-thumbnail","hentry","category-bundesliga"],"_links":{"self":[{"href":"https:\/\/www.weber-fag.de\/wordpress\/wp-json\/wp\/v2\/posts\/50350","targetHints":{"allow":["GET"]}}],"collection":[{"href":"https:\/\/www.weber-fag.de\/wordpress\/wp-json\/wp\/v2\/posts"}],"about":[{"href":"https:\/\/www.weber-fag.de\/wordpress\/wp-json\/wp\/v2\/types\/post"}],"author":[{"embeddable":true,"href":"https:\/\/www.weber-fag.de\/wordpress\/wp-json\/wp\/v2\/users\/1"}],"replies":[{"embeddable":true,"href":"https:\/\/www.weber-fag.de\/wordpress\/wp-json\/wp\/v2\/comments?post=50350"}],"version-history":[{"count":1,"href":"https:\/\/www.weber-fag.de\/wordpress\/wp-json\/wp\/v2\/posts\/50350\/revisions"}],"predecessor-version":[{"id":50431,"href":"https:\/\/www.weber-fag.de\/wordpress\/wp-json\/wp\/v2\/posts\/50350\/revisions\/50431"}],"wp:featuredmedia":[{"embeddable":true,"href":"https:\/\/www.weber-fag.de\/wordpress\/wp-json\/wp\/v2\/media\/50351"}],"wp:attachment":[{"href":"https:\/\/www.weber-fag.de\/wordpress\/wp-json\/wp\/v2\/media?parent=50350"}],"wp:term":[{"taxonomy":"category","embeddable":true,"href":"https:\/\/www.weber-fag.de\/wordpress\/wp-json\/wp\/v2\/categories?post=50350"},{"taxonomy":"post_tag","embeddable":true,"href":"https:\/\/www.weber-fag.de\/wordpress\/wp-json\/wp\/v2\/tags?post=50350"}],"curies":[{"name":"wp","href":"https:\/\/api.w.org\/{rel}","templated":true}]}}