{"id":50274,"date":"2021-11-24T09:00:44","date_gmt":"2021-11-24T07:00:44","guid":{"rendered":"http:\/\/www.weber-fag.de\/wordpress\/?p=50274"},"modified":"2021-11-24T09:00:46","modified_gmt":"2021-11-24T07:00:46","slug":"frisch-auf-goeppingen-vs-thw-kiel-2","status":"publish","type":"post","link":"https:\/\/www.weber-fag.de\/wordpress\/frisch-auf-goeppingen-vs-thw-kiel-2\/","title":{"rendered":"FRISCH AUF! G\u00f6ppingen vs. THW Kiel"},"content":{"rendered":"\n<p>Kompromisslos trat der Rekordmeister THW Kiel in G\u00f6ppingen auf. Mit einem souver\u00e4nen Ausw\u00e4rtssieg (26:38) traten die Kieler die Heimreise in den hohen Norden an. Hier die Bilder vom Spiel<\/p>\n\n\n\n<figure class=\"wp-block-image size-full\"><img loading=\"lazy\" decoding=\"async\" width=\"920\" height=\"613\" src=\"https:\/\/www.weber-fag.de\/wordpress\/wp-content\/uploads\/2021\/11\/2111_FAG-Kiel_0013.jpg\" alt=\"\" class=\"wp-image-50275\" srcset=\"https:\/\/www.weber-fag.de\/wordpress\/wp-content\/uploads\/2021\/11\/2111_FAG-Kiel_0013.jpg 920w, https:\/\/www.weber-fag.de\/wordpress\/wp-content\/uploads\/2021\/11\/2111_FAG-Kiel_0013-300x200.jpg 300w, https:\/\/www.weber-fag.de\/wordpress\/wp-content\/uploads\/2021\/11\/2111_FAG-Kiel_0013-768x512.jpg 768w\" sizes=\"auto, (max-width: 920px) 100vw, 920px\" \/><figcaption>Trainer Hartmut Mayerhoffer (FAG)<\/figcaption><\/figure>\n\n\n\n<!--more-->\n\n\n\n<figure class=\"wp-block-gallery columns-1 is-cropped wp-block-gallery-1 is-layout-flex wp-block-gallery-is-layout-flex\"><ul class=\"blocks-gallery-grid\"><li class=\"blocks-gallery-item\"><figure><img loading=\"lazy\" decoding=\"async\" width=\"920\" height=\"613\" src=\"https:\/\/www.weber-fag.de\/wordpress\/wp-content\/uploads\/2021\/11\/2111_FAG-Kiel_0015.jpg\" alt=\"\" data-id=\"50276\" data-full-url=\"https:\/\/www.weber-fag.de\/wordpress\/wp-content\/uploads\/2021\/11\/2111_FAG-Kiel_0015.jpg\" data-link=\"https:\/\/www.weber-fag.de\/wordpress\/?attachment_id=50276\" class=\"wp-image-50276\" srcset=\"https:\/\/www.weber-fag.de\/wordpress\/wp-content\/uploads\/2021\/11\/2111_FAG-Kiel_0015.jpg 920w, https:\/\/www.weber-fag.de\/wordpress\/wp-content\/uploads\/2021\/11\/2111_FAG-Kiel_0015-300x200.jpg 300w, https:\/\/www.weber-fag.de\/wordpress\/wp-content\/uploads\/2021\/11\/2111_FAG-Kiel_0015-768x512.jpg 768w\" sizes=\"auto, (max-width: 920px) 100vw, 920px\" \/><figcaption class=\"blocks-gallery-item__caption\">Kresimir Kozina (FAG)<\/figcaption><\/figure><\/li><li class=\"blocks-gallery-item\"><figure><img loading=\"lazy\" decoding=\"async\" width=\"920\" height=\"613\" src=\"https:\/\/www.weber-fag.de\/wordpress\/wp-content\/uploads\/2021\/11\/2111_FAG-Kiel_0019.jpg\" alt=\"\" data-id=\"50277\" data-full-url=\"https:\/\/www.weber-fag.de\/wordpress\/wp-content\/uploads\/2021\/11\/2111_FAG-Kiel_0019.jpg\" data-link=\"https:\/\/www.weber-fag.de\/wordpress\/?attachment_id=50277\" class=\"wp-image-50277\" srcset=\"https:\/\/www.weber-fag.de\/wordpress\/wp-content\/uploads\/2021\/11\/2111_FAG-Kiel_0019.jpg 920w, https:\/\/www.weber-fag.de\/wordpress\/wp-content\/uploads\/2021\/11\/2111_FAG-Kiel_0019-300x200.jpg 300w, https:\/\/www.weber-fag.de\/wordpress\/wp-content\/uploads\/2021\/11\/2111_FAG-Kiel_0019-768x512.jpg 768w\" sizes=\"auto, (max-width: 920px) 100vw, 920px\" \/><figcaption class=\"blocks-gallery-item__caption\">Daniel Rebmann (FAG)<\/figcaption><\/figure><\/li><li class=\"blocks-gallery-item\"><figure><img loading=\"lazy\" decoding=\"async\" width=\"920\" height=\"613\" src=\"https:\/\/www.weber-fag.de\/wordpress\/wp-content\/uploads\/2021\/11\/2111_FAG-Kiel_0022.jpg\" alt=\"\" data-id=\"50278\" data-full-url=\"https:\/\/www.weber-fag.de\/wordpress\/wp-content\/uploads\/2021\/11\/2111_FAG-Kiel_0022.jpg\" data-link=\"https:\/\/www.weber-fag.de\/wordpress\/?attachment_id=50278\" class=\"wp-image-50278\" srcset=\"https:\/\/www.weber-fag.de\/wordpress\/wp-content\/uploads\/2021\/11\/2111_FAG-Kiel_0022.jpg 920w, https:\/\/www.weber-fag.de\/wordpress\/wp-content\/uploads\/2021\/11\/2111_FAG-Kiel_0022-300x200.jpg 300w, https:\/\/www.weber-fag.de\/wordpress\/wp-content\/uploads\/2021\/11\/2111_FAG-Kiel_0022-768x512.jpg 768w\" sizes=\"auto, (max-width: 920px) 100vw, 920px\" \/><figcaption class=\"blocks-gallery-item__caption\">Jon Lindenchrone Andersen (FAG)<\/figcaption><\/figure><\/li><li class=\"blocks-gallery-item\"><figure><img loading=\"lazy\" decoding=\"async\" width=\"920\" height=\"613\" src=\"https:\/\/www.weber-fag.de\/wordpress\/wp-content\/uploads\/2021\/11\/2111_FAG-Kiel_0023.jpg\" alt=\"\" data-id=\"50279\" data-full-url=\"https:\/\/www.weber-fag.de\/wordpress\/wp-content\/uploads\/2021\/11\/2111_FAG-Kiel_0023.jpg\" data-link=\"https:\/\/www.weber-fag.de\/wordpress\/?attachment_id=50279\" class=\"wp-image-50279\" srcset=\"https:\/\/www.weber-fag.de\/wordpress\/wp-content\/uploads\/2021\/11\/2111_FAG-Kiel_0023.jpg 920w, https:\/\/www.weber-fag.de\/wordpress\/wp-content\/uploads\/2021\/11\/2111_FAG-Kiel_0023-300x200.jpg 300w, https:\/\/www.weber-fag.de\/wordpress\/wp-content\/uploads\/2021\/11\/2111_FAG-Kiel_0023-768x512.jpg 768w\" sizes=\"auto, (max-width: 920px) 100vw, 920px\" \/><figcaption class=\"blocks-gallery-item__caption\">Urh Kastelic (FAG)<\/figcaption><\/figure><\/li><li class=\"blocks-gallery-item\"><figure><img loading=\"lazy\" decoding=\"async\" width=\"920\" height=\"613\" src=\"https:\/\/www.weber-fag.de\/wordpress\/wp-content\/uploads\/2021\/11\/2111_FAG-Kiel_0034.jpg\" alt=\"\" data-id=\"50280\" data-full-url=\"https:\/\/www.weber-fag.de\/wordpress\/wp-content\/uploads\/2021\/11\/2111_FAG-Kiel_0034.jpg\" data-link=\"https:\/\/www.weber-fag.de\/wordpress\/?attachment_id=50280\" class=\"wp-image-50280\" srcset=\"https:\/\/www.weber-fag.de\/wordpress\/wp-content\/uploads\/2021\/11\/2111_FAG-Kiel_0034.jpg 920w, https:\/\/www.weber-fag.de\/wordpress\/wp-content\/uploads\/2021\/11\/2111_FAG-Kiel_0034-300x200.jpg 300w, https:\/\/www.weber-fag.de\/wordpress\/wp-content\/uploads\/2021\/11\/2111_FAG-Kiel_0034-768x512.jpg 768w\" sizes=\"auto, (max-width: 920px) 100vw, 920px\" \/><\/figure><\/li><li class=\"blocks-gallery-item\"><figure><img loading=\"lazy\" decoding=\"async\" width=\"920\" height=\"613\" src=\"https:\/\/www.weber-fag.de\/wordpress\/wp-content\/uploads\/2021\/11\/2111_FAG-Kiel_0036.jpg\" alt=\"\" data-id=\"50281\" data-full-url=\"https:\/\/www.weber-fag.de\/wordpress\/wp-content\/uploads\/2021\/11\/2111_FAG-Kiel_0036.jpg\" data-link=\"https:\/\/www.weber-fag.de\/wordpress\/?attachment_id=50281\" class=\"wp-image-50281\" srcset=\"https:\/\/www.weber-fag.de\/wordpress\/wp-content\/uploads\/2021\/11\/2111_FAG-Kiel_0036.jpg 920w, https:\/\/www.weber-fag.de\/wordpress\/wp-content\/uploads\/2021\/11\/2111_FAG-Kiel_0036-300x200.jpg 300w, https:\/\/www.weber-fag.de\/wordpress\/wp-content\/uploads\/2021\/11\/2111_FAG-Kiel_0036-768x512.jpg 768w\" sizes=\"auto, (max-width: 920px) 100vw, 920px\" \/><\/figure><\/li><li class=\"blocks-gallery-item\"><figure><img loading=\"lazy\" decoding=\"async\" width=\"920\" height=\"613\" src=\"https:\/\/www.weber-fag.de\/wordpress\/wp-content\/uploads\/2021\/11\/2111_FAG-Kiel_0045.jpg\" alt=\"\" data-id=\"50282\" data-full-url=\"https:\/\/www.weber-fag.de\/wordpress\/wp-content\/uploads\/2021\/11\/2111_FAG-Kiel_0045.jpg\" data-link=\"https:\/\/www.weber-fag.de\/wordpress\/?attachment_id=50282\" class=\"wp-image-50282\" srcset=\"https:\/\/www.weber-fag.de\/wordpress\/wp-content\/uploads\/2021\/11\/2111_FAG-Kiel_0045.jpg 920w, https:\/\/www.weber-fag.de\/wordpress\/wp-content\/uploads\/2021\/11\/2111_FAG-Kiel_0045-300x200.jpg 300w, https:\/\/www.weber-fag.de\/wordpress\/wp-content\/uploads\/2021\/11\/2111_FAG-Kiel_0045-768x512.jpg 768w\" sizes=\"auto, (max-width: 920px) 100vw, 920px\" \/><figcaption class=\"blocks-gallery-item__caption\">Tim Kneule (FAG)<\/figcaption><\/figure><\/li><li class=\"blocks-gallery-item\"><figure><img loading=\"lazy\" decoding=\"async\" width=\"920\" height=\"613\" src=\"https:\/\/www.weber-fag.de\/wordpress\/wp-content\/uploads\/2021\/11\/2111_FAG-Kiel_0048.jpg\" alt=\"\" data-id=\"50283\" data-full-url=\"https:\/\/www.weber-fag.de\/wordpress\/wp-content\/uploads\/2021\/11\/2111_FAG-Kiel_0048.jpg\" data-link=\"https:\/\/www.weber-fag.de\/wordpress\/?attachment_id=50283\" class=\"wp-image-50283\" srcset=\"https:\/\/www.weber-fag.de\/wordpress\/wp-content\/uploads\/2021\/11\/2111_FAG-Kiel_0048.jpg 920w, https:\/\/www.weber-fag.de\/wordpress\/wp-content\/uploads\/2021\/11\/2111_FAG-Kiel_0048-300x200.jpg 300w, https:\/\/www.weber-fag.de\/wordpress\/wp-content\/uploads\/2021\/11\/2111_FAG-Kiel_0048-768x512.jpg 768w\" sizes=\"auto, (max-width: 920px) 100vw, 920px\" \/><\/figure><\/li><li class=\"blocks-gallery-item\"><figure><img loading=\"lazy\" decoding=\"async\" width=\"920\" height=\"613\" src=\"https:\/\/www.weber-fag.de\/wordpress\/wp-content\/uploads\/2021\/11\/2111_FAG-Kiel_0053.jpg\" alt=\"\" data-id=\"50284\" data-full-url=\"https:\/\/www.weber-fag.de\/wordpress\/wp-content\/uploads\/2021\/11\/2111_FAG-Kiel_0053.jpg\" data-link=\"https:\/\/www.weber-fag.de\/wordpress\/?attachment_id=50284\" class=\"wp-image-50284\" srcset=\"https:\/\/www.weber-fag.de\/wordpress\/wp-content\/uploads\/2021\/11\/2111_FAG-Kiel_0053.jpg 920w, https:\/\/www.weber-fag.de\/wordpress\/wp-content\/uploads\/2021\/11\/2111_FAG-Kiel_0053-300x200.jpg 300w, https:\/\/www.weber-fag.de\/wordpress\/wp-content\/uploads\/2021\/11\/2111_FAG-Kiel_0053-768x512.jpg 768w\" sizes=\"auto, (max-width: 920px) 100vw, 920px\" \/><\/figure><\/li><li class=\"blocks-gallery-item\"><figure><img loading=\"lazy\" decoding=\"async\" width=\"920\" height=\"613\" src=\"https:\/\/www.weber-fag.de\/wordpress\/wp-content\/uploads\/2021\/11\/2111_FAG-Kiel_0056.jpg\" alt=\"\" data-id=\"50285\" data-full-url=\"https:\/\/www.weber-fag.de\/wordpress\/wp-content\/uploads\/2021\/11\/2111_FAG-Kiel_0056.jpg\" data-link=\"https:\/\/www.weber-fag.de\/wordpress\/?attachment_id=50285\" class=\"wp-image-50285\" srcset=\"https:\/\/www.weber-fag.de\/wordpress\/wp-content\/uploads\/2021\/11\/2111_FAG-Kiel_0056.jpg 920w, https:\/\/www.weber-fag.de\/wordpress\/wp-content\/uploads\/2021\/11\/2111_FAG-Kiel_0056-300x200.jpg 300w, https:\/\/www.weber-fag.de\/wordpress\/wp-content\/uploads\/2021\/11\/2111_FAG-Kiel_0056-768x512.jpg 768w\" sizes=\"auto, (max-width: 920px) 100vw, 920px\" \/><figcaption class=\"blocks-gallery-item__caption\">Daniel Rebmann (FAG)<\/figcaption><\/figure><\/li><li class=\"blocks-gallery-item\"><figure><img loading=\"lazy\" decoding=\"async\" width=\"920\" height=\"613\" src=\"https:\/\/www.weber-fag.de\/wordpress\/wp-content\/uploads\/2021\/11\/2111_FAG-Kiel_0059.jpg\" alt=\"\" data-id=\"50286\" data-full-url=\"https:\/\/www.weber-fag.de\/wordpress\/wp-content\/uploads\/2021\/11\/2111_FAG-Kiel_0059.jpg\" data-link=\"https:\/\/www.weber-fag.de\/wordpress\/?attachment_id=50286\" class=\"wp-image-50286\" srcset=\"https:\/\/www.weber-fag.de\/wordpress\/wp-content\/uploads\/2021\/11\/2111_FAG-Kiel_0059.jpg 920w, https:\/\/www.weber-fag.de\/wordpress\/wp-content\/uploads\/2021\/11\/2111_FAG-Kiel_0059-300x200.jpg 300w, https:\/\/www.weber-fag.de\/wordpress\/wp-content\/uploads\/2021\/11\/2111_FAG-Kiel_0059-768x512.jpg 768w\" sizes=\"auto, (max-width: 920px) 100vw, 920px\" \/><\/figure><\/li><li class=\"blocks-gallery-item\"><figure><img loading=\"lazy\" decoding=\"async\" width=\"920\" height=\"613\" src=\"https:\/\/www.weber-fag.de\/wordpress\/wp-content\/uploads\/2021\/11\/2111_FAG-Kiel_0062.jpg\" alt=\"\" data-id=\"50287\" data-full-url=\"https:\/\/www.weber-fag.de\/wordpress\/wp-content\/uploads\/2021\/11\/2111_FAG-Kiel_0062.jpg\" data-link=\"https:\/\/www.weber-fag.de\/wordpress\/?attachment_id=50287\" class=\"wp-image-50287\" srcset=\"https:\/\/www.weber-fag.de\/wordpress\/wp-content\/uploads\/2021\/11\/2111_FAG-Kiel_0062.jpg 920w, https:\/\/www.weber-fag.de\/wordpress\/wp-content\/uploads\/2021\/11\/2111_FAG-Kiel_0062-300x200.jpg 300w, https:\/\/www.weber-fag.de\/wordpress\/wp-content\/uploads\/2021\/11\/2111_FAG-Kiel_0062-768x512.jpg 768w\" sizes=\"auto, (max-width: 920px) 100vw, 920px\" \/><\/figure><\/li><li class=\"blocks-gallery-item\"><figure><img loading=\"lazy\" decoding=\"async\" width=\"920\" height=\"613\" src=\"https:\/\/www.weber-fag.de\/wordpress\/wp-content\/uploads\/2021\/11\/2111_FAG-Kiel_0067.jpg\" alt=\"\" data-id=\"50288\" data-full-url=\"https:\/\/www.weber-fag.de\/wordpress\/wp-content\/uploads\/2021\/11\/2111_FAG-Kiel_0067.jpg\" data-link=\"https:\/\/www.weber-fag.de\/wordpress\/?attachment_id=50288\" class=\"wp-image-50288\" srcset=\"https:\/\/www.weber-fag.de\/wordpress\/wp-content\/uploads\/2021\/11\/2111_FAG-Kiel_0067.jpg 920w, https:\/\/www.weber-fag.de\/wordpress\/wp-content\/uploads\/2021\/11\/2111_FAG-Kiel_0067-300x200.jpg 300w, https:\/\/www.weber-fag.de\/wordpress\/wp-content\/uploads\/2021\/11\/2111_FAG-Kiel_0067-768x512.jpg 768w\" sizes=\"auto, (max-width: 920px) 100vw, 920px\" \/><\/figure><\/li><li class=\"blocks-gallery-item\"><figure><img loading=\"lazy\" decoding=\"async\" width=\"920\" height=\"613\" src=\"https:\/\/www.weber-fag.de\/wordpress\/wp-content\/uploads\/2021\/11\/2111_FAG-Kiel_0069.jpg\" alt=\"\" data-id=\"50289\" data-full-url=\"https:\/\/www.weber-fag.de\/wordpress\/wp-content\/uploads\/2021\/11\/2111_FAG-Kiel_0069.jpg\" data-link=\"https:\/\/www.weber-fag.de\/wordpress\/?attachment_id=50289\" class=\"wp-image-50289\" srcset=\"https:\/\/www.weber-fag.de\/wordpress\/wp-content\/uploads\/2021\/11\/2111_FAG-Kiel_0069.jpg 920w, https:\/\/www.weber-fag.de\/wordpress\/wp-content\/uploads\/2021\/11\/2111_FAG-Kiel_0069-300x200.jpg 300w, https:\/\/www.weber-fag.de\/wordpress\/wp-content\/uploads\/2021\/11\/2111_FAG-Kiel_0069-768x512.jpg 768w\" sizes=\"auto, (max-width: 920px) 100vw, 920px\" \/><\/figure><\/li><li class=\"blocks-gallery-item\"><figure><img loading=\"lazy\" decoding=\"async\" width=\"920\" height=\"613\" src=\"https:\/\/www.weber-fag.de\/wordpress\/wp-content\/uploads\/2021\/11\/2111_FAG-Kiel_0070.jpg\" alt=\"\" data-id=\"50290\" data-full-url=\"https:\/\/www.weber-fag.de\/wordpress\/wp-content\/uploads\/2021\/11\/2111_FAG-Kiel_0070.jpg\" data-link=\"https:\/\/www.weber-fag.de\/wordpress\/?attachment_id=50290\" class=\"wp-image-50290\" srcset=\"https:\/\/www.weber-fag.de\/wordpress\/wp-content\/uploads\/2021\/11\/2111_FAG-Kiel_0070.jpg 920w, https:\/\/www.weber-fag.de\/wordpress\/wp-content\/uploads\/2021\/11\/2111_FAG-Kiel_0070-300x200.jpg 300w, https:\/\/www.weber-fag.de\/wordpress\/wp-content\/uploads\/2021\/11\/2111_FAG-Kiel_0070-768x512.jpg 768w\" sizes=\"auto, (max-width: 920px) 100vw, 920px\" \/><\/figure><\/li><li class=\"blocks-gallery-item\"><figure><img loading=\"lazy\" decoding=\"async\" width=\"920\" height=\"613\" src=\"https:\/\/www.weber-fag.de\/wordpress\/wp-content\/uploads\/2021\/11\/2111_FAG-Kiel_0073.jpg\" alt=\"\" data-id=\"50291\" data-full-url=\"https:\/\/www.weber-fag.de\/wordpress\/wp-content\/uploads\/2021\/11\/2111_FAG-Kiel_0073.jpg\" data-link=\"https:\/\/www.weber-fag.de\/wordpress\/?attachment_id=50291\" class=\"wp-image-50291\" srcset=\"https:\/\/www.weber-fag.de\/wordpress\/wp-content\/uploads\/2021\/11\/2111_FAG-Kiel_0073.jpg 920w, https:\/\/www.weber-fag.de\/wordpress\/wp-content\/uploads\/2021\/11\/2111_FAG-Kiel_0073-300x200.jpg 300w, https:\/\/www.weber-fag.de\/wordpress\/wp-content\/uploads\/2021\/11\/2111_FAG-Kiel_0073-768x512.jpg 768w\" sizes=\"auto, (max-width: 920px) 100vw, 920px\" \/><figcaption class=\"blocks-gallery-item__caption\">Jon Lindenchrone Andersen (FAG)<\/figcaption><\/figure><\/li><li class=\"blocks-gallery-item\"><figure><img loading=\"lazy\" decoding=\"async\" width=\"920\" height=\"613\" src=\"https:\/\/www.weber-fag.de\/wordpress\/wp-content\/uploads\/2021\/11\/2111_FAG-Kiel_0076.jpg\" alt=\"\" data-id=\"50292\" data-full-url=\"https:\/\/www.weber-fag.de\/wordpress\/wp-content\/uploads\/2021\/11\/2111_FAG-Kiel_0076.jpg\" data-link=\"https:\/\/www.weber-fag.de\/wordpress\/?attachment_id=50292\" class=\"wp-image-50292\" srcset=\"https:\/\/www.weber-fag.de\/wordpress\/wp-content\/uploads\/2021\/11\/2111_FAG-Kiel_0076.jpg 920w, https:\/\/www.weber-fag.de\/wordpress\/wp-content\/uploads\/2021\/11\/2111_FAG-Kiel_0076-300x200.jpg 300w, https:\/\/www.weber-fag.de\/wordpress\/wp-content\/uploads\/2021\/11\/2111_FAG-Kiel_0076-768x512.jpg 768w\" sizes=\"auto, (max-width: 920px) 100vw, 920px\" \/><figcaption class=\"blocks-gallery-item__caption\">Jon Lindenchrone Andersen (FAG)<\/figcaption><\/figure><\/li><li class=\"blocks-gallery-item\"><figure><img loading=\"lazy\" decoding=\"async\" width=\"920\" height=\"613\" src=\"https:\/\/www.weber-fag.de\/wordpress\/wp-content\/uploads\/2021\/11\/2111_FAG-Kiel_0077.jpg\" alt=\"\" data-id=\"50293\" data-full-url=\"https:\/\/www.weber-fag.de\/wordpress\/wp-content\/uploads\/2021\/11\/2111_FAG-Kiel_0077.jpg\" data-link=\"https:\/\/www.weber-fag.de\/wordpress\/?attachment_id=50293\" class=\"wp-image-50293\" srcset=\"https:\/\/www.weber-fag.de\/wordpress\/wp-content\/uploads\/2021\/11\/2111_FAG-Kiel_0077.jpg 920w, https:\/\/www.weber-fag.de\/wordpress\/wp-content\/uploads\/2021\/11\/2111_FAG-Kiel_0077-300x200.jpg 300w, https:\/\/www.weber-fag.de\/wordpress\/wp-content\/uploads\/2021\/11\/2111_FAG-Kiel_0077-768x512.jpg 768w\" sizes=\"auto, (max-width: 920px) 100vw, 920px\" \/><figcaption class=\"blocks-gallery-item__caption\">Jacob Bagersted (FAG)<\/figcaption><\/figure><\/li><li class=\"blocks-gallery-item\"><figure><img loading=\"lazy\" decoding=\"async\" width=\"920\" height=\"613\" src=\"https:\/\/www.weber-fag.de\/wordpress\/wp-content\/uploads\/2021\/11\/2111_FAG-Kiel_0080.jpg\" alt=\"\" data-id=\"50294\" data-full-url=\"https:\/\/www.weber-fag.de\/wordpress\/wp-content\/uploads\/2021\/11\/2111_FAG-Kiel_0080.jpg\" data-link=\"https:\/\/www.weber-fag.de\/wordpress\/?attachment_id=50294\" class=\"wp-image-50294\" srcset=\"https:\/\/www.weber-fag.de\/wordpress\/wp-content\/uploads\/2021\/11\/2111_FAG-Kiel_0080.jpg 920w, https:\/\/www.weber-fag.de\/wordpress\/wp-content\/uploads\/2021\/11\/2111_FAG-Kiel_0080-300x200.jpg 300w, https:\/\/www.weber-fag.de\/wordpress\/wp-content\/uploads\/2021\/11\/2111_FAG-Kiel_0080-768x512.jpg 768w\" sizes=\"auto, (max-width: 920px) 100vw, 920px\" \/><figcaption class=\"blocks-gallery-item__caption\">Jacob Bagersted (FAG)<\/figcaption><\/figure><\/li><li class=\"blocks-gallery-item\"><figure><img loading=\"lazy\" decoding=\"async\" width=\"920\" height=\"613\" src=\"https:\/\/www.weber-fag.de\/wordpress\/wp-content\/uploads\/2021\/11\/2111_FAG-Kiel_0083.jpg\" alt=\"\" data-id=\"50295\" data-full-url=\"https:\/\/www.weber-fag.de\/wordpress\/wp-content\/uploads\/2021\/11\/2111_FAG-Kiel_0083.jpg\" data-link=\"https:\/\/www.weber-fag.de\/wordpress\/?attachment_id=50295\" class=\"wp-image-50295\" srcset=\"https:\/\/www.weber-fag.de\/wordpress\/wp-content\/uploads\/2021\/11\/2111_FAG-Kiel_0083.jpg 920w, https:\/\/www.weber-fag.de\/wordpress\/wp-content\/uploads\/2021\/11\/2111_FAG-Kiel_0083-300x200.jpg 300w, https:\/\/www.weber-fag.de\/wordpress\/wp-content\/uploads\/2021\/11\/2111_FAG-Kiel_0083-768x512.jpg 768w\" sizes=\"auto, (max-width: 920px) 100vw, 920px\" \/><\/figure><\/li><li class=\"blocks-gallery-item\"><figure><img loading=\"lazy\" decoding=\"async\" width=\"920\" height=\"613\" src=\"https:\/\/www.weber-fag.de\/wordpress\/wp-content\/uploads\/2021\/11\/2111_FAG-Kiel_0085.jpg\" alt=\"\" data-id=\"50296\" data-full-url=\"https:\/\/www.weber-fag.de\/wordpress\/wp-content\/uploads\/2021\/11\/2111_FAG-Kiel_0085.jpg\" data-link=\"https:\/\/www.weber-fag.de\/wordpress\/?attachment_id=50296\" class=\"wp-image-50296\" srcset=\"https:\/\/www.weber-fag.de\/wordpress\/wp-content\/uploads\/2021\/11\/2111_FAG-Kiel_0085.jpg 920w, https:\/\/www.weber-fag.de\/wordpress\/wp-content\/uploads\/2021\/11\/2111_FAG-Kiel_0085-300x200.jpg 300w, https:\/\/www.weber-fag.de\/wordpress\/wp-content\/uploads\/2021\/11\/2111_FAG-Kiel_0085-768x512.jpg 768w\" sizes=\"auto, (max-width: 920px) 100vw, 920px\" \/><figcaption class=\"blocks-gallery-item__caption\">Marcel Schiller (FAG)<\/figcaption><\/figure><\/li><li class=\"blocks-gallery-item\"><figure><img loading=\"lazy\" decoding=\"async\" width=\"920\" height=\"613\" src=\"https:\/\/www.weber-fag.de\/wordpress\/wp-content\/uploads\/2021\/11\/2111_FAG-Kiel_0087.jpg\" alt=\"\" data-id=\"50297\" data-full-url=\"https:\/\/www.weber-fag.de\/wordpress\/wp-content\/uploads\/2021\/11\/2111_FAG-Kiel_0087.jpg\" data-link=\"https:\/\/www.weber-fag.de\/wordpress\/?attachment_id=50297\" class=\"wp-image-50297\" srcset=\"https:\/\/www.weber-fag.de\/wordpress\/wp-content\/uploads\/2021\/11\/2111_FAG-Kiel_0087.jpg 920w, https:\/\/www.weber-fag.de\/wordpress\/wp-content\/uploads\/2021\/11\/2111_FAG-Kiel_0087-300x200.jpg 300w, https:\/\/www.weber-fag.de\/wordpress\/wp-content\/uploads\/2021\/11\/2111_FAG-Kiel_0087-768x512.jpg 768w\" sizes=\"auto, (max-width: 920px) 100vw, 920px\" \/><\/figure><\/li><li class=\"blocks-gallery-item\"><figure><img loading=\"lazy\" decoding=\"async\" width=\"920\" height=\"613\" src=\"https:\/\/www.weber-fag.de\/wordpress\/wp-content\/uploads\/2021\/11\/2111_FAG-Kiel_0091.jpg\" alt=\"\" data-id=\"50298\" data-full-url=\"https:\/\/www.weber-fag.de\/wordpress\/wp-content\/uploads\/2021\/11\/2111_FAG-Kiel_0091.jpg\" data-link=\"https:\/\/www.weber-fag.de\/wordpress\/?attachment_id=50298\" class=\"wp-image-50298\" srcset=\"https:\/\/www.weber-fag.de\/wordpress\/wp-content\/uploads\/2021\/11\/2111_FAG-Kiel_0091.jpg 920w, https:\/\/www.weber-fag.de\/wordpress\/wp-content\/uploads\/2021\/11\/2111_FAG-Kiel_0091-300x200.jpg 300w, https:\/\/www.weber-fag.de\/wordpress\/wp-content\/uploads\/2021\/11\/2111_FAG-Kiel_0091-768x512.jpg 768w\" sizes=\"auto, (max-width: 920px) 100vw, 920px\" \/><\/figure><\/li><li class=\"blocks-gallery-item\"><figure><img loading=\"lazy\" decoding=\"async\" width=\"920\" height=\"613\" src=\"https:\/\/www.weber-fag.de\/wordpress\/wp-content\/uploads\/2021\/11\/2111_FAG-Kiel_0096.jpg\" alt=\"\" data-id=\"50299\" data-full-url=\"https:\/\/www.weber-fag.de\/wordpress\/wp-content\/uploads\/2021\/11\/2111_FAG-Kiel_0096.jpg\" data-link=\"https:\/\/www.weber-fag.de\/wordpress\/?attachment_id=50299\" class=\"wp-image-50299\" srcset=\"https:\/\/www.weber-fag.de\/wordpress\/wp-content\/uploads\/2021\/11\/2111_FAG-Kiel_0096.jpg 920w, https:\/\/www.weber-fag.de\/wordpress\/wp-content\/uploads\/2021\/11\/2111_FAG-Kiel_0096-300x200.jpg 300w, https:\/\/www.weber-fag.de\/wordpress\/wp-content\/uploads\/2021\/11\/2111_FAG-Kiel_0096-768x512.jpg 768w\" sizes=\"auto, (max-width: 920px) 100vw, 920px\" \/><figcaption class=\"blocks-gallery-item__caption\">Trainer Hartmut Mayerhoffer (FAG)<\/figcaption><\/figure><\/li><li class=\"blocks-gallery-item\"><figure><img loading=\"lazy\" decoding=\"async\" width=\"920\" height=\"613\" src=\"https:\/\/www.weber-fag.de\/wordpress\/wp-content\/uploads\/2021\/11\/2111_FAG-Kiel_0097.jpg\" alt=\"\" data-id=\"50300\" data-full-url=\"https:\/\/www.weber-fag.de\/wordpress\/wp-content\/uploads\/2021\/11\/2111_FAG-Kiel_0097.jpg\" data-link=\"https:\/\/www.weber-fag.de\/wordpress\/?attachment_id=50300\" class=\"wp-image-50300\" srcset=\"https:\/\/www.weber-fag.de\/wordpress\/wp-content\/uploads\/2021\/11\/2111_FAG-Kiel_0097.jpg 920w, https:\/\/www.weber-fag.de\/wordpress\/wp-content\/uploads\/2021\/11\/2111_FAG-Kiel_0097-300x200.jpg 300w, https:\/\/www.weber-fag.de\/wordpress\/wp-content\/uploads\/2021\/11\/2111_FAG-Kiel_0097-768x512.jpg 768w\" sizes=\"auto, (max-width: 920px) 100vw, 920px\" \/><\/figure><\/li><li class=\"blocks-gallery-item\"><figure><img loading=\"lazy\" decoding=\"async\" width=\"920\" height=\"613\" src=\"https:\/\/www.weber-fag.de\/wordpress\/wp-content\/uploads\/2021\/11\/2111_FAG-Kiel_0101.jpg\" alt=\"\" data-id=\"50301\" data-full-url=\"https:\/\/www.weber-fag.de\/wordpress\/wp-content\/uploads\/2021\/11\/2111_FAG-Kiel_0101.jpg\" data-link=\"https:\/\/www.weber-fag.de\/wordpress\/?attachment_id=50301\" class=\"wp-image-50301\" srcset=\"https:\/\/www.weber-fag.de\/wordpress\/wp-content\/uploads\/2021\/11\/2111_FAG-Kiel_0101.jpg 920w, https:\/\/www.weber-fag.de\/wordpress\/wp-content\/uploads\/2021\/11\/2111_FAG-Kiel_0101-300x200.jpg 300w, https:\/\/www.weber-fag.de\/wordpress\/wp-content\/uploads\/2021\/11\/2111_FAG-Kiel_0101-768x512.jpg 768w\" sizes=\"auto, (max-width: 920px) 100vw, 920px\" \/><\/figure><\/li><li class=\"blocks-gallery-item\"><figure><img loading=\"lazy\" decoding=\"async\" width=\"920\" height=\"613\" src=\"https:\/\/www.weber-fag.de\/wordpress\/wp-content\/uploads\/2021\/11\/2111_FAG-Kiel_0104.jpg\" alt=\"\" data-id=\"50302\" data-full-url=\"https:\/\/www.weber-fag.de\/wordpress\/wp-content\/uploads\/2021\/11\/2111_FAG-Kiel_0104.jpg\" data-link=\"https:\/\/www.weber-fag.de\/wordpress\/?attachment_id=50302\" class=\"wp-image-50302\" srcset=\"https:\/\/www.weber-fag.de\/wordpress\/wp-content\/uploads\/2021\/11\/2111_FAG-Kiel_0104.jpg 920w, https:\/\/www.weber-fag.de\/wordpress\/wp-content\/uploads\/2021\/11\/2111_FAG-Kiel_0104-300x200.jpg 300w, https:\/\/www.weber-fag.de\/wordpress\/wp-content\/uploads\/2021\/11\/2111_FAG-Kiel_0104-768x512.jpg 768w\" sizes=\"auto, (max-width: 920px) 100vw, 920px\" \/><\/figure><\/li><li class=\"blocks-gallery-item\"><figure><img loading=\"lazy\" decoding=\"async\" width=\"920\" height=\"613\" src=\"https:\/\/www.weber-fag.de\/wordpress\/wp-content\/uploads\/2021\/11\/2111_FAG-Kiel_0108.jpg\" alt=\"\" data-id=\"50303\" data-full-url=\"https:\/\/www.weber-fag.de\/wordpress\/wp-content\/uploads\/2021\/11\/2111_FAG-Kiel_0108.jpg\" data-link=\"https:\/\/www.weber-fag.de\/wordpress\/?attachment_id=50303\" class=\"wp-image-50303\" srcset=\"https:\/\/www.weber-fag.de\/wordpress\/wp-content\/uploads\/2021\/11\/2111_FAG-Kiel_0108.jpg 920w, https:\/\/www.weber-fag.de\/wordpress\/wp-content\/uploads\/2021\/11\/2111_FAG-Kiel_0108-300x200.jpg 300w, https:\/\/www.weber-fag.de\/wordpress\/wp-content\/uploads\/2021\/11\/2111_FAG-Kiel_0108-768x512.jpg 768w\" sizes=\"auto, (max-width: 920px) 100vw, 920px\" \/><\/figure><\/li><li class=\"blocks-gallery-item\"><figure><img loading=\"lazy\" decoding=\"async\" width=\"920\" height=\"613\" src=\"https:\/\/www.weber-fag.de\/wordpress\/wp-content\/uploads\/2021\/11\/2111_FAG-Kiel_0110.jpg\" alt=\"\" data-id=\"50304\" data-full-url=\"https:\/\/www.weber-fag.de\/wordpress\/wp-content\/uploads\/2021\/11\/2111_FAG-Kiel_0110.jpg\" data-link=\"https:\/\/www.weber-fag.de\/wordpress\/?attachment_id=50304\" class=\"wp-image-50304\" srcset=\"https:\/\/www.weber-fag.de\/wordpress\/wp-content\/uploads\/2021\/11\/2111_FAG-Kiel_0110.jpg 920w, https:\/\/www.weber-fag.de\/wordpress\/wp-content\/uploads\/2021\/11\/2111_FAG-Kiel_0110-300x200.jpg 300w, https:\/\/www.weber-fag.de\/wordpress\/wp-content\/uploads\/2021\/11\/2111_FAG-Kiel_0110-768x512.jpg 768w\" sizes=\"auto, (max-width: 920px) 100vw, 920px\" \/><\/figure><\/li><li class=\"blocks-gallery-item\"><figure><img loading=\"lazy\" decoding=\"async\" width=\"920\" height=\"613\" src=\"https:\/\/www.weber-fag.de\/wordpress\/wp-content\/uploads\/2021\/11\/2111_FAG-Kiel_0112.jpg\" alt=\"\" data-id=\"50305\" data-full-url=\"https:\/\/www.weber-fag.de\/wordpress\/wp-content\/uploads\/2021\/11\/2111_FAG-Kiel_0112.jpg\" data-link=\"https:\/\/www.weber-fag.de\/wordpress\/?attachment_id=50305\" class=\"wp-image-50305\" srcset=\"https:\/\/www.weber-fag.de\/wordpress\/wp-content\/uploads\/2021\/11\/2111_FAG-Kiel_0112.jpg 920w, https:\/\/www.weber-fag.de\/wordpress\/wp-content\/uploads\/2021\/11\/2111_FAG-Kiel_0112-300x200.jpg 300w, https:\/\/www.weber-fag.de\/wordpress\/wp-content\/uploads\/2021\/11\/2111_FAG-Kiel_0112-768x512.jpg 768w\" sizes=\"auto, (max-width: 920px) 100vw, 920px\" \/><\/figure><\/li><li class=\"blocks-gallery-item\"><figure><img loading=\"lazy\" decoding=\"async\" width=\"920\" height=\"613\" src=\"https:\/\/www.weber-fag.de\/wordpress\/wp-content\/uploads\/2021\/11\/2111_FAG-Kiel_0117.jpg\" alt=\"\" data-id=\"50306\" data-full-url=\"https:\/\/www.weber-fag.de\/wordpress\/wp-content\/uploads\/2021\/11\/2111_FAG-Kiel_0117.jpg\" data-link=\"https:\/\/www.weber-fag.de\/wordpress\/?attachment_id=50306\" class=\"wp-image-50306\" srcset=\"https:\/\/www.weber-fag.de\/wordpress\/wp-content\/uploads\/2021\/11\/2111_FAG-Kiel_0117.jpg 920w, https:\/\/www.weber-fag.de\/wordpress\/wp-content\/uploads\/2021\/11\/2111_FAG-Kiel_0117-300x200.jpg 300w, https:\/\/www.weber-fag.de\/wordpress\/wp-content\/uploads\/2021\/11\/2111_FAG-Kiel_0117-768x512.jpg 768w\" sizes=\"auto, (max-width: 920px) 100vw, 920px\" \/><\/figure><\/li><li class=\"blocks-gallery-item\"><figure><img loading=\"lazy\" decoding=\"async\" width=\"920\" height=\"613\" src=\"https:\/\/www.weber-fag.de\/wordpress\/wp-content\/uploads\/2021\/11\/2111_FAG-Kiel_0120.jpg\" alt=\"\" data-id=\"50307\" data-full-url=\"https:\/\/www.weber-fag.de\/wordpress\/wp-content\/uploads\/2021\/11\/2111_FAG-Kiel_0120.jpg\" data-link=\"https:\/\/www.weber-fag.de\/wordpress\/?attachment_id=50307\" class=\"wp-image-50307\" srcset=\"https:\/\/www.weber-fag.de\/wordpress\/wp-content\/uploads\/2021\/11\/2111_FAG-Kiel_0120.jpg 920w, https:\/\/www.weber-fag.de\/wordpress\/wp-content\/uploads\/2021\/11\/2111_FAG-Kiel_0120-300x200.jpg 300w, https:\/\/www.weber-fag.de\/wordpress\/wp-content\/uploads\/2021\/11\/2111_FAG-Kiel_0120-768x512.jpg 768w\" sizes=\"auto, (max-width: 920px) 100vw, 920px\" \/><figcaption class=\"blocks-gallery-item__caption\">Daniel Rebmann (FAG)<\/figcaption><\/figure><\/li><li class=\"blocks-gallery-item\"><figure><img loading=\"lazy\" decoding=\"async\" width=\"920\" height=\"613\" src=\"https:\/\/www.weber-fag.de\/wordpress\/wp-content\/uploads\/2021\/11\/2111_FAG-Kiel_0124.jpg\" alt=\"\" data-id=\"50308\" data-full-url=\"https:\/\/www.weber-fag.de\/wordpress\/wp-content\/uploads\/2021\/11\/2111_FAG-Kiel_0124.jpg\" data-link=\"https:\/\/www.weber-fag.de\/wordpress\/?attachment_id=50308\" class=\"wp-image-50308\" srcset=\"https:\/\/www.weber-fag.de\/wordpress\/wp-content\/uploads\/2021\/11\/2111_FAG-Kiel_0124.jpg 920w, https:\/\/www.weber-fag.de\/wordpress\/wp-content\/uploads\/2021\/11\/2111_FAG-Kiel_0124-300x200.jpg 300w, https:\/\/www.weber-fag.de\/wordpress\/wp-content\/uploads\/2021\/11\/2111_FAG-Kiel_0124-768x512.jpg 768w\" sizes=\"auto, (max-width: 920px) 100vw, 920px\" \/><\/figure><\/li><li class=\"blocks-gallery-item\"><figure><img loading=\"lazy\" decoding=\"async\" width=\"920\" height=\"613\" src=\"https:\/\/www.weber-fag.de\/wordpress\/wp-content\/uploads\/2021\/11\/2111_FAG-Kiel_0127.jpg\" alt=\"\" data-id=\"50309\" data-full-url=\"https:\/\/www.weber-fag.de\/wordpress\/wp-content\/uploads\/2021\/11\/2111_FAG-Kiel_0127.jpg\" data-link=\"https:\/\/www.weber-fag.de\/wordpress\/?attachment_id=50309\" class=\"wp-image-50309\" srcset=\"https:\/\/www.weber-fag.de\/wordpress\/wp-content\/uploads\/2021\/11\/2111_FAG-Kiel_0127.jpg 920w, https:\/\/www.weber-fag.de\/wordpress\/wp-content\/uploads\/2021\/11\/2111_FAG-Kiel_0127-300x200.jpg 300w, https:\/\/www.weber-fag.de\/wordpress\/wp-content\/uploads\/2021\/11\/2111_FAG-Kiel_0127-768x512.jpg 768w\" sizes=\"auto, (max-width: 920px) 100vw, 920px\" \/><figcaption class=\"blocks-gallery-item__caption\">Kevin Gulliksen (FAG)<\/figcaption><\/figure><\/li><li class=\"blocks-gallery-item\"><figure><img loading=\"lazy\" decoding=\"async\" width=\"920\" height=\"613\" src=\"https:\/\/www.weber-fag.de\/wordpress\/wp-content\/uploads\/2021\/11\/2111_FAG-Kiel_0128.jpg\" alt=\"\" data-id=\"50310\" data-full-url=\"https:\/\/www.weber-fag.de\/wordpress\/wp-content\/uploads\/2021\/11\/2111_FAG-Kiel_0128.jpg\" data-link=\"https:\/\/www.weber-fag.de\/wordpress\/?attachment_id=50310\" class=\"wp-image-50310\" srcset=\"https:\/\/www.weber-fag.de\/wordpress\/wp-content\/uploads\/2021\/11\/2111_FAG-Kiel_0128.jpg 920w, https:\/\/www.weber-fag.de\/wordpress\/wp-content\/uploads\/2021\/11\/2111_FAG-Kiel_0128-300x200.jpg 300w, https:\/\/www.weber-fag.de\/wordpress\/wp-content\/uploads\/2021\/11\/2111_FAG-Kiel_0128-768x512.jpg 768w\" sizes=\"auto, (max-width: 920px) 100vw, 920px\" \/><\/figure><\/li><li class=\"blocks-gallery-item\"><figure><img loading=\"lazy\" decoding=\"async\" width=\"920\" height=\"613\" src=\"https:\/\/www.weber-fag.de\/wordpress\/wp-content\/uploads\/2021\/11\/2111_FAG-Kiel_0131.jpg\" alt=\"\" data-id=\"50311\" data-full-url=\"https:\/\/www.weber-fag.de\/wordpress\/wp-content\/uploads\/2021\/11\/2111_FAG-Kiel_0131.jpg\" data-link=\"https:\/\/www.weber-fag.de\/wordpress\/?attachment_id=50311\" class=\"wp-image-50311\" srcset=\"https:\/\/www.weber-fag.de\/wordpress\/wp-content\/uploads\/2021\/11\/2111_FAG-Kiel_0131.jpg 920w, https:\/\/www.weber-fag.de\/wordpress\/wp-content\/uploads\/2021\/11\/2111_FAG-Kiel_0131-300x200.jpg 300w, https:\/\/www.weber-fag.de\/wordpress\/wp-content\/uploads\/2021\/11\/2111_FAG-Kiel_0131-768x512.jpg 768w\" sizes=\"auto, (max-width: 920px) 100vw, 920px\" \/><\/figure><\/li><li class=\"blocks-gallery-item\"><figure><img loading=\"lazy\" decoding=\"async\" width=\"920\" height=\"613\" src=\"https:\/\/www.weber-fag.de\/wordpress\/wp-content\/uploads\/2021\/11\/2111_FAG-Kiel_0138.jpg\" alt=\"\" data-id=\"50312\" data-full-url=\"https:\/\/www.weber-fag.de\/wordpress\/wp-content\/uploads\/2021\/11\/2111_FAG-Kiel_0138.jpg\" data-link=\"https:\/\/www.weber-fag.de\/wordpress\/?attachment_id=50312\" class=\"wp-image-50312\" srcset=\"https:\/\/www.weber-fag.de\/wordpress\/wp-content\/uploads\/2021\/11\/2111_FAG-Kiel_0138.jpg 920w, https:\/\/www.weber-fag.de\/wordpress\/wp-content\/uploads\/2021\/11\/2111_FAG-Kiel_0138-300x200.jpg 300w, https:\/\/www.weber-fag.de\/wordpress\/wp-content\/uploads\/2021\/11\/2111_FAG-Kiel_0138-768x512.jpg 768w\" sizes=\"auto, (max-width: 920px) 100vw, 920px\" \/><\/figure><\/li><li class=\"blocks-gallery-item\"><figure><img loading=\"lazy\" decoding=\"async\" width=\"920\" height=\"613\" src=\"https:\/\/www.weber-fag.de\/wordpress\/wp-content\/uploads\/2021\/11\/2111_FAG-Kiel_0140.jpg\" alt=\"\" data-id=\"50313\" data-full-url=\"https:\/\/www.weber-fag.de\/wordpress\/wp-content\/uploads\/2021\/11\/2111_FAG-Kiel_0140.jpg\" data-link=\"https:\/\/www.weber-fag.de\/wordpress\/?attachment_id=50313\" class=\"wp-image-50313\" srcset=\"https:\/\/www.weber-fag.de\/wordpress\/wp-content\/uploads\/2021\/11\/2111_FAG-Kiel_0140.jpg 920w, https:\/\/www.weber-fag.de\/wordpress\/wp-content\/uploads\/2021\/11\/2111_FAG-Kiel_0140-300x200.jpg 300w, https:\/\/www.weber-fag.de\/wordpress\/wp-content\/uploads\/2021\/11\/2111_FAG-Kiel_0140-768x512.jpg 768w\" sizes=\"auto, (max-width: 920px) 100vw, 920px\" \/><figcaption class=\"blocks-gallery-item__caption\">Till Hermann (FAG)<\/figcaption><\/figure><\/li><li class=\"blocks-gallery-item\"><figure><img loading=\"lazy\" decoding=\"async\" width=\"920\" height=\"613\" src=\"https:\/\/www.weber-fag.de\/wordpress\/wp-content\/uploads\/2021\/11\/2111_FAG-Kiel_0142.jpg\" alt=\"\" data-id=\"50314\" data-full-url=\"https:\/\/www.weber-fag.de\/wordpress\/wp-content\/uploads\/2021\/11\/2111_FAG-Kiel_0142.jpg\" data-link=\"https:\/\/www.weber-fag.de\/wordpress\/?attachment_id=50314\" class=\"wp-image-50314\" srcset=\"https:\/\/www.weber-fag.de\/wordpress\/wp-content\/uploads\/2021\/11\/2111_FAG-Kiel_0142.jpg 920w, https:\/\/www.weber-fag.de\/wordpress\/wp-content\/uploads\/2021\/11\/2111_FAG-Kiel_0142-300x200.jpg 300w, https:\/\/www.weber-fag.de\/wordpress\/wp-content\/uploads\/2021\/11\/2111_FAG-Kiel_0142-768x512.jpg 768w\" sizes=\"auto, (max-width: 920px) 100vw, 920px\" \/><\/figure><\/li><li class=\"blocks-gallery-item\"><figure><img loading=\"lazy\" decoding=\"async\" width=\"920\" height=\"613\" src=\"https:\/\/www.weber-fag.de\/wordpress\/wp-content\/uploads\/2021\/11\/2111_FAG-Kiel_0145.jpg\" alt=\"\" data-id=\"50315\" data-full-url=\"https:\/\/www.weber-fag.de\/wordpress\/wp-content\/uploads\/2021\/11\/2111_FAG-Kiel_0145.jpg\" data-link=\"https:\/\/www.weber-fag.de\/wordpress\/?attachment_id=50315\" class=\"wp-image-50315\" srcset=\"https:\/\/www.weber-fag.de\/wordpress\/wp-content\/uploads\/2021\/11\/2111_FAG-Kiel_0145.jpg 920w, https:\/\/www.weber-fag.de\/wordpress\/wp-content\/uploads\/2021\/11\/2111_FAG-Kiel_0145-300x200.jpg 300w, https:\/\/www.weber-fag.de\/wordpress\/wp-content\/uploads\/2021\/11\/2111_FAG-Kiel_0145-768x512.jpg 768w\" sizes=\"auto, (max-width: 920px) 100vw, 920px\" \/><\/figure><\/li><li class=\"blocks-gallery-item\"><figure><img loading=\"lazy\" decoding=\"async\" width=\"920\" height=\"613\" src=\"https:\/\/www.weber-fag.de\/wordpress\/wp-content\/uploads\/2021\/11\/2111_FAG-Kiel_0147.jpg\" alt=\"\" data-id=\"50316\" data-full-url=\"https:\/\/www.weber-fag.de\/wordpress\/wp-content\/uploads\/2021\/11\/2111_FAG-Kiel_0147.jpg\" data-link=\"https:\/\/www.weber-fag.de\/wordpress\/?attachment_id=50316\" class=\"wp-image-50316\" srcset=\"https:\/\/www.weber-fag.de\/wordpress\/wp-content\/uploads\/2021\/11\/2111_FAG-Kiel_0147.jpg 920w, https:\/\/www.weber-fag.de\/wordpress\/wp-content\/uploads\/2021\/11\/2111_FAG-Kiel_0147-300x200.jpg 300w, https:\/\/www.weber-fag.de\/wordpress\/wp-content\/uploads\/2021\/11\/2111_FAG-Kiel_0147-768x512.jpg 768w\" sizes=\"auto, (max-width: 920px) 100vw, 920px\" \/><figcaption class=\"blocks-gallery-item__caption\">Jon Lindenchrone Andersen (FAG)<\/figcaption><\/figure><\/li><li class=\"blocks-gallery-item\"><figure><img loading=\"lazy\" decoding=\"async\" width=\"920\" height=\"613\" src=\"https:\/\/www.weber-fag.de\/wordpress\/wp-content\/uploads\/2021\/11\/2111_FAG-Kiel_0151.jpg\" alt=\"\" data-id=\"50317\" data-full-url=\"https:\/\/www.weber-fag.de\/wordpress\/wp-content\/uploads\/2021\/11\/2111_FAG-Kiel_0151.jpg\" data-link=\"https:\/\/www.weber-fag.de\/wordpress\/?attachment_id=50317\" class=\"wp-image-50317\" srcset=\"https:\/\/www.weber-fag.de\/wordpress\/wp-content\/uploads\/2021\/11\/2111_FAG-Kiel_0151.jpg 920w, https:\/\/www.weber-fag.de\/wordpress\/wp-content\/uploads\/2021\/11\/2111_FAG-Kiel_0151-300x200.jpg 300w, https:\/\/www.weber-fag.de\/wordpress\/wp-content\/uploads\/2021\/11\/2111_FAG-Kiel_0151-768x512.jpg 768w\" sizes=\"auto, (max-width: 920px) 100vw, 920px\" \/><figcaption class=\"blocks-gallery-item__caption\">Jon Lindenchrone Andersen (FAG)<\/figcaption><\/figure><\/li><li class=\"blocks-gallery-item\"><figure><img loading=\"lazy\" decoding=\"async\" width=\"920\" height=\"613\" src=\"https:\/\/www.weber-fag.de\/wordpress\/wp-content\/uploads\/2021\/11\/2111_FAG-Kiel_0153.jpg\" alt=\"\" data-id=\"50318\" data-full-url=\"https:\/\/www.weber-fag.de\/wordpress\/wp-content\/uploads\/2021\/11\/2111_FAG-Kiel_0153.jpg\" data-link=\"https:\/\/www.weber-fag.de\/wordpress\/?attachment_id=50318\" class=\"wp-image-50318\" srcset=\"https:\/\/www.weber-fag.de\/wordpress\/wp-content\/uploads\/2021\/11\/2111_FAG-Kiel_0153.jpg 920w, https:\/\/www.weber-fag.de\/wordpress\/wp-content\/uploads\/2021\/11\/2111_FAG-Kiel_0153-300x200.jpg 300w, https:\/\/www.weber-fag.de\/wordpress\/wp-content\/uploads\/2021\/11\/2111_FAG-Kiel_0153-768x512.jpg 768w\" sizes=\"auto, (max-width: 920px) 100vw, 920px\" \/><figcaption class=\"blocks-gallery-item__caption\">Till Hermann (FAG)<\/figcaption><\/figure><\/li><li class=\"blocks-gallery-item\"><figure><img loading=\"lazy\" decoding=\"async\" width=\"920\" height=\"613\" src=\"https:\/\/www.weber-fag.de\/wordpress\/wp-content\/uploads\/2021\/11\/2111_FAG-Kiel_0155.jpg\" alt=\"\" data-id=\"50319\" data-full-url=\"https:\/\/www.weber-fag.de\/wordpress\/wp-content\/uploads\/2021\/11\/2111_FAG-Kiel_0155.jpg\" data-link=\"https:\/\/www.weber-fag.de\/wordpress\/?attachment_id=50319\" class=\"wp-image-50319\" srcset=\"https:\/\/www.weber-fag.de\/wordpress\/wp-content\/uploads\/2021\/11\/2111_FAG-Kiel_0155.jpg 920w, https:\/\/www.weber-fag.de\/wordpress\/wp-content\/uploads\/2021\/11\/2111_FAG-Kiel_0155-300x200.jpg 300w, https:\/\/www.weber-fag.de\/wordpress\/wp-content\/uploads\/2021\/11\/2111_FAG-Kiel_0155-768x512.jpg 768w\" sizes=\"auto, (max-width: 920px) 100vw, 920px\" \/><figcaption class=\"blocks-gallery-item__caption\">Till Hermann (FAG)<\/figcaption><\/figure><\/li><li class=\"blocks-gallery-item\"><figure><img loading=\"lazy\" decoding=\"async\" width=\"920\" height=\"613\" src=\"https:\/\/www.weber-fag.de\/wordpress\/wp-content\/uploads\/2021\/11\/2111_FAG-Kiel_0158.jpg\" alt=\"\" data-id=\"50320\" data-full-url=\"https:\/\/www.weber-fag.de\/wordpress\/wp-content\/uploads\/2021\/11\/2111_FAG-Kiel_0158.jpg\" data-link=\"https:\/\/www.weber-fag.de\/wordpress\/?attachment_id=50320\" class=\"wp-image-50320\" srcset=\"https:\/\/www.weber-fag.de\/wordpress\/wp-content\/uploads\/2021\/11\/2111_FAG-Kiel_0158.jpg 920w, https:\/\/www.weber-fag.de\/wordpress\/wp-content\/uploads\/2021\/11\/2111_FAG-Kiel_0158-300x200.jpg 300w, https:\/\/www.weber-fag.de\/wordpress\/wp-content\/uploads\/2021\/11\/2111_FAG-Kiel_0158-768x512.jpg 768w\" sizes=\"auto, (max-width: 920px) 100vw, 920px\" \/><figcaption class=\"blocks-gallery-item__caption\">Tobias Ellebaek (FAG)<\/figcaption><\/figure><\/li><li class=\"blocks-gallery-item\"><figure><img loading=\"lazy\" decoding=\"async\" width=\"920\" height=\"613\" src=\"https:\/\/www.weber-fag.de\/wordpress\/wp-content\/uploads\/2021\/11\/2111_FAG-Kiel_0161.jpg\" alt=\"\" data-id=\"50321\" data-full-url=\"https:\/\/www.weber-fag.de\/wordpress\/wp-content\/uploads\/2021\/11\/2111_FAG-Kiel_0161.jpg\" data-link=\"https:\/\/www.weber-fag.de\/wordpress\/?attachment_id=50321\" class=\"wp-image-50321\" srcset=\"https:\/\/www.weber-fag.de\/wordpress\/wp-content\/uploads\/2021\/11\/2111_FAG-Kiel_0161.jpg 920w, https:\/\/www.weber-fag.de\/wordpress\/wp-content\/uploads\/2021\/11\/2111_FAG-Kiel_0161-300x200.jpg 300w, https:\/\/www.weber-fag.de\/wordpress\/wp-content\/uploads\/2021\/11\/2111_FAG-Kiel_0161-768x512.jpg 768w\" sizes=\"auto, (max-width: 920px) 100vw, 920px\" \/><figcaption class=\"blocks-gallery-item__caption\">Tobias Ellebaek (FAG)<\/figcaption><\/figure><\/li><li class=\"blocks-gallery-item\"><figure><img loading=\"lazy\" decoding=\"async\" width=\"920\" height=\"613\" src=\"https:\/\/www.weber-fag.de\/wordpress\/wp-content\/uploads\/2021\/11\/2111_FAG-Kiel_0164.jpg\" alt=\"\" data-id=\"50322\" data-full-url=\"https:\/\/www.weber-fag.de\/wordpress\/wp-content\/uploads\/2021\/11\/2111_FAG-Kiel_0164.jpg\" data-link=\"https:\/\/www.weber-fag.de\/wordpress\/?attachment_id=50322\" class=\"wp-image-50322\" srcset=\"https:\/\/www.weber-fag.de\/wordpress\/wp-content\/uploads\/2021\/11\/2111_FAG-Kiel_0164.jpg 920w, https:\/\/www.weber-fag.de\/wordpress\/wp-content\/uploads\/2021\/11\/2111_FAG-Kiel_0164-300x200.jpg 300w, https:\/\/www.weber-fag.de\/wordpress\/wp-content\/uploads\/2021\/11\/2111_FAG-Kiel_0164-768x512.jpg 768w\" sizes=\"auto, (max-width: 920px) 100vw, 920px\" \/><figcaption class=\"blocks-gallery-item__caption\">Tobias Ellebaek (FAG)<\/figcaption><\/figure><\/li><li class=\"blocks-gallery-item\"><figure><img loading=\"lazy\" decoding=\"async\" width=\"920\" height=\"613\" src=\"https:\/\/www.weber-fag.de\/wordpress\/wp-content\/uploads\/2021\/11\/2111_FAG-Kiel_0170.jpg\" alt=\"\" data-id=\"50323\" data-full-url=\"https:\/\/www.weber-fag.de\/wordpress\/wp-content\/uploads\/2021\/11\/2111_FAG-Kiel_0170.jpg\" data-link=\"https:\/\/www.weber-fag.de\/wordpress\/?attachment_id=50323\" class=\"wp-image-50323\" srcset=\"https:\/\/www.weber-fag.de\/wordpress\/wp-content\/uploads\/2021\/11\/2111_FAG-Kiel_0170.jpg 920w, https:\/\/www.weber-fag.de\/wordpress\/wp-content\/uploads\/2021\/11\/2111_FAG-Kiel_0170-300x200.jpg 300w, https:\/\/www.weber-fag.de\/wordpress\/wp-content\/uploads\/2021\/11\/2111_FAG-Kiel_0170-768x512.jpg 768w\" sizes=\"auto, (max-width: 920px) 100vw, 920px\" \/><figcaption class=\"blocks-gallery-item__caption\">Jon Lindenchrone Andersen (FAG)<\/figcaption><\/figure><\/li><li class=\"blocks-gallery-item\"><figure><img loading=\"lazy\" decoding=\"async\" width=\"920\" height=\"613\" src=\"https:\/\/www.weber-fag.de\/wordpress\/wp-content\/uploads\/2021\/11\/2111_FAG-Kiel_0173.jpg\" alt=\"\" data-id=\"50324\" data-full-url=\"https:\/\/www.weber-fag.de\/wordpress\/wp-content\/uploads\/2021\/11\/2111_FAG-Kiel_0173.jpg\" data-link=\"https:\/\/www.weber-fag.de\/wordpress\/?attachment_id=50324\" class=\"wp-image-50324\" srcset=\"https:\/\/www.weber-fag.de\/wordpress\/wp-content\/uploads\/2021\/11\/2111_FAG-Kiel_0173.jpg 920w, https:\/\/www.weber-fag.de\/wordpress\/wp-content\/uploads\/2021\/11\/2111_FAG-Kiel_0173-300x200.jpg 300w, https:\/\/www.weber-fag.de\/wordpress\/wp-content\/uploads\/2021\/11\/2111_FAG-Kiel_0173-768x512.jpg 768w\" sizes=\"auto, (max-width: 920px) 100vw, 920px\" \/><figcaption class=\"blocks-gallery-item__caption\">Jon Lindenchrone Andersen (FAG)<\/figcaption><\/figure><\/li><li class=\"blocks-gallery-item\"><figure><img loading=\"lazy\" decoding=\"async\" width=\"920\" height=\"613\" src=\"https:\/\/www.weber-fag.de\/wordpress\/wp-content\/uploads\/2021\/11\/2111_FAG-Kiel_0176.jpg\" alt=\"\" data-id=\"50325\" data-full-url=\"https:\/\/www.weber-fag.de\/wordpress\/wp-content\/uploads\/2021\/11\/2111_FAG-Kiel_0176.jpg\" data-link=\"https:\/\/www.weber-fag.de\/wordpress\/?attachment_id=50325\" class=\"wp-image-50325\" srcset=\"https:\/\/www.weber-fag.de\/wordpress\/wp-content\/uploads\/2021\/11\/2111_FAG-Kiel_0176.jpg 920w, https:\/\/www.weber-fag.de\/wordpress\/wp-content\/uploads\/2021\/11\/2111_FAG-Kiel_0176-300x200.jpg 300w, https:\/\/www.weber-fag.de\/wordpress\/wp-content\/uploads\/2021\/11\/2111_FAG-Kiel_0176-768x512.jpg 768w\" sizes=\"auto, (max-width: 920px) 100vw, 920px\" \/><figcaption class=\"blocks-gallery-item__caption\">Jon Lindenchrone Andersen (FAG)<\/figcaption><\/figure><\/li><li class=\"blocks-gallery-item\"><figure><img loading=\"lazy\" decoding=\"async\" width=\"920\" height=\"613\" src=\"https:\/\/www.weber-fag.de\/wordpress\/wp-content\/uploads\/2021\/11\/2111_FAG-Kiel_0182.jpg\" alt=\"\" data-id=\"50326\" data-full-url=\"https:\/\/www.weber-fag.de\/wordpress\/wp-content\/uploads\/2021\/11\/2111_FAG-Kiel_0182.jpg\" data-link=\"https:\/\/www.weber-fag.de\/wordpress\/?attachment_id=50326\" class=\"wp-image-50326\" srcset=\"https:\/\/www.weber-fag.de\/wordpress\/wp-content\/uploads\/2021\/11\/2111_FAG-Kiel_0182.jpg 920w, https:\/\/www.weber-fag.de\/wordpress\/wp-content\/uploads\/2021\/11\/2111_FAG-Kiel_0182-300x200.jpg 300w, https:\/\/www.weber-fag.de\/wordpress\/wp-content\/uploads\/2021\/11\/2111_FAG-Kiel_0182-768x512.jpg 768w\" sizes=\"auto, (max-width: 920px) 100vw, 920px\" \/><figcaption class=\"blocks-gallery-item__caption\">Kresimir Kozina (FAG)<\/figcaption><\/figure><\/li><li class=\"blocks-gallery-item\"><figure><img loading=\"lazy\" decoding=\"async\" width=\"920\" height=\"613\" src=\"https:\/\/www.weber-fag.de\/wordpress\/wp-content\/uploads\/2021\/11\/2111_FAG-Kiel_0185.jpg\" alt=\"\" data-id=\"50327\" data-full-url=\"https:\/\/www.weber-fag.de\/wordpress\/wp-content\/uploads\/2021\/11\/2111_FAG-Kiel_0185.jpg\" data-link=\"https:\/\/www.weber-fag.de\/wordpress\/?attachment_id=50327\" class=\"wp-image-50327\" srcset=\"https:\/\/www.weber-fag.de\/wordpress\/wp-content\/uploads\/2021\/11\/2111_FAG-Kiel_0185.jpg 920w, https:\/\/www.weber-fag.de\/wordpress\/wp-content\/uploads\/2021\/11\/2111_FAG-Kiel_0185-300x200.jpg 300w, https:\/\/www.weber-fag.de\/wordpress\/wp-content\/uploads\/2021\/11\/2111_FAG-Kiel_0185-768x512.jpg 768w\" sizes=\"auto, (max-width: 920px) 100vw, 920px\" \/><figcaption class=\"blocks-gallery-item__caption\">Kresimir Kozina (FAG)<\/figcaption><\/figure><\/li><li class=\"blocks-gallery-item\"><figure><img loading=\"lazy\" decoding=\"async\" width=\"920\" height=\"613\" src=\"https:\/\/www.weber-fag.de\/wordpress\/wp-content\/uploads\/2021\/11\/2111_FAG-Kiel_0190.jpg\" alt=\"\" data-id=\"50328\" data-full-url=\"https:\/\/www.weber-fag.de\/wordpress\/wp-content\/uploads\/2021\/11\/2111_FAG-Kiel_0190.jpg\" data-link=\"https:\/\/www.weber-fag.de\/wordpress\/?attachment_id=50328\" class=\"wp-image-50328\" srcset=\"https:\/\/www.weber-fag.de\/wordpress\/wp-content\/uploads\/2021\/11\/2111_FAG-Kiel_0190.jpg 920w, https:\/\/www.weber-fag.de\/wordpress\/wp-content\/uploads\/2021\/11\/2111_FAG-Kiel_0190-300x200.jpg 300w, https:\/\/www.weber-fag.de\/wordpress\/wp-content\/uploads\/2021\/11\/2111_FAG-Kiel_0190-768x512.jpg 768w\" sizes=\"auto, (max-width: 920px) 100vw, 920px\" \/><figcaption class=\"blocks-gallery-item__caption\">Kresimir Kozina (FAG)<\/figcaption><\/figure><\/li><li class=\"blocks-gallery-item\"><figure><img loading=\"lazy\" decoding=\"async\" width=\"920\" height=\"613\" src=\"https:\/\/www.weber-fag.de\/wordpress\/wp-content\/uploads\/2021\/11\/2111_FAG-Kiel_0191.jpg\" alt=\"\" data-id=\"50329\" data-full-url=\"https:\/\/www.weber-fag.de\/wordpress\/wp-content\/uploads\/2021\/11\/2111_FAG-Kiel_0191.jpg\" data-link=\"https:\/\/www.weber-fag.de\/wordpress\/?attachment_id=50329\" class=\"wp-image-50329\" srcset=\"https:\/\/www.weber-fag.de\/wordpress\/wp-content\/uploads\/2021\/11\/2111_FAG-Kiel_0191.jpg 920w, https:\/\/www.weber-fag.de\/wordpress\/wp-content\/uploads\/2021\/11\/2111_FAG-Kiel_0191-300x200.jpg 300w, https:\/\/www.weber-fag.de\/wordpress\/wp-content\/uploads\/2021\/11\/2111_FAG-Kiel_0191-768x512.jpg 768w\" sizes=\"auto, (max-width: 920px) 100vw, 920px\" \/><\/figure><\/li><li class=\"blocks-gallery-item\"><figure><img loading=\"lazy\" decoding=\"async\" width=\"920\" height=\"613\" src=\"https:\/\/www.weber-fag.de\/wordpress\/wp-content\/uploads\/2021\/11\/2111_FAG-Kiel_0194.jpg\" alt=\"\" data-id=\"50330\" data-full-url=\"https:\/\/www.weber-fag.de\/wordpress\/wp-content\/uploads\/2021\/11\/2111_FAG-Kiel_0194.jpg\" data-link=\"https:\/\/www.weber-fag.de\/wordpress\/?attachment_id=50330\" class=\"wp-image-50330\" srcset=\"https:\/\/www.weber-fag.de\/wordpress\/wp-content\/uploads\/2021\/11\/2111_FAG-Kiel_0194.jpg 920w, https:\/\/www.weber-fag.de\/wordpress\/wp-content\/uploads\/2021\/11\/2111_FAG-Kiel_0194-300x200.jpg 300w, https:\/\/www.weber-fag.de\/wordpress\/wp-content\/uploads\/2021\/11\/2111_FAG-Kiel_0194-768x512.jpg 768w\" sizes=\"auto, (max-width: 920px) 100vw, 920px\" \/><figcaption class=\"blocks-gallery-item__caption\">Nemanja Zelenovic (FAG)<\/figcaption><\/figure><\/li><li class=\"blocks-gallery-item\"><figure><img loading=\"lazy\" decoding=\"async\" width=\"920\" height=\"613\" src=\"https:\/\/www.weber-fag.de\/wordpress\/wp-content\/uploads\/2021\/11\/2111_FAG-Kiel_0196.jpg\" alt=\"\" data-id=\"50331\" data-full-url=\"https:\/\/www.weber-fag.de\/wordpress\/wp-content\/uploads\/2021\/11\/2111_FAG-Kiel_0196.jpg\" data-link=\"https:\/\/www.weber-fag.de\/wordpress\/?attachment_id=50331\" class=\"wp-image-50331\" srcset=\"https:\/\/www.weber-fag.de\/wordpress\/wp-content\/uploads\/2021\/11\/2111_FAG-Kiel_0196.jpg 920w, https:\/\/www.weber-fag.de\/wordpress\/wp-content\/uploads\/2021\/11\/2111_FAG-Kiel_0196-300x200.jpg 300w, https:\/\/www.weber-fag.de\/wordpress\/wp-content\/uploads\/2021\/11\/2111_FAG-Kiel_0196-768x512.jpg 768w\" sizes=\"auto, (max-width: 920px) 100vw, 920px\" \/><figcaption class=\"blocks-gallery-item__caption\">Nemanja Zelenovic (FAG)<\/figcaption><\/figure><\/li><li class=\"blocks-gallery-item\"><figure><img loading=\"lazy\" decoding=\"async\" width=\"920\" height=\"613\" src=\"https:\/\/www.weber-fag.de\/wordpress\/wp-content\/uploads\/2021\/11\/2111_FAG-Kiel_0201.jpg\" alt=\"\" data-id=\"50332\" data-full-url=\"https:\/\/www.weber-fag.de\/wordpress\/wp-content\/uploads\/2021\/11\/2111_FAG-Kiel_0201.jpg\" data-link=\"https:\/\/www.weber-fag.de\/wordpress\/?attachment_id=50332\" class=\"wp-image-50332\" srcset=\"https:\/\/www.weber-fag.de\/wordpress\/wp-content\/uploads\/2021\/11\/2111_FAG-Kiel_0201.jpg 920w, https:\/\/www.weber-fag.de\/wordpress\/wp-content\/uploads\/2021\/11\/2111_FAG-Kiel_0201-300x200.jpg 300w, https:\/\/www.weber-fag.de\/wordpress\/wp-content\/uploads\/2021\/11\/2111_FAG-Kiel_0201-768x512.jpg 768w\" sizes=\"auto, (max-width: 920px) 100vw, 920px\" \/><figcaption class=\"blocks-gallery-item__caption\">Jacob Bagersted (FAG)<\/figcaption><\/figure><\/li><li class=\"blocks-gallery-item\"><figure><img loading=\"lazy\" decoding=\"async\" width=\"920\" height=\"613\" src=\"https:\/\/www.weber-fag.de\/wordpress\/wp-content\/uploads\/2021\/11\/2111_FAG-Kiel_0205.jpg\" alt=\"\" data-id=\"50333\" data-full-url=\"https:\/\/www.weber-fag.de\/wordpress\/wp-content\/uploads\/2021\/11\/2111_FAG-Kiel_0205.jpg\" data-link=\"https:\/\/www.weber-fag.de\/wordpress\/?attachment_id=50333\" class=\"wp-image-50333\" srcset=\"https:\/\/www.weber-fag.de\/wordpress\/wp-content\/uploads\/2021\/11\/2111_FAG-Kiel_0205.jpg 920w, https:\/\/www.weber-fag.de\/wordpress\/wp-content\/uploads\/2021\/11\/2111_FAG-Kiel_0205-300x200.jpg 300w, https:\/\/www.weber-fag.de\/wordpress\/wp-content\/uploads\/2021\/11\/2111_FAG-Kiel_0205-768x512.jpg 768w\" sizes=\"auto, (max-width: 920px) 100vw, 920px\" \/><figcaption class=\"blocks-gallery-item__caption\">Axel Goller (FAG)<\/figcaption><\/figure><\/li><li class=\"blocks-gallery-item\"><figure><img loading=\"lazy\" decoding=\"async\" width=\"920\" height=\"613\" src=\"https:\/\/www.weber-fag.de\/wordpress\/wp-content\/uploads\/2021\/11\/2111_FAG-Kiel_0209.jpg\" alt=\"\" data-id=\"50334\" data-full-url=\"https:\/\/www.weber-fag.de\/wordpress\/wp-content\/uploads\/2021\/11\/2111_FAG-Kiel_0209.jpg\" data-link=\"https:\/\/www.weber-fag.de\/wordpress\/?attachment_id=50334\" class=\"wp-image-50334\" srcset=\"https:\/\/www.weber-fag.de\/wordpress\/wp-content\/uploads\/2021\/11\/2111_FAG-Kiel_0209.jpg 920w, https:\/\/www.weber-fag.de\/wordpress\/wp-content\/uploads\/2021\/11\/2111_FAG-Kiel_0209-300x200.jpg 300w, https:\/\/www.weber-fag.de\/wordpress\/wp-content\/uploads\/2021\/11\/2111_FAG-Kiel_0209-768x512.jpg 768w\" sizes=\"auto, (max-width: 920px) 100vw, 920px\" \/><figcaption class=\"blocks-gallery-item__caption\">Nemanja Zelenovic (FAG)<\/figcaption><\/figure><\/li><li class=\"blocks-gallery-item\"><figure><img loading=\"lazy\" decoding=\"async\" width=\"920\" height=\"613\" src=\"https:\/\/www.weber-fag.de\/wordpress\/wp-content\/uploads\/2021\/11\/2111_FAG-Kiel_0214.jpg\" alt=\"\" data-id=\"50335\" data-full-url=\"https:\/\/www.weber-fag.de\/wordpress\/wp-content\/uploads\/2021\/11\/2111_FAG-Kiel_0214.jpg\" data-link=\"https:\/\/www.weber-fag.de\/wordpress\/?attachment_id=50335\" class=\"wp-image-50335\" srcset=\"https:\/\/www.weber-fag.de\/wordpress\/wp-content\/uploads\/2021\/11\/2111_FAG-Kiel_0214.jpg 920w, https:\/\/www.weber-fag.de\/wordpress\/wp-content\/uploads\/2021\/11\/2111_FAG-Kiel_0214-300x200.jpg 300w, https:\/\/www.weber-fag.de\/wordpress\/wp-content\/uploads\/2021\/11\/2111_FAG-Kiel_0214-768x512.jpg 768w\" sizes=\"auto, (max-width: 920px) 100vw, 920px\" \/><figcaption class=\"blocks-gallery-item__caption\">Jacob Bagersted (FAG)<\/figcaption><\/figure><\/li><li class=\"blocks-gallery-item\"><figure><img loading=\"lazy\" decoding=\"async\" width=\"920\" height=\"613\" src=\"https:\/\/www.weber-fag.de\/wordpress\/wp-content\/uploads\/2021\/11\/2111_FAG-Kiel_0217.jpg\" alt=\"\" data-id=\"50336\" data-full-url=\"https:\/\/www.weber-fag.de\/wordpress\/wp-content\/uploads\/2021\/11\/2111_FAG-Kiel_0217.jpg\" data-link=\"https:\/\/www.weber-fag.de\/wordpress\/?attachment_id=50336\" class=\"wp-image-50336\" srcset=\"https:\/\/www.weber-fag.de\/wordpress\/wp-content\/uploads\/2021\/11\/2111_FAG-Kiel_0217.jpg 920w, https:\/\/www.weber-fag.de\/wordpress\/wp-content\/uploads\/2021\/11\/2111_FAG-Kiel_0217-300x200.jpg 300w, https:\/\/www.weber-fag.de\/wordpress\/wp-content\/uploads\/2021\/11\/2111_FAG-Kiel_0217-768x512.jpg 768w\" sizes=\"auto, (max-width: 920px) 100vw, 920px\" \/><\/figure><\/li><li class=\"blocks-gallery-item\"><figure><img loading=\"lazy\" decoding=\"async\" width=\"920\" height=\"613\" src=\"https:\/\/www.weber-fag.de\/wordpress\/wp-content\/uploads\/2021\/11\/2111_FAG-Kiel_0219.jpg\" alt=\"\" data-id=\"50337\" data-full-url=\"https:\/\/www.weber-fag.de\/wordpress\/wp-content\/uploads\/2021\/11\/2111_FAG-Kiel_0219.jpg\" data-link=\"https:\/\/www.weber-fag.de\/wordpress\/?attachment_id=50337\" class=\"wp-image-50337\" srcset=\"https:\/\/www.weber-fag.de\/wordpress\/wp-content\/uploads\/2021\/11\/2111_FAG-Kiel_0219.jpg 920w, https:\/\/www.weber-fag.de\/wordpress\/wp-content\/uploads\/2021\/11\/2111_FAG-Kiel_0219-300x200.jpg 300w, https:\/\/www.weber-fag.de\/wordpress\/wp-content\/uploads\/2021\/11\/2111_FAG-Kiel_0219-768x512.jpg 768w\" sizes=\"auto, (max-width: 920px) 100vw, 920px\" \/><figcaption class=\"blocks-gallery-item__caption\">Till Hermann (FAG)<\/figcaption><\/figure><\/li><li class=\"blocks-gallery-item\"><figure><img loading=\"lazy\" decoding=\"async\" width=\"920\" height=\"613\" src=\"https:\/\/www.weber-fag.de\/wordpress\/wp-content\/uploads\/2021\/11\/2111_FAG-Kiel_0223.jpg\" alt=\"\" data-id=\"50338\" data-full-url=\"https:\/\/www.weber-fag.de\/wordpress\/wp-content\/uploads\/2021\/11\/2111_FAG-Kiel_0223.jpg\" data-link=\"https:\/\/www.weber-fag.de\/wordpress\/?attachment_id=50338\" class=\"wp-image-50338\" srcset=\"https:\/\/www.weber-fag.de\/wordpress\/wp-content\/uploads\/2021\/11\/2111_FAG-Kiel_0223.jpg 920w, https:\/\/www.weber-fag.de\/wordpress\/wp-content\/uploads\/2021\/11\/2111_FAG-Kiel_0223-300x200.jpg 300w, https:\/\/www.weber-fag.de\/wordpress\/wp-content\/uploads\/2021\/11\/2111_FAG-Kiel_0223-768x512.jpg 768w\" sizes=\"auto, (max-width: 920px) 100vw, 920px\" \/><figcaption class=\"blocks-gallery-item__caption\">Till Hermann (FAG)<\/figcaption><\/figure><\/li><li class=\"blocks-gallery-item\"><figure><img loading=\"lazy\" decoding=\"async\" width=\"920\" height=\"613\" src=\"https:\/\/www.weber-fag.de\/wordpress\/wp-content\/uploads\/2021\/11\/2111_FAG-Kiel_0230.jpg\" alt=\"\" data-id=\"50339\" data-full-url=\"https:\/\/www.weber-fag.de\/wordpress\/wp-content\/uploads\/2021\/11\/2111_FAG-Kiel_0230.jpg\" data-link=\"https:\/\/www.weber-fag.de\/wordpress\/?attachment_id=50339\" class=\"wp-image-50339\" srcset=\"https:\/\/www.weber-fag.de\/wordpress\/wp-content\/uploads\/2021\/11\/2111_FAG-Kiel_0230.jpg 920w, https:\/\/www.weber-fag.de\/wordpress\/wp-content\/uploads\/2021\/11\/2111_FAG-Kiel_0230-300x200.jpg 300w, https:\/\/www.weber-fag.de\/wordpress\/wp-content\/uploads\/2021\/11\/2111_FAG-Kiel_0230-768x512.jpg 768w\" sizes=\"auto, (max-width: 920px) 100vw, 920px\" \/><figcaption class=\"blocks-gallery-item__caption\">Tobias Ellebaek (FAG)<\/figcaption><\/figure><\/li><li class=\"blocks-gallery-item\"><figure><img loading=\"lazy\" decoding=\"async\" width=\"920\" height=\"613\" src=\"https:\/\/www.weber-fag.de\/wordpress\/wp-content\/uploads\/2021\/11\/2111_FAG-Kiel_0232.jpg\" alt=\"\" data-id=\"50340\" data-full-url=\"https:\/\/www.weber-fag.de\/wordpress\/wp-content\/uploads\/2021\/11\/2111_FAG-Kiel_0232.jpg\" data-link=\"https:\/\/www.weber-fag.de\/wordpress\/?attachment_id=50340\" class=\"wp-image-50340\" srcset=\"https:\/\/www.weber-fag.de\/wordpress\/wp-content\/uploads\/2021\/11\/2111_FAG-Kiel_0232.jpg 920w, https:\/\/www.weber-fag.de\/wordpress\/wp-content\/uploads\/2021\/11\/2111_FAG-Kiel_0232-300x200.jpg 300w, https:\/\/www.weber-fag.de\/wordpress\/wp-content\/uploads\/2021\/11\/2111_FAG-Kiel_0232-768x512.jpg 768w\" sizes=\"auto, (max-width: 920px) 100vw, 920px\" \/><\/figure><\/li><li class=\"blocks-gallery-item\"><figure><img loading=\"lazy\" decoding=\"async\" width=\"920\" height=\"613\" src=\"https:\/\/www.weber-fag.de\/wordpress\/wp-content\/uploads\/2021\/11\/2111_FAG-Kiel_0236.jpg\" alt=\"\" data-id=\"50341\" data-full-url=\"https:\/\/www.weber-fag.de\/wordpress\/wp-content\/uploads\/2021\/11\/2111_FAG-Kiel_0236.jpg\" data-link=\"https:\/\/www.weber-fag.de\/wordpress\/?attachment_id=50341\" class=\"wp-image-50341\" srcset=\"https:\/\/www.weber-fag.de\/wordpress\/wp-content\/uploads\/2021\/11\/2111_FAG-Kiel_0236.jpg 920w, https:\/\/www.weber-fag.de\/wordpress\/wp-content\/uploads\/2021\/11\/2111_FAG-Kiel_0236-300x200.jpg 300w, https:\/\/www.weber-fag.de\/wordpress\/wp-content\/uploads\/2021\/11\/2111_FAG-Kiel_0236-768x512.jpg 768w\" sizes=\"auto, (max-width: 920px) 100vw, 920px\" \/><\/figure><\/li><li class=\"blocks-gallery-item\"><figure><img loading=\"lazy\" decoding=\"async\" width=\"920\" height=\"613\" src=\"https:\/\/www.weber-fag.de\/wordpress\/wp-content\/uploads\/2021\/11\/2111_FAG-Kiel_0239.jpg\" alt=\"\" data-id=\"50342\" data-full-url=\"https:\/\/www.weber-fag.de\/wordpress\/wp-content\/uploads\/2021\/11\/2111_FAG-Kiel_0239.jpg\" data-link=\"https:\/\/www.weber-fag.de\/wordpress\/?attachment_id=50342\" class=\"wp-image-50342\" srcset=\"https:\/\/www.weber-fag.de\/wordpress\/wp-content\/uploads\/2021\/11\/2111_FAG-Kiel_0239.jpg 920w, https:\/\/www.weber-fag.de\/wordpress\/wp-content\/uploads\/2021\/11\/2111_FAG-Kiel_0239-300x200.jpg 300w, https:\/\/www.weber-fag.de\/wordpress\/wp-content\/uploads\/2021\/11\/2111_FAG-Kiel_0239-768x512.jpg 768w\" sizes=\"auto, (max-width: 920px) 100vw, 920px\" \/><\/figure><\/li><li class=\"blocks-gallery-item\"><figure><img loading=\"lazy\" decoding=\"async\" width=\"920\" height=\"613\" src=\"https:\/\/www.weber-fag.de\/wordpress\/wp-content\/uploads\/2021\/11\/2111_FAG-Kiel_0244.jpg\" alt=\"\" data-id=\"50343\" data-full-url=\"https:\/\/www.weber-fag.de\/wordpress\/wp-content\/uploads\/2021\/11\/2111_FAG-Kiel_0244.jpg\" data-link=\"https:\/\/www.weber-fag.de\/wordpress\/?attachment_id=50343\" class=\"wp-image-50343\" srcset=\"https:\/\/www.weber-fag.de\/wordpress\/wp-content\/uploads\/2021\/11\/2111_FAG-Kiel_0244.jpg 920w, https:\/\/www.weber-fag.de\/wordpress\/wp-content\/uploads\/2021\/11\/2111_FAG-Kiel_0244-300x200.jpg 300w, https:\/\/www.weber-fag.de\/wordpress\/wp-content\/uploads\/2021\/11\/2111_FAG-Kiel_0244-768x512.jpg 768w\" sizes=\"auto, (max-width: 920px) 100vw, 920px\" \/><\/figure><\/li><li class=\"blocks-gallery-item\"><figure><img loading=\"lazy\" decoding=\"async\" width=\"920\" height=\"613\" src=\"https:\/\/www.weber-fag.de\/wordpress\/wp-content\/uploads\/2021\/11\/2111_FAG-Kiel_0248.jpg\" alt=\"\" data-id=\"50344\" data-full-url=\"https:\/\/www.weber-fag.de\/wordpress\/wp-content\/uploads\/2021\/11\/2111_FAG-Kiel_0248.jpg\" data-link=\"https:\/\/www.weber-fag.de\/wordpress\/?attachment_id=50344\" class=\"wp-image-50344\" srcset=\"https:\/\/www.weber-fag.de\/wordpress\/wp-content\/uploads\/2021\/11\/2111_FAG-Kiel_0248.jpg 920w, https:\/\/www.weber-fag.de\/wordpress\/wp-content\/uploads\/2021\/11\/2111_FAG-Kiel_0248-300x200.jpg 300w, https:\/\/www.weber-fag.de\/wordpress\/wp-content\/uploads\/2021\/11\/2111_FAG-Kiel_0248-768x512.jpg 768w\" sizes=\"auto, (max-width: 920px) 100vw, 920px\" \/><figcaption class=\"blocks-gallery-item__caption\">Jon Lindenchrone Andersen (FAG)<\/figcaption><\/figure><\/li><li class=\"blocks-gallery-item\"><figure><img loading=\"lazy\" decoding=\"async\" width=\"920\" height=\"613\" src=\"https:\/\/www.weber-fag.de\/wordpress\/wp-content\/uploads\/2021\/11\/2111_FAG-Kiel_0250.jpg\" alt=\"\" data-id=\"50345\" data-full-url=\"https:\/\/www.weber-fag.de\/wordpress\/wp-content\/uploads\/2021\/11\/2111_FAG-Kiel_0250.jpg\" data-link=\"https:\/\/www.weber-fag.de\/wordpress\/?attachment_id=50345\" class=\"wp-image-50345\" srcset=\"https:\/\/www.weber-fag.de\/wordpress\/wp-content\/uploads\/2021\/11\/2111_FAG-Kiel_0250.jpg 920w, https:\/\/www.weber-fag.de\/wordpress\/wp-content\/uploads\/2021\/11\/2111_FAG-Kiel_0250-300x200.jpg 300w, https:\/\/www.weber-fag.de\/wordpress\/wp-content\/uploads\/2021\/11\/2111_FAG-Kiel_0250-768x512.jpg 768w\" sizes=\"auto, (max-width: 920px) 100vw, 920px\" \/><\/figure><\/li><li class=\"blocks-gallery-item\"><figure><img loading=\"lazy\" decoding=\"async\" width=\"920\" height=\"613\" src=\"https:\/\/www.weber-fag.de\/wordpress\/wp-content\/uploads\/2021\/11\/2111_FAG-Kiel_0254.jpg\" alt=\"\" data-id=\"50346\" data-full-url=\"https:\/\/www.weber-fag.de\/wordpress\/wp-content\/uploads\/2021\/11\/2111_FAG-Kiel_0254.jpg\" data-link=\"https:\/\/www.weber-fag.de\/wordpress\/?attachment_id=50346\" class=\"wp-image-50346\" srcset=\"https:\/\/www.weber-fag.de\/wordpress\/wp-content\/uploads\/2021\/11\/2111_FAG-Kiel_0254.jpg 920w, https:\/\/www.weber-fag.de\/wordpress\/wp-content\/uploads\/2021\/11\/2111_FAG-Kiel_0254-300x200.jpg 300w, https:\/\/www.weber-fag.de\/wordpress\/wp-content\/uploads\/2021\/11\/2111_FAG-Kiel_0254-768x512.jpg 768w\" sizes=\"auto, (max-width: 920px) 100vw, 920px\" \/><\/figure><\/li><li class=\"blocks-gallery-item\"><figure><img loading=\"lazy\" decoding=\"async\" width=\"920\" height=\"613\" src=\"https:\/\/www.weber-fag.de\/wordpress\/wp-content\/uploads\/2021\/11\/2111_FAG-Kiel_0256.jpg\" alt=\"\" data-id=\"50347\" data-full-url=\"https:\/\/www.weber-fag.de\/wordpress\/wp-content\/uploads\/2021\/11\/2111_FAG-Kiel_0256.jpg\" data-link=\"https:\/\/www.weber-fag.de\/wordpress\/?attachment_id=50347\" class=\"wp-image-50347\" srcset=\"https:\/\/www.weber-fag.de\/wordpress\/wp-content\/uploads\/2021\/11\/2111_FAG-Kiel_0256.jpg 920w, https:\/\/www.weber-fag.de\/wordpress\/wp-content\/uploads\/2021\/11\/2111_FAG-Kiel_0256-300x200.jpg 300w, https:\/\/www.weber-fag.de\/wordpress\/wp-content\/uploads\/2021\/11\/2111_FAG-Kiel_0256-768x512.jpg 768w\" sizes=\"auto, (max-width: 920px) 100vw, 920px\" \/><figcaption class=\"blocks-gallery-item__caption\">Tobias Ellebaek (FAG)<\/figcaption><\/figure><\/li><li class=\"blocks-gallery-item\"><figure><img loading=\"lazy\" decoding=\"async\" width=\"920\" height=\"613\" src=\"https:\/\/www.weber-fag.de\/wordpress\/wp-content\/uploads\/2021\/11\/2111_FAG-Kiel_0259.jpg\" alt=\"\" data-id=\"50348\" data-full-url=\"https:\/\/www.weber-fag.de\/wordpress\/wp-content\/uploads\/2021\/11\/2111_FAG-Kiel_0259.jpg\" data-link=\"https:\/\/www.weber-fag.de\/wordpress\/?attachment_id=50348\" class=\"wp-image-50348\" srcset=\"https:\/\/www.weber-fag.de\/wordpress\/wp-content\/uploads\/2021\/11\/2111_FAG-Kiel_0259.jpg 920w, https:\/\/www.weber-fag.de\/wordpress\/wp-content\/uploads\/2021\/11\/2111_FAG-Kiel_0259-300x200.jpg 300w, https:\/\/www.weber-fag.de\/wordpress\/wp-content\/uploads\/2021\/11\/2111_FAG-Kiel_0259-768x512.jpg 768w\" sizes=\"auto, (max-width: 920px) 100vw, 920px\" \/><\/figure><\/li><\/ul><\/figure>\n<div class=\"pp-fb-like-btn-wrap\"><div class=\"fb-like\" data-href=\"https:\/\/www.weber-fag.de\/wordpress\/frisch-auf-goeppingen-vs-thw-kiel-2\/\" data-share=\"false\" data-layout=\"button_count\" data-width=\"90\" data-show-faces=\"\" data-action=\"like\"><\/div><\/div>","protected":false},"excerpt":{"rendered":"<p>Kompromisslos trat der Rekordmeister THW Kiel in G\u00f6ppingen auf. Mit einem souver\u00e4nen Ausw\u00e4rtssieg (26:38) traten die Kieler die Heimreise in den hohen Norden an. Hier die Bilder vom Spiel<\/p>\n","protected":false},"author":1,"featured_media":50275,"comment_status":"open","ping_status":"open","sticky":false,"template":"","format":"standard","meta":{"footnotes":""},"categories":[5],"tags":[],"class_list":["post-50274","post","type-post","status-publish","format-standard","has-post-thumbnail","hentry","category-bundesliga"],"_links":{"self":[{"href":"https:\/\/www.weber-fag.de\/wordpress\/wp-json\/wp\/v2\/posts\/50274","targetHints":{"allow":["GET"]}}],"collection":[{"href":"https:\/\/www.weber-fag.de\/wordpress\/wp-json\/wp\/v2\/posts"}],"about":[{"href":"https:\/\/www.weber-fag.de\/wordpress\/wp-json\/wp\/v2\/types\/post"}],"author":[{"embeddable":true,"href":"https:\/\/www.weber-fag.de\/wordpress\/wp-json\/wp\/v2\/users\/1"}],"replies":[{"embeddable":true,"href":"https:\/\/www.weber-fag.de\/wordpress\/wp-json\/wp\/v2\/comments?post=50274"}],"version-history":[{"count":1,"href":"https:\/\/www.weber-fag.de\/wordpress\/wp-json\/wp\/v2\/posts\/50274\/revisions"}],"predecessor-version":[{"id":50349,"href":"https:\/\/www.weber-fag.de\/wordpress\/wp-json\/wp\/v2\/posts\/50274\/revisions\/50349"}],"wp:featuredmedia":[{"embeddable":true,"href":"https:\/\/www.weber-fag.de\/wordpress\/wp-json\/wp\/v2\/media\/50275"}],"wp:attachment":[{"href":"https:\/\/www.weber-fag.de\/wordpress\/wp-json\/wp\/v2\/media?parent=50274"}],"wp:term":[{"taxonomy":"category","embeddable":true,"href":"https:\/\/www.weber-fag.de\/wordpress\/wp-json\/wp\/v2\/categories?post=50274"},{"taxonomy":"post_tag","embeddable":true,"href":"https:\/\/www.weber-fag.de\/wordpress\/wp-json\/wp\/v2\/tags?post=50274"}],"curies":[{"name":"wp","href":"https:\/\/api.w.org\/{rel}","templated":true}]}}