{"id":49944,"date":"2021-09-14T09:45:40","date_gmt":"2021-09-14T07:45:40","guid":{"rendered":"http:\/\/www.weber-fag.de\/wordpress\/?p=49944"},"modified":"2021-09-14T09:50:46","modified_gmt":"2021-09-14T07:50:46","slug":"frisch-auf-goeppingen-vs-tus-n-luebbecke","status":"publish","type":"post","link":"https:\/\/www.weber-fag.de\/wordpress\/frisch-auf-goeppingen-vs-tus-n-luebbecke\/","title":{"rendered":"FRISCH AUF! G\u00f6ppingen vs. TuS N-L\u00fcbbecke"},"content":{"rendered":"\n<p>Der Ball fliegt wieder! Mit einem perfekten Saisonstart pr\u00e4sentieren sich die G\u00f6ppinger ihren Fans. Nach dem Ausw\u00e4rtssieg beim Aufsteiger HSV Hamburg (27:28) konnte auch das erste Heimspiel gegen die TuS N-L\u00fcbbecke mit 27:24 erfolgreich absolviert werden. Hier die Bilder vom Spiel<\/p>\n\n\n\n<figure class=\"wp-block-image size-full\"><img loading=\"lazy\" decoding=\"async\" width=\"920\" height=\"613\" src=\"https:\/\/www.weber-fag.de\/wordpress\/wp-content\/uploads\/2021\/09\/2109_FAG-Luebbecke_0086.jpg\" alt=\"\" class=\"wp-image-49945\" srcset=\"https:\/\/www.weber-fag.de\/wordpress\/wp-content\/uploads\/2021\/09\/2109_FAG-Luebbecke_0086.jpg 920w, https:\/\/www.weber-fag.de\/wordpress\/wp-content\/uploads\/2021\/09\/2109_FAG-Luebbecke_0086-300x200.jpg 300w, https:\/\/www.weber-fag.de\/wordpress\/wp-content\/uploads\/2021\/09\/2109_FAG-Luebbecke_0086-768x512.jpg 768w\" sizes=\"auto, (max-width: 920px) 100vw, 920px\" \/><figcaption>Jon Lindenchrone Andersen (FAG)<\/figcaption><\/figure>\n\n\n\n<!--more-->\n\n\n\n<figure class=\"wp-block-gallery columns-3 is-cropped wp-block-gallery-1 is-layout-flex wp-block-gallery-is-layout-flex\"><ul class=\"blocks-gallery-grid\"><li class=\"blocks-gallery-item\"><figure><img loading=\"lazy\" decoding=\"async\" width=\"920\" height=\"613\" src=\"https:\/\/www.weber-fag.de\/wordpress\/wp-content\/uploads\/2021\/09\/2109_FAG-Luebbecke_0016.jpg\" alt=\"\" data-id=\"49946\" data-full-url=\"https:\/\/www.weber-fag.de\/wordpress\/wp-content\/uploads\/2021\/09\/2109_FAG-Luebbecke_0016.jpg\" data-link=\"https:\/\/www.weber-fag.de\/wordpress\/?attachment_id=49946\" class=\"wp-image-49946\" srcset=\"https:\/\/www.weber-fag.de\/wordpress\/wp-content\/uploads\/2021\/09\/2109_FAG-Luebbecke_0016.jpg 920w, https:\/\/www.weber-fag.de\/wordpress\/wp-content\/uploads\/2021\/09\/2109_FAG-Luebbecke_0016-300x200.jpg 300w, https:\/\/www.weber-fag.de\/wordpress\/wp-content\/uploads\/2021\/09\/2109_FAG-Luebbecke_0016-768x512.jpg 768w\" sizes=\"auto, (max-width: 920px) 100vw, 920px\" \/><figcaption class=\"blocks-gallery-item__caption\">Jon Lindenchrone Andersen (FAG)<\/figcaption><\/figure><\/li><li class=\"blocks-gallery-item\"><figure><img loading=\"lazy\" decoding=\"async\" width=\"920\" height=\"613\" src=\"https:\/\/www.weber-fag.de\/wordpress\/wp-content\/uploads\/2021\/09\/2109_FAG-Luebbecke_0017.jpg\" alt=\"\" data-id=\"49947\" data-full-url=\"https:\/\/www.weber-fag.de\/wordpress\/wp-content\/uploads\/2021\/09\/2109_FAG-Luebbecke_0017.jpg\" data-link=\"https:\/\/www.weber-fag.de\/wordpress\/?attachment_id=49947\" class=\"wp-image-49947\" srcset=\"https:\/\/www.weber-fag.de\/wordpress\/wp-content\/uploads\/2021\/09\/2109_FAG-Luebbecke_0017.jpg 920w, https:\/\/www.weber-fag.de\/wordpress\/wp-content\/uploads\/2021\/09\/2109_FAG-Luebbecke_0017-300x200.jpg 300w, https:\/\/www.weber-fag.de\/wordpress\/wp-content\/uploads\/2021\/09\/2109_FAG-Luebbecke_0017-768x512.jpg 768w\" sizes=\"auto, (max-width: 920px) 100vw, 920px\" \/><figcaption class=\"blocks-gallery-item__caption\">Axel Goller (FAG)<\/figcaption><\/figure><\/li><li class=\"blocks-gallery-item\"><figure><img loading=\"lazy\" decoding=\"async\" width=\"920\" height=\"613\" src=\"https:\/\/www.weber-fag.de\/wordpress\/wp-content\/uploads\/2021\/09\/2109_FAG-Luebbecke_0018.jpg\" alt=\"\" data-id=\"49948\" data-full-url=\"https:\/\/www.weber-fag.de\/wordpress\/wp-content\/uploads\/2021\/09\/2109_FAG-Luebbecke_0018.jpg\" data-link=\"https:\/\/www.weber-fag.de\/wordpress\/?attachment_id=49948\" class=\"wp-image-49948\" srcset=\"https:\/\/www.weber-fag.de\/wordpress\/wp-content\/uploads\/2021\/09\/2109_FAG-Luebbecke_0018.jpg 920w, https:\/\/www.weber-fag.de\/wordpress\/wp-content\/uploads\/2021\/09\/2109_FAG-Luebbecke_0018-300x200.jpg 300w, https:\/\/www.weber-fag.de\/wordpress\/wp-content\/uploads\/2021\/09\/2109_FAG-Luebbecke_0018-768x512.jpg 768w\" sizes=\"auto, (max-width: 920px) 100vw, 920px\" \/><figcaption class=\"blocks-gallery-item__caption\">Kevin Gulliksen (FAG)<\/figcaption><\/figure><\/li><li class=\"blocks-gallery-item\"><figure><img loading=\"lazy\" decoding=\"async\" width=\"920\" height=\"613\" src=\"https:\/\/www.weber-fag.de\/wordpress\/wp-content\/uploads\/2021\/09\/2109_FAG-Luebbecke_0019.jpg\" alt=\"\" data-id=\"49949\" data-full-url=\"https:\/\/www.weber-fag.de\/wordpress\/wp-content\/uploads\/2021\/09\/2109_FAG-Luebbecke_0019.jpg\" data-link=\"https:\/\/www.weber-fag.de\/wordpress\/?attachment_id=49949\" class=\"wp-image-49949\" srcset=\"https:\/\/www.weber-fag.de\/wordpress\/wp-content\/uploads\/2021\/09\/2109_FAG-Luebbecke_0019.jpg 920w, https:\/\/www.weber-fag.de\/wordpress\/wp-content\/uploads\/2021\/09\/2109_FAG-Luebbecke_0019-300x200.jpg 300w, https:\/\/www.weber-fag.de\/wordpress\/wp-content\/uploads\/2021\/09\/2109_FAG-Luebbecke_0019-768x512.jpg 768w\" sizes=\"auto, (max-width: 920px) 100vw, 920px\" \/><figcaption class=\"blocks-gallery-item__caption\">Janus Smarason (FAG)<\/figcaption><\/figure><\/li><li class=\"blocks-gallery-item\"><figure><img loading=\"lazy\" decoding=\"async\" width=\"920\" height=\"613\" src=\"https:\/\/www.weber-fag.de\/wordpress\/wp-content\/uploads\/2021\/09\/2109_FAG-Luebbecke_0020.jpg\" alt=\"\" data-id=\"49950\" data-full-url=\"https:\/\/www.weber-fag.de\/wordpress\/wp-content\/uploads\/2021\/09\/2109_FAG-Luebbecke_0020.jpg\" data-link=\"https:\/\/www.weber-fag.de\/wordpress\/?attachment_id=49950\" class=\"wp-image-49950\" srcset=\"https:\/\/www.weber-fag.de\/wordpress\/wp-content\/uploads\/2021\/09\/2109_FAG-Luebbecke_0020.jpg 920w, https:\/\/www.weber-fag.de\/wordpress\/wp-content\/uploads\/2021\/09\/2109_FAG-Luebbecke_0020-300x200.jpg 300w, https:\/\/www.weber-fag.de\/wordpress\/wp-content\/uploads\/2021\/09\/2109_FAG-Luebbecke_0020-768x512.jpg 768w\" sizes=\"auto, (max-width: 920px) 100vw, 920px\" \/><figcaption class=\"blocks-gallery-item__caption\">Kevin Gulliksen (FAG)<\/figcaption><\/figure><\/li><li class=\"blocks-gallery-item\"><figure><img loading=\"lazy\" decoding=\"async\" width=\"920\" height=\"613\" src=\"https:\/\/www.weber-fag.de\/wordpress\/wp-content\/uploads\/2021\/09\/2109_FAG-Luebbecke_0021.jpg\" alt=\"\" data-id=\"49951\" data-full-url=\"https:\/\/www.weber-fag.de\/wordpress\/wp-content\/uploads\/2021\/09\/2109_FAG-Luebbecke_0021.jpg\" data-link=\"https:\/\/www.weber-fag.de\/wordpress\/?attachment_id=49951\" class=\"wp-image-49951\" srcset=\"https:\/\/www.weber-fag.de\/wordpress\/wp-content\/uploads\/2021\/09\/2109_FAG-Luebbecke_0021.jpg 920w, https:\/\/www.weber-fag.de\/wordpress\/wp-content\/uploads\/2021\/09\/2109_FAG-Luebbecke_0021-300x200.jpg 300w, https:\/\/www.weber-fag.de\/wordpress\/wp-content\/uploads\/2021\/09\/2109_FAG-Luebbecke_0021-768x512.jpg 768w\" sizes=\"auto, (max-width: 920px) 100vw, 920px\" \/><\/figure><\/li><li class=\"blocks-gallery-item\"><figure><img loading=\"lazy\" decoding=\"async\" width=\"920\" height=\"613\" src=\"https:\/\/www.weber-fag.de\/wordpress\/wp-content\/uploads\/2021\/09\/2109_FAG-Luebbecke_0022.jpg\" alt=\"\" data-id=\"49952\" data-full-url=\"https:\/\/www.weber-fag.de\/wordpress\/wp-content\/uploads\/2021\/09\/2109_FAG-Luebbecke_0022.jpg\" data-link=\"https:\/\/www.weber-fag.de\/wordpress\/?attachment_id=49952\" class=\"wp-image-49952\" srcset=\"https:\/\/www.weber-fag.de\/wordpress\/wp-content\/uploads\/2021\/09\/2109_FAG-Luebbecke_0022.jpg 920w, https:\/\/www.weber-fag.de\/wordpress\/wp-content\/uploads\/2021\/09\/2109_FAG-Luebbecke_0022-300x200.jpg 300w, https:\/\/www.weber-fag.de\/wordpress\/wp-content\/uploads\/2021\/09\/2109_FAG-Luebbecke_0022-768x512.jpg 768w\" sizes=\"auto, (max-width: 920px) 100vw, 920px\" \/><figcaption class=\"blocks-gallery-item__caption\">Jon Lindenchrone Andersen (FAG)<\/figcaption><\/figure><\/li><li class=\"blocks-gallery-item\"><figure><img loading=\"lazy\" decoding=\"async\" width=\"920\" height=\"613\" src=\"https:\/\/www.weber-fag.de\/wordpress\/wp-content\/uploads\/2021\/09\/2109_FAG-Luebbecke_0023.jpg\" alt=\"\" data-id=\"49953\" data-full-url=\"https:\/\/www.weber-fag.de\/wordpress\/wp-content\/uploads\/2021\/09\/2109_FAG-Luebbecke_0023.jpg\" data-link=\"https:\/\/www.weber-fag.de\/wordpress\/?attachment_id=49953\" class=\"wp-image-49953\" srcset=\"https:\/\/www.weber-fag.de\/wordpress\/wp-content\/uploads\/2021\/09\/2109_FAG-Luebbecke_0023.jpg 920w, https:\/\/www.weber-fag.de\/wordpress\/wp-content\/uploads\/2021\/09\/2109_FAG-Luebbecke_0023-300x200.jpg 300w, https:\/\/www.weber-fag.de\/wordpress\/wp-content\/uploads\/2021\/09\/2109_FAG-Luebbecke_0023-768x512.jpg 768w\" sizes=\"auto, (max-width: 920px) 100vw, 920px\" \/><figcaption class=\"blocks-gallery-item__caption\">Sebastian Heymann (FAG)<\/figcaption><\/figure><\/li><li class=\"blocks-gallery-item\"><figure><img loading=\"lazy\" decoding=\"async\" width=\"920\" height=\"613\" src=\"https:\/\/www.weber-fag.de\/wordpress\/wp-content\/uploads\/2021\/09\/2109_FAG-Luebbecke_0024.jpg\" alt=\"\" data-id=\"49954\" data-full-url=\"https:\/\/www.weber-fag.de\/wordpress\/wp-content\/uploads\/2021\/09\/2109_FAG-Luebbecke_0024.jpg\" data-link=\"https:\/\/www.weber-fag.de\/wordpress\/?attachment_id=49954\" class=\"wp-image-49954\" srcset=\"https:\/\/www.weber-fag.de\/wordpress\/wp-content\/uploads\/2021\/09\/2109_FAG-Luebbecke_0024.jpg 920w, https:\/\/www.weber-fag.de\/wordpress\/wp-content\/uploads\/2021\/09\/2109_FAG-Luebbecke_0024-300x200.jpg 300w, https:\/\/www.weber-fag.de\/wordpress\/wp-content\/uploads\/2021\/09\/2109_FAG-Luebbecke_0024-768x512.jpg 768w\" sizes=\"auto, (max-width: 920px) 100vw, 920px\" \/><figcaption class=\"blocks-gallery-item__caption\">Tobias Ellebaek (FAG)<\/figcaption><\/figure><\/li><li class=\"blocks-gallery-item\"><figure><img loading=\"lazy\" decoding=\"async\" width=\"920\" height=\"613\" src=\"https:\/\/www.weber-fag.de\/wordpress\/wp-content\/uploads\/2021\/09\/2109_FAG-Luebbecke_0025.jpg\" alt=\"\" data-id=\"49955\" data-full-url=\"https:\/\/www.weber-fag.de\/wordpress\/wp-content\/uploads\/2021\/09\/2109_FAG-Luebbecke_0025.jpg\" data-link=\"https:\/\/www.weber-fag.de\/wordpress\/?attachment_id=49955\" class=\"wp-image-49955\" srcset=\"https:\/\/www.weber-fag.de\/wordpress\/wp-content\/uploads\/2021\/09\/2109_FAG-Luebbecke_0025.jpg 920w, https:\/\/www.weber-fag.de\/wordpress\/wp-content\/uploads\/2021\/09\/2109_FAG-Luebbecke_0025-300x200.jpg 300w, https:\/\/www.weber-fag.de\/wordpress\/wp-content\/uploads\/2021\/09\/2109_FAG-Luebbecke_0025-768x512.jpg 768w\" sizes=\"auto, (max-width: 920px) 100vw, 920px\" \/><figcaption class=\"blocks-gallery-item__caption\">Tim Kneule (FAG)<\/figcaption><\/figure><\/li><li class=\"blocks-gallery-item\"><figure><img loading=\"lazy\" decoding=\"async\" width=\"920\" height=\"613\" src=\"https:\/\/www.weber-fag.de\/wordpress\/wp-content\/uploads\/2021\/09\/2109_FAG-Luebbecke_0026.jpg\" alt=\"\" data-id=\"49956\" data-full-url=\"https:\/\/www.weber-fag.de\/wordpress\/wp-content\/uploads\/2021\/09\/2109_FAG-Luebbecke_0026.jpg\" data-link=\"https:\/\/www.weber-fag.de\/wordpress\/?attachment_id=49956\" class=\"wp-image-49956\" srcset=\"https:\/\/www.weber-fag.de\/wordpress\/wp-content\/uploads\/2021\/09\/2109_FAG-Luebbecke_0026.jpg 920w, https:\/\/www.weber-fag.de\/wordpress\/wp-content\/uploads\/2021\/09\/2109_FAG-Luebbecke_0026-300x200.jpg 300w, https:\/\/www.weber-fag.de\/wordpress\/wp-content\/uploads\/2021\/09\/2109_FAG-Luebbecke_0026-768x512.jpg 768w\" sizes=\"auto, (max-width: 920px) 100vw, 920px\" \/><figcaption class=\"blocks-gallery-item__caption\">Kresimir Kozina (FAG)<\/figcaption><\/figure><\/li><li class=\"blocks-gallery-item\"><figure><img loading=\"lazy\" decoding=\"async\" width=\"920\" height=\"613\" src=\"https:\/\/www.weber-fag.de\/wordpress\/wp-content\/uploads\/2021\/09\/2109_FAG-Luebbecke_0027.jpg\" alt=\"\" data-id=\"49957\" data-full-url=\"https:\/\/www.weber-fag.de\/wordpress\/wp-content\/uploads\/2021\/09\/2109_FAG-Luebbecke_0027.jpg\" data-link=\"https:\/\/www.weber-fag.de\/wordpress\/?attachment_id=49957\" class=\"wp-image-49957\" srcset=\"https:\/\/www.weber-fag.de\/wordpress\/wp-content\/uploads\/2021\/09\/2109_FAG-Luebbecke_0027.jpg 920w, https:\/\/www.weber-fag.de\/wordpress\/wp-content\/uploads\/2021\/09\/2109_FAG-Luebbecke_0027-300x200.jpg 300w, https:\/\/www.weber-fag.de\/wordpress\/wp-content\/uploads\/2021\/09\/2109_FAG-Luebbecke_0027-768x512.jpg 768w\" sizes=\"auto, (max-width: 920px) 100vw, 920px\" \/><figcaption class=\"blocks-gallery-item__caption\">Urh Kastelic (FAG)<\/figcaption><\/figure><\/li><li class=\"blocks-gallery-item\"><figure><img loading=\"lazy\" decoding=\"async\" width=\"920\" height=\"613\" src=\"https:\/\/www.weber-fag.de\/wordpress\/wp-content\/uploads\/2021\/09\/2109_FAG-Luebbecke_0028.jpg\" alt=\"\" data-id=\"49958\" data-full-url=\"https:\/\/www.weber-fag.de\/wordpress\/wp-content\/uploads\/2021\/09\/2109_FAG-Luebbecke_0028.jpg\" data-link=\"https:\/\/www.weber-fag.de\/wordpress\/?attachment_id=49958\" class=\"wp-image-49958\" srcset=\"https:\/\/www.weber-fag.de\/wordpress\/wp-content\/uploads\/2021\/09\/2109_FAG-Luebbecke_0028.jpg 920w, https:\/\/www.weber-fag.de\/wordpress\/wp-content\/uploads\/2021\/09\/2109_FAG-Luebbecke_0028-300x200.jpg 300w, https:\/\/www.weber-fag.de\/wordpress\/wp-content\/uploads\/2021\/09\/2109_FAG-Luebbecke_0028-768x512.jpg 768w\" sizes=\"auto, (max-width: 920px) 100vw, 920px\" \/><figcaption class=\"blocks-gallery-item__caption\">Jacob Bagersted (FAG)<\/figcaption><\/figure><\/li><li class=\"blocks-gallery-item\"><figure><img loading=\"lazy\" decoding=\"async\" width=\"920\" height=\"613\" src=\"https:\/\/www.weber-fag.de\/wordpress\/wp-content\/uploads\/2021\/09\/2109_FAG-Luebbecke_0029.jpg\" alt=\"\" data-id=\"49959\" data-full-url=\"https:\/\/www.weber-fag.de\/wordpress\/wp-content\/uploads\/2021\/09\/2109_FAG-Luebbecke_0029.jpg\" data-link=\"https:\/\/www.weber-fag.de\/wordpress\/?attachment_id=49959\" class=\"wp-image-49959\" srcset=\"https:\/\/www.weber-fag.de\/wordpress\/wp-content\/uploads\/2021\/09\/2109_FAG-Luebbecke_0029.jpg 920w, https:\/\/www.weber-fag.de\/wordpress\/wp-content\/uploads\/2021\/09\/2109_FAG-Luebbecke_0029-300x200.jpg 300w, https:\/\/www.weber-fag.de\/wordpress\/wp-content\/uploads\/2021\/09\/2109_FAG-Luebbecke_0029-768x512.jpg 768w\" sizes=\"auto, (max-width: 920px) 100vw, 920px\" \/><figcaption class=\"blocks-gallery-item__caption\">Tobias Ellebaek (FAG)<\/figcaption><\/figure><\/li><li class=\"blocks-gallery-item\"><figure><img loading=\"lazy\" decoding=\"async\" width=\"920\" height=\"613\" src=\"https:\/\/www.weber-fag.de\/wordpress\/wp-content\/uploads\/2021\/09\/2109_FAG-Luebbecke_0030.jpg\" alt=\"\" data-id=\"49960\" data-full-url=\"https:\/\/www.weber-fag.de\/wordpress\/wp-content\/uploads\/2021\/09\/2109_FAG-Luebbecke_0030.jpg\" data-link=\"https:\/\/www.weber-fag.de\/wordpress\/?attachment_id=49960\" class=\"wp-image-49960\" srcset=\"https:\/\/www.weber-fag.de\/wordpress\/wp-content\/uploads\/2021\/09\/2109_FAG-Luebbecke_0030.jpg 920w, https:\/\/www.weber-fag.de\/wordpress\/wp-content\/uploads\/2021\/09\/2109_FAG-Luebbecke_0030-300x200.jpg 300w, https:\/\/www.weber-fag.de\/wordpress\/wp-content\/uploads\/2021\/09\/2109_FAG-Luebbecke_0030-768x512.jpg 768w\" sizes=\"auto, (max-width: 920px) 100vw, 920px\" \/><figcaption class=\"blocks-gallery-item__caption\">Kevin Gulliksen (FAG)<\/figcaption><\/figure><\/li><li class=\"blocks-gallery-item\"><figure><img loading=\"lazy\" decoding=\"async\" width=\"920\" height=\"613\" src=\"https:\/\/www.weber-fag.de\/wordpress\/wp-content\/uploads\/2021\/09\/2109_FAG-Luebbecke_0031.jpg\" alt=\"\" data-id=\"49961\" data-full-url=\"https:\/\/www.weber-fag.de\/wordpress\/wp-content\/uploads\/2021\/09\/2109_FAG-Luebbecke_0031.jpg\" data-link=\"https:\/\/www.weber-fag.de\/wordpress\/?attachment_id=49961\" class=\"wp-image-49961\" srcset=\"https:\/\/www.weber-fag.de\/wordpress\/wp-content\/uploads\/2021\/09\/2109_FAG-Luebbecke_0031.jpg 920w, https:\/\/www.weber-fag.de\/wordpress\/wp-content\/uploads\/2021\/09\/2109_FAG-Luebbecke_0031-300x200.jpg 300w, https:\/\/www.weber-fag.de\/wordpress\/wp-content\/uploads\/2021\/09\/2109_FAG-Luebbecke_0031-768x512.jpg 768w\" sizes=\"auto, (max-width: 920px) 100vw, 920px\" \/><figcaption class=\"blocks-gallery-item__caption\">Sebastian Heymann (FAG)<\/figcaption><\/figure><\/li><li class=\"blocks-gallery-item\"><figure><img loading=\"lazy\" decoding=\"async\" width=\"920\" height=\"613\" src=\"https:\/\/www.weber-fag.de\/wordpress\/wp-content\/uploads\/2021\/09\/2109_FAG-Luebbecke_0032.jpg\" alt=\"\" data-id=\"49962\" data-full-url=\"https:\/\/www.weber-fag.de\/wordpress\/wp-content\/uploads\/2021\/09\/2109_FAG-Luebbecke_0032.jpg\" data-link=\"https:\/\/www.weber-fag.de\/wordpress\/?attachment_id=49962\" class=\"wp-image-49962\" srcset=\"https:\/\/www.weber-fag.de\/wordpress\/wp-content\/uploads\/2021\/09\/2109_FAG-Luebbecke_0032.jpg 920w, https:\/\/www.weber-fag.de\/wordpress\/wp-content\/uploads\/2021\/09\/2109_FAG-Luebbecke_0032-300x200.jpg 300w, https:\/\/www.weber-fag.de\/wordpress\/wp-content\/uploads\/2021\/09\/2109_FAG-Luebbecke_0032-768x512.jpg 768w\" sizes=\"auto, (max-width: 920px) 100vw, 920px\" \/><figcaption class=\"blocks-gallery-item__caption\">Urh Kastelic (FAG)<\/figcaption><\/figure><\/li><li class=\"blocks-gallery-item\"><figure><img loading=\"lazy\" decoding=\"async\" width=\"920\" height=\"613\" src=\"https:\/\/www.weber-fag.de\/wordpress\/wp-content\/uploads\/2021\/09\/2109_FAG-Luebbecke_0033.jpg\" alt=\"\" data-id=\"49963\" data-full-url=\"https:\/\/www.weber-fag.de\/wordpress\/wp-content\/uploads\/2021\/09\/2109_FAG-Luebbecke_0033.jpg\" data-link=\"https:\/\/www.weber-fag.de\/wordpress\/?attachment_id=49963\" class=\"wp-image-49963\" srcset=\"https:\/\/www.weber-fag.de\/wordpress\/wp-content\/uploads\/2021\/09\/2109_FAG-Luebbecke_0033.jpg 920w, https:\/\/www.weber-fag.de\/wordpress\/wp-content\/uploads\/2021\/09\/2109_FAG-Luebbecke_0033-300x200.jpg 300w, https:\/\/www.weber-fag.de\/wordpress\/wp-content\/uploads\/2021\/09\/2109_FAG-Luebbecke_0033-768x512.jpg 768w\" sizes=\"auto, (max-width: 920px) 100vw, 920px\" \/><figcaption class=\"blocks-gallery-item__caption\">Axel Goller (FAG)<\/figcaption><\/figure><\/li><li class=\"blocks-gallery-item\"><figure><img loading=\"lazy\" decoding=\"async\" width=\"920\" height=\"613\" src=\"https:\/\/www.weber-fag.de\/wordpress\/wp-content\/uploads\/2021\/09\/2109_FAG-Luebbecke_0034.jpg\" alt=\"\" data-id=\"49964\" data-full-url=\"https:\/\/www.weber-fag.de\/wordpress\/wp-content\/uploads\/2021\/09\/2109_FAG-Luebbecke_0034.jpg\" data-link=\"https:\/\/www.weber-fag.de\/wordpress\/?attachment_id=49964\" class=\"wp-image-49964\" srcset=\"https:\/\/www.weber-fag.de\/wordpress\/wp-content\/uploads\/2021\/09\/2109_FAG-Luebbecke_0034.jpg 920w, https:\/\/www.weber-fag.de\/wordpress\/wp-content\/uploads\/2021\/09\/2109_FAG-Luebbecke_0034-300x200.jpg 300w, https:\/\/www.weber-fag.de\/wordpress\/wp-content\/uploads\/2021\/09\/2109_FAG-Luebbecke_0034-768x512.jpg 768w\" sizes=\"auto, (max-width: 920px) 100vw, 920px\" \/><figcaption class=\"blocks-gallery-item__caption\">Kevin Gulliksen (FAG)<\/figcaption><\/figure><\/li><li class=\"blocks-gallery-item\"><figure><img loading=\"lazy\" decoding=\"async\" width=\"920\" height=\"613\" src=\"https:\/\/www.weber-fag.de\/wordpress\/wp-content\/uploads\/2021\/09\/2109_FAG-Luebbecke_0035.jpg\" alt=\"\" data-id=\"49965\" data-full-url=\"https:\/\/www.weber-fag.de\/wordpress\/wp-content\/uploads\/2021\/09\/2109_FAG-Luebbecke_0035.jpg\" data-link=\"https:\/\/www.weber-fag.de\/wordpress\/?attachment_id=49965\" class=\"wp-image-49965\" srcset=\"https:\/\/www.weber-fag.de\/wordpress\/wp-content\/uploads\/2021\/09\/2109_FAG-Luebbecke_0035.jpg 920w, https:\/\/www.weber-fag.de\/wordpress\/wp-content\/uploads\/2021\/09\/2109_FAG-Luebbecke_0035-300x200.jpg 300w, https:\/\/www.weber-fag.de\/wordpress\/wp-content\/uploads\/2021\/09\/2109_FAG-Luebbecke_0035-768x512.jpg 768w\" sizes=\"auto, (max-width: 920px) 100vw, 920px\" \/><figcaption class=\"blocks-gallery-item__caption\">Urh Kastelic (FAG)<\/figcaption><\/figure><\/li><li class=\"blocks-gallery-item\"><figure><img loading=\"lazy\" decoding=\"async\" width=\"920\" height=\"613\" src=\"https:\/\/www.weber-fag.de\/wordpress\/wp-content\/uploads\/2021\/09\/2109_FAG-Luebbecke_0036.jpg\" alt=\"\" data-id=\"49966\" data-full-url=\"https:\/\/www.weber-fag.de\/wordpress\/wp-content\/uploads\/2021\/09\/2109_FAG-Luebbecke_0036.jpg\" data-link=\"https:\/\/www.weber-fag.de\/wordpress\/?attachment_id=49966\" class=\"wp-image-49966\" srcset=\"https:\/\/www.weber-fag.de\/wordpress\/wp-content\/uploads\/2021\/09\/2109_FAG-Luebbecke_0036.jpg 920w, https:\/\/www.weber-fag.de\/wordpress\/wp-content\/uploads\/2021\/09\/2109_FAG-Luebbecke_0036-300x200.jpg 300w, https:\/\/www.weber-fag.de\/wordpress\/wp-content\/uploads\/2021\/09\/2109_FAG-Luebbecke_0036-768x512.jpg 768w\" sizes=\"auto, (max-width: 920px) 100vw, 920px\" \/><figcaption class=\"blocks-gallery-item__caption\">Urh Kastelic (FAG)<\/figcaption><\/figure><\/li><li class=\"blocks-gallery-item\"><figure><img loading=\"lazy\" decoding=\"async\" width=\"920\" height=\"613\" src=\"https:\/\/www.weber-fag.de\/wordpress\/wp-content\/uploads\/2021\/09\/2109_FAG-Luebbecke_0037.jpg\" alt=\"\" data-id=\"49967\" data-full-url=\"https:\/\/www.weber-fag.de\/wordpress\/wp-content\/uploads\/2021\/09\/2109_FAG-Luebbecke_0037.jpg\" data-link=\"https:\/\/www.weber-fag.de\/wordpress\/?attachment_id=49967\" class=\"wp-image-49967\" srcset=\"https:\/\/www.weber-fag.de\/wordpress\/wp-content\/uploads\/2021\/09\/2109_FAG-Luebbecke_0037.jpg 920w, https:\/\/www.weber-fag.de\/wordpress\/wp-content\/uploads\/2021\/09\/2109_FAG-Luebbecke_0037-300x200.jpg 300w, https:\/\/www.weber-fag.de\/wordpress\/wp-content\/uploads\/2021\/09\/2109_FAG-Luebbecke_0037-768x512.jpg 768w\" sizes=\"auto, (max-width: 920px) 100vw, 920px\" \/><\/figure><\/li><li class=\"blocks-gallery-item\"><figure><img loading=\"lazy\" decoding=\"async\" width=\"920\" height=\"613\" src=\"https:\/\/www.weber-fag.de\/wordpress\/wp-content\/uploads\/2021\/09\/2109_FAG-Luebbecke_0038.jpg\" alt=\"\" data-id=\"49968\" data-full-url=\"https:\/\/www.weber-fag.de\/wordpress\/wp-content\/uploads\/2021\/09\/2109_FAG-Luebbecke_0038.jpg\" data-link=\"https:\/\/www.weber-fag.de\/wordpress\/?attachment_id=49968\" class=\"wp-image-49968\" srcset=\"https:\/\/www.weber-fag.de\/wordpress\/wp-content\/uploads\/2021\/09\/2109_FAG-Luebbecke_0038.jpg 920w, https:\/\/www.weber-fag.de\/wordpress\/wp-content\/uploads\/2021\/09\/2109_FAG-Luebbecke_0038-300x200.jpg 300w, https:\/\/www.weber-fag.de\/wordpress\/wp-content\/uploads\/2021\/09\/2109_FAG-Luebbecke_0038-768x512.jpg 768w\" sizes=\"auto, (max-width: 920px) 100vw, 920px\" \/><\/figure><\/li><li class=\"blocks-gallery-item\"><figure><img loading=\"lazy\" decoding=\"async\" width=\"920\" height=\"613\" src=\"https:\/\/www.weber-fag.de\/wordpress\/wp-content\/uploads\/2021\/09\/2109_FAG-Luebbecke_0039.jpg\" alt=\"\" data-id=\"49969\" data-full-url=\"https:\/\/www.weber-fag.de\/wordpress\/wp-content\/uploads\/2021\/09\/2109_FAG-Luebbecke_0039.jpg\" data-link=\"https:\/\/www.weber-fag.de\/wordpress\/?attachment_id=49969\" class=\"wp-image-49969\" srcset=\"https:\/\/www.weber-fag.de\/wordpress\/wp-content\/uploads\/2021\/09\/2109_FAG-Luebbecke_0039.jpg 920w, https:\/\/www.weber-fag.de\/wordpress\/wp-content\/uploads\/2021\/09\/2109_FAG-Luebbecke_0039-300x200.jpg 300w, https:\/\/www.weber-fag.de\/wordpress\/wp-content\/uploads\/2021\/09\/2109_FAG-Luebbecke_0039-768x512.jpg 768w\" sizes=\"auto, (max-width: 920px) 100vw, 920px\" \/><figcaption class=\"blocks-gallery-item__caption\">Tim Kneule (FAG)<\/figcaption><\/figure><\/li><li class=\"blocks-gallery-item\"><figure><img loading=\"lazy\" decoding=\"async\" width=\"920\" height=\"613\" src=\"https:\/\/www.weber-fag.de\/wordpress\/wp-content\/uploads\/2021\/09\/2109_FAG-Luebbecke_0040.jpg\" alt=\"\" data-id=\"49970\" data-full-url=\"https:\/\/www.weber-fag.de\/wordpress\/wp-content\/uploads\/2021\/09\/2109_FAG-Luebbecke_0040.jpg\" data-link=\"https:\/\/www.weber-fag.de\/wordpress\/?attachment_id=49970\" class=\"wp-image-49970\" srcset=\"https:\/\/www.weber-fag.de\/wordpress\/wp-content\/uploads\/2021\/09\/2109_FAG-Luebbecke_0040.jpg 920w, https:\/\/www.weber-fag.de\/wordpress\/wp-content\/uploads\/2021\/09\/2109_FAG-Luebbecke_0040-300x200.jpg 300w, https:\/\/www.weber-fag.de\/wordpress\/wp-content\/uploads\/2021\/09\/2109_FAG-Luebbecke_0040-768x512.jpg 768w\" sizes=\"auto, (max-width: 920px) 100vw, 920px\" \/><figcaption class=\"blocks-gallery-item__caption\">Jacob Bagersted (FAG)<\/figcaption><\/figure><\/li><li class=\"blocks-gallery-item\"><figure><img loading=\"lazy\" decoding=\"async\" width=\"920\" height=\"613\" src=\"https:\/\/www.weber-fag.de\/wordpress\/wp-content\/uploads\/2021\/09\/2109_FAG-Luebbecke_0041.jpg\" alt=\"\" data-id=\"49971\" data-full-url=\"https:\/\/www.weber-fag.de\/wordpress\/wp-content\/uploads\/2021\/09\/2109_FAG-Luebbecke_0041.jpg\" data-link=\"https:\/\/www.weber-fag.de\/wordpress\/?attachment_id=49971\" class=\"wp-image-49971\" srcset=\"https:\/\/www.weber-fag.de\/wordpress\/wp-content\/uploads\/2021\/09\/2109_FAG-Luebbecke_0041.jpg 920w, https:\/\/www.weber-fag.de\/wordpress\/wp-content\/uploads\/2021\/09\/2109_FAG-Luebbecke_0041-300x200.jpg 300w, https:\/\/www.weber-fag.de\/wordpress\/wp-content\/uploads\/2021\/09\/2109_FAG-Luebbecke_0041-768x512.jpg 768w\" sizes=\"auto, (max-width: 920px) 100vw, 920px\" \/><\/figure><\/li><li class=\"blocks-gallery-item\"><figure><img loading=\"lazy\" decoding=\"async\" width=\"920\" height=\"613\" src=\"https:\/\/www.weber-fag.de\/wordpress\/wp-content\/uploads\/2021\/09\/2109_FAG-Luebbecke_0042.jpg\" alt=\"\" data-id=\"49972\" data-full-url=\"https:\/\/www.weber-fag.de\/wordpress\/wp-content\/uploads\/2021\/09\/2109_FAG-Luebbecke_0042.jpg\" data-link=\"https:\/\/www.weber-fag.de\/wordpress\/?attachment_id=49972\" class=\"wp-image-49972\" srcset=\"https:\/\/www.weber-fag.de\/wordpress\/wp-content\/uploads\/2021\/09\/2109_FAG-Luebbecke_0042.jpg 920w, https:\/\/www.weber-fag.de\/wordpress\/wp-content\/uploads\/2021\/09\/2109_FAG-Luebbecke_0042-300x200.jpg 300w, https:\/\/www.weber-fag.de\/wordpress\/wp-content\/uploads\/2021\/09\/2109_FAG-Luebbecke_0042-768x512.jpg 768w\" sizes=\"auto, (max-width: 920px) 100vw, 920px\" \/><\/figure><\/li><li class=\"blocks-gallery-item\"><figure><img loading=\"lazy\" decoding=\"async\" width=\"920\" height=\"613\" src=\"https:\/\/www.weber-fag.de\/wordpress\/wp-content\/uploads\/2021\/09\/2109_FAG-Luebbecke_0043.jpg\" alt=\"\" data-id=\"49973\" data-full-url=\"https:\/\/www.weber-fag.de\/wordpress\/wp-content\/uploads\/2021\/09\/2109_FAG-Luebbecke_0043.jpg\" data-link=\"https:\/\/www.weber-fag.de\/wordpress\/?attachment_id=49973\" class=\"wp-image-49973\" srcset=\"https:\/\/www.weber-fag.de\/wordpress\/wp-content\/uploads\/2021\/09\/2109_FAG-Luebbecke_0043.jpg 920w, https:\/\/www.weber-fag.de\/wordpress\/wp-content\/uploads\/2021\/09\/2109_FAG-Luebbecke_0043-300x200.jpg 300w, https:\/\/www.weber-fag.de\/wordpress\/wp-content\/uploads\/2021\/09\/2109_FAG-Luebbecke_0043-768x512.jpg 768w\" sizes=\"auto, (max-width: 920px) 100vw, 920px\" \/><figcaption class=\"blocks-gallery-item__caption\">Janus Smarason (FAG)<\/figcaption><\/figure><\/li><li class=\"blocks-gallery-item\"><figure><img loading=\"lazy\" decoding=\"async\" width=\"920\" height=\"613\" src=\"https:\/\/www.weber-fag.de\/wordpress\/wp-content\/uploads\/2021\/09\/2109_FAG-Luebbecke_0044.jpg\" alt=\"\" data-id=\"49974\" data-full-url=\"https:\/\/www.weber-fag.de\/wordpress\/wp-content\/uploads\/2021\/09\/2109_FAG-Luebbecke_0044.jpg\" data-link=\"https:\/\/www.weber-fag.de\/wordpress\/?attachment_id=49974\" class=\"wp-image-49974\" srcset=\"https:\/\/www.weber-fag.de\/wordpress\/wp-content\/uploads\/2021\/09\/2109_FAG-Luebbecke_0044.jpg 920w, https:\/\/www.weber-fag.de\/wordpress\/wp-content\/uploads\/2021\/09\/2109_FAG-Luebbecke_0044-300x200.jpg 300w, https:\/\/www.weber-fag.de\/wordpress\/wp-content\/uploads\/2021\/09\/2109_FAG-Luebbecke_0044-768x512.jpg 768w\" sizes=\"auto, (max-width: 920px) 100vw, 920px\" \/><\/figure><\/li><li class=\"blocks-gallery-item\"><figure><img loading=\"lazy\" decoding=\"async\" width=\"920\" height=\"613\" src=\"https:\/\/www.weber-fag.de\/wordpress\/wp-content\/uploads\/2021\/09\/2109_FAG-Luebbecke_0045.jpg\" alt=\"\" data-id=\"49975\" data-full-url=\"https:\/\/www.weber-fag.de\/wordpress\/wp-content\/uploads\/2021\/09\/2109_FAG-Luebbecke_0045.jpg\" data-link=\"https:\/\/www.weber-fag.de\/wordpress\/?attachment_id=49975\" class=\"wp-image-49975\" srcset=\"https:\/\/www.weber-fag.de\/wordpress\/wp-content\/uploads\/2021\/09\/2109_FAG-Luebbecke_0045.jpg 920w, https:\/\/www.weber-fag.de\/wordpress\/wp-content\/uploads\/2021\/09\/2109_FAG-Luebbecke_0045-300x200.jpg 300w, https:\/\/www.weber-fag.de\/wordpress\/wp-content\/uploads\/2021\/09\/2109_FAG-Luebbecke_0045-768x512.jpg 768w\" sizes=\"auto, (max-width: 920px) 100vw, 920px\" \/><\/figure><\/li><li class=\"blocks-gallery-item\"><figure><img loading=\"lazy\" decoding=\"async\" width=\"920\" height=\"613\" src=\"https:\/\/www.weber-fag.de\/wordpress\/wp-content\/uploads\/2021\/09\/2109_FAG-Luebbecke_0046.jpg\" alt=\"\" data-id=\"49976\" data-full-url=\"https:\/\/www.weber-fag.de\/wordpress\/wp-content\/uploads\/2021\/09\/2109_FAG-Luebbecke_0046.jpg\" data-link=\"https:\/\/www.weber-fag.de\/wordpress\/?attachment_id=49976\" class=\"wp-image-49976\" srcset=\"https:\/\/www.weber-fag.de\/wordpress\/wp-content\/uploads\/2021\/09\/2109_FAG-Luebbecke_0046.jpg 920w, https:\/\/www.weber-fag.de\/wordpress\/wp-content\/uploads\/2021\/09\/2109_FAG-Luebbecke_0046-300x200.jpg 300w, https:\/\/www.weber-fag.de\/wordpress\/wp-content\/uploads\/2021\/09\/2109_FAG-Luebbecke_0046-768x512.jpg 768w\" sizes=\"auto, (max-width: 920px) 100vw, 920px\" \/><\/figure><\/li><li class=\"blocks-gallery-item\"><figure><img loading=\"lazy\" decoding=\"async\" width=\"920\" height=\"613\" src=\"https:\/\/www.weber-fag.de\/wordpress\/wp-content\/uploads\/2021\/09\/2109_FAG-Luebbecke_0047.jpg\" alt=\"\" data-id=\"49977\" data-full-url=\"https:\/\/www.weber-fag.de\/wordpress\/wp-content\/uploads\/2021\/09\/2109_FAG-Luebbecke_0047.jpg\" data-link=\"https:\/\/www.weber-fag.de\/wordpress\/?attachment_id=49977\" class=\"wp-image-49977\" srcset=\"https:\/\/www.weber-fag.de\/wordpress\/wp-content\/uploads\/2021\/09\/2109_FAG-Luebbecke_0047.jpg 920w, https:\/\/www.weber-fag.de\/wordpress\/wp-content\/uploads\/2021\/09\/2109_FAG-Luebbecke_0047-300x200.jpg 300w, https:\/\/www.weber-fag.de\/wordpress\/wp-content\/uploads\/2021\/09\/2109_FAG-Luebbecke_0047-768x512.jpg 768w\" sizes=\"auto, (max-width: 920px) 100vw, 920px\" \/><\/figure><\/li><li class=\"blocks-gallery-item\"><figure><img loading=\"lazy\" decoding=\"async\" width=\"920\" height=\"613\" src=\"https:\/\/www.weber-fag.de\/wordpress\/wp-content\/uploads\/2021\/09\/2109_FAG-Luebbecke_0048.jpg\" alt=\"\" data-id=\"49978\" data-full-url=\"https:\/\/www.weber-fag.de\/wordpress\/wp-content\/uploads\/2021\/09\/2109_FAG-Luebbecke_0048.jpg\" data-link=\"https:\/\/www.weber-fag.de\/wordpress\/?attachment_id=49978\" class=\"wp-image-49978\" srcset=\"https:\/\/www.weber-fag.de\/wordpress\/wp-content\/uploads\/2021\/09\/2109_FAG-Luebbecke_0048.jpg 920w, https:\/\/www.weber-fag.de\/wordpress\/wp-content\/uploads\/2021\/09\/2109_FAG-Luebbecke_0048-300x200.jpg 300w, https:\/\/www.weber-fag.de\/wordpress\/wp-content\/uploads\/2021\/09\/2109_FAG-Luebbecke_0048-768x512.jpg 768w\" sizes=\"auto, (max-width: 920px) 100vw, 920px\" \/><\/figure><\/li><li class=\"blocks-gallery-item\"><figure><img loading=\"lazy\" decoding=\"async\" width=\"920\" height=\"613\" src=\"https:\/\/www.weber-fag.de\/wordpress\/wp-content\/uploads\/2021\/09\/2109_FAG-Luebbecke_0049.jpg\" alt=\"\" data-id=\"49979\" data-full-url=\"https:\/\/www.weber-fag.de\/wordpress\/wp-content\/uploads\/2021\/09\/2109_FAG-Luebbecke_0049.jpg\" data-link=\"https:\/\/www.weber-fag.de\/wordpress\/?attachment_id=49979\" class=\"wp-image-49979\" srcset=\"https:\/\/www.weber-fag.de\/wordpress\/wp-content\/uploads\/2021\/09\/2109_FAG-Luebbecke_0049.jpg 920w, https:\/\/www.weber-fag.de\/wordpress\/wp-content\/uploads\/2021\/09\/2109_FAG-Luebbecke_0049-300x200.jpg 300w, https:\/\/www.weber-fag.de\/wordpress\/wp-content\/uploads\/2021\/09\/2109_FAG-Luebbecke_0049-768x512.jpg 768w\" sizes=\"auto, (max-width: 920px) 100vw, 920px\" \/><figcaption class=\"blocks-gallery-item__caption\">Jon Lindenchrone Andersen (FAG)<\/figcaption><\/figure><\/li><li class=\"blocks-gallery-item\"><figure><img loading=\"lazy\" decoding=\"async\" width=\"920\" height=\"613\" src=\"https:\/\/www.weber-fag.de\/wordpress\/wp-content\/uploads\/2021\/09\/2109_FAG-Luebbecke_0050.jpg\" alt=\"\" data-id=\"49980\" data-full-url=\"https:\/\/www.weber-fag.de\/wordpress\/wp-content\/uploads\/2021\/09\/2109_FAG-Luebbecke_0050.jpg\" data-link=\"https:\/\/www.weber-fag.de\/wordpress\/?attachment_id=49980\" class=\"wp-image-49980\" srcset=\"https:\/\/www.weber-fag.de\/wordpress\/wp-content\/uploads\/2021\/09\/2109_FAG-Luebbecke_0050.jpg 920w, https:\/\/www.weber-fag.de\/wordpress\/wp-content\/uploads\/2021\/09\/2109_FAG-Luebbecke_0050-300x200.jpg 300w, https:\/\/www.weber-fag.de\/wordpress\/wp-content\/uploads\/2021\/09\/2109_FAG-Luebbecke_0050-768x512.jpg 768w\" sizes=\"auto, (max-width: 920px) 100vw, 920px\" \/><\/figure><\/li><li class=\"blocks-gallery-item\"><figure><img loading=\"lazy\" decoding=\"async\" width=\"920\" height=\"613\" src=\"https:\/\/www.weber-fag.de\/wordpress\/wp-content\/uploads\/2021\/09\/2109_FAG-Luebbecke_0051.jpg\" alt=\"\" data-id=\"49981\" data-full-url=\"https:\/\/www.weber-fag.de\/wordpress\/wp-content\/uploads\/2021\/09\/2109_FAG-Luebbecke_0051.jpg\" data-link=\"https:\/\/www.weber-fag.de\/wordpress\/?attachment_id=49981\" class=\"wp-image-49981\" srcset=\"https:\/\/www.weber-fag.de\/wordpress\/wp-content\/uploads\/2021\/09\/2109_FAG-Luebbecke_0051.jpg 920w, https:\/\/www.weber-fag.de\/wordpress\/wp-content\/uploads\/2021\/09\/2109_FAG-Luebbecke_0051-300x200.jpg 300w, https:\/\/www.weber-fag.de\/wordpress\/wp-content\/uploads\/2021\/09\/2109_FAG-Luebbecke_0051-768x512.jpg 768w\" sizes=\"auto, (max-width: 920px) 100vw, 920px\" \/><\/figure><\/li><li class=\"blocks-gallery-item\"><figure><img loading=\"lazy\" decoding=\"async\" width=\"920\" height=\"613\" src=\"https:\/\/www.weber-fag.de\/wordpress\/wp-content\/uploads\/2021\/09\/2109_FAG-Luebbecke_0052.jpg\" alt=\"\" data-id=\"49982\" data-full-url=\"https:\/\/www.weber-fag.de\/wordpress\/wp-content\/uploads\/2021\/09\/2109_FAG-Luebbecke_0052.jpg\" data-link=\"https:\/\/www.weber-fag.de\/wordpress\/?attachment_id=49982\" class=\"wp-image-49982\" srcset=\"https:\/\/www.weber-fag.de\/wordpress\/wp-content\/uploads\/2021\/09\/2109_FAG-Luebbecke_0052.jpg 920w, https:\/\/www.weber-fag.de\/wordpress\/wp-content\/uploads\/2021\/09\/2109_FAG-Luebbecke_0052-300x200.jpg 300w, https:\/\/www.weber-fag.de\/wordpress\/wp-content\/uploads\/2021\/09\/2109_FAG-Luebbecke_0052-768x512.jpg 768w\" sizes=\"auto, (max-width: 920px) 100vw, 920px\" \/><figcaption class=\"blocks-gallery-item__caption\">Kevin Gulliksen (FAG)<\/figcaption><\/figure><\/li><li class=\"blocks-gallery-item\"><figure><img loading=\"lazy\" decoding=\"async\" width=\"920\" height=\"613\" src=\"https:\/\/www.weber-fag.de\/wordpress\/wp-content\/uploads\/2021\/09\/2109_FAG-Luebbecke_0053.jpg\" alt=\"\" data-id=\"49983\" data-full-url=\"https:\/\/www.weber-fag.de\/wordpress\/wp-content\/uploads\/2021\/09\/2109_FAG-Luebbecke_0053.jpg\" data-link=\"https:\/\/www.weber-fag.de\/wordpress\/?attachment_id=49983\" class=\"wp-image-49983\" srcset=\"https:\/\/www.weber-fag.de\/wordpress\/wp-content\/uploads\/2021\/09\/2109_FAG-Luebbecke_0053.jpg 920w, https:\/\/www.weber-fag.de\/wordpress\/wp-content\/uploads\/2021\/09\/2109_FAG-Luebbecke_0053-300x200.jpg 300w, https:\/\/www.weber-fag.de\/wordpress\/wp-content\/uploads\/2021\/09\/2109_FAG-Luebbecke_0053-768x512.jpg 768w\" sizes=\"auto, (max-width: 920px) 100vw, 920px\" \/><\/figure><\/li><li class=\"blocks-gallery-item\"><figure><img loading=\"lazy\" decoding=\"async\" width=\"920\" height=\"613\" src=\"https:\/\/www.weber-fag.de\/wordpress\/wp-content\/uploads\/2021\/09\/2109_FAG-Luebbecke_0054.jpg\" alt=\"\" data-id=\"49984\" data-full-url=\"https:\/\/www.weber-fag.de\/wordpress\/wp-content\/uploads\/2021\/09\/2109_FAG-Luebbecke_0054.jpg\" data-link=\"https:\/\/www.weber-fag.de\/wordpress\/?attachment_id=49984\" class=\"wp-image-49984\" srcset=\"https:\/\/www.weber-fag.de\/wordpress\/wp-content\/uploads\/2021\/09\/2109_FAG-Luebbecke_0054.jpg 920w, https:\/\/www.weber-fag.de\/wordpress\/wp-content\/uploads\/2021\/09\/2109_FAG-Luebbecke_0054-300x200.jpg 300w, https:\/\/www.weber-fag.de\/wordpress\/wp-content\/uploads\/2021\/09\/2109_FAG-Luebbecke_0054-768x512.jpg 768w\" sizes=\"auto, (max-width: 920px) 100vw, 920px\" \/><\/figure><\/li><li class=\"blocks-gallery-item\"><figure><img loading=\"lazy\" decoding=\"async\" width=\"920\" height=\"613\" src=\"https:\/\/www.weber-fag.de\/wordpress\/wp-content\/uploads\/2021\/09\/2109_FAG-Luebbecke_0055.jpg\" alt=\"\" data-id=\"49985\" data-full-url=\"https:\/\/www.weber-fag.de\/wordpress\/wp-content\/uploads\/2021\/09\/2109_FAG-Luebbecke_0055.jpg\" data-link=\"https:\/\/www.weber-fag.de\/wordpress\/?attachment_id=49985\" class=\"wp-image-49985\" srcset=\"https:\/\/www.weber-fag.de\/wordpress\/wp-content\/uploads\/2021\/09\/2109_FAG-Luebbecke_0055.jpg 920w, https:\/\/www.weber-fag.de\/wordpress\/wp-content\/uploads\/2021\/09\/2109_FAG-Luebbecke_0055-300x200.jpg 300w, https:\/\/www.weber-fag.de\/wordpress\/wp-content\/uploads\/2021\/09\/2109_FAG-Luebbecke_0055-768x512.jpg 768w\" sizes=\"auto, (max-width: 920px) 100vw, 920px\" \/><\/figure><\/li><li class=\"blocks-gallery-item\"><figure><img loading=\"lazy\" decoding=\"async\" width=\"920\" height=\"613\" src=\"https:\/\/www.weber-fag.de\/wordpress\/wp-content\/uploads\/2021\/09\/2109_FAG-Luebbecke_0056.jpg\" alt=\"\" data-id=\"49986\" data-full-url=\"https:\/\/www.weber-fag.de\/wordpress\/wp-content\/uploads\/2021\/09\/2109_FAG-Luebbecke_0056.jpg\" data-link=\"https:\/\/www.weber-fag.de\/wordpress\/?attachment_id=49986\" class=\"wp-image-49986\" srcset=\"https:\/\/www.weber-fag.de\/wordpress\/wp-content\/uploads\/2021\/09\/2109_FAG-Luebbecke_0056.jpg 920w, https:\/\/www.weber-fag.de\/wordpress\/wp-content\/uploads\/2021\/09\/2109_FAG-Luebbecke_0056-300x200.jpg 300w, https:\/\/www.weber-fag.de\/wordpress\/wp-content\/uploads\/2021\/09\/2109_FAG-Luebbecke_0056-768x512.jpg 768w\" sizes=\"auto, (max-width: 920px) 100vw, 920px\" \/><\/figure><\/li><li class=\"blocks-gallery-item\"><figure><img loading=\"lazy\" decoding=\"async\" width=\"920\" height=\"613\" src=\"https:\/\/www.weber-fag.de\/wordpress\/wp-content\/uploads\/2021\/09\/2109_FAG-Luebbecke_0057.jpg\" alt=\"\" data-id=\"49987\" data-full-url=\"https:\/\/www.weber-fag.de\/wordpress\/wp-content\/uploads\/2021\/09\/2109_FAG-Luebbecke_0057.jpg\" data-link=\"https:\/\/www.weber-fag.de\/wordpress\/?attachment_id=49987\" class=\"wp-image-49987\" srcset=\"https:\/\/www.weber-fag.de\/wordpress\/wp-content\/uploads\/2021\/09\/2109_FAG-Luebbecke_0057.jpg 920w, https:\/\/www.weber-fag.de\/wordpress\/wp-content\/uploads\/2021\/09\/2109_FAG-Luebbecke_0057-300x200.jpg 300w, https:\/\/www.weber-fag.de\/wordpress\/wp-content\/uploads\/2021\/09\/2109_FAG-Luebbecke_0057-768x512.jpg 768w\" sizes=\"auto, (max-width: 920px) 100vw, 920px\" \/><\/figure><\/li><li class=\"blocks-gallery-item\"><figure><img loading=\"lazy\" decoding=\"async\" width=\"920\" height=\"613\" src=\"https:\/\/www.weber-fag.de\/wordpress\/wp-content\/uploads\/2021\/09\/2109_FAG-Luebbecke_0058.jpg\" alt=\"\" data-id=\"49988\" data-full-url=\"https:\/\/www.weber-fag.de\/wordpress\/wp-content\/uploads\/2021\/09\/2109_FAG-Luebbecke_0058.jpg\" data-link=\"https:\/\/www.weber-fag.de\/wordpress\/?attachment_id=49988\" class=\"wp-image-49988\" srcset=\"https:\/\/www.weber-fag.de\/wordpress\/wp-content\/uploads\/2021\/09\/2109_FAG-Luebbecke_0058.jpg 920w, https:\/\/www.weber-fag.de\/wordpress\/wp-content\/uploads\/2021\/09\/2109_FAG-Luebbecke_0058-300x200.jpg 300w, https:\/\/www.weber-fag.de\/wordpress\/wp-content\/uploads\/2021\/09\/2109_FAG-Luebbecke_0058-768x512.jpg 768w\" sizes=\"auto, (max-width: 920px) 100vw, 920px\" \/><\/figure><\/li><li class=\"blocks-gallery-item\"><figure><img loading=\"lazy\" decoding=\"async\" width=\"920\" height=\"613\" src=\"https:\/\/www.weber-fag.de\/wordpress\/wp-content\/uploads\/2021\/09\/2109_FAG-Luebbecke_0059.jpg\" alt=\"\" data-id=\"49989\" data-full-url=\"https:\/\/www.weber-fag.de\/wordpress\/wp-content\/uploads\/2021\/09\/2109_FAG-Luebbecke_0059.jpg\" data-link=\"https:\/\/www.weber-fag.de\/wordpress\/?attachment_id=49989\" class=\"wp-image-49989\" srcset=\"https:\/\/www.weber-fag.de\/wordpress\/wp-content\/uploads\/2021\/09\/2109_FAG-Luebbecke_0059.jpg 920w, https:\/\/www.weber-fag.de\/wordpress\/wp-content\/uploads\/2021\/09\/2109_FAG-Luebbecke_0059-300x200.jpg 300w, https:\/\/www.weber-fag.de\/wordpress\/wp-content\/uploads\/2021\/09\/2109_FAG-Luebbecke_0059-768x512.jpg 768w\" sizes=\"auto, (max-width: 920px) 100vw, 920px\" \/><\/figure><\/li><li class=\"blocks-gallery-item\"><figure><img loading=\"lazy\" decoding=\"async\" width=\"920\" height=\"613\" src=\"https:\/\/www.weber-fag.de\/wordpress\/wp-content\/uploads\/2021\/09\/2109_FAG-Luebbecke_0060.jpg\" alt=\"\" data-id=\"49990\" data-full-url=\"https:\/\/www.weber-fag.de\/wordpress\/wp-content\/uploads\/2021\/09\/2109_FAG-Luebbecke_0060.jpg\" data-link=\"https:\/\/www.weber-fag.de\/wordpress\/?attachment_id=49990\" class=\"wp-image-49990\" srcset=\"https:\/\/www.weber-fag.de\/wordpress\/wp-content\/uploads\/2021\/09\/2109_FAG-Luebbecke_0060.jpg 920w, https:\/\/www.weber-fag.de\/wordpress\/wp-content\/uploads\/2021\/09\/2109_FAG-Luebbecke_0060-300x200.jpg 300w, https:\/\/www.weber-fag.de\/wordpress\/wp-content\/uploads\/2021\/09\/2109_FAG-Luebbecke_0060-768x512.jpg 768w\" sizes=\"auto, (max-width: 920px) 100vw, 920px\" \/><\/figure><\/li><li class=\"blocks-gallery-item\"><figure><img loading=\"lazy\" decoding=\"async\" width=\"920\" height=\"613\" src=\"https:\/\/www.weber-fag.de\/wordpress\/wp-content\/uploads\/2021\/09\/2109_FAG-Luebbecke_0061.jpg\" alt=\"\" data-id=\"49991\" data-full-url=\"https:\/\/www.weber-fag.de\/wordpress\/wp-content\/uploads\/2021\/09\/2109_FAG-Luebbecke_0061.jpg\" data-link=\"https:\/\/www.weber-fag.de\/wordpress\/?attachment_id=49991\" class=\"wp-image-49991\" srcset=\"https:\/\/www.weber-fag.de\/wordpress\/wp-content\/uploads\/2021\/09\/2109_FAG-Luebbecke_0061.jpg 920w, https:\/\/www.weber-fag.de\/wordpress\/wp-content\/uploads\/2021\/09\/2109_FAG-Luebbecke_0061-300x200.jpg 300w, https:\/\/www.weber-fag.de\/wordpress\/wp-content\/uploads\/2021\/09\/2109_FAG-Luebbecke_0061-768x512.jpg 768w\" sizes=\"auto, (max-width: 920px) 100vw, 920px\" \/><figcaption class=\"blocks-gallery-item__caption\">Marcel Schiller (FAG)<\/figcaption><\/figure><\/li><li class=\"blocks-gallery-item\"><figure><img loading=\"lazy\" decoding=\"async\" width=\"920\" height=\"613\" src=\"https:\/\/www.weber-fag.de\/wordpress\/wp-content\/uploads\/2021\/09\/2109_FAG-Luebbecke_0062.jpg\" alt=\"\" data-id=\"49992\" data-full-url=\"https:\/\/www.weber-fag.de\/wordpress\/wp-content\/uploads\/2021\/09\/2109_FAG-Luebbecke_0062.jpg\" data-link=\"https:\/\/www.weber-fag.de\/wordpress\/?attachment_id=49992\" class=\"wp-image-49992\" srcset=\"https:\/\/www.weber-fag.de\/wordpress\/wp-content\/uploads\/2021\/09\/2109_FAG-Luebbecke_0062.jpg 920w, https:\/\/www.weber-fag.de\/wordpress\/wp-content\/uploads\/2021\/09\/2109_FAG-Luebbecke_0062-300x200.jpg 300w, https:\/\/www.weber-fag.de\/wordpress\/wp-content\/uploads\/2021\/09\/2109_FAG-Luebbecke_0062-768x512.jpg 768w\" sizes=\"auto, (max-width: 920px) 100vw, 920px\" \/><figcaption class=\"blocks-gallery-item__caption\">Marcel Schiller (FAG)<\/figcaption><\/figure><\/li><li class=\"blocks-gallery-item\"><figure><img loading=\"lazy\" decoding=\"async\" width=\"920\" height=\"613\" src=\"https:\/\/www.weber-fag.de\/wordpress\/wp-content\/uploads\/2021\/09\/2109_FAG-Luebbecke_0063.jpg\" alt=\"\" data-id=\"49993\" data-full-url=\"https:\/\/www.weber-fag.de\/wordpress\/wp-content\/uploads\/2021\/09\/2109_FAG-Luebbecke_0063.jpg\" data-link=\"https:\/\/www.weber-fag.de\/wordpress\/?attachment_id=49993\" class=\"wp-image-49993\" srcset=\"https:\/\/www.weber-fag.de\/wordpress\/wp-content\/uploads\/2021\/09\/2109_FAG-Luebbecke_0063.jpg 920w, https:\/\/www.weber-fag.de\/wordpress\/wp-content\/uploads\/2021\/09\/2109_FAG-Luebbecke_0063-300x200.jpg 300w, https:\/\/www.weber-fag.de\/wordpress\/wp-content\/uploads\/2021\/09\/2109_FAG-Luebbecke_0063-768x512.jpg 768w\" sizes=\"auto, (max-width: 920px) 100vw, 920px\" \/><figcaption class=\"blocks-gallery-item__caption\">Marcel Schiller (FAG)<\/figcaption><\/figure><\/li><li class=\"blocks-gallery-item\"><figure><img loading=\"lazy\" decoding=\"async\" width=\"920\" height=\"613\" src=\"https:\/\/www.weber-fag.de\/wordpress\/wp-content\/uploads\/2021\/09\/2109_FAG-Luebbecke_0064.jpg\" alt=\"\" data-id=\"49994\" data-full-url=\"https:\/\/www.weber-fag.de\/wordpress\/wp-content\/uploads\/2021\/09\/2109_FAG-Luebbecke_0064.jpg\" data-link=\"https:\/\/www.weber-fag.de\/wordpress\/?attachment_id=49994\" class=\"wp-image-49994\" srcset=\"https:\/\/www.weber-fag.de\/wordpress\/wp-content\/uploads\/2021\/09\/2109_FAG-Luebbecke_0064.jpg 920w, https:\/\/www.weber-fag.de\/wordpress\/wp-content\/uploads\/2021\/09\/2109_FAG-Luebbecke_0064-300x200.jpg 300w, https:\/\/www.weber-fag.de\/wordpress\/wp-content\/uploads\/2021\/09\/2109_FAG-Luebbecke_0064-768x512.jpg 768w\" sizes=\"auto, (max-width: 920px) 100vw, 920px\" \/><figcaption class=\"blocks-gallery-item__caption\">Marcel Schiller (FAG)<\/figcaption><\/figure><\/li><li class=\"blocks-gallery-item\"><figure><img loading=\"lazy\" decoding=\"async\" width=\"920\" height=\"613\" src=\"https:\/\/www.weber-fag.de\/wordpress\/wp-content\/uploads\/2021\/09\/2109_FAG-Luebbecke_0065.jpg\" alt=\"\" data-id=\"49995\" data-full-url=\"https:\/\/www.weber-fag.de\/wordpress\/wp-content\/uploads\/2021\/09\/2109_FAG-Luebbecke_0065.jpg\" data-link=\"https:\/\/www.weber-fag.de\/wordpress\/?attachment_id=49995\" class=\"wp-image-49995\" srcset=\"https:\/\/www.weber-fag.de\/wordpress\/wp-content\/uploads\/2021\/09\/2109_FAG-Luebbecke_0065.jpg 920w, https:\/\/www.weber-fag.de\/wordpress\/wp-content\/uploads\/2021\/09\/2109_FAG-Luebbecke_0065-300x200.jpg 300w, https:\/\/www.weber-fag.de\/wordpress\/wp-content\/uploads\/2021\/09\/2109_FAG-Luebbecke_0065-768x512.jpg 768w\" sizes=\"auto, (max-width: 920px) 100vw, 920px\" \/><figcaption class=\"blocks-gallery-item__caption\">Marcel Schiller (FAG)<\/figcaption><\/figure><\/li><li class=\"blocks-gallery-item\"><figure><img loading=\"lazy\" decoding=\"async\" width=\"920\" height=\"613\" src=\"https:\/\/www.weber-fag.de\/wordpress\/wp-content\/uploads\/2021\/09\/2109_FAG-Luebbecke_0066.jpg\" alt=\"\" data-id=\"49996\" data-full-url=\"https:\/\/www.weber-fag.de\/wordpress\/wp-content\/uploads\/2021\/09\/2109_FAG-Luebbecke_0066.jpg\" data-link=\"https:\/\/www.weber-fag.de\/wordpress\/?attachment_id=49996\" class=\"wp-image-49996\" srcset=\"https:\/\/www.weber-fag.de\/wordpress\/wp-content\/uploads\/2021\/09\/2109_FAG-Luebbecke_0066.jpg 920w, https:\/\/www.weber-fag.de\/wordpress\/wp-content\/uploads\/2021\/09\/2109_FAG-Luebbecke_0066-300x200.jpg 300w, https:\/\/www.weber-fag.de\/wordpress\/wp-content\/uploads\/2021\/09\/2109_FAG-Luebbecke_0066-768x512.jpg 768w\" sizes=\"auto, (max-width: 920px) 100vw, 920px\" \/><\/figure><\/li><li class=\"blocks-gallery-item\"><figure><img loading=\"lazy\" decoding=\"async\" width=\"920\" height=\"613\" src=\"https:\/\/www.weber-fag.de\/wordpress\/wp-content\/uploads\/2021\/09\/2109_FAG-Luebbecke_0067.jpg\" alt=\"\" data-id=\"49997\" data-full-url=\"https:\/\/www.weber-fag.de\/wordpress\/wp-content\/uploads\/2021\/09\/2109_FAG-Luebbecke_0067.jpg\" data-link=\"https:\/\/www.weber-fag.de\/wordpress\/?attachment_id=49997\" class=\"wp-image-49997\" srcset=\"https:\/\/www.weber-fag.de\/wordpress\/wp-content\/uploads\/2021\/09\/2109_FAG-Luebbecke_0067.jpg 920w, https:\/\/www.weber-fag.de\/wordpress\/wp-content\/uploads\/2021\/09\/2109_FAG-Luebbecke_0067-300x200.jpg 300w, https:\/\/www.weber-fag.de\/wordpress\/wp-content\/uploads\/2021\/09\/2109_FAG-Luebbecke_0067-768x512.jpg 768w\" sizes=\"auto, (max-width: 920px) 100vw, 920px\" \/><figcaption class=\"blocks-gallery-item__caption\">Daniel Rebmann (FAG); Jon Lindenchrone Andersen (FAG)<\/figcaption><\/figure><\/li><li class=\"blocks-gallery-item\"><figure><img loading=\"lazy\" decoding=\"async\" width=\"920\" height=\"613\" src=\"https:\/\/www.weber-fag.de\/wordpress\/wp-content\/uploads\/2021\/09\/2109_FAG-Luebbecke_0068.jpg\" alt=\"\" data-id=\"49998\" data-full-url=\"https:\/\/www.weber-fag.de\/wordpress\/wp-content\/uploads\/2021\/09\/2109_FAG-Luebbecke_0068.jpg\" data-link=\"https:\/\/www.weber-fag.de\/wordpress\/?attachment_id=49998\" class=\"wp-image-49998\" srcset=\"https:\/\/www.weber-fag.de\/wordpress\/wp-content\/uploads\/2021\/09\/2109_FAG-Luebbecke_0068.jpg 920w, https:\/\/www.weber-fag.de\/wordpress\/wp-content\/uploads\/2021\/09\/2109_FAG-Luebbecke_0068-300x200.jpg 300w, https:\/\/www.weber-fag.de\/wordpress\/wp-content\/uploads\/2021\/09\/2109_FAG-Luebbecke_0068-768x512.jpg 768w\" sizes=\"auto, (max-width: 920px) 100vw, 920px\" \/><\/figure><\/li><li class=\"blocks-gallery-item\"><figure><img loading=\"lazy\" decoding=\"async\" width=\"920\" height=\"613\" src=\"https:\/\/www.weber-fag.de\/wordpress\/wp-content\/uploads\/2021\/09\/2109_FAG-Luebbecke_0069.jpg\" alt=\"\" data-id=\"49999\" data-full-url=\"https:\/\/www.weber-fag.de\/wordpress\/wp-content\/uploads\/2021\/09\/2109_FAG-Luebbecke_0069.jpg\" data-link=\"https:\/\/www.weber-fag.de\/wordpress\/?attachment_id=49999\" class=\"wp-image-49999\" srcset=\"https:\/\/www.weber-fag.de\/wordpress\/wp-content\/uploads\/2021\/09\/2109_FAG-Luebbecke_0069.jpg 920w, https:\/\/www.weber-fag.de\/wordpress\/wp-content\/uploads\/2021\/09\/2109_FAG-Luebbecke_0069-300x200.jpg 300w, https:\/\/www.weber-fag.de\/wordpress\/wp-content\/uploads\/2021\/09\/2109_FAG-Luebbecke_0069-768x512.jpg 768w\" sizes=\"auto, (max-width: 920px) 100vw, 920px\" \/><\/figure><\/li><li class=\"blocks-gallery-item\"><figure><img loading=\"lazy\" decoding=\"async\" width=\"920\" height=\"613\" src=\"https:\/\/www.weber-fag.de\/wordpress\/wp-content\/uploads\/2021\/09\/2109_FAG-Luebbecke_0070.jpg\" alt=\"\" data-id=\"50000\" data-full-url=\"https:\/\/www.weber-fag.de\/wordpress\/wp-content\/uploads\/2021\/09\/2109_FAG-Luebbecke_0070.jpg\" data-link=\"https:\/\/www.weber-fag.de\/wordpress\/?attachment_id=50000\" class=\"wp-image-50000\" srcset=\"https:\/\/www.weber-fag.de\/wordpress\/wp-content\/uploads\/2021\/09\/2109_FAG-Luebbecke_0070.jpg 920w, https:\/\/www.weber-fag.de\/wordpress\/wp-content\/uploads\/2021\/09\/2109_FAG-Luebbecke_0070-300x200.jpg 300w, https:\/\/www.weber-fag.de\/wordpress\/wp-content\/uploads\/2021\/09\/2109_FAG-Luebbecke_0070-768x512.jpg 768w\" sizes=\"auto, (max-width: 920px) 100vw, 920px\" \/><\/figure><\/li><li class=\"blocks-gallery-item\"><figure><img loading=\"lazy\" decoding=\"async\" width=\"920\" height=\"613\" src=\"https:\/\/www.weber-fag.de\/wordpress\/wp-content\/uploads\/2021\/09\/2109_FAG-Luebbecke_0071.jpg\" alt=\"\" data-id=\"50001\" data-full-url=\"https:\/\/www.weber-fag.de\/wordpress\/wp-content\/uploads\/2021\/09\/2109_FAG-Luebbecke_0071.jpg\" data-link=\"https:\/\/www.weber-fag.de\/wordpress\/?attachment_id=50001\" class=\"wp-image-50001\" srcset=\"https:\/\/www.weber-fag.de\/wordpress\/wp-content\/uploads\/2021\/09\/2109_FAG-Luebbecke_0071.jpg 920w, https:\/\/www.weber-fag.de\/wordpress\/wp-content\/uploads\/2021\/09\/2109_FAG-Luebbecke_0071-300x200.jpg 300w, https:\/\/www.weber-fag.de\/wordpress\/wp-content\/uploads\/2021\/09\/2109_FAG-Luebbecke_0071-768x512.jpg 768w\" sizes=\"auto, (max-width: 920px) 100vw, 920px\" \/><figcaption class=\"blocks-gallery-item__caption\">Janus Smarason (FAG)<\/figcaption><\/figure><\/li><li class=\"blocks-gallery-item\"><figure><img loading=\"lazy\" decoding=\"async\" width=\"920\" height=\"613\" src=\"https:\/\/www.weber-fag.de\/wordpress\/wp-content\/uploads\/2021\/09\/2109_FAG-Luebbecke_0072.jpg\" alt=\"\" data-id=\"50002\" data-full-url=\"https:\/\/www.weber-fag.de\/wordpress\/wp-content\/uploads\/2021\/09\/2109_FAG-Luebbecke_0072.jpg\" data-link=\"https:\/\/www.weber-fag.de\/wordpress\/?attachment_id=50002\" class=\"wp-image-50002\" srcset=\"https:\/\/www.weber-fag.de\/wordpress\/wp-content\/uploads\/2021\/09\/2109_FAG-Luebbecke_0072.jpg 920w, https:\/\/www.weber-fag.de\/wordpress\/wp-content\/uploads\/2021\/09\/2109_FAG-Luebbecke_0072-300x200.jpg 300w, https:\/\/www.weber-fag.de\/wordpress\/wp-content\/uploads\/2021\/09\/2109_FAG-Luebbecke_0072-768x512.jpg 768w\" sizes=\"auto, (max-width: 920px) 100vw, 920px\" \/><\/figure><\/li><li class=\"blocks-gallery-item\"><figure><img loading=\"lazy\" decoding=\"async\" width=\"920\" height=\"613\" src=\"https:\/\/www.weber-fag.de\/wordpress\/wp-content\/uploads\/2021\/09\/2109_FAG-Luebbecke_0073.jpg\" alt=\"\" data-id=\"50003\" data-full-url=\"https:\/\/www.weber-fag.de\/wordpress\/wp-content\/uploads\/2021\/09\/2109_FAG-Luebbecke_0073.jpg\" data-link=\"https:\/\/www.weber-fag.de\/wordpress\/?attachment_id=50003\" class=\"wp-image-50003\" srcset=\"https:\/\/www.weber-fag.de\/wordpress\/wp-content\/uploads\/2021\/09\/2109_FAG-Luebbecke_0073.jpg 920w, https:\/\/www.weber-fag.de\/wordpress\/wp-content\/uploads\/2021\/09\/2109_FAG-Luebbecke_0073-300x200.jpg 300w, https:\/\/www.weber-fag.de\/wordpress\/wp-content\/uploads\/2021\/09\/2109_FAG-Luebbecke_0073-768x512.jpg 768w\" sizes=\"auto, (max-width: 920px) 100vw, 920px\" \/><\/figure><\/li><li class=\"blocks-gallery-item\"><figure><img loading=\"lazy\" decoding=\"async\" width=\"920\" height=\"613\" src=\"https:\/\/www.weber-fag.de\/wordpress\/wp-content\/uploads\/2021\/09\/2109_FAG-Luebbecke_0074.jpg\" alt=\"\" data-id=\"50004\" data-full-url=\"https:\/\/www.weber-fag.de\/wordpress\/wp-content\/uploads\/2021\/09\/2109_FAG-Luebbecke_0074.jpg\" data-link=\"https:\/\/www.weber-fag.de\/wordpress\/?attachment_id=50004\" class=\"wp-image-50004\" srcset=\"https:\/\/www.weber-fag.de\/wordpress\/wp-content\/uploads\/2021\/09\/2109_FAG-Luebbecke_0074.jpg 920w, https:\/\/www.weber-fag.de\/wordpress\/wp-content\/uploads\/2021\/09\/2109_FAG-Luebbecke_0074-300x200.jpg 300w, https:\/\/www.weber-fag.de\/wordpress\/wp-content\/uploads\/2021\/09\/2109_FAG-Luebbecke_0074-768x512.jpg 768w\" sizes=\"auto, (max-width: 920px) 100vw, 920px\" \/><figcaption class=\"blocks-gallery-item__caption\">Kresimir Kozina (FAG)<\/figcaption><\/figure><\/li><li class=\"blocks-gallery-item\"><figure><img loading=\"lazy\" decoding=\"async\" width=\"920\" height=\"613\" src=\"https:\/\/www.weber-fag.de\/wordpress\/wp-content\/uploads\/2021\/09\/2109_FAG-Luebbecke_0076.jpg\" alt=\"\" data-id=\"50005\" data-full-url=\"https:\/\/www.weber-fag.de\/wordpress\/wp-content\/uploads\/2021\/09\/2109_FAG-Luebbecke_0076.jpg\" data-link=\"https:\/\/www.weber-fag.de\/wordpress\/?attachment_id=50005\" class=\"wp-image-50005\" srcset=\"https:\/\/www.weber-fag.de\/wordpress\/wp-content\/uploads\/2021\/09\/2109_FAG-Luebbecke_0076.jpg 920w, https:\/\/www.weber-fag.de\/wordpress\/wp-content\/uploads\/2021\/09\/2109_FAG-Luebbecke_0076-300x200.jpg 300w, https:\/\/www.weber-fag.de\/wordpress\/wp-content\/uploads\/2021\/09\/2109_FAG-Luebbecke_0076-768x512.jpg 768w\" sizes=\"auto, (max-width: 920px) 100vw, 920px\" \/><figcaption class=\"blocks-gallery-item__caption\">Kresimir Kozina (FAG)<\/figcaption><\/figure><\/li><li class=\"blocks-gallery-item\"><figure><img loading=\"lazy\" decoding=\"async\" width=\"920\" height=\"613\" src=\"https:\/\/www.weber-fag.de\/wordpress\/wp-content\/uploads\/2021\/09\/2109_FAG-Luebbecke_0077.jpg\" alt=\"\" data-id=\"50006\" data-full-url=\"https:\/\/www.weber-fag.de\/wordpress\/wp-content\/uploads\/2021\/09\/2109_FAG-Luebbecke_0077.jpg\" data-link=\"https:\/\/www.weber-fag.de\/wordpress\/?attachment_id=50006\" class=\"wp-image-50006\" srcset=\"https:\/\/www.weber-fag.de\/wordpress\/wp-content\/uploads\/2021\/09\/2109_FAG-Luebbecke_0077.jpg 920w, https:\/\/www.weber-fag.de\/wordpress\/wp-content\/uploads\/2021\/09\/2109_FAG-Luebbecke_0077-300x200.jpg 300w, https:\/\/www.weber-fag.de\/wordpress\/wp-content\/uploads\/2021\/09\/2109_FAG-Luebbecke_0077-768x512.jpg 768w\" sizes=\"auto, (max-width: 920px) 100vw, 920px\" \/><\/figure><\/li><li class=\"blocks-gallery-item\"><figure><img loading=\"lazy\" decoding=\"async\" width=\"920\" height=\"613\" src=\"https:\/\/www.weber-fag.de\/wordpress\/wp-content\/uploads\/2021\/09\/2109_FAG-Luebbecke_0078.jpg\" alt=\"\" data-id=\"50007\" data-full-url=\"https:\/\/www.weber-fag.de\/wordpress\/wp-content\/uploads\/2021\/09\/2109_FAG-Luebbecke_0078.jpg\" data-link=\"https:\/\/www.weber-fag.de\/wordpress\/?attachment_id=50007\" class=\"wp-image-50007\" srcset=\"https:\/\/www.weber-fag.de\/wordpress\/wp-content\/uploads\/2021\/09\/2109_FAG-Luebbecke_0078.jpg 920w, https:\/\/www.weber-fag.de\/wordpress\/wp-content\/uploads\/2021\/09\/2109_FAG-Luebbecke_0078-300x200.jpg 300w, https:\/\/www.weber-fag.de\/wordpress\/wp-content\/uploads\/2021\/09\/2109_FAG-Luebbecke_0078-768x512.jpg 768w\" sizes=\"auto, (max-width: 920px) 100vw, 920px\" \/><figcaption class=\"blocks-gallery-item__caption\">Sebastian Heymann (FAG)<\/figcaption><\/figure><\/li><li class=\"blocks-gallery-item\"><figure><img loading=\"lazy\" decoding=\"async\" width=\"920\" height=\"613\" src=\"https:\/\/www.weber-fag.de\/wordpress\/wp-content\/uploads\/2021\/09\/2109_FAG-Luebbecke_0079.jpg\" alt=\"\" data-id=\"50008\" data-full-url=\"https:\/\/www.weber-fag.de\/wordpress\/wp-content\/uploads\/2021\/09\/2109_FAG-Luebbecke_0079.jpg\" data-link=\"https:\/\/www.weber-fag.de\/wordpress\/?attachment_id=50008\" class=\"wp-image-50008\" srcset=\"https:\/\/www.weber-fag.de\/wordpress\/wp-content\/uploads\/2021\/09\/2109_FAG-Luebbecke_0079.jpg 920w, https:\/\/www.weber-fag.de\/wordpress\/wp-content\/uploads\/2021\/09\/2109_FAG-Luebbecke_0079-300x200.jpg 300w, https:\/\/www.weber-fag.de\/wordpress\/wp-content\/uploads\/2021\/09\/2109_FAG-Luebbecke_0079-768x512.jpg 768w\" sizes=\"auto, (max-width: 920px) 100vw, 920px\" \/><figcaption class=\"blocks-gallery-item__caption\">Sebastian Heymann (FAG)<\/figcaption><\/figure><\/li><li class=\"blocks-gallery-item\"><figure><img loading=\"lazy\" decoding=\"async\" width=\"920\" height=\"613\" src=\"https:\/\/www.weber-fag.de\/wordpress\/wp-content\/uploads\/2021\/09\/2109_FAG-Luebbecke_0080.jpg\" alt=\"\" data-id=\"50009\" data-full-url=\"https:\/\/www.weber-fag.de\/wordpress\/wp-content\/uploads\/2021\/09\/2109_FAG-Luebbecke_0080.jpg\" data-link=\"https:\/\/www.weber-fag.de\/wordpress\/?attachment_id=50009\" class=\"wp-image-50009\" srcset=\"https:\/\/www.weber-fag.de\/wordpress\/wp-content\/uploads\/2021\/09\/2109_FAG-Luebbecke_0080.jpg 920w, https:\/\/www.weber-fag.de\/wordpress\/wp-content\/uploads\/2021\/09\/2109_FAG-Luebbecke_0080-300x200.jpg 300w, https:\/\/www.weber-fag.de\/wordpress\/wp-content\/uploads\/2021\/09\/2109_FAG-Luebbecke_0080-768x512.jpg 768w\" sizes=\"auto, (max-width: 920px) 100vw, 920px\" \/><\/figure><\/li><li class=\"blocks-gallery-item\"><figure><img loading=\"lazy\" decoding=\"async\" width=\"920\" height=\"613\" src=\"https:\/\/www.weber-fag.de\/wordpress\/wp-content\/uploads\/2021\/09\/2109_FAG-Luebbecke_0081.jpg\" alt=\"\" data-id=\"50010\" data-full-url=\"https:\/\/www.weber-fag.de\/wordpress\/wp-content\/uploads\/2021\/09\/2109_FAG-Luebbecke_0081.jpg\" data-link=\"https:\/\/www.weber-fag.de\/wordpress\/?attachment_id=50010\" class=\"wp-image-50010\" srcset=\"https:\/\/www.weber-fag.de\/wordpress\/wp-content\/uploads\/2021\/09\/2109_FAG-Luebbecke_0081.jpg 920w, https:\/\/www.weber-fag.de\/wordpress\/wp-content\/uploads\/2021\/09\/2109_FAG-Luebbecke_0081-300x200.jpg 300w, https:\/\/www.weber-fag.de\/wordpress\/wp-content\/uploads\/2021\/09\/2109_FAG-Luebbecke_0081-768x512.jpg 768w\" sizes=\"auto, (max-width: 920px) 100vw, 920px\" \/><\/figure><\/li><li class=\"blocks-gallery-item\"><figure><img loading=\"lazy\" decoding=\"async\" width=\"920\" height=\"613\" src=\"https:\/\/www.weber-fag.de\/wordpress\/wp-content\/uploads\/2021\/09\/2109_FAG-Luebbecke_0082.jpg\" alt=\"\" data-id=\"50011\" data-full-url=\"https:\/\/www.weber-fag.de\/wordpress\/wp-content\/uploads\/2021\/09\/2109_FAG-Luebbecke_0082.jpg\" data-link=\"https:\/\/www.weber-fag.de\/wordpress\/?attachment_id=50011\" class=\"wp-image-50011\" srcset=\"https:\/\/www.weber-fag.de\/wordpress\/wp-content\/uploads\/2021\/09\/2109_FAG-Luebbecke_0082.jpg 920w, https:\/\/www.weber-fag.de\/wordpress\/wp-content\/uploads\/2021\/09\/2109_FAG-Luebbecke_0082-300x200.jpg 300w, https:\/\/www.weber-fag.de\/wordpress\/wp-content\/uploads\/2021\/09\/2109_FAG-Luebbecke_0082-768x512.jpg 768w\" sizes=\"auto, (max-width: 920px) 100vw, 920px\" \/><\/figure><\/li><li class=\"blocks-gallery-item\"><figure><img loading=\"lazy\" decoding=\"async\" width=\"920\" height=\"613\" src=\"https:\/\/www.weber-fag.de\/wordpress\/wp-content\/uploads\/2021\/09\/2109_FAG-Luebbecke_0083.jpg\" alt=\"\" data-id=\"50012\" data-full-url=\"https:\/\/www.weber-fag.de\/wordpress\/wp-content\/uploads\/2021\/09\/2109_FAG-Luebbecke_0083.jpg\" data-link=\"https:\/\/www.weber-fag.de\/wordpress\/?attachment_id=50012\" class=\"wp-image-50012\" srcset=\"https:\/\/www.weber-fag.de\/wordpress\/wp-content\/uploads\/2021\/09\/2109_FAG-Luebbecke_0083.jpg 920w, https:\/\/www.weber-fag.de\/wordpress\/wp-content\/uploads\/2021\/09\/2109_FAG-Luebbecke_0083-300x200.jpg 300w, https:\/\/www.weber-fag.de\/wordpress\/wp-content\/uploads\/2021\/09\/2109_FAG-Luebbecke_0083-768x512.jpg 768w\" sizes=\"auto, (max-width: 920px) 100vw, 920px\" \/><figcaption class=\"blocks-gallery-item__caption\">Sebastian Heymann (FAG)<\/figcaption><\/figure><\/li><li class=\"blocks-gallery-item\"><figure><img loading=\"lazy\" decoding=\"async\" width=\"920\" height=\"613\" src=\"https:\/\/www.weber-fag.de\/wordpress\/wp-content\/uploads\/2021\/09\/2109_FAG-Luebbecke_0084.jpg\" alt=\"\" data-id=\"50013\" data-full-url=\"https:\/\/www.weber-fag.de\/wordpress\/wp-content\/uploads\/2021\/09\/2109_FAG-Luebbecke_0084.jpg\" data-link=\"https:\/\/www.weber-fag.de\/wordpress\/?attachment_id=50013\" class=\"wp-image-50013\" srcset=\"https:\/\/www.weber-fag.de\/wordpress\/wp-content\/uploads\/2021\/09\/2109_FAG-Luebbecke_0084.jpg 920w, https:\/\/www.weber-fag.de\/wordpress\/wp-content\/uploads\/2021\/09\/2109_FAG-Luebbecke_0084-300x200.jpg 300w, https:\/\/www.weber-fag.de\/wordpress\/wp-content\/uploads\/2021\/09\/2109_FAG-Luebbecke_0084-768x512.jpg 768w\" sizes=\"auto, (max-width: 920px) 100vw, 920px\" \/><figcaption class=\"blocks-gallery-item__caption\">Marcel Schiller (FAG)<\/figcaption><\/figure><\/li><li class=\"blocks-gallery-item\"><figure><img loading=\"lazy\" decoding=\"async\" width=\"920\" height=\"613\" src=\"https:\/\/www.weber-fag.de\/wordpress\/wp-content\/uploads\/2021\/09\/2109_FAG-Luebbecke_0085.jpg\" alt=\"\" data-id=\"50014\" data-full-url=\"https:\/\/www.weber-fag.de\/wordpress\/wp-content\/uploads\/2021\/09\/2109_FAG-Luebbecke_0085.jpg\" data-link=\"https:\/\/www.weber-fag.de\/wordpress\/?attachment_id=50014\" class=\"wp-image-50014\" srcset=\"https:\/\/www.weber-fag.de\/wordpress\/wp-content\/uploads\/2021\/09\/2109_FAG-Luebbecke_0085.jpg 920w, https:\/\/www.weber-fag.de\/wordpress\/wp-content\/uploads\/2021\/09\/2109_FAG-Luebbecke_0085-300x200.jpg 300w, https:\/\/www.weber-fag.de\/wordpress\/wp-content\/uploads\/2021\/09\/2109_FAG-Luebbecke_0085-768x512.jpg 768w\" sizes=\"auto, (max-width: 920px) 100vw, 920px\" \/><figcaption class=\"blocks-gallery-item__caption\">Jon Lindenchrone Andersen (FAG)<\/figcaption><\/figure><\/li><li class=\"blocks-gallery-item\"><figure><img loading=\"lazy\" decoding=\"async\" width=\"920\" height=\"613\" src=\"https:\/\/www.weber-fag.de\/wordpress\/wp-content\/uploads\/2021\/09\/2109_FAG-Luebbecke_0087.jpg\" alt=\"\" data-id=\"50015\" data-full-url=\"https:\/\/www.weber-fag.de\/wordpress\/wp-content\/uploads\/2021\/09\/2109_FAG-Luebbecke_0087.jpg\" data-link=\"https:\/\/www.weber-fag.de\/wordpress\/?attachment_id=50015\" class=\"wp-image-50015\" srcset=\"https:\/\/www.weber-fag.de\/wordpress\/wp-content\/uploads\/2021\/09\/2109_FAG-Luebbecke_0087.jpg 920w, https:\/\/www.weber-fag.de\/wordpress\/wp-content\/uploads\/2021\/09\/2109_FAG-Luebbecke_0087-300x200.jpg 300w, https:\/\/www.weber-fag.de\/wordpress\/wp-content\/uploads\/2021\/09\/2109_FAG-Luebbecke_0087-768x512.jpg 768w\" sizes=\"auto, (max-width: 920px) 100vw, 920px\" \/><figcaption class=\"blocks-gallery-item__caption\">Jon Lindenchrone Andersen (FAG)<\/figcaption><\/figure><\/li><li class=\"blocks-gallery-item\"><figure><img loading=\"lazy\" decoding=\"async\" width=\"920\" height=\"613\" src=\"https:\/\/www.weber-fag.de\/wordpress\/wp-content\/uploads\/2021\/09\/2109_FAG-Luebbecke_0088.jpg\" alt=\"\" data-id=\"50016\" data-full-url=\"https:\/\/www.weber-fag.de\/wordpress\/wp-content\/uploads\/2021\/09\/2109_FAG-Luebbecke_0088.jpg\" data-link=\"https:\/\/www.weber-fag.de\/wordpress\/?attachment_id=50016\" class=\"wp-image-50016\" srcset=\"https:\/\/www.weber-fag.de\/wordpress\/wp-content\/uploads\/2021\/09\/2109_FAG-Luebbecke_0088.jpg 920w, https:\/\/www.weber-fag.de\/wordpress\/wp-content\/uploads\/2021\/09\/2109_FAG-Luebbecke_0088-300x200.jpg 300w, https:\/\/www.weber-fag.de\/wordpress\/wp-content\/uploads\/2021\/09\/2109_FAG-Luebbecke_0088-768x512.jpg 768w\" sizes=\"auto, (max-width: 920px) 100vw, 920px\" \/><\/figure><\/li><li class=\"blocks-gallery-item\"><figure><img loading=\"lazy\" decoding=\"async\" width=\"920\" height=\"613\" src=\"https:\/\/www.weber-fag.de\/wordpress\/wp-content\/uploads\/2021\/09\/2109_FAG-Luebbecke_0089.jpg\" alt=\"\" data-id=\"50017\" data-full-url=\"https:\/\/www.weber-fag.de\/wordpress\/wp-content\/uploads\/2021\/09\/2109_FAG-Luebbecke_0089.jpg\" data-link=\"https:\/\/www.weber-fag.de\/wordpress\/?attachment_id=50017\" class=\"wp-image-50017\" srcset=\"https:\/\/www.weber-fag.de\/wordpress\/wp-content\/uploads\/2021\/09\/2109_FAG-Luebbecke_0089.jpg 920w, https:\/\/www.weber-fag.de\/wordpress\/wp-content\/uploads\/2021\/09\/2109_FAG-Luebbecke_0089-300x200.jpg 300w, https:\/\/www.weber-fag.de\/wordpress\/wp-content\/uploads\/2021\/09\/2109_FAG-Luebbecke_0089-768x512.jpg 768w\" sizes=\"auto, (max-width: 920px) 100vw, 920px\" \/><figcaption class=\"blocks-gallery-item__caption\">Sebastian Heymann (FAG)<\/figcaption><\/figure><\/li><li class=\"blocks-gallery-item\"><figure><img loading=\"lazy\" decoding=\"async\" width=\"920\" height=\"613\" src=\"https:\/\/www.weber-fag.de\/wordpress\/wp-content\/uploads\/2021\/09\/2109_FAG-Luebbecke_0090.jpg\" alt=\"\" data-id=\"50018\" data-full-url=\"https:\/\/www.weber-fag.de\/wordpress\/wp-content\/uploads\/2021\/09\/2109_FAG-Luebbecke_0090.jpg\" data-link=\"https:\/\/www.weber-fag.de\/wordpress\/?attachment_id=50018\" class=\"wp-image-50018\" srcset=\"https:\/\/www.weber-fag.de\/wordpress\/wp-content\/uploads\/2021\/09\/2109_FAG-Luebbecke_0090.jpg 920w, https:\/\/www.weber-fag.de\/wordpress\/wp-content\/uploads\/2021\/09\/2109_FAG-Luebbecke_0090-300x200.jpg 300w, https:\/\/www.weber-fag.de\/wordpress\/wp-content\/uploads\/2021\/09\/2109_FAG-Luebbecke_0090-768x512.jpg 768w\" sizes=\"auto, (max-width: 920px) 100vw, 920px\" \/><figcaption class=\"blocks-gallery-item__caption\">Sebastian Heymann (FAG)<\/figcaption><\/figure><\/li><li class=\"blocks-gallery-item\"><figure><img loading=\"lazy\" decoding=\"async\" width=\"920\" height=\"613\" src=\"https:\/\/www.weber-fag.de\/wordpress\/wp-content\/uploads\/2021\/09\/2109_FAG-Luebbecke_0091.jpg\" alt=\"\" data-id=\"50019\" data-full-url=\"https:\/\/www.weber-fag.de\/wordpress\/wp-content\/uploads\/2021\/09\/2109_FAG-Luebbecke_0091.jpg\" data-link=\"https:\/\/www.weber-fag.de\/wordpress\/?attachment_id=50019\" class=\"wp-image-50019\" srcset=\"https:\/\/www.weber-fag.de\/wordpress\/wp-content\/uploads\/2021\/09\/2109_FAG-Luebbecke_0091.jpg 920w, https:\/\/www.weber-fag.de\/wordpress\/wp-content\/uploads\/2021\/09\/2109_FAG-Luebbecke_0091-300x200.jpg 300w, https:\/\/www.weber-fag.de\/wordpress\/wp-content\/uploads\/2021\/09\/2109_FAG-Luebbecke_0091-768x512.jpg 768w\" sizes=\"auto, (max-width: 920px) 100vw, 920px\" \/><figcaption class=\"blocks-gallery-item__caption\">Sebastian Heymann (FAG)<\/figcaption><\/figure><\/li><li class=\"blocks-gallery-item\"><figure><img loading=\"lazy\" decoding=\"async\" width=\"920\" height=\"613\" src=\"https:\/\/www.weber-fag.de\/wordpress\/wp-content\/uploads\/2021\/09\/2109_FAG-Luebbecke_0092.jpg\" alt=\"\" data-id=\"50020\" data-full-url=\"https:\/\/www.weber-fag.de\/wordpress\/wp-content\/uploads\/2021\/09\/2109_FAG-Luebbecke_0092.jpg\" data-link=\"https:\/\/www.weber-fag.de\/wordpress\/?attachment_id=50020\" class=\"wp-image-50020\" srcset=\"https:\/\/www.weber-fag.de\/wordpress\/wp-content\/uploads\/2021\/09\/2109_FAG-Luebbecke_0092.jpg 920w, https:\/\/www.weber-fag.de\/wordpress\/wp-content\/uploads\/2021\/09\/2109_FAG-Luebbecke_0092-300x200.jpg 300w, https:\/\/www.weber-fag.de\/wordpress\/wp-content\/uploads\/2021\/09\/2109_FAG-Luebbecke_0092-768x512.jpg 768w\" sizes=\"auto, (max-width: 920px) 100vw, 920px\" \/><figcaption class=\"blocks-gallery-item__caption\">Sebastian Heymann (FAG)<\/figcaption><\/figure><\/li><li class=\"blocks-gallery-item\"><figure><img loading=\"lazy\" decoding=\"async\" width=\"920\" height=\"613\" src=\"https:\/\/www.weber-fag.de\/wordpress\/wp-content\/uploads\/2021\/09\/2109_FAG-Luebbecke_0093.jpg\" alt=\"\" data-id=\"50021\" data-full-url=\"https:\/\/www.weber-fag.de\/wordpress\/wp-content\/uploads\/2021\/09\/2109_FAG-Luebbecke_0093.jpg\" data-link=\"https:\/\/www.weber-fag.de\/wordpress\/?attachment_id=50021\" class=\"wp-image-50021\" srcset=\"https:\/\/www.weber-fag.de\/wordpress\/wp-content\/uploads\/2021\/09\/2109_FAG-Luebbecke_0093.jpg 920w, https:\/\/www.weber-fag.de\/wordpress\/wp-content\/uploads\/2021\/09\/2109_FAG-Luebbecke_0093-300x200.jpg 300w, https:\/\/www.weber-fag.de\/wordpress\/wp-content\/uploads\/2021\/09\/2109_FAG-Luebbecke_0093-768x512.jpg 768w\" sizes=\"auto, (max-width: 920px) 100vw, 920px\" \/><figcaption class=\"blocks-gallery-item__caption\">Sebastian Heymann (FAG)<\/figcaption><\/figure><\/li><li class=\"blocks-gallery-item\"><figure><img loading=\"lazy\" decoding=\"async\" width=\"920\" height=\"613\" src=\"https:\/\/www.weber-fag.de\/wordpress\/wp-content\/uploads\/2021\/09\/2109_FAG-Luebbecke_0094.jpg\" alt=\"\" data-id=\"50022\" data-full-url=\"https:\/\/www.weber-fag.de\/wordpress\/wp-content\/uploads\/2021\/09\/2109_FAG-Luebbecke_0094.jpg\" data-link=\"https:\/\/www.weber-fag.de\/wordpress\/?attachment_id=50022\" class=\"wp-image-50022\" srcset=\"https:\/\/www.weber-fag.de\/wordpress\/wp-content\/uploads\/2021\/09\/2109_FAG-Luebbecke_0094.jpg 920w, https:\/\/www.weber-fag.de\/wordpress\/wp-content\/uploads\/2021\/09\/2109_FAG-Luebbecke_0094-300x200.jpg 300w, https:\/\/www.weber-fag.de\/wordpress\/wp-content\/uploads\/2021\/09\/2109_FAG-Luebbecke_0094-768x512.jpg 768w\" sizes=\"auto, (max-width: 920px) 100vw, 920px\" \/><figcaption class=\"blocks-gallery-item__caption\">Jon Lindenchrone Andersen (FAG)<\/figcaption><\/figure><\/li><li class=\"blocks-gallery-item\"><figure><img loading=\"lazy\" decoding=\"async\" width=\"920\" height=\"613\" src=\"https:\/\/www.weber-fag.de\/wordpress\/wp-content\/uploads\/2021\/09\/2109_FAG-Luebbecke_0095.jpg\" alt=\"\" data-id=\"50023\" data-full-url=\"https:\/\/www.weber-fag.de\/wordpress\/wp-content\/uploads\/2021\/09\/2109_FAG-Luebbecke_0095.jpg\" data-link=\"https:\/\/www.weber-fag.de\/wordpress\/?attachment_id=50023\" class=\"wp-image-50023\" srcset=\"https:\/\/www.weber-fag.de\/wordpress\/wp-content\/uploads\/2021\/09\/2109_FAG-Luebbecke_0095.jpg 920w, https:\/\/www.weber-fag.de\/wordpress\/wp-content\/uploads\/2021\/09\/2109_FAG-Luebbecke_0095-300x200.jpg 300w, https:\/\/www.weber-fag.de\/wordpress\/wp-content\/uploads\/2021\/09\/2109_FAG-Luebbecke_0095-768x512.jpg 768w\" sizes=\"auto, (max-width: 920px) 100vw, 920px\" \/><figcaption class=\"blocks-gallery-item__caption\">Jon Lindenchrone Andersen (FAG)<\/figcaption><\/figure><\/li><li class=\"blocks-gallery-item\"><figure><img loading=\"lazy\" decoding=\"async\" width=\"920\" height=\"613\" src=\"https:\/\/www.weber-fag.de\/wordpress\/wp-content\/uploads\/2021\/09\/2109_FAG-Luebbecke_0096.jpg\" alt=\"\" data-id=\"50024\" data-full-url=\"https:\/\/www.weber-fag.de\/wordpress\/wp-content\/uploads\/2021\/09\/2109_FAG-Luebbecke_0096.jpg\" data-link=\"https:\/\/www.weber-fag.de\/wordpress\/?attachment_id=50024\" class=\"wp-image-50024\" srcset=\"https:\/\/www.weber-fag.de\/wordpress\/wp-content\/uploads\/2021\/09\/2109_FAG-Luebbecke_0096.jpg 920w, https:\/\/www.weber-fag.de\/wordpress\/wp-content\/uploads\/2021\/09\/2109_FAG-Luebbecke_0096-300x200.jpg 300w, https:\/\/www.weber-fag.de\/wordpress\/wp-content\/uploads\/2021\/09\/2109_FAG-Luebbecke_0096-768x512.jpg 768w\" sizes=\"auto, (max-width: 920px) 100vw, 920px\" \/><figcaption class=\"blocks-gallery-item__caption\">Till Hermann (FAG)<\/figcaption><\/figure><\/li><li class=\"blocks-gallery-item\"><figure><img loading=\"lazy\" decoding=\"async\" width=\"920\" height=\"613\" src=\"https:\/\/www.weber-fag.de\/wordpress\/wp-content\/uploads\/2021\/09\/2109_FAG-Luebbecke_0097.jpg\" alt=\"\" data-id=\"50025\" data-full-url=\"https:\/\/www.weber-fag.de\/wordpress\/wp-content\/uploads\/2021\/09\/2109_FAG-Luebbecke_0097.jpg\" data-link=\"https:\/\/www.weber-fag.de\/wordpress\/?attachment_id=50025\" class=\"wp-image-50025\" srcset=\"https:\/\/www.weber-fag.de\/wordpress\/wp-content\/uploads\/2021\/09\/2109_FAG-Luebbecke_0097.jpg 920w, https:\/\/www.weber-fag.de\/wordpress\/wp-content\/uploads\/2021\/09\/2109_FAG-Luebbecke_0097-300x200.jpg 300w, https:\/\/www.weber-fag.de\/wordpress\/wp-content\/uploads\/2021\/09\/2109_FAG-Luebbecke_0097-768x512.jpg 768w\" sizes=\"auto, (max-width: 920px) 100vw, 920px\" \/><figcaption class=\"blocks-gallery-item__caption\">Till Hermann (FAG)<\/figcaption><\/figure><\/li><li class=\"blocks-gallery-item\"><figure><img loading=\"lazy\" decoding=\"async\" width=\"920\" height=\"613\" src=\"https:\/\/www.weber-fag.de\/wordpress\/wp-content\/uploads\/2021\/09\/2109_FAG-Luebbecke_0098.jpg\" alt=\"\" data-id=\"50026\" data-full-url=\"https:\/\/www.weber-fag.de\/wordpress\/wp-content\/uploads\/2021\/09\/2109_FAG-Luebbecke_0098.jpg\" data-link=\"https:\/\/www.weber-fag.de\/wordpress\/?attachment_id=50026\" class=\"wp-image-50026\" srcset=\"https:\/\/www.weber-fag.de\/wordpress\/wp-content\/uploads\/2021\/09\/2109_FAG-Luebbecke_0098.jpg 920w, https:\/\/www.weber-fag.de\/wordpress\/wp-content\/uploads\/2021\/09\/2109_FAG-Luebbecke_0098-300x200.jpg 300w, https:\/\/www.weber-fag.de\/wordpress\/wp-content\/uploads\/2021\/09\/2109_FAG-Luebbecke_0098-768x512.jpg 768w\" sizes=\"auto, (max-width: 920px) 100vw, 920px\" \/><figcaption class=\"blocks-gallery-item__caption\">Till Hermann (FAG)<\/figcaption><\/figure><\/li><li class=\"blocks-gallery-item\"><figure><img loading=\"lazy\" decoding=\"async\" width=\"920\" height=\"613\" src=\"https:\/\/www.weber-fag.de\/wordpress\/wp-content\/uploads\/2021\/09\/2109_FAG-Luebbecke_0099.jpg\" alt=\"\" data-id=\"50027\" data-full-url=\"https:\/\/www.weber-fag.de\/wordpress\/wp-content\/uploads\/2021\/09\/2109_FAG-Luebbecke_0099.jpg\" data-link=\"https:\/\/www.weber-fag.de\/wordpress\/?attachment_id=50027\" class=\"wp-image-50027\" srcset=\"https:\/\/www.weber-fag.de\/wordpress\/wp-content\/uploads\/2021\/09\/2109_FAG-Luebbecke_0099.jpg 920w, https:\/\/www.weber-fag.de\/wordpress\/wp-content\/uploads\/2021\/09\/2109_FAG-Luebbecke_0099-300x200.jpg 300w, https:\/\/www.weber-fag.de\/wordpress\/wp-content\/uploads\/2021\/09\/2109_FAG-Luebbecke_0099-768x512.jpg 768w\" sizes=\"auto, (max-width: 920px) 100vw, 920px\" \/><figcaption class=\"blocks-gallery-item__caption\">Till Hermann (FAG)<\/figcaption><\/figure><\/li><li class=\"blocks-gallery-item\"><figure><img loading=\"lazy\" decoding=\"async\" width=\"920\" height=\"613\" src=\"https:\/\/www.weber-fag.de\/wordpress\/wp-content\/uploads\/2021\/09\/2109_FAG-Luebbecke_0100.jpg\" alt=\"\" data-id=\"50028\" data-full-url=\"https:\/\/www.weber-fag.de\/wordpress\/wp-content\/uploads\/2021\/09\/2109_FAG-Luebbecke_0100.jpg\" data-link=\"https:\/\/www.weber-fag.de\/wordpress\/?attachment_id=50028\" class=\"wp-image-50028\" srcset=\"https:\/\/www.weber-fag.de\/wordpress\/wp-content\/uploads\/2021\/09\/2109_FAG-Luebbecke_0100.jpg 920w, https:\/\/www.weber-fag.de\/wordpress\/wp-content\/uploads\/2021\/09\/2109_FAG-Luebbecke_0100-300x200.jpg 300w, https:\/\/www.weber-fag.de\/wordpress\/wp-content\/uploads\/2021\/09\/2109_FAG-Luebbecke_0100-768x512.jpg 768w\" sizes=\"auto, (max-width: 920px) 100vw, 920px\" \/><figcaption class=\"blocks-gallery-item__caption\">Till Hermann (FAG)<\/figcaption><\/figure><\/li><li class=\"blocks-gallery-item\"><figure><img loading=\"lazy\" decoding=\"async\" width=\"920\" height=\"613\" src=\"https:\/\/www.weber-fag.de\/wordpress\/wp-content\/uploads\/2021\/09\/2109_FAG-Luebbecke_0101.jpg\" alt=\"\" data-id=\"50029\" data-full-url=\"https:\/\/www.weber-fag.de\/wordpress\/wp-content\/uploads\/2021\/09\/2109_FAG-Luebbecke_0101.jpg\" data-link=\"https:\/\/www.weber-fag.de\/wordpress\/?attachment_id=50029\" class=\"wp-image-50029\" srcset=\"https:\/\/www.weber-fag.de\/wordpress\/wp-content\/uploads\/2021\/09\/2109_FAG-Luebbecke_0101.jpg 920w, https:\/\/www.weber-fag.de\/wordpress\/wp-content\/uploads\/2021\/09\/2109_FAG-Luebbecke_0101-300x200.jpg 300w, https:\/\/www.weber-fag.de\/wordpress\/wp-content\/uploads\/2021\/09\/2109_FAG-Luebbecke_0101-768x512.jpg 768w\" sizes=\"auto, (max-width: 920px) 100vw, 920px\" \/><figcaption class=\"blocks-gallery-item__caption\">Sebastian Heymann (FAG)<\/figcaption><\/figure><\/li><li class=\"blocks-gallery-item\"><figure><img loading=\"lazy\" decoding=\"async\" width=\"920\" height=\"613\" src=\"https:\/\/www.weber-fag.de\/wordpress\/wp-content\/uploads\/2021\/09\/2109_FAG-Luebbecke_0102.jpg\" alt=\"\" data-id=\"50030\" data-full-url=\"https:\/\/www.weber-fag.de\/wordpress\/wp-content\/uploads\/2021\/09\/2109_FAG-Luebbecke_0102.jpg\" data-link=\"https:\/\/www.weber-fag.de\/wordpress\/?attachment_id=50030\" class=\"wp-image-50030\" srcset=\"https:\/\/www.weber-fag.de\/wordpress\/wp-content\/uploads\/2021\/09\/2109_FAG-Luebbecke_0102.jpg 920w, https:\/\/www.weber-fag.de\/wordpress\/wp-content\/uploads\/2021\/09\/2109_FAG-Luebbecke_0102-300x200.jpg 300w, https:\/\/www.weber-fag.de\/wordpress\/wp-content\/uploads\/2021\/09\/2109_FAG-Luebbecke_0102-768x512.jpg 768w\" sizes=\"auto, (max-width: 920px) 100vw, 920px\" \/><figcaption class=\"blocks-gallery-item__caption\">Sebastian Heymann (FAG)<\/figcaption><\/figure><\/li><li class=\"blocks-gallery-item\"><figure><img loading=\"lazy\" decoding=\"async\" width=\"920\" height=\"613\" src=\"https:\/\/www.weber-fag.de\/wordpress\/wp-content\/uploads\/2021\/09\/2109_FAG-Luebbecke_0103.jpg\" alt=\"\" data-id=\"50031\" data-full-url=\"https:\/\/www.weber-fag.de\/wordpress\/wp-content\/uploads\/2021\/09\/2109_FAG-Luebbecke_0103.jpg\" data-link=\"https:\/\/www.weber-fag.de\/wordpress\/?attachment_id=50031\" class=\"wp-image-50031\" srcset=\"https:\/\/www.weber-fag.de\/wordpress\/wp-content\/uploads\/2021\/09\/2109_FAG-Luebbecke_0103.jpg 920w, https:\/\/www.weber-fag.de\/wordpress\/wp-content\/uploads\/2021\/09\/2109_FAG-Luebbecke_0103-300x200.jpg 300w, https:\/\/www.weber-fag.de\/wordpress\/wp-content\/uploads\/2021\/09\/2109_FAG-Luebbecke_0103-768x512.jpg 768w\" sizes=\"auto, (max-width: 920px) 100vw, 920px\" \/><figcaption class=\"blocks-gallery-item__caption\">Kevin Gulliksen (FAG)<\/figcaption><\/figure><\/li><li class=\"blocks-gallery-item\"><figure><img loading=\"lazy\" decoding=\"async\" width=\"920\" height=\"613\" src=\"https:\/\/www.weber-fag.de\/wordpress\/wp-content\/uploads\/2021\/09\/2109_FAG-Luebbecke_0104.jpg\" alt=\"\" data-id=\"50032\" data-full-url=\"https:\/\/www.weber-fag.de\/wordpress\/wp-content\/uploads\/2021\/09\/2109_FAG-Luebbecke_0104.jpg\" data-link=\"https:\/\/www.weber-fag.de\/wordpress\/?attachment_id=50032\" class=\"wp-image-50032\" srcset=\"https:\/\/www.weber-fag.de\/wordpress\/wp-content\/uploads\/2021\/09\/2109_FAG-Luebbecke_0104.jpg 920w, https:\/\/www.weber-fag.de\/wordpress\/wp-content\/uploads\/2021\/09\/2109_FAG-Luebbecke_0104-300x200.jpg 300w, https:\/\/www.weber-fag.de\/wordpress\/wp-content\/uploads\/2021\/09\/2109_FAG-Luebbecke_0104-768x512.jpg 768w\" sizes=\"auto, (max-width: 920px) 100vw, 920px\" \/><figcaption class=\"blocks-gallery-item__caption\">Kevin Gulliksen (FAG)<\/figcaption><\/figure><\/li><li class=\"blocks-gallery-item\"><figure><img loading=\"lazy\" decoding=\"async\" width=\"920\" height=\"613\" src=\"https:\/\/www.weber-fag.de\/wordpress\/wp-content\/uploads\/2021\/09\/2109_FAG-Luebbecke_0105.jpg\" alt=\"\" data-id=\"50033\" data-full-url=\"https:\/\/www.weber-fag.de\/wordpress\/wp-content\/uploads\/2021\/09\/2109_FAG-Luebbecke_0105.jpg\" data-link=\"https:\/\/www.weber-fag.de\/wordpress\/?attachment_id=50033\" class=\"wp-image-50033\" srcset=\"https:\/\/www.weber-fag.de\/wordpress\/wp-content\/uploads\/2021\/09\/2109_FAG-Luebbecke_0105.jpg 920w, https:\/\/www.weber-fag.de\/wordpress\/wp-content\/uploads\/2021\/09\/2109_FAG-Luebbecke_0105-300x200.jpg 300w, https:\/\/www.weber-fag.de\/wordpress\/wp-content\/uploads\/2021\/09\/2109_FAG-Luebbecke_0105-768x512.jpg 768w\" sizes=\"auto, (max-width: 920px) 100vw, 920px\" \/><figcaption class=\"blocks-gallery-item__caption\">Kevin Gulliksen (FAG)<\/figcaption><\/figure><\/li><li class=\"blocks-gallery-item\"><figure><img loading=\"lazy\" decoding=\"async\" width=\"920\" height=\"613\" src=\"https:\/\/www.weber-fag.de\/wordpress\/wp-content\/uploads\/2021\/09\/2109_FAG-Luebbecke_0106.jpg\" alt=\"\" data-id=\"50034\" data-full-url=\"https:\/\/www.weber-fag.de\/wordpress\/wp-content\/uploads\/2021\/09\/2109_FAG-Luebbecke_0106.jpg\" data-link=\"https:\/\/www.weber-fag.de\/wordpress\/?attachment_id=50034\" class=\"wp-image-50034\" srcset=\"https:\/\/www.weber-fag.de\/wordpress\/wp-content\/uploads\/2021\/09\/2109_FAG-Luebbecke_0106.jpg 920w, https:\/\/www.weber-fag.de\/wordpress\/wp-content\/uploads\/2021\/09\/2109_FAG-Luebbecke_0106-300x200.jpg 300w, https:\/\/www.weber-fag.de\/wordpress\/wp-content\/uploads\/2021\/09\/2109_FAG-Luebbecke_0106-768x512.jpg 768w\" sizes=\"auto, (max-width: 920px) 100vw, 920px\" \/><figcaption class=\"blocks-gallery-item__caption\">Kevin Gulliksen (FAG)<\/figcaption><\/figure><\/li><li class=\"blocks-gallery-item\"><figure><img loading=\"lazy\" decoding=\"async\" width=\"920\" height=\"613\" src=\"https:\/\/www.weber-fag.de\/wordpress\/wp-content\/uploads\/2021\/09\/2109_FAG-Luebbecke_0107.jpg\" alt=\"\" data-id=\"50035\" data-full-url=\"https:\/\/www.weber-fag.de\/wordpress\/wp-content\/uploads\/2021\/09\/2109_FAG-Luebbecke_0107.jpg\" data-link=\"https:\/\/www.weber-fag.de\/wordpress\/?attachment_id=50035\" class=\"wp-image-50035\" srcset=\"https:\/\/www.weber-fag.de\/wordpress\/wp-content\/uploads\/2021\/09\/2109_FAG-Luebbecke_0107.jpg 920w, https:\/\/www.weber-fag.de\/wordpress\/wp-content\/uploads\/2021\/09\/2109_FAG-Luebbecke_0107-300x200.jpg 300w, https:\/\/www.weber-fag.de\/wordpress\/wp-content\/uploads\/2021\/09\/2109_FAG-Luebbecke_0107-768x512.jpg 768w\" sizes=\"auto, (max-width: 920px) 100vw, 920px\" \/><figcaption class=\"blocks-gallery-item__caption\">Kevin Gulliksen (FAG)<\/figcaption><\/figure><\/li><li class=\"blocks-gallery-item\"><figure><img loading=\"lazy\" decoding=\"async\" width=\"920\" height=\"613\" src=\"https:\/\/www.weber-fag.de\/wordpress\/wp-content\/uploads\/2021\/09\/2109_FAG-Luebbecke_0108.jpg\" alt=\"\" data-id=\"50036\" data-full-url=\"https:\/\/www.weber-fag.de\/wordpress\/wp-content\/uploads\/2021\/09\/2109_FAG-Luebbecke_0108.jpg\" data-link=\"https:\/\/www.weber-fag.de\/wordpress\/?attachment_id=50036\" class=\"wp-image-50036\" srcset=\"https:\/\/www.weber-fag.de\/wordpress\/wp-content\/uploads\/2021\/09\/2109_FAG-Luebbecke_0108.jpg 920w, https:\/\/www.weber-fag.de\/wordpress\/wp-content\/uploads\/2021\/09\/2109_FAG-Luebbecke_0108-300x200.jpg 300w, https:\/\/www.weber-fag.de\/wordpress\/wp-content\/uploads\/2021\/09\/2109_FAG-Luebbecke_0108-768x512.jpg 768w\" sizes=\"auto, (max-width: 920px) 100vw, 920px\" \/><figcaption class=\"blocks-gallery-item__caption\">Kevin Gulliksen (FAG)<\/figcaption><\/figure><\/li><li class=\"blocks-gallery-item\"><figure><img loading=\"lazy\" decoding=\"async\" width=\"920\" height=\"613\" src=\"https:\/\/www.weber-fag.de\/wordpress\/wp-content\/uploads\/2021\/09\/2109_FAG-Luebbecke_0109.jpg\" alt=\"\" data-id=\"50037\" data-full-url=\"https:\/\/www.weber-fag.de\/wordpress\/wp-content\/uploads\/2021\/09\/2109_FAG-Luebbecke_0109.jpg\" data-link=\"https:\/\/www.weber-fag.de\/wordpress\/?attachment_id=50037\" class=\"wp-image-50037\" srcset=\"https:\/\/www.weber-fag.de\/wordpress\/wp-content\/uploads\/2021\/09\/2109_FAG-Luebbecke_0109.jpg 920w, https:\/\/www.weber-fag.de\/wordpress\/wp-content\/uploads\/2021\/09\/2109_FAG-Luebbecke_0109-300x200.jpg 300w, https:\/\/www.weber-fag.de\/wordpress\/wp-content\/uploads\/2021\/09\/2109_FAG-Luebbecke_0109-768x512.jpg 768w\" sizes=\"auto, (max-width: 920px) 100vw, 920px\" \/><figcaption class=\"blocks-gallery-item__caption\">Kevin Gulliksen (FAG)<\/figcaption><\/figure><\/li><li class=\"blocks-gallery-item\"><figure><img loading=\"lazy\" decoding=\"async\" width=\"920\" height=\"613\" src=\"https:\/\/www.weber-fag.de\/wordpress\/wp-content\/uploads\/2021\/09\/2109_FAG-Luebbecke_0110.jpg\" alt=\"\" data-id=\"50038\" data-full-url=\"https:\/\/www.weber-fag.de\/wordpress\/wp-content\/uploads\/2021\/09\/2109_FAG-Luebbecke_0110.jpg\" data-link=\"https:\/\/www.weber-fag.de\/wordpress\/?attachment_id=50038\" class=\"wp-image-50038\" srcset=\"https:\/\/www.weber-fag.de\/wordpress\/wp-content\/uploads\/2021\/09\/2109_FAG-Luebbecke_0110.jpg 920w, https:\/\/www.weber-fag.de\/wordpress\/wp-content\/uploads\/2021\/09\/2109_FAG-Luebbecke_0110-300x200.jpg 300w, https:\/\/www.weber-fag.de\/wordpress\/wp-content\/uploads\/2021\/09\/2109_FAG-Luebbecke_0110-768x512.jpg 768w\" sizes=\"auto, (max-width: 920px) 100vw, 920px\" \/><figcaption class=\"blocks-gallery-item__caption\">Kevin Gulliksen (FAG)<\/figcaption><\/figure><\/li><li class=\"blocks-gallery-item\"><figure><img loading=\"lazy\" decoding=\"async\" width=\"920\" height=\"613\" src=\"https:\/\/www.weber-fag.de\/wordpress\/wp-content\/uploads\/2021\/09\/2109_FAG-Luebbecke_0111.jpg\" alt=\"\" data-id=\"50039\" data-full-url=\"https:\/\/www.weber-fag.de\/wordpress\/wp-content\/uploads\/2021\/09\/2109_FAG-Luebbecke_0111.jpg\" data-link=\"https:\/\/www.weber-fag.de\/wordpress\/?attachment_id=50039\" class=\"wp-image-50039\" srcset=\"https:\/\/www.weber-fag.de\/wordpress\/wp-content\/uploads\/2021\/09\/2109_FAG-Luebbecke_0111.jpg 920w, https:\/\/www.weber-fag.de\/wordpress\/wp-content\/uploads\/2021\/09\/2109_FAG-Luebbecke_0111-300x200.jpg 300w, https:\/\/www.weber-fag.de\/wordpress\/wp-content\/uploads\/2021\/09\/2109_FAG-Luebbecke_0111-768x512.jpg 768w\" sizes=\"auto, (max-width: 920px) 100vw, 920px\" \/><figcaption class=\"blocks-gallery-item__caption\">Jacob Bagersted (FAG)<\/figcaption><\/figure><\/li><li class=\"blocks-gallery-item\"><figure><img loading=\"lazy\" decoding=\"async\" width=\"920\" height=\"613\" src=\"https:\/\/www.weber-fag.de\/wordpress\/wp-content\/uploads\/2021\/09\/2109_FAG-Luebbecke_0112.jpg\" alt=\"\" data-id=\"50040\" data-full-url=\"https:\/\/www.weber-fag.de\/wordpress\/wp-content\/uploads\/2021\/09\/2109_FAG-Luebbecke_0112.jpg\" data-link=\"https:\/\/www.weber-fag.de\/wordpress\/?attachment_id=50040\" class=\"wp-image-50040\" srcset=\"https:\/\/www.weber-fag.de\/wordpress\/wp-content\/uploads\/2021\/09\/2109_FAG-Luebbecke_0112.jpg 920w, https:\/\/www.weber-fag.de\/wordpress\/wp-content\/uploads\/2021\/09\/2109_FAG-Luebbecke_0112-300x200.jpg 300w, https:\/\/www.weber-fag.de\/wordpress\/wp-content\/uploads\/2021\/09\/2109_FAG-Luebbecke_0112-768x512.jpg 768w\" sizes=\"auto, (max-width: 920px) 100vw, 920px\" \/><figcaption class=\"blocks-gallery-item__caption\">Jacob Bagersted (FAG)<\/figcaption><\/figure><\/li><li class=\"blocks-gallery-item\"><figure><img loading=\"lazy\" decoding=\"async\" width=\"920\" height=\"613\" src=\"https:\/\/www.weber-fag.de\/wordpress\/wp-content\/uploads\/2021\/09\/2109_FAG-Luebbecke_0113.jpg\" alt=\"\" data-id=\"50041\" data-full-url=\"https:\/\/www.weber-fag.de\/wordpress\/wp-content\/uploads\/2021\/09\/2109_FAG-Luebbecke_0113.jpg\" data-link=\"https:\/\/www.weber-fag.de\/wordpress\/?attachment_id=50041\" class=\"wp-image-50041\" srcset=\"https:\/\/www.weber-fag.de\/wordpress\/wp-content\/uploads\/2021\/09\/2109_FAG-Luebbecke_0113.jpg 920w, https:\/\/www.weber-fag.de\/wordpress\/wp-content\/uploads\/2021\/09\/2109_FAG-Luebbecke_0113-300x200.jpg 300w, https:\/\/www.weber-fag.de\/wordpress\/wp-content\/uploads\/2021\/09\/2109_FAG-Luebbecke_0113-768x512.jpg 768w\" sizes=\"auto, (max-width: 920px) 100vw, 920px\" \/><figcaption class=\"blocks-gallery-item__caption\">Jacob Bagersted (FAG)<\/figcaption><\/figure><\/li><li class=\"blocks-gallery-item\"><figure><img loading=\"lazy\" decoding=\"async\" width=\"920\" height=\"613\" src=\"https:\/\/www.weber-fag.de\/wordpress\/wp-content\/uploads\/2021\/09\/2109_FAG-Luebbecke_0114.jpg\" alt=\"\" data-id=\"50042\" data-full-url=\"https:\/\/www.weber-fag.de\/wordpress\/wp-content\/uploads\/2021\/09\/2109_FAG-Luebbecke_0114.jpg\" data-link=\"https:\/\/www.weber-fag.de\/wordpress\/?attachment_id=50042\" class=\"wp-image-50042\" srcset=\"https:\/\/www.weber-fag.de\/wordpress\/wp-content\/uploads\/2021\/09\/2109_FAG-Luebbecke_0114.jpg 920w, https:\/\/www.weber-fag.de\/wordpress\/wp-content\/uploads\/2021\/09\/2109_FAG-Luebbecke_0114-300x200.jpg 300w, https:\/\/www.weber-fag.de\/wordpress\/wp-content\/uploads\/2021\/09\/2109_FAG-Luebbecke_0114-768x512.jpg 768w\" sizes=\"auto, (max-width: 920px) 100vw, 920px\" \/><figcaption class=\"blocks-gallery-item__caption\">Jacob Bagersted (FAG)<\/figcaption><\/figure><\/li><li class=\"blocks-gallery-item\"><figure><img loading=\"lazy\" decoding=\"async\" width=\"920\" height=\"613\" src=\"https:\/\/www.weber-fag.de\/wordpress\/wp-content\/uploads\/2021\/09\/2109_FAG-Luebbecke_0115.jpg\" alt=\"\" data-id=\"50043\" data-full-url=\"https:\/\/www.weber-fag.de\/wordpress\/wp-content\/uploads\/2021\/09\/2109_FAG-Luebbecke_0115.jpg\" data-link=\"https:\/\/www.weber-fag.de\/wordpress\/?attachment_id=50043\" class=\"wp-image-50043\" srcset=\"https:\/\/www.weber-fag.de\/wordpress\/wp-content\/uploads\/2021\/09\/2109_FAG-Luebbecke_0115.jpg 920w, https:\/\/www.weber-fag.de\/wordpress\/wp-content\/uploads\/2021\/09\/2109_FAG-Luebbecke_0115-300x200.jpg 300w, https:\/\/www.weber-fag.de\/wordpress\/wp-content\/uploads\/2021\/09\/2109_FAG-Luebbecke_0115-768x512.jpg 768w\" sizes=\"auto, (max-width: 920px) 100vw, 920px\" \/><figcaption class=\"blocks-gallery-item__caption\">Jacob Bagersted (FAG)<\/figcaption><\/figure><\/li><li class=\"blocks-gallery-item\"><figure><img loading=\"lazy\" decoding=\"async\" width=\"920\" height=\"613\" src=\"https:\/\/www.weber-fag.de\/wordpress\/wp-content\/uploads\/2021\/09\/2109_FAG-Luebbecke_0116.jpg\" alt=\"\" data-id=\"50044\" data-full-url=\"https:\/\/www.weber-fag.de\/wordpress\/wp-content\/uploads\/2021\/09\/2109_FAG-Luebbecke_0116.jpg\" data-link=\"https:\/\/www.weber-fag.de\/wordpress\/?attachment_id=50044\" class=\"wp-image-50044\" srcset=\"https:\/\/www.weber-fag.de\/wordpress\/wp-content\/uploads\/2021\/09\/2109_FAG-Luebbecke_0116.jpg 920w, https:\/\/www.weber-fag.de\/wordpress\/wp-content\/uploads\/2021\/09\/2109_FAG-Luebbecke_0116-300x200.jpg 300w, https:\/\/www.weber-fag.de\/wordpress\/wp-content\/uploads\/2021\/09\/2109_FAG-Luebbecke_0116-768x512.jpg 768w\" sizes=\"auto, (max-width: 920px) 100vw, 920px\" \/><figcaption class=\"blocks-gallery-item__caption\">Jacob Bagersted (FAG)<\/figcaption><\/figure><\/li><li class=\"blocks-gallery-item\"><figure><img loading=\"lazy\" decoding=\"async\" width=\"920\" height=\"613\" src=\"https:\/\/www.weber-fag.de\/wordpress\/wp-content\/uploads\/2021\/09\/2109_FAG-Luebbecke_0117.jpg\" alt=\"\" data-id=\"50045\" data-full-url=\"https:\/\/www.weber-fag.de\/wordpress\/wp-content\/uploads\/2021\/09\/2109_FAG-Luebbecke_0117.jpg\" data-link=\"https:\/\/www.weber-fag.de\/wordpress\/?attachment_id=50045\" class=\"wp-image-50045\" srcset=\"https:\/\/www.weber-fag.de\/wordpress\/wp-content\/uploads\/2021\/09\/2109_FAG-Luebbecke_0117.jpg 920w, https:\/\/www.weber-fag.de\/wordpress\/wp-content\/uploads\/2021\/09\/2109_FAG-Luebbecke_0117-300x200.jpg 300w, https:\/\/www.weber-fag.de\/wordpress\/wp-content\/uploads\/2021\/09\/2109_FAG-Luebbecke_0117-768x512.jpg 768w\" sizes=\"auto, (max-width: 920px) 100vw, 920px\" \/><figcaption class=\"blocks-gallery-item__caption\">Urh Kastelic (FAG)<\/figcaption><\/figure><\/li><li class=\"blocks-gallery-item\"><figure><img loading=\"lazy\" decoding=\"async\" width=\"920\" height=\"613\" src=\"https:\/\/www.weber-fag.de\/wordpress\/wp-content\/uploads\/2021\/09\/2109_FAG-Luebbecke_0118.jpg\" alt=\"\" data-id=\"50046\" data-full-url=\"https:\/\/www.weber-fag.de\/wordpress\/wp-content\/uploads\/2021\/09\/2109_FAG-Luebbecke_0118.jpg\" data-link=\"https:\/\/www.weber-fag.de\/wordpress\/?attachment_id=50046\" class=\"wp-image-50046\" srcset=\"https:\/\/www.weber-fag.de\/wordpress\/wp-content\/uploads\/2021\/09\/2109_FAG-Luebbecke_0118.jpg 920w, https:\/\/www.weber-fag.de\/wordpress\/wp-content\/uploads\/2021\/09\/2109_FAG-Luebbecke_0118-300x200.jpg 300w, https:\/\/www.weber-fag.de\/wordpress\/wp-content\/uploads\/2021\/09\/2109_FAG-Luebbecke_0118-768x512.jpg 768w\" sizes=\"auto, (max-width: 920px) 100vw, 920px\" \/><figcaption class=\"blocks-gallery-item__caption\">Kevin Gulliksen (FAG)<\/figcaption><\/figure><\/li><li class=\"blocks-gallery-item\"><figure><img loading=\"lazy\" decoding=\"async\" width=\"920\" height=\"613\" src=\"https:\/\/www.weber-fag.de\/wordpress\/wp-content\/uploads\/2021\/09\/2109_FAG-Luebbecke_0119.jpg\" alt=\"\" data-id=\"50047\" data-full-url=\"https:\/\/www.weber-fag.de\/wordpress\/wp-content\/uploads\/2021\/09\/2109_FAG-Luebbecke_0119.jpg\" data-link=\"https:\/\/www.weber-fag.de\/wordpress\/?attachment_id=50047\" class=\"wp-image-50047\" srcset=\"https:\/\/www.weber-fag.de\/wordpress\/wp-content\/uploads\/2021\/09\/2109_FAG-Luebbecke_0119.jpg 920w, https:\/\/www.weber-fag.de\/wordpress\/wp-content\/uploads\/2021\/09\/2109_FAG-Luebbecke_0119-300x200.jpg 300w, https:\/\/www.weber-fag.de\/wordpress\/wp-content\/uploads\/2021\/09\/2109_FAG-Luebbecke_0119-768x512.jpg 768w\" sizes=\"auto, (max-width: 920px) 100vw, 920px\" \/><figcaption class=\"blocks-gallery-item__caption\">Kevin Gulliksen (FAG)<\/figcaption><\/figure><\/li><li class=\"blocks-gallery-item\"><figure><img loading=\"lazy\" decoding=\"async\" width=\"920\" height=\"613\" src=\"https:\/\/www.weber-fag.de\/wordpress\/wp-content\/uploads\/2021\/09\/2109_FAG-Luebbecke_0120.jpg\" alt=\"\" data-id=\"50048\" data-full-url=\"https:\/\/www.weber-fag.de\/wordpress\/wp-content\/uploads\/2021\/09\/2109_FAG-Luebbecke_0120.jpg\" data-link=\"https:\/\/www.weber-fag.de\/wordpress\/?attachment_id=50048\" class=\"wp-image-50048\" srcset=\"https:\/\/www.weber-fag.de\/wordpress\/wp-content\/uploads\/2021\/09\/2109_FAG-Luebbecke_0120.jpg 920w, https:\/\/www.weber-fag.de\/wordpress\/wp-content\/uploads\/2021\/09\/2109_FAG-Luebbecke_0120-300x200.jpg 300w, https:\/\/www.weber-fag.de\/wordpress\/wp-content\/uploads\/2021\/09\/2109_FAG-Luebbecke_0120-768x512.jpg 768w\" sizes=\"auto, (max-width: 920px) 100vw, 920px\" \/><figcaption class=\"blocks-gallery-item__caption\">Kevin Gulliksen (FAG)<\/figcaption><\/figure><\/li><li class=\"blocks-gallery-item\"><figure><img loading=\"lazy\" decoding=\"async\" width=\"920\" height=\"613\" src=\"https:\/\/www.weber-fag.de\/wordpress\/wp-content\/uploads\/2021\/09\/2109_FAG-Luebbecke_0121.jpg\" alt=\"\" data-id=\"50049\" data-full-url=\"https:\/\/www.weber-fag.de\/wordpress\/wp-content\/uploads\/2021\/09\/2109_FAG-Luebbecke_0121.jpg\" data-link=\"https:\/\/www.weber-fag.de\/wordpress\/?attachment_id=50049\" class=\"wp-image-50049\" srcset=\"https:\/\/www.weber-fag.de\/wordpress\/wp-content\/uploads\/2021\/09\/2109_FAG-Luebbecke_0121.jpg 920w, https:\/\/www.weber-fag.de\/wordpress\/wp-content\/uploads\/2021\/09\/2109_FAG-Luebbecke_0121-300x200.jpg 300w, https:\/\/www.weber-fag.de\/wordpress\/wp-content\/uploads\/2021\/09\/2109_FAG-Luebbecke_0121-768x512.jpg 768w\" sizes=\"auto, (max-width: 920px) 100vw, 920px\" \/><figcaption class=\"blocks-gallery-item__caption\">Kevin Gulliksen (FAG)<\/figcaption><\/figure><\/li><li class=\"blocks-gallery-item\"><figure><img loading=\"lazy\" decoding=\"async\" width=\"920\" height=\"613\" src=\"https:\/\/www.weber-fag.de\/wordpress\/wp-content\/uploads\/2021\/09\/2109_FAG-Luebbecke_0122.jpg\" alt=\"\" data-id=\"50050\" data-full-url=\"https:\/\/www.weber-fag.de\/wordpress\/wp-content\/uploads\/2021\/09\/2109_FAG-Luebbecke_0122.jpg\" data-link=\"https:\/\/www.weber-fag.de\/wordpress\/?attachment_id=50050\" class=\"wp-image-50050\" srcset=\"https:\/\/www.weber-fag.de\/wordpress\/wp-content\/uploads\/2021\/09\/2109_FAG-Luebbecke_0122.jpg 920w, https:\/\/www.weber-fag.de\/wordpress\/wp-content\/uploads\/2021\/09\/2109_FAG-Luebbecke_0122-300x200.jpg 300w, https:\/\/www.weber-fag.de\/wordpress\/wp-content\/uploads\/2021\/09\/2109_FAG-Luebbecke_0122-768x512.jpg 768w\" sizes=\"auto, (max-width: 920px) 100vw, 920px\" \/><figcaption class=\"blocks-gallery-item__caption\">Kevin Gulliksen (FAG)<\/figcaption><\/figure><\/li><li class=\"blocks-gallery-item\"><figure><img loading=\"lazy\" decoding=\"async\" width=\"920\" height=\"613\" src=\"https:\/\/www.weber-fag.de\/wordpress\/wp-content\/uploads\/2021\/09\/2109_FAG-Luebbecke_0123.jpg\" alt=\"\" data-id=\"50051\" data-full-url=\"https:\/\/www.weber-fag.de\/wordpress\/wp-content\/uploads\/2021\/09\/2109_FAG-Luebbecke_0123.jpg\" data-link=\"https:\/\/www.weber-fag.de\/wordpress\/?attachment_id=50051\" class=\"wp-image-50051\" srcset=\"https:\/\/www.weber-fag.de\/wordpress\/wp-content\/uploads\/2021\/09\/2109_FAG-Luebbecke_0123.jpg 920w, https:\/\/www.weber-fag.de\/wordpress\/wp-content\/uploads\/2021\/09\/2109_FAG-Luebbecke_0123-300x200.jpg 300w, https:\/\/www.weber-fag.de\/wordpress\/wp-content\/uploads\/2021\/09\/2109_FAG-Luebbecke_0123-768x512.jpg 768w\" sizes=\"auto, (max-width: 920px) 100vw, 920px\" \/><figcaption class=\"blocks-gallery-item__caption\">Kevin Gulliksen (FAG)<\/figcaption><\/figure><\/li><li class=\"blocks-gallery-item\"><figure><img loading=\"lazy\" decoding=\"async\" width=\"920\" height=\"613\" src=\"https:\/\/www.weber-fag.de\/wordpress\/wp-content\/uploads\/2021\/09\/2109_FAG-Luebbecke_0124.jpg\" alt=\"\" data-id=\"50052\" data-full-url=\"https:\/\/www.weber-fag.de\/wordpress\/wp-content\/uploads\/2021\/09\/2109_FAG-Luebbecke_0124.jpg\" data-link=\"https:\/\/www.weber-fag.de\/wordpress\/?attachment_id=50052\" class=\"wp-image-50052\" srcset=\"https:\/\/www.weber-fag.de\/wordpress\/wp-content\/uploads\/2021\/09\/2109_FAG-Luebbecke_0124.jpg 920w, https:\/\/www.weber-fag.de\/wordpress\/wp-content\/uploads\/2021\/09\/2109_FAG-Luebbecke_0124-300x200.jpg 300w, https:\/\/www.weber-fag.de\/wordpress\/wp-content\/uploads\/2021\/09\/2109_FAG-Luebbecke_0124-768x512.jpg 768w\" sizes=\"auto, (max-width: 920px) 100vw, 920px\" \/><figcaption class=\"blocks-gallery-item__caption\">Kevin Gulliksen (FAG)<\/figcaption><\/figure><\/li><li class=\"blocks-gallery-item\"><figure><img loading=\"lazy\" decoding=\"async\" width=\"920\" height=\"613\" src=\"https:\/\/www.weber-fag.de\/wordpress\/wp-content\/uploads\/2021\/09\/2109_FAG-Luebbecke_0125.jpg\" alt=\"\" data-id=\"50053\" data-full-url=\"https:\/\/www.weber-fag.de\/wordpress\/wp-content\/uploads\/2021\/09\/2109_FAG-Luebbecke_0125.jpg\" data-link=\"https:\/\/www.weber-fag.de\/wordpress\/?attachment_id=50053\" class=\"wp-image-50053\" srcset=\"https:\/\/www.weber-fag.de\/wordpress\/wp-content\/uploads\/2021\/09\/2109_FAG-Luebbecke_0125.jpg 920w, https:\/\/www.weber-fag.de\/wordpress\/wp-content\/uploads\/2021\/09\/2109_FAG-Luebbecke_0125-300x200.jpg 300w, https:\/\/www.weber-fag.de\/wordpress\/wp-content\/uploads\/2021\/09\/2109_FAG-Luebbecke_0125-768x512.jpg 768w\" sizes=\"auto, (max-width: 920px) 100vw, 920px\" \/><figcaption class=\"blocks-gallery-item__caption\">Kevin Gulliksen (FAG)<\/figcaption><\/figure><\/li><li class=\"blocks-gallery-item\"><figure><img loading=\"lazy\" decoding=\"async\" width=\"920\" height=\"613\" src=\"https:\/\/www.weber-fag.de\/wordpress\/wp-content\/uploads\/2021\/09\/2109_FAG-Luebbecke_0126.jpg\" alt=\"\" data-id=\"50054\" data-full-url=\"https:\/\/www.weber-fag.de\/wordpress\/wp-content\/uploads\/2021\/09\/2109_FAG-Luebbecke_0126.jpg\" data-link=\"https:\/\/www.weber-fag.de\/wordpress\/?attachment_id=50054\" class=\"wp-image-50054\" srcset=\"https:\/\/www.weber-fag.de\/wordpress\/wp-content\/uploads\/2021\/09\/2109_FAG-Luebbecke_0126.jpg 920w, https:\/\/www.weber-fag.de\/wordpress\/wp-content\/uploads\/2021\/09\/2109_FAG-Luebbecke_0126-300x200.jpg 300w, https:\/\/www.weber-fag.de\/wordpress\/wp-content\/uploads\/2021\/09\/2109_FAG-Luebbecke_0126-768x512.jpg 768w\" sizes=\"auto, (max-width: 920px) 100vw, 920px\" \/><figcaption class=\"blocks-gallery-item__caption\">Kevin Gulliksen (FAG)<\/figcaption><\/figure><\/li><li class=\"blocks-gallery-item\"><figure><img loading=\"lazy\" decoding=\"async\" width=\"920\" height=\"613\" src=\"https:\/\/www.weber-fag.de\/wordpress\/wp-content\/uploads\/2021\/09\/2109_FAG-Luebbecke_0127.jpg\" alt=\"\" data-id=\"50055\" data-full-url=\"https:\/\/www.weber-fag.de\/wordpress\/wp-content\/uploads\/2021\/09\/2109_FAG-Luebbecke_0127.jpg\" data-link=\"https:\/\/www.weber-fag.de\/wordpress\/?attachment_id=50055\" class=\"wp-image-50055\" srcset=\"https:\/\/www.weber-fag.de\/wordpress\/wp-content\/uploads\/2021\/09\/2109_FAG-Luebbecke_0127.jpg 920w, https:\/\/www.weber-fag.de\/wordpress\/wp-content\/uploads\/2021\/09\/2109_FAG-Luebbecke_0127-300x200.jpg 300w, https:\/\/www.weber-fag.de\/wordpress\/wp-content\/uploads\/2021\/09\/2109_FAG-Luebbecke_0127-768x512.jpg 768w\" sizes=\"auto, (max-width: 920px) 100vw, 920px\" \/><figcaption class=\"blocks-gallery-item__caption\">Kevin Gulliksen (FAG)<\/figcaption><\/figure><\/li><li class=\"blocks-gallery-item\"><figure><img loading=\"lazy\" decoding=\"async\" width=\"920\" height=\"613\" src=\"https:\/\/www.weber-fag.de\/wordpress\/wp-content\/uploads\/2021\/09\/2109_FAG-Luebbecke_0128.jpg\" alt=\"\" data-id=\"50056\" data-full-url=\"https:\/\/www.weber-fag.de\/wordpress\/wp-content\/uploads\/2021\/09\/2109_FAG-Luebbecke_0128.jpg\" data-link=\"https:\/\/www.weber-fag.de\/wordpress\/?attachment_id=50056\" class=\"wp-image-50056\" srcset=\"https:\/\/www.weber-fag.de\/wordpress\/wp-content\/uploads\/2021\/09\/2109_FAG-Luebbecke_0128.jpg 920w, https:\/\/www.weber-fag.de\/wordpress\/wp-content\/uploads\/2021\/09\/2109_FAG-Luebbecke_0128-300x200.jpg 300w, https:\/\/www.weber-fag.de\/wordpress\/wp-content\/uploads\/2021\/09\/2109_FAG-Luebbecke_0128-768x512.jpg 768w\" sizes=\"auto, (max-width: 920px) 100vw, 920px\" \/><\/figure><\/li><li class=\"blocks-gallery-item\"><figure><img loading=\"lazy\" decoding=\"async\" width=\"920\" height=\"613\" src=\"https:\/\/www.weber-fag.de\/wordpress\/wp-content\/uploads\/2021\/09\/2109_FAG-Luebbecke_0129.jpg\" alt=\"\" data-id=\"50057\" data-full-url=\"https:\/\/www.weber-fag.de\/wordpress\/wp-content\/uploads\/2021\/09\/2109_FAG-Luebbecke_0129.jpg\" data-link=\"https:\/\/www.weber-fag.de\/wordpress\/?attachment_id=50057\" class=\"wp-image-50057\" srcset=\"https:\/\/www.weber-fag.de\/wordpress\/wp-content\/uploads\/2021\/09\/2109_FAG-Luebbecke_0129.jpg 920w, https:\/\/www.weber-fag.de\/wordpress\/wp-content\/uploads\/2021\/09\/2109_FAG-Luebbecke_0129-300x200.jpg 300w, https:\/\/www.weber-fag.de\/wordpress\/wp-content\/uploads\/2021\/09\/2109_FAG-Luebbecke_0129-768x512.jpg 768w\" sizes=\"auto, (max-width: 920px) 100vw, 920px\" \/><figcaption class=\"blocks-gallery-item__caption\">Kevin Gulliksen (FAG)<\/figcaption><\/figure><\/li><li class=\"blocks-gallery-item\"><figure><img loading=\"lazy\" decoding=\"async\" width=\"920\" height=\"613\" src=\"https:\/\/www.weber-fag.de\/wordpress\/wp-content\/uploads\/2021\/09\/2109_FAG-Luebbecke_0130.jpg\" alt=\"\" data-id=\"50058\" data-full-url=\"https:\/\/www.weber-fag.de\/wordpress\/wp-content\/uploads\/2021\/09\/2109_FAG-Luebbecke_0130.jpg\" data-link=\"https:\/\/www.weber-fag.de\/wordpress\/?attachment_id=50058\" class=\"wp-image-50058\" srcset=\"https:\/\/www.weber-fag.de\/wordpress\/wp-content\/uploads\/2021\/09\/2109_FAG-Luebbecke_0130.jpg 920w, https:\/\/www.weber-fag.de\/wordpress\/wp-content\/uploads\/2021\/09\/2109_FAG-Luebbecke_0130-300x200.jpg 300w, https:\/\/www.weber-fag.de\/wordpress\/wp-content\/uploads\/2021\/09\/2109_FAG-Luebbecke_0130-768x512.jpg 768w\" sizes=\"auto, (max-width: 920px) 100vw, 920px\" \/><figcaption class=\"blocks-gallery-item__caption\">Kevin Gulliksen (FAG)<\/figcaption><\/figure><\/li><li class=\"blocks-gallery-item\"><figure><img loading=\"lazy\" decoding=\"async\" width=\"920\" height=\"613\" src=\"https:\/\/www.weber-fag.de\/wordpress\/wp-content\/uploads\/2021\/09\/2109_FAG-Luebbecke_0131.jpg\" alt=\"\" data-id=\"50059\" data-full-url=\"https:\/\/www.weber-fag.de\/wordpress\/wp-content\/uploads\/2021\/09\/2109_FAG-Luebbecke_0131.jpg\" data-link=\"https:\/\/www.weber-fag.de\/wordpress\/?attachment_id=50059\" class=\"wp-image-50059\" srcset=\"https:\/\/www.weber-fag.de\/wordpress\/wp-content\/uploads\/2021\/09\/2109_FAG-Luebbecke_0131.jpg 920w, https:\/\/www.weber-fag.de\/wordpress\/wp-content\/uploads\/2021\/09\/2109_FAG-Luebbecke_0131-300x200.jpg 300w, https:\/\/www.weber-fag.de\/wordpress\/wp-content\/uploads\/2021\/09\/2109_FAG-Luebbecke_0131-768x512.jpg 768w\" sizes=\"auto, (max-width: 920px) 100vw, 920px\" \/><figcaption class=\"blocks-gallery-item__caption\">Kevin Gulliksen (FAG)<\/figcaption><\/figure><\/li><li class=\"blocks-gallery-item\"><figure><img loading=\"lazy\" decoding=\"async\" width=\"920\" height=\"613\" src=\"https:\/\/www.weber-fag.de\/wordpress\/wp-content\/uploads\/2021\/09\/2109_FAG-Luebbecke_0132.jpg\" alt=\"\" data-id=\"50060\" data-full-url=\"https:\/\/www.weber-fag.de\/wordpress\/wp-content\/uploads\/2021\/09\/2109_FAG-Luebbecke_0132.jpg\" data-link=\"https:\/\/www.weber-fag.de\/wordpress\/?attachment_id=50060\" class=\"wp-image-50060\" srcset=\"https:\/\/www.weber-fag.de\/wordpress\/wp-content\/uploads\/2021\/09\/2109_FAG-Luebbecke_0132.jpg 920w, https:\/\/www.weber-fag.de\/wordpress\/wp-content\/uploads\/2021\/09\/2109_FAG-Luebbecke_0132-300x200.jpg 300w, https:\/\/www.weber-fag.de\/wordpress\/wp-content\/uploads\/2021\/09\/2109_FAG-Luebbecke_0132-768x512.jpg 768w\" sizes=\"auto, (max-width: 920px) 100vw, 920px\" \/><figcaption class=\"blocks-gallery-item__caption\">Kevin Gulliksen (FAG)<\/figcaption><\/figure><\/li><li class=\"blocks-gallery-item\"><figure><img loading=\"lazy\" decoding=\"async\" width=\"920\" height=\"613\" src=\"https:\/\/www.weber-fag.de\/wordpress\/wp-content\/uploads\/2021\/09\/2109_FAG-Luebbecke_0133.jpg\" alt=\"\" data-id=\"50061\" data-full-url=\"https:\/\/www.weber-fag.de\/wordpress\/wp-content\/uploads\/2021\/09\/2109_FAG-Luebbecke_0133.jpg\" data-link=\"https:\/\/www.weber-fag.de\/wordpress\/?attachment_id=50061\" class=\"wp-image-50061\" srcset=\"https:\/\/www.weber-fag.de\/wordpress\/wp-content\/uploads\/2021\/09\/2109_FAG-Luebbecke_0133.jpg 920w, https:\/\/www.weber-fag.de\/wordpress\/wp-content\/uploads\/2021\/09\/2109_FAG-Luebbecke_0133-300x200.jpg 300w, https:\/\/www.weber-fag.de\/wordpress\/wp-content\/uploads\/2021\/09\/2109_FAG-Luebbecke_0133-768x512.jpg 768w\" sizes=\"auto, (max-width: 920px) 100vw, 920px\" \/><figcaption class=\"blocks-gallery-item__caption\">Kevin Gulliksen (FAG)<\/figcaption><\/figure><\/li><li class=\"blocks-gallery-item\"><figure><img loading=\"lazy\" decoding=\"async\" width=\"920\" height=\"613\" src=\"https:\/\/www.weber-fag.de\/wordpress\/wp-content\/uploads\/2021\/09\/2109_FAG-Luebbecke_0134.jpg\" alt=\"\" data-id=\"50062\" data-full-url=\"https:\/\/www.weber-fag.de\/wordpress\/wp-content\/uploads\/2021\/09\/2109_FAG-Luebbecke_0134.jpg\" data-link=\"https:\/\/www.weber-fag.de\/wordpress\/?attachment_id=50062\" class=\"wp-image-50062\" srcset=\"https:\/\/www.weber-fag.de\/wordpress\/wp-content\/uploads\/2021\/09\/2109_FAG-Luebbecke_0134.jpg 920w, https:\/\/www.weber-fag.de\/wordpress\/wp-content\/uploads\/2021\/09\/2109_FAG-Luebbecke_0134-300x200.jpg 300w, https:\/\/www.weber-fag.de\/wordpress\/wp-content\/uploads\/2021\/09\/2109_FAG-Luebbecke_0134-768x512.jpg 768w\" sizes=\"auto, (max-width: 920px) 100vw, 920px\" \/><figcaption class=\"blocks-gallery-item__caption\">Jon Lindenchrone Andersen (FAG)<\/figcaption><\/figure><\/li><li class=\"blocks-gallery-item\"><figure><img loading=\"lazy\" decoding=\"async\" width=\"920\" height=\"613\" src=\"https:\/\/www.weber-fag.de\/wordpress\/wp-content\/uploads\/2021\/09\/2109_FAG-Luebbecke_0135.jpg\" alt=\"\" data-id=\"50063\" data-full-url=\"https:\/\/www.weber-fag.de\/wordpress\/wp-content\/uploads\/2021\/09\/2109_FAG-Luebbecke_0135.jpg\" data-link=\"https:\/\/www.weber-fag.de\/wordpress\/?attachment_id=50063\" class=\"wp-image-50063\" srcset=\"https:\/\/www.weber-fag.de\/wordpress\/wp-content\/uploads\/2021\/09\/2109_FAG-Luebbecke_0135.jpg 920w, https:\/\/www.weber-fag.de\/wordpress\/wp-content\/uploads\/2021\/09\/2109_FAG-Luebbecke_0135-300x200.jpg 300w, https:\/\/www.weber-fag.de\/wordpress\/wp-content\/uploads\/2021\/09\/2109_FAG-Luebbecke_0135-768x512.jpg 768w\" sizes=\"auto, (max-width: 920px) 100vw, 920px\" \/><figcaption class=\"blocks-gallery-item__caption\">Jon Lindenchrone Andersen (FAG)<\/figcaption><\/figure><\/li><li class=\"blocks-gallery-item\"><figure><img loading=\"lazy\" decoding=\"async\" width=\"920\" height=\"613\" src=\"https:\/\/www.weber-fag.de\/wordpress\/wp-content\/uploads\/2021\/09\/2109_FAG-Luebbecke_0136.jpg\" alt=\"\" data-id=\"50064\" data-full-url=\"https:\/\/www.weber-fag.de\/wordpress\/wp-content\/uploads\/2021\/09\/2109_FAG-Luebbecke_0136.jpg\" data-link=\"https:\/\/www.weber-fag.de\/wordpress\/?attachment_id=50064\" class=\"wp-image-50064\" srcset=\"https:\/\/www.weber-fag.de\/wordpress\/wp-content\/uploads\/2021\/09\/2109_FAG-Luebbecke_0136.jpg 920w, https:\/\/www.weber-fag.de\/wordpress\/wp-content\/uploads\/2021\/09\/2109_FAG-Luebbecke_0136-300x200.jpg 300w, https:\/\/www.weber-fag.de\/wordpress\/wp-content\/uploads\/2021\/09\/2109_FAG-Luebbecke_0136-768x512.jpg 768w\" sizes=\"auto, (max-width: 920px) 100vw, 920px\" \/><figcaption class=\"blocks-gallery-item__caption\">Jon Lindenchrone Andersen (FAG)<\/figcaption><\/figure><\/li><li class=\"blocks-gallery-item\"><figure><img loading=\"lazy\" decoding=\"async\" width=\"920\" height=\"613\" src=\"https:\/\/www.weber-fag.de\/wordpress\/wp-content\/uploads\/2021\/09\/2109_FAG-Luebbecke_0137.jpg\" alt=\"\" data-id=\"50065\" data-full-url=\"https:\/\/www.weber-fag.de\/wordpress\/wp-content\/uploads\/2021\/09\/2109_FAG-Luebbecke_0137.jpg\" data-link=\"https:\/\/www.weber-fag.de\/wordpress\/?attachment_id=50065\" class=\"wp-image-50065\" srcset=\"https:\/\/www.weber-fag.de\/wordpress\/wp-content\/uploads\/2021\/09\/2109_FAG-Luebbecke_0137.jpg 920w, https:\/\/www.weber-fag.de\/wordpress\/wp-content\/uploads\/2021\/09\/2109_FAG-Luebbecke_0137-300x200.jpg 300w, https:\/\/www.weber-fag.de\/wordpress\/wp-content\/uploads\/2021\/09\/2109_FAG-Luebbecke_0137-768x512.jpg 768w\" sizes=\"auto, (max-width: 920px) 100vw, 920px\" \/><figcaption class=\"blocks-gallery-item__caption\">Jon Lindenchrone Andersen (FAG)<\/figcaption><\/figure><\/li><li class=\"blocks-gallery-item\"><figure><img loading=\"lazy\" decoding=\"async\" width=\"920\" height=\"613\" src=\"https:\/\/www.weber-fag.de\/wordpress\/wp-content\/uploads\/2021\/09\/2109_FAG-Luebbecke_0138.jpg\" alt=\"\" data-id=\"50066\" data-full-url=\"https:\/\/www.weber-fag.de\/wordpress\/wp-content\/uploads\/2021\/09\/2109_FAG-Luebbecke_0138.jpg\" data-link=\"https:\/\/www.weber-fag.de\/wordpress\/?attachment_id=50066\" class=\"wp-image-50066\" srcset=\"https:\/\/www.weber-fag.de\/wordpress\/wp-content\/uploads\/2021\/09\/2109_FAG-Luebbecke_0138.jpg 920w, https:\/\/www.weber-fag.de\/wordpress\/wp-content\/uploads\/2021\/09\/2109_FAG-Luebbecke_0138-300x200.jpg 300w, https:\/\/www.weber-fag.de\/wordpress\/wp-content\/uploads\/2021\/09\/2109_FAG-Luebbecke_0138-768x512.jpg 768w\" sizes=\"auto, (max-width: 920px) 100vw, 920px\" \/><figcaption class=\"blocks-gallery-item__caption\">Jon Lindenchrone Andersen (FAG)<\/figcaption><\/figure><\/li><li class=\"blocks-gallery-item\"><figure><img loading=\"lazy\" decoding=\"async\" width=\"920\" height=\"613\" src=\"https:\/\/www.weber-fag.de\/wordpress\/wp-content\/uploads\/2021\/09\/2109_FAG-Luebbecke_0139.jpg\" alt=\"\" data-id=\"50067\" data-full-url=\"https:\/\/www.weber-fag.de\/wordpress\/wp-content\/uploads\/2021\/09\/2109_FAG-Luebbecke_0139.jpg\" data-link=\"https:\/\/www.weber-fag.de\/wordpress\/?attachment_id=50067\" class=\"wp-image-50067\" srcset=\"https:\/\/www.weber-fag.de\/wordpress\/wp-content\/uploads\/2021\/09\/2109_FAG-Luebbecke_0139.jpg 920w, https:\/\/www.weber-fag.de\/wordpress\/wp-content\/uploads\/2021\/09\/2109_FAG-Luebbecke_0139-300x200.jpg 300w, https:\/\/www.weber-fag.de\/wordpress\/wp-content\/uploads\/2021\/09\/2109_FAG-Luebbecke_0139-768x512.jpg 768w\" sizes=\"auto, (max-width: 920px) 100vw, 920px\" \/><figcaption class=\"blocks-gallery-item__caption\">Jon Lindenchrone Andersen (FAG)<\/figcaption><\/figure><\/li><li class=\"blocks-gallery-item\"><figure><img loading=\"lazy\" decoding=\"async\" width=\"920\" height=\"613\" src=\"https:\/\/www.weber-fag.de\/wordpress\/wp-content\/uploads\/2021\/09\/2109_FAG-Luebbecke_0140.jpg\" alt=\"\" data-id=\"50068\" data-full-url=\"https:\/\/www.weber-fag.de\/wordpress\/wp-content\/uploads\/2021\/09\/2109_FAG-Luebbecke_0140.jpg\" data-link=\"https:\/\/www.weber-fag.de\/wordpress\/?attachment_id=50068\" class=\"wp-image-50068\" srcset=\"https:\/\/www.weber-fag.de\/wordpress\/wp-content\/uploads\/2021\/09\/2109_FAG-Luebbecke_0140.jpg 920w, https:\/\/www.weber-fag.de\/wordpress\/wp-content\/uploads\/2021\/09\/2109_FAG-Luebbecke_0140-300x200.jpg 300w, https:\/\/www.weber-fag.de\/wordpress\/wp-content\/uploads\/2021\/09\/2109_FAG-Luebbecke_0140-768x512.jpg 768w\" sizes=\"auto, (max-width: 920px) 100vw, 920px\" \/><figcaption class=\"blocks-gallery-item__caption\">Jon Lindenchrone Andersen (FAG)<\/figcaption><\/figure><\/li><li class=\"blocks-gallery-item\"><figure><img loading=\"lazy\" decoding=\"async\" width=\"920\" height=\"613\" src=\"https:\/\/www.weber-fag.de\/wordpress\/wp-content\/uploads\/2021\/09\/2109_FAG-Luebbecke_0141.jpg\" alt=\"\" data-id=\"50069\" data-full-url=\"https:\/\/www.weber-fag.de\/wordpress\/wp-content\/uploads\/2021\/09\/2109_FAG-Luebbecke_0141.jpg\" data-link=\"https:\/\/www.weber-fag.de\/wordpress\/?attachment_id=50069\" class=\"wp-image-50069\" srcset=\"https:\/\/www.weber-fag.de\/wordpress\/wp-content\/uploads\/2021\/09\/2109_FAG-Luebbecke_0141.jpg 920w, https:\/\/www.weber-fag.de\/wordpress\/wp-content\/uploads\/2021\/09\/2109_FAG-Luebbecke_0141-300x200.jpg 300w, https:\/\/www.weber-fag.de\/wordpress\/wp-content\/uploads\/2021\/09\/2109_FAG-Luebbecke_0141-768x512.jpg 768w\" sizes=\"auto, (max-width: 920px) 100vw, 920px\" \/><figcaption class=\"blocks-gallery-item__caption\">Jon Lindenchrone Andersen (FAG)<\/figcaption><\/figure><\/li><li class=\"blocks-gallery-item\"><figure><img loading=\"lazy\" decoding=\"async\" width=\"920\" height=\"613\" src=\"https:\/\/www.weber-fag.de\/wordpress\/wp-content\/uploads\/2021\/09\/2109_FAG-Luebbecke_0142.jpg\" alt=\"\" data-id=\"50070\" data-full-url=\"https:\/\/www.weber-fag.de\/wordpress\/wp-content\/uploads\/2021\/09\/2109_FAG-Luebbecke_0142.jpg\" data-link=\"https:\/\/www.weber-fag.de\/wordpress\/?attachment_id=50070\" class=\"wp-image-50070\" srcset=\"https:\/\/www.weber-fag.de\/wordpress\/wp-content\/uploads\/2021\/09\/2109_FAG-Luebbecke_0142.jpg 920w, https:\/\/www.weber-fag.de\/wordpress\/wp-content\/uploads\/2021\/09\/2109_FAG-Luebbecke_0142-300x200.jpg 300w, https:\/\/www.weber-fag.de\/wordpress\/wp-content\/uploads\/2021\/09\/2109_FAG-Luebbecke_0142-768x512.jpg 768w\" sizes=\"auto, (max-width: 920px) 100vw, 920px\" \/><figcaption class=\"blocks-gallery-item__caption\">Jon Lindenchrone Andersen (FAG)<\/figcaption><\/figure><\/li><li class=\"blocks-gallery-item\"><figure><img loading=\"lazy\" decoding=\"async\" width=\"920\" height=\"613\" src=\"https:\/\/www.weber-fag.de\/wordpress\/wp-content\/uploads\/2021\/09\/2109_FAG-Luebbecke_0143.jpg\" alt=\"\" data-id=\"50071\" data-full-url=\"https:\/\/www.weber-fag.de\/wordpress\/wp-content\/uploads\/2021\/09\/2109_FAG-Luebbecke_0143.jpg\" data-link=\"https:\/\/www.weber-fag.de\/wordpress\/?attachment_id=50071\" class=\"wp-image-50071\" srcset=\"https:\/\/www.weber-fag.de\/wordpress\/wp-content\/uploads\/2021\/09\/2109_FAG-Luebbecke_0143.jpg 920w, https:\/\/www.weber-fag.de\/wordpress\/wp-content\/uploads\/2021\/09\/2109_FAG-Luebbecke_0143-300x200.jpg 300w, https:\/\/www.weber-fag.de\/wordpress\/wp-content\/uploads\/2021\/09\/2109_FAG-Luebbecke_0143-768x512.jpg 768w\" sizes=\"auto, (max-width: 920px) 100vw, 920px\" \/><figcaption class=\"blocks-gallery-item__caption\">Jon Lindenchrone Andersen (FAG)<\/figcaption><\/figure><\/li><li class=\"blocks-gallery-item\"><figure><img loading=\"lazy\" decoding=\"async\" width=\"920\" height=\"613\" src=\"https:\/\/www.weber-fag.de\/wordpress\/wp-content\/uploads\/2021\/09\/2109_FAG-Luebbecke_0144.jpg\" alt=\"\" data-id=\"50072\" data-full-url=\"https:\/\/www.weber-fag.de\/wordpress\/wp-content\/uploads\/2021\/09\/2109_FAG-Luebbecke_0144.jpg\" data-link=\"https:\/\/www.weber-fag.de\/wordpress\/?attachment_id=50072\" class=\"wp-image-50072\" srcset=\"https:\/\/www.weber-fag.de\/wordpress\/wp-content\/uploads\/2021\/09\/2109_FAG-Luebbecke_0144.jpg 920w, https:\/\/www.weber-fag.de\/wordpress\/wp-content\/uploads\/2021\/09\/2109_FAG-Luebbecke_0144-300x200.jpg 300w, https:\/\/www.weber-fag.de\/wordpress\/wp-content\/uploads\/2021\/09\/2109_FAG-Luebbecke_0144-768x512.jpg 768w\" sizes=\"auto, (max-width: 920px) 100vw, 920px\" \/><figcaption class=\"blocks-gallery-item__caption\">Jon Lindenchrone Andersen (FAG)<\/figcaption><\/figure><\/li><li class=\"blocks-gallery-item\"><figure><img loading=\"lazy\" decoding=\"async\" width=\"920\" height=\"613\" src=\"https:\/\/www.weber-fag.de\/wordpress\/wp-content\/uploads\/2021\/09\/2109_FAG-Luebbecke_0145.jpg\" alt=\"\" data-id=\"50073\" data-full-url=\"https:\/\/www.weber-fag.de\/wordpress\/wp-content\/uploads\/2021\/09\/2109_FAG-Luebbecke_0145.jpg\" data-link=\"https:\/\/www.weber-fag.de\/wordpress\/?attachment_id=50073\" class=\"wp-image-50073\" srcset=\"https:\/\/www.weber-fag.de\/wordpress\/wp-content\/uploads\/2021\/09\/2109_FAG-Luebbecke_0145.jpg 920w, https:\/\/www.weber-fag.de\/wordpress\/wp-content\/uploads\/2021\/09\/2109_FAG-Luebbecke_0145-300x200.jpg 300w, https:\/\/www.weber-fag.de\/wordpress\/wp-content\/uploads\/2021\/09\/2109_FAG-Luebbecke_0145-768x512.jpg 768w\" sizes=\"auto, (max-width: 920px) 100vw, 920px\" \/><figcaption class=\"blocks-gallery-item__caption\">Jon Lindenchrone Andersen (FAG)<\/figcaption><\/figure><\/li><li class=\"blocks-gallery-item\"><figure><img loading=\"lazy\" decoding=\"async\" width=\"920\" height=\"613\" src=\"https:\/\/www.weber-fag.de\/wordpress\/wp-content\/uploads\/2021\/09\/2109_FAG-Luebbecke_0146.jpg\" alt=\"\" data-id=\"50074\" data-full-url=\"https:\/\/www.weber-fag.de\/wordpress\/wp-content\/uploads\/2021\/09\/2109_FAG-Luebbecke_0146.jpg\" data-link=\"https:\/\/www.weber-fag.de\/wordpress\/?attachment_id=50074\" class=\"wp-image-50074\" srcset=\"https:\/\/www.weber-fag.de\/wordpress\/wp-content\/uploads\/2021\/09\/2109_FAG-Luebbecke_0146.jpg 920w, https:\/\/www.weber-fag.de\/wordpress\/wp-content\/uploads\/2021\/09\/2109_FAG-Luebbecke_0146-300x200.jpg 300w, https:\/\/www.weber-fag.de\/wordpress\/wp-content\/uploads\/2021\/09\/2109_FAG-Luebbecke_0146-768x512.jpg 768w\" sizes=\"auto, (max-width: 920px) 100vw, 920px\" \/><figcaption class=\"blocks-gallery-item__caption\">Jon Lindenchrone Andersen (FAG)<\/figcaption><\/figure><\/li><li class=\"blocks-gallery-item\"><figure><img loading=\"lazy\" decoding=\"async\" width=\"920\" height=\"613\" src=\"https:\/\/www.weber-fag.de\/wordpress\/wp-content\/uploads\/2021\/09\/2109_FAG-Luebbecke_0147.jpg\" alt=\"\" data-id=\"50075\" data-full-url=\"https:\/\/www.weber-fag.de\/wordpress\/wp-content\/uploads\/2021\/09\/2109_FAG-Luebbecke_0147.jpg\" data-link=\"https:\/\/www.weber-fag.de\/wordpress\/?attachment_id=50075\" class=\"wp-image-50075\" srcset=\"https:\/\/www.weber-fag.de\/wordpress\/wp-content\/uploads\/2021\/09\/2109_FAG-Luebbecke_0147.jpg 920w, https:\/\/www.weber-fag.de\/wordpress\/wp-content\/uploads\/2021\/09\/2109_FAG-Luebbecke_0147-300x200.jpg 300w, https:\/\/www.weber-fag.de\/wordpress\/wp-content\/uploads\/2021\/09\/2109_FAG-Luebbecke_0147-768x512.jpg 768w\" sizes=\"auto, (max-width: 920px) 100vw, 920px\" \/><figcaption class=\"blocks-gallery-item__caption\">Janus Smarason (FAG)<\/figcaption><\/figure><\/li><li class=\"blocks-gallery-item\"><figure><img loading=\"lazy\" decoding=\"async\" width=\"920\" height=\"613\" src=\"https:\/\/www.weber-fag.de\/wordpress\/wp-content\/uploads\/2021\/09\/2109_FAG-Luebbecke_0148.jpg\" alt=\"\" data-id=\"50076\" data-full-url=\"https:\/\/www.weber-fag.de\/wordpress\/wp-content\/uploads\/2021\/09\/2109_FAG-Luebbecke_0148.jpg\" data-link=\"https:\/\/www.weber-fag.de\/wordpress\/?attachment_id=50076\" class=\"wp-image-50076\" srcset=\"https:\/\/www.weber-fag.de\/wordpress\/wp-content\/uploads\/2021\/09\/2109_FAG-Luebbecke_0148.jpg 920w, https:\/\/www.weber-fag.de\/wordpress\/wp-content\/uploads\/2021\/09\/2109_FAG-Luebbecke_0148-300x200.jpg 300w, https:\/\/www.weber-fag.de\/wordpress\/wp-content\/uploads\/2021\/09\/2109_FAG-Luebbecke_0148-768x512.jpg 768w\" sizes=\"auto, (max-width: 920px) 100vw, 920px\" \/><figcaption class=\"blocks-gallery-item__caption\">Janus Smarason (FAG)<\/figcaption><\/figure><\/li><li class=\"blocks-gallery-item\"><figure><img loading=\"lazy\" decoding=\"async\" width=\"920\" height=\"613\" src=\"https:\/\/www.weber-fag.de\/wordpress\/wp-content\/uploads\/2021\/09\/2109_FAG-Luebbecke_0149.jpg\" alt=\"\" data-id=\"50077\" data-full-url=\"https:\/\/www.weber-fag.de\/wordpress\/wp-content\/uploads\/2021\/09\/2109_FAG-Luebbecke_0149.jpg\" data-link=\"https:\/\/www.weber-fag.de\/wordpress\/?attachment_id=50077\" class=\"wp-image-50077\" srcset=\"https:\/\/www.weber-fag.de\/wordpress\/wp-content\/uploads\/2021\/09\/2109_FAG-Luebbecke_0149.jpg 920w, https:\/\/www.weber-fag.de\/wordpress\/wp-content\/uploads\/2021\/09\/2109_FAG-Luebbecke_0149-300x200.jpg 300w, https:\/\/www.weber-fag.de\/wordpress\/wp-content\/uploads\/2021\/09\/2109_FAG-Luebbecke_0149-768x512.jpg 768w\" sizes=\"auto, (max-width: 920px) 100vw, 920px\" \/><figcaption class=\"blocks-gallery-item__caption\">Janus Smarason (FAG)<\/figcaption><\/figure><\/li><li class=\"blocks-gallery-item\"><figure><img loading=\"lazy\" decoding=\"async\" width=\"920\" height=\"613\" src=\"https:\/\/www.weber-fag.de\/wordpress\/wp-content\/uploads\/2021\/09\/2109_FAG-Luebbecke_0150.jpg\" alt=\"\" data-id=\"50078\" data-full-url=\"https:\/\/www.weber-fag.de\/wordpress\/wp-content\/uploads\/2021\/09\/2109_FAG-Luebbecke_0150.jpg\" data-link=\"https:\/\/www.weber-fag.de\/wordpress\/?attachment_id=50078\" class=\"wp-image-50078\" srcset=\"https:\/\/www.weber-fag.de\/wordpress\/wp-content\/uploads\/2021\/09\/2109_FAG-Luebbecke_0150.jpg 920w, https:\/\/www.weber-fag.de\/wordpress\/wp-content\/uploads\/2021\/09\/2109_FAG-Luebbecke_0150-300x200.jpg 300w, https:\/\/www.weber-fag.de\/wordpress\/wp-content\/uploads\/2021\/09\/2109_FAG-Luebbecke_0150-768x512.jpg 768w\" sizes=\"auto, (max-width: 920px) 100vw, 920px\" \/><figcaption class=\"blocks-gallery-item__caption\">Kevin Gulliksen (FAG)<\/figcaption><\/figure><\/li><li class=\"blocks-gallery-item\"><figure><img loading=\"lazy\" decoding=\"async\" width=\"920\" height=\"613\" src=\"https:\/\/www.weber-fag.de\/wordpress\/wp-content\/uploads\/2021\/09\/2109_FAG-Luebbecke_0151.jpg\" alt=\"\" data-id=\"50079\" data-full-url=\"https:\/\/www.weber-fag.de\/wordpress\/wp-content\/uploads\/2021\/09\/2109_FAG-Luebbecke_0151.jpg\" data-link=\"https:\/\/www.weber-fag.de\/wordpress\/?attachment_id=50079\" class=\"wp-image-50079\" srcset=\"https:\/\/www.weber-fag.de\/wordpress\/wp-content\/uploads\/2021\/09\/2109_FAG-Luebbecke_0151.jpg 920w, https:\/\/www.weber-fag.de\/wordpress\/wp-content\/uploads\/2021\/09\/2109_FAG-Luebbecke_0151-300x200.jpg 300w, https:\/\/www.weber-fag.de\/wordpress\/wp-content\/uploads\/2021\/09\/2109_FAG-Luebbecke_0151-768x512.jpg 768w\" sizes=\"auto, (max-width: 920px) 100vw, 920px\" \/><figcaption class=\"blocks-gallery-item__caption\">Kevin Gulliksen (FAG)<\/figcaption><\/figure><\/li><li class=\"blocks-gallery-item\"><figure><img loading=\"lazy\" decoding=\"async\" width=\"920\" height=\"613\" src=\"https:\/\/www.weber-fag.de\/wordpress\/wp-content\/uploads\/2021\/09\/2109_FAG-Luebbecke_0152.jpg\" alt=\"\" data-id=\"50080\" data-full-url=\"https:\/\/www.weber-fag.de\/wordpress\/wp-content\/uploads\/2021\/09\/2109_FAG-Luebbecke_0152.jpg\" data-link=\"https:\/\/www.weber-fag.de\/wordpress\/?attachment_id=50080\" class=\"wp-image-50080\" srcset=\"https:\/\/www.weber-fag.de\/wordpress\/wp-content\/uploads\/2021\/09\/2109_FAG-Luebbecke_0152.jpg 920w, https:\/\/www.weber-fag.de\/wordpress\/wp-content\/uploads\/2021\/09\/2109_FAG-Luebbecke_0152-300x200.jpg 300w, https:\/\/www.weber-fag.de\/wordpress\/wp-content\/uploads\/2021\/09\/2109_FAG-Luebbecke_0152-768x512.jpg 768w\" sizes=\"auto, (max-width: 920px) 100vw, 920px\" \/><figcaption class=\"blocks-gallery-item__caption\">Kevin Gulliksen (FAG)<\/figcaption><\/figure><\/li><li class=\"blocks-gallery-item\"><figure><img loading=\"lazy\" decoding=\"async\" width=\"920\" height=\"613\" src=\"https:\/\/www.weber-fag.de\/wordpress\/wp-content\/uploads\/2021\/09\/2109_FAG-Luebbecke_0153.jpg\" alt=\"\" data-id=\"50081\" data-full-url=\"https:\/\/www.weber-fag.de\/wordpress\/wp-content\/uploads\/2021\/09\/2109_FAG-Luebbecke_0153.jpg\" data-link=\"https:\/\/www.weber-fag.de\/wordpress\/?attachment_id=50081\" class=\"wp-image-50081\" srcset=\"https:\/\/www.weber-fag.de\/wordpress\/wp-content\/uploads\/2021\/09\/2109_FAG-Luebbecke_0153.jpg 920w, https:\/\/www.weber-fag.de\/wordpress\/wp-content\/uploads\/2021\/09\/2109_FAG-Luebbecke_0153-300x200.jpg 300w, https:\/\/www.weber-fag.de\/wordpress\/wp-content\/uploads\/2021\/09\/2109_FAG-Luebbecke_0153-768x512.jpg 768w\" sizes=\"auto, (max-width: 920px) 100vw, 920px\" \/><figcaption class=\"blocks-gallery-item__caption\">Sebastian Heymann (FAG)<\/figcaption><\/figure><\/li><li class=\"blocks-gallery-item\"><figure><img loading=\"lazy\" decoding=\"async\" width=\"920\" height=\"613\" src=\"https:\/\/www.weber-fag.de\/wordpress\/wp-content\/uploads\/2021\/09\/2109_FAG-Luebbecke_0154.jpg\" alt=\"\" data-id=\"50082\" data-full-url=\"https:\/\/www.weber-fag.de\/wordpress\/wp-content\/uploads\/2021\/09\/2109_FAG-Luebbecke_0154.jpg\" data-link=\"https:\/\/www.weber-fag.de\/wordpress\/?attachment_id=50082\" class=\"wp-image-50082\" srcset=\"https:\/\/www.weber-fag.de\/wordpress\/wp-content\/uploads\/2021\/09\/2109_FAG-Luebbecke_0154.jpg 920w, https:\/\/www.weber-fag.de\/wordpress\/wp-content\/uploads\/2021\/09\/2109_FAG-Luebbecke_0154-300x200.jpg 300w, https:\/\/www.weber-fag.de\/wordpress\/wp-content\/uploads\/2021\/09\/2109_FAG-Luebbecke_0154-768x512.jpg 768w\" sizes=\"auto, (max-width: 920px) 100vw, 920px\" \/><figcaption class=\"blocks-gallery-item__caption\">Sebastian Heymann (FAG)<\/figcaption><\/figure><\/li><li class=\"blocks-gallery-item\"><figure><img loading=\"lazy\" decoding=\"async\" width=\"920\" height=\"613\" src=\"https:\/\/www.weber-fag.de\/wordpress\/wp-content\/uploads\/2021\/09\/2109_FAG-Luebbecke_0155.jpg\" alt=\"\" data-id=\"50083\" data-full-url=\"https:\/\/www.weber-fag.de\/wordpress\/wp-content\/uploads\/2021\/09\/2109_FAG-Luebbecke_0155.jpg\" data-link=\"https:\/\/www.weber-fag.de\/wordpress\/?attachment_id=50083\" class=\"wp-image-50083\" srcset=\"https:\/\/www.weber-fag.de\/wordpress\/wp-content\/uploads\/2021\/09\/2109_FAG-Luebbecke_0155.jpg 920w, https:\/\/www.weber-fag.de\/wordpress\/wp-content\/uploads\/2021\/09\/2109_FAG-Luebbecke_0155-300x200.jpg 300w, https:\/\/www.weber-fag.de\/wordpress\/wp-content\/uploads\/2021\/09\/2109_FAG-Luebbecke_0155-768x512.jpg 768w\" sizes=\"auto, (max-width: 920px) 100vw, 920px\" \/><figcaption class=\"blocks-gallery-item__caption\">Jacob Bagersted (FAG)<\/figcaption><\/figure><\/li><li class=\"blocks-gallery-item\"><figure><img loading=\"lazy\" decoding=\"async\" width=\"920\" height=\"613\" src=\"https:\/\/www.weber-fag.de\/wordpress\/wp-content\/uploads\/2021\/09\/2109_FAG-Luebbecke_0156.jpg\" alt=\"\" data-id=\"50084\" data-full-url=\"https:\/\/www.weber-fag.de\/wordpress\/wp-content\/uploads\/2021\/09\/2109_FAG-Luebbecke_0156.jpg\" data-link=\"https:\/\/www.weber-fag.de\/wordpress\/?attachment_id=50084\" class=\"wp-image-50084\" srcset=\"https:\/\/www.weber-fag.de\/wordpress\/wp-content\/uploads\/2021\/09\/2109_FAG-Luebbecke_0156.jpg 920w, https:\/\/www.weber-fag.de\/wordpress\/wp-content\/uploads\/2021\/09\/2109_FAG-Luebbecke_0156-300x200.jpg 300w, https:\/\/www.weber-fag.de\/wordpress\/wp-content\/uploads\/2021\/09\/2109_FAG-Luebbecke_0156-768x512.jpg 768w\" sizes=\"auto, (max-width: 920px) 100vw, 920px\" \/><\/figure><\/li><li class=\"blocks-gallery-item\"><figure><img loading=\"lazy\" decoding=\"async\" width=\"920\" height=\"613\" src=\"https:\/\/www.weber-fag.de\/wordpress\/wp-content\/uploads\/2021\/09\/2109_FAG-Luebbecke_0157.jpg\" alt=\"\" data-id=\"50085\" data-full-url=\"https:\/\/www.weber-fag.de\/wordpress\/wp-content\/uploads\/2021\/09\/2109_FAG-Luebbecke_0157.jpg\" data-link=\"https:\/\/www.weber-fag.de\/wordpress\/?attachment_id=50085\" class=\"wp-image-50085\" srcset=\"https:\/\/www.weber-fag.de\/wordpress\/wp-content\/uploads\/2021\/09\/2109_FAG-Luebbecke_0157.jpg 920w, https:\/\/www.weber-fag.de\/wordpress\/wp-content\/uploads\/2021\/09\/2109_FAG-Luebbecke_0157-300x200.jpg 300w, https:\/\/www.weber-fag.de\/wordpress\/wp-content\/uploads\/2021\/09\/2109_FAG-Luebbecke_0157-768x512.jpg 768w\" sizes=\"auto, (max-width: 920px) 100vw, 920px\" \/><figcaption class=\"blocks-gallery-item__caption\">Tobias Ellebaek (FAG)<\/figcaption><\/figure><\/li><li class=\"blocks-gallery-item\"><figure><img loading=\"lazy\" decoding=\"async\" width=\"920\" height=\"613\" src=\"https:\/\/www.weber-fag.de\/wordpress\/wp-content\/uploads\/2021\/09\/2109_FAG-Luebbecke_0158.jpg\" alt=\"\" data-id=\"50086\" data-full-url=\"https:\/\/www.weber-fag.de\/wordpress\/wp-content\/uploads\/2021\/09\/2109_FAG-Luebbecke_0158.jpg\" data-link=\"https:\/\/www.weber-fag.de\/wordpress\/?attachment_id=50086\" class=\"wp-image-50086\" srcset=\"https:\/\/www.weber-fag.de\/wordpress\/wp-content\/uploads\/2021\/09\/2109_FAG-Luebbecke_0158.jpg 920w, https:\/\/www.weber-fag.de\/wordpress\/wp-content\/uploads\/2021\/09\/2109_FAG-Luebbecke_0158-300x200.jpg 300w, https:\/\/www.weber-fag.de\/wordpress\/wp-content\/uploads\/2021\/09\/2109_FAG-Luebbecke_0158-768x512.jpg 768w\" sizes=\"auto, (max-width: 920px) 100vw, 920px\" \/><figcaption class=\"blocks-gallery-item__caption\">Janus Smarason (FAG)<\/figcaption><\/figure><\/li><li class=\"blocks-gallery-item\"><figure><img loading=\"lazy\" decoding=\"async\" width=\"920\" height=\"613\" src=\"https:\/\/www.weber-fag.de\/wordpress\/wp-content\/uploads\/2021\/09\/2109_FAG-Luebbecke_0159.jpg\" alt=\"\" data-id=\"50087\" data-full-url=\"https:\/\/www.weber-fag.de\/wordpress\/wp-content\/uploads\/2021\/09\/2109_FAG-Luebbecke_0159.jpg\" data-link=\"https:\/\/www.weber-fag.de\/wordpress\/?attachment_id=50087\" class=\"wp-image-50087\" srcset=\"https:\/\/www.weber-fag.de\/wordpress\/wp-content\/uploads\/2021\/09\/2109_FAG-Luebbecke_0159.jpg 920w, https:\/\/www.weber-fag.de\/wordpress\/wp-content\/uploads\/2021\/09\/2109_FAG-Luebbecke_0159-300x200.jpg 300w, https:\/\/www.weber-fag.de\/wordpress\/wp-content\/uploads\/2021\/09\/2109_FAG-Luebbecke_0159-768x512.jpg 768w\" sizes=\"auto, (max-width: 920px) 100vw, 920px\" \/><figcaption class=\"blocks-gallery-item__caption\">Till Hermann (FAG)<\/figcaption><\/figure><\/li><li class=\"blocks-gallery-item\"><figure><img loading=\"lazy\" decoding=\"async\" width=\"920\" height=\"613\" src=\"https:\/\/www.weber-fag.de\/wordpress\/wp-content\/uploads\/2021\/09\/2109_FAG-Luebbecke_0160.jpg\" alt=\"\" data-id=\"50088\" data-full-url=\"https:\/\/www.weber-fag.de\/wordpress\/wp-content\/uploads\/2021\/09\/2109_FAG-Luebbecke_0160.jpg\" data-link=\"https:\/\/www.weber-fag.de\/wordpress\/?attachment_id=50088\" class=\"wp-image-50088\" srcset=\"https:\/\/www.weber-fag.de\/wordpress\/wp-content\/uploads\/2021\/09\/2109_FAG-Luebbecke_0160.jpg 920w, https:\/\/www.weber-fag.de\/wordpress\/wp-content\/uploads\/2021\/09\/2109_FAG-Luebbecke_0160-300x200.jpg 300w, https:\/\/www.weber-fag.de\/wordpress\/wp-content\/uploads\/2021\/09\/2109_FAG-Luebbecke_0160-768x512.jpg 768w\" sizes=\"auto, (max-width: 920px) 100vw, 920px\" \/><figcaption class=\"blocks-gallery-item__caption\">Till Hermann (FAG)<\/figcaption><\/figure><\/li><li class=\"blocks-gallery-item\"><figure><img loading=\"lazy\" decoding=\"async\" width=\"920\" height=\"613\" src=\"https:\/\/www.weber-fag.de\/wordpress\/wp-content\/uploads\/2021\/09\/2109_FAG-Luebbecke_0161.jpg\" alt=\"\" data-id=\"50089\" data-full-url=\"https:\/\/www.weber-fag.de\/wordpress\/wp-content\/uploads\/2021\/09\/2109_FAG-Luebbecke_0161.jpg\" data-link=\"https:\/\/www.weber-fag.de\/wordpress\/?attachment_id=50089\" class=\"wp-image-50089\" srcset=\"https:\/\/www.weber-fag.de\/wordpress\/wp-content\/uploads\/2021\/09\/2109_FAG-Luebbecke_0161.jpg 920w, https:\/\/www.weber-fag.de\/wordpress\/wp-content\/uploads\/2021\/09\/2109_FAG-Luebbecke_0161-300x200.jpg 300w, https:\/\/www.weber-fag.de\/wordpress\/wp-content\/uploads\/2021\/09\/2109_FAG-Luebbecke_0161-768x512.jpg 768w\" sizes=\"auto, (max-width: 920px) 100vw, 920px\" \/><figcaption class=\"blocks-gallery-item__caption\">Till Hermann (FAG)<\/figcaption><\/figure><\/li><li class=\"blocks-gallery-item\"><figure><img loading=\"lazy\" decoding=\"async\" width=\"920\" height=\"613\" src=\"https:\/\/www.weber-fag.de\/wordpress\/wp-content\/uploads\/2021\/09\/2109_FAG-Luebbecke_0162.jpg\" alt=\"\" data-id=\"50090\" data-full-url=\"https:\/\/www.weber-fag.de\/wordpress\/wp-content\/uploads\/2021\/09\/2109_FAG-Luebbecke_0162.jpg\" data-link=\"https:\/\/www.weber-fag.de\/wordpress\/?attachment_id=50090\" class=\"wp-image-50090\" srcset=\"https:\/\/www.weber-fag.de\/wordpress\/wp-content\/uploads\/2021\/09\/2109_FAG-Luebbecke_0162.jpg 920w, https:\/\/www.weber-fag.de\/wordpress\/wp-content\/uploads\/2021\/09\/2109_FAG-Luebbecke_0162-300x200.jpg 300w, https:\/\/www.weber-fag.de\/wordpress\/wp-content\/uploads\/2021\/09\/2109_FAG-Luebbecke_0162-768x512.jpg 768w\" sizes=\"auto, (max-width: 920px) 100vw, 920px\" \/><figcaption class=\"blocks-gallery-item__caption\">Till Hermann (FAG)<\/figcaption><\/figure><\/li><li class=\"blocks-gallery-item\"><figure><img loading=\"lazy\" decoding=\"async\" width=\"920\" height=\"613\" src=\"https:\/\/www.weber-fag.de\/wordpress\/wp-content\/uploads\/2021\/09\/2109_FAG-Luebbecke_0163.jpg\" alt=\"\" data-id=\"50091\" data-full-url=\"https:\/\/www.weber-fag.de\/wordpress\/wp-content\/uploads\/2021\/09\/2109_FAG-Luebbecke_0163.jpg\" data-link=\"https:\/\/www.weber-fag.de\/wordpress\/?attachment_id=50091\" class=\"wp-image-50091\" srcset=\"https:\/\/www.weber-fag.de\/wordpress\/wp-content\/uploads\/2021\/09\/2109_FAG-Luebbecke_0163.jpg 920w, https:\/\/www.weber-fag.de\/wordpress\/wp-content\/uploads\/2021\/09\/2109_FAG-Luebbecke_0163-300x200.jpg 300w, https:\/\/www.weber-fag.de\/wordpress\/wp-content\/uploads\/2021\/09\/2109_FAG-Luebbecke_0163-768x512.jpg 768w\" sizes=\"auto, (max-width: 920px) 100vw, 920px\" \/><figcaption class=\"blocks-gallery-item__caption\">Till Hermann (FAG)<\/figcaption><\/figure><\/li><li class=\"blocks-gallery-item\"><figure><img loading=\"lazy\" decoding=\"async\" width=\"920\" height=\"613\" src=\"https:\/\/www.weber-fag.de\/wordpress\/wp-content\/uploads\/2021\/09\/2109_FAG-Luebbecke_0164.jpg\" alt=\"\" data-id=\"50092\" data-full-url=\"https:\/\/www.weber-fag.de\/wordpress\/wp-content\/uploads\/2021\/09\/2109_FAG-Luebbecke_0164.jpg\" data-link=\"https:\/\/www.weber-fag.de\/wordpress\/?attachment_id=50092\" class=\"wp-image-50092\" srcset=\"https:\/\/www.weber-fag.de\/wordpress\/wp-content\/uploads\/2021\/09\/2109_FAG-Luebbecke_0164.jpg 920w, https:\/\/www.weber-fag.de\/wordpress\/wp-content\/uploads\/2021\/09\/2109_FAG-Luebbecke_0164-300x200.jpg 300w, https:\/\/www.weber-fag.de\/wordpress\/wp-content\/uploads\/2021\/09\/2109_FAG-Luebbecke_0164-768x512.jpg 768w\" sizes=\"auto, (max-width: 920px) 100vw, 920px\" \/><figcaption class=\"blocks-gallery-item__caption\">Till Hermann (FAG)<\/figcaption><\/figure><\/li><li class=\"blocks-gallery-item\"><figure><img loading=\"lazy\" decoding=\"async\" width=\"920\" height=\"613\" src=\"https:\/\/www.weber-fag.de\/wordpress\/wp-content\/uploads\/2021\/09\/2109_FAG-Luebbecke_0165.jpg\" alt=\"\" data-id=\"50093\" data-full-url=\"https:\/\/www.weber-fag.de\/wordpress\/wp-content\/uploads\/2021\/09\/2109_FAG-Luebbecke_0165.jpg\" data-link=\"https:\/\/www.weber-fag.de\/wordpress\/?attachment_id=50093\" class=\"wp-image-50093\" srcset=\"https:\/\/www.weber-fag.de\/wordpress\/wp-content\/uploads\/2021\/09\/2109_FAG-Luebbecke_0165.jpg 920w, https:\/\/www.weber-fag.de\/wordpress\/wp-content\/uploads\/2021\/09\/2109_FAG-Luebbecke_0165-300x200.jpg 300w, https:\/\/www.weber-fag.de\/wordpress\/wp-content\/uploads\/2021\/09\/2109_FAG-Luebbecke_0165-768x512.jpg 768w\" sizes=\"auto, (max-width: 920px) 100vw, 920px\" \/><figcaption class=\"blocks-gallery-item__caption\">Till Hermann (FAG)<\/figcaption><\/figure><\/li><li class=\"blocks-gallery-item\"><figure><img loading=\"lazy\" decoding=\"async\" width=\"920\" height=\"613\" src=\"https:\/\/www.weber-fag.de\/wordpress\/wp-content\/uploads\/2021\/09\/2109_FAG-Luebbecke_0166.jpg\" alt=\"\" data-id=\"50094\" data-full-url=\"https:\/\/www.weber-fag.de\/wordpress\/wp-content\/uploads\/2021\/09\/2109_FAG-Luebbecke_0166.jpg\" data-link=\"https:\/\/www.weber-fag.de\/wordpress\/?attachment_id=50094\" class=\"wp-image-50094\" srcset=\"https:\/\/www.weber-fag.de\/wordpress\/wp-content\/uploads\/2021\/09\/2109_FAG-Luebbecke_0166.jpg 920w, https:\/\/www.weber-fag.de\/wordpress\/wp-content\/uploads\/2021\/09\/2109_FAG-Luebbecke_0166-300x200.jpg 300w, https:\/\/www.weber-fag.de\/wordpress\/wp-content\/uploads\/2021\/09\/2109_FAG-Luebbecke_0166-768x512.jpg 768w\" sizes=\"auto, (max-width: 920px) 100vw, 920px\" \/><figcaption class=\"blocks-gallery-item__caption\">Janus Smarason (FAG)<\/figcaption><\/figure><\/li><li class=\"blocks-gallery-item\"><figure><img loading=\"lazy\" decoding=\"async\" width=\"920\" height=\"613\" src=\"https:\/\/www.weber-fag.de\/wordpress\/wp-content\/uploads\/2021\/09\/2109_FAG-Luebbecke_0167.jpg\" alt=\"\" data-id=\"50095\" data-full-url=\"https:\/\/www.weber-fag.de\/wordpress\/wp-content\/uploads\/2021\/09\/2109_FAG-Luebbecke_0167.jpg\" data-link=\"https:\/\/www.weber-fag.de\/wordpress\/?attachment_id=50095\" class=\"wp-image-50095\" srcset=\"https:\/\/www.weber-fag.de\/wordpress\/wp-content\/uploads\/2021\/09\/2109_FAG-Luebbecke_0167.jpg 920w, https:\/\/www.weber-fag.de\/wordpress\/wp-content\/uploads\/2021\/09\/2109_FAG-Luebbecke_0167-300x200.jpg 300w, https:\/\/www.weber-fag.de\/wordpress\/wp-content\/uploads\/2021\/09\/2109_FAG-Luebbecke_0167-768x512.jpg 768w\" sizes=\"auto, (max-width: 920px) 100vw, 920px\" \/><figcaption class=\"blocks-gallery-item__caption\">Jon Lindenchrone Andersen (FAG)<\/figcaption><\/figure><\/li><li class=\"blocks-gallery-item\"><figure><img loading=\"lazy\" decoding=\"async\" width=\"920\" height=\"613\" src=\"https:\/\/www.weber-fag.de\/wordpress\/wp-content\/uploads\/2021\/09\/2109_FAG-Luebbecke_0168.jpg\" alt=\"\" data-id=\"50096\" data-full-url=\"https:\/\/www.weber-fag.de\/wordpress\/wp-content\/uploads\/2021\/09\/2109_FAG-Luebbecke_0168.jpg\" data-link=\"https:\/\/www.weber-fag.de\/wordpress\/?attachment_id=50096\" class=\"wp-image-50096\" srcset=\"https:\/\/www.weber-fag.de\/wordpress\/wp-content\/uploads\/2021\/09\/2109_FAG-Luebbecke_0168.jpg 920w, https:\/\/www.weber-fag.de\/wordpress\/wp-content\/uploads\/2021\/09\/2109_FAG-Luebbecke_0168-300x200.jpg 300w, https:\/\/www.weber-fag.de\/wordpress\/wp-content\/uploads\/2021\/09\/2109_FAG-Luebbecke_0168-768x512.jpg 768w\" sizes=\"auto, (max-width: 920px) 100vw, 920px\" \/><\/figure><\/li><li class=\"blocks-gallery-item\"><figure><img loading=\"lazy\" decoding=\"async\" width=\"920\" height=\"613\" src=\"https:\/\/www.weber-fag.de\/wordpress\/wp-content\/uploads\/2021\/09\/2109_FAG-Luebbecke_0169.jpg\" alt=\"\" data-id=\"50097\" data-full-url=\"https:\/\/www.weber-fag.de\/wordpress\/wp-content\/uploads\/2021\/09\/2109_FAG-Luebbecke_0169.jpg\" data-link=\"https:\/\/www.weber-fag.de\/wordpress\/?attachment_id=50097\" class=\"wp-image-50097\" srcset=\"https:\/\/www.weber-fag.de\/wordpress\/wp-content\/uploads\/2021\/09\/2109_FAG-Luebbecke_0169.jpg 920w, https:\/\/www.weber-fag.de\/wordpress\/wp-content\/uploads\/2021\/09\/2109_FAG-Luebbecke_0169-300x200.jpg 300w, https:\/\/www.weber-fag.de\/wordpress\/wp-content\/uploads\/2021\/09\/2109_FAG-Luebbecke_0169-768x512.jpg 768w\" sizes=\"auto, (max-width: 920px) 100vw, 920px\" \/><figcaption class=\"blocks-gallery-item__caption\">Kresimir Kozina (FAG)<\/figcaption><\/figure><\/li><li class=\"blocks-gallery-item\"><figure><img loading=\"lazy\" decoding=\"async\" width=\"920\" height=\"613\" src=\"https:\/\/www.weber-fag.de\/wordpress\/wp-content\/uploads\/2021\/09\/2109_FAG-Luebbecke_0170.jpg\" alt=\"\" data-id=\"50098\" data-full-url=\"https:\/\/www.weber-fag.de\/wordpress\/wp-content\/uploads\/2021\/09\/2109_FAG-Luebbecke_0170.jpg\" data-link=\"https:\/\/www.weber-fag.de\/wordpress\/?attachment_id=50098\" class=\"wp-image-50098\" srcset=\"https:\/\/www.weber-fag.de\/wordpress\/wp-content\/uploads\/2021\/09\/2109_FAG-Luebbecke_0170.jpg 920w, https:\/\/www.weber-fag.de\/wordpress\/wp-content\/uploads\/2021\/09\/2109_FAG-Luebbecke_0170-300x200.jpg 300w, https:\/\/www.weber-fag.de\/wordpress\/wp-content\/uploads\/2021\/09\/2109_FAG-Luebbecke_0170-768x512.jpg 768w\" sizes=\"auto, (max-width: 920px) 100vw, 920px\" \/><figcaption class=\"blocks-gallery-item__caption\">Marcel Schiller (FAG)<\/figcaption><\/figure><\/li><li class=\"blocks-gallery-item\"><figure><img loading=\"lazy\" decoding=\"async\" width=\"920\" height=\"613\" src=\"https:\/\/www.weber-fag.de\/wordpress\/wp-content\/uploads\/2021\/09\/2109_FAG-Luebbecke_0171.jpg\" alt=\"\" data-id=\"50099\" data-full-url=\"https:\/\/www.weber-fag.de\/wordpress\/wp-content\/uploads\/2021\/09\/2109_FAG-Luebbecke_0171.jpg\" data-link=\"https:\/\/www.weber-fag.de\/wordpress\/?attachment_id=50099\" class=\"wp-image-50099\" srcset=\"https:\/\/www.weber-fag.de\/wordpress\/wp-content\/uploads\/2021\/09\/2109_FAG-Luebbecke_0171.jpg 920w, https:\/\/www.weber-fag.de\/wordpress\/wp-content\/uploads\/2021\/09\/2109_FAG-Luebbecke_0171-300x200.jpg 300w, https:\/\/www.weber-fag.de\/wordpress\/wp-content\/uploads\/2021\/09\/2109_FAG-Luebbecke_0171-768x512.jpg 768w\" sizes=\"auto, (max-width: 920px) 100vw, 920px\" \/><figcaption class=\"blocks-gallery-item__caption\">Marcel Schiller (FAG)<\/figcaption><\/figure><\/li><li class=\"blocks-gallery-item\"><figure><img loading=\"lazy\" decoding=\"async\" width=\"920\" height=\"613\" src=\"https:\/\/www.weber-fag.de\/wordpress\/wp-content\/uploads\/2021\/09\/2109_FAG-Luebbecke_0172.jpg\" alt=\"\" data-id=\"50100\" data-full-url=\"https:\/\/www.weber-fag.de\/wordpress\/wp-content\/uploads\/2021\/09\/2109_FAG-Luebbecke_0172.jpg\" data-link=\"https:\/\/www.weber-fag.de\/wordpress\/?attachment_id=50100\" class=\"wp-image-50100\" srcset=\"https:\/\/www.weber-fag.de\/wordpress\/wp-content\/uploads\/2021\/09\/2109_FAG-Luebbecke_0172.jpg 920w, https:\/\/www.weber-fag.de\/wordpress\/wp-content\/uploads\/2021\/09\/2109_FAG-Luebbecke_0172-300x200.jpg 300w, https:\/\/www.weber-fag.de\/wordpress\/wp-content\/uploads\/2021\/09\/2109_FAG-Luebbecke_0172-768x512.jpg 768w\" sizes=\"auto, (max-width: 920px) 100vw, 920px\" \/><figcaption class=\"blocks-gallery-item__caption\">Kevin Gulliksen (FAG)<\/figcaption><\/figure><\/li><li class=\"blocks-gallery-item\"><figure><img loading=\"lazy\" decoding=\"async\" width=\"920\" height=\"613\" src=\"https:\/\/www.weber-fag.de\/wordpress\/wp-content\/uploads\/2021\/09\/2109_FAG-Luebbecke_0173.jpg\" alt=\"\" data-id=\"50101\" data-full-url=\"https:\/\/www.weber-fag.de\/wordpress\/wp-content\/uploads\/2021\/09\/2109_FAG-Luebbecke_0173.jpg\" data-link=\"https:\/\/www.weber-fag.de\/wordpress\/?attachment_id=50101\" class=\"wp-image-50101\" srcset=\"https:\/\/www.weber-fag.de\/wordpress\/wp-content\/uploads\/2021\/09\/2109_FAG-Luebbecke_0173.jpg 920w, https:\/\/www.weber-fag.de\/wordpress\/wp-content\/uploads\/2021\/09\/2109_FAG-Luebbecke_0173-300x200.jpg 300w, https:\/\/www.weber-fag.de\/wordpress\/wp-content\/uploads\/2021\/09\/2109_FAG-Luebbecke_0173-768x512.jpg 768w\" sizes=\"auto, (max-width: 920px) 100vw, 920px\" \/><figcaption class=\"blocks-gallery-item__caption\">Kevin Gulliksen (FAG)<\/figcaption><\/figure><\/li><li class=\"blocks-gallery-item\"><figure><img loading=\"lazy\" decoding=\"async\" width=\"920\" height=\"613\" src=\"https:\/\/www.weber-fag.de\/wordpress\/wp-content\/uploads\/2021\/09\/2109_FAG-Luebbecke_0174.jpg\" alt=\"\" data-id=\"50102\" data-full-url=\"https:\/\/www.weber-fag.de\/wordpress\/wp-content\/uploads\/2021\/09\/2109_FAG-Luebbecke_0174.jpg\" data-link=\"https:\/\/www.weber-fag.de\/wordpress\/?attachment_id=50102\" class=\"wp-image-50102\" srcset=\"https:\/\/www.weber-fag.de\/wordpress\/wp-content\/uploads\/2021\/09\/2109_FAG-Luebbecke_0174.jpg 920w, https:\/\/www.weber-fag.de\/wordpress\/wp-content\/uploads\/2021\/09\/2109_FAG-Luebbecke_0174-300x200.jpg 300w, https:\/\/www.weber-fag.de\/wordpress\/wp-content\/uploads\/2021\/09\/2109_FAG-Luebbecke_0174-768x512.jpg 768w\" sizes=\"auto, (max-width: 920px) 100vw, 920px\" \/><\/figure><\/li><li class=\"blocks-gallery-item\"><figure><img loading=\"lazy\" decoding=\"async\" width=\"920\" height=\"613\" src=\"https:\/\/www.weber-fag.de\/wordpress\/wp-content\/uploads\/2021\/09\/2109_FAG-Luebbecke_0175.jpg\" alt=\"\" data-id=\"50103\" data-full-url=\"https:\/\/www.weber-fag.de\/wordpress\/wp-content\/uploads\/2021\/09\/2109_FAG-Luebbecke_0175.jpg\" data-link=\"https:\/\/www.weber-fag.de\/wordpress\/?attachment_id=50103\" class=\"wp-image-50103\" srcset=\"https:\/\/www.weber-fag.de\/wordpress\/wp-content\/uploads\/2021\/09\/2109_FAG-Luebbecke_0175.jpg 920w, https:\/\/www.weber-fag.de\/wordpress\/wp-content\/uploads\/2021\/09\/2109_FAG-Luebbecke_0175-300x200.jpg 300w, https:\/\/www.weber-fag.de\/wordpress\/wp-content\/uploads\/2021\/09\/2109_FAG-Luebbecke_0175-768x512.jpg 768w\" sizes=\"auto, (max-width: 920px) 100vw, 920px\" \/><\/figure><\/li><li class=\"blocks-gallery-item\"><figure><img loading=\"lazy\" decoding=\"async\" width=\"920\" height=\"613\" src=\"https:\/\/www.weber-fag.de\/wordpress\/wp-content\/uploads\/2021\/09\/2109_FAG-Luebbecke_0176.jpg\" alt=\"\" data-id=\"50104\" data-full-url=\"https:\/\/www.weber-fag.de\/wordpress\/wp-content\/uploads\/2021\/09\/2109_FAG-Luebbecke_0176.jpg\" data-link=\"https:\/\/www.weber-fag.de\/wordpress\/?attachment_id=50104\" class=\"wp-image-50104\" srcset=\"https:\/\/www.weber-fag.de\/wordpress\/wp-content\/uploads\/2021\/09\/2109_FAG-Luebbecke_0176.jpg 920w, https:\/\/www.weber-fag.de\/wordpress\/wp-content\/uploads\/2021\/09\/2109_FAG-Luebbecke_0176-300x200.jpg 300w, https:\/\/www.weber-fag.de\/wordpress\/wp-content\/uploads\/2021\/09\/2109_FAG-Luebbecke_0176-768x512.jpg 768w\" sizes=\"auto, (max-width: 920px) 100vw, 920px\" \/><figcaption class=\"blocks-gallery-item__caption\">Jacob Bagersted (FAG)<\/figcaption><\/figure><\/li><li class=\"blocks-gallery-item\"><figure><img loading=\"lazy\" decoding=\"async\" width=\"920\" height=\"613\" src=\"https:\/\/www.weber-fag.de\/wordpress\/wp-content\/uploads\/2021\/09\/2109_FAG-Luebbecke_0177.jpg\" alt=\"\" data-id=\"50105\" data-full-url=\"https:\/\/www.weber-fag.de\/wordpress\/wp-content\/uploads\/2021\/09\/2109_FAG-Luebbecke_0177.jpg\" data-link=\"https:\/\/www.weber-fag.de\/wordpress\/?attachment_id=50105\" class=\"wp-image-50105\" srcset=\"https:\/\/www.weber-fag.de\/wordpress\/wp-content\/uploads\/2021\/09\/2109_FAG-Luebbecke_0177.jpg 920w, https:\/\/www.weber-fag.de\/wordpress\/wp-content\/uploads\/2021\/09\/2109_FAG-Luebbecke_0177-300x200.jpg 300w, https:\/\/www.weber-fag.de\/wordpress\/wp-content\/uploads\/2021\/09\/2109_FAG-Luebbecke_0177-768x512.jpg 768w\" sizes=\"auto, (max-width: 920px) 100vw, 920px\" \/><figcaption class=\"blocks-gallery-item__caption\">Jacob Bagersted (FAG)<\/figcaption><\/figure><\/li><li class=\"blocks-gallery-item\"><figure><img loading=\"lazy\" decoding=\"async\" width=\"920\" height=\"613\" src=\"https:\/\/www.weber-fag.de\/wordpress\/wp-content\/uploads\/2021\/09\/2109_FAG-Luebbecke_0178.jpg\" alt=\"\" data-id=\"50106\" data-full-url=\"https:\/\/www.weber-fag.de\/wordpress\/wp-content\/uploads\/2021\/09\/2109_FAG-Luebbecke_0178.jpg\" data-link=\"https:\/\/www.weber-fag.de\/wordpress\/?attachment_id=50106\" class=\"wp-image-50106\" srcset=\"https:\/\/www.weber-fag.de\/wordpress\/wp-content\/uploads\/2021\/09\/2109_FAG-Luebbecke_0178.jpg 920w, https:\/\/www.weber-fag.de\/wordpress\/wp-content\/uploads\/2021\/09\/2109_FAG-Luebbecke_0178-300x200.jpg 300w, https:\/\/www.weber-fag.de\/wordpress\/wp-content\/uploads\/2021\/09\/2109_FAG-Luebbecke_0178-768x512.jpg 768w\" sizes=\"auto, (max-width: 920px) 100vw, 920px\" \/><figcaption class=\"blocks-gallery-item__caption\">Jacob Bagersted (FAG)<\/figcaption><\/figure><\/li><li class=\"blocks-gallery-item\"><figure><img loading=\"lazy\" decoding=\"async\" width=\"920\" height=\"613\" src=\"https:\/\/www.weber-fag.de\/wordpress\/wp-content\/uploads\/2021\/09\/2109_FAG-Luebbecke_0179.jpg\" alt=\"\" data-id=\"50107\" data-full-url=\"https:\/\/www.weber-fag.de\/wordpress\/wp-content\/uploads\/2021\/09\/2109_FAG-Luebbecke_0179.jpg\" data-link=\"https:\/\/www.weber-fag.de\/wordpress\/?attachment_id=50107\" class=\"wp-image-50107\" srcset=\"https:\/\/www.weber-fag.de\/wordpress\/wp-content\/uploads\/2021\/09\/2109_FAG-Luebbecke_0179.jpg 920w, https:\/\/www.weber-fag.de\/wordpress\/wp-content\/uploads\/2021\/09\/2109_FAG-Luebbecke_0179-300x200.jpg 300w, https:\/\/www.weber-fag.de\/wordpress\/wp-content\/uploads\/2021\/09\/2109_FAG-Luebbecke_0179-768x512.jpg 768w\" sizes=\"auto, (max-width: 920px) 100vw, 920px\" \/><figcaption class=\"blocks-gallery-item__caption\">Trainer Hartmut Mayerhoffer (FAG)<\/figcaption><\/figure><\/li><li class=\"blocks-gallery-item\"><figure><img loading=\"lazy\" decoding=\"async\" width=\"920\" height=\"613\" src=\"https:\/\/www.weber-fag.de\/wordpress\/wp-content\/uploads\/2021\/09\/2109_FAG-Luebbecke_0180.jpg\" alt=\"\" data-id=\"50108\" data-full-url=\"https:\/\/www.weber-fag.de\/wordpress\/wp-content\/uploads\/2021\/09\/2109_FAG-Luebbecke_0180.jpg\" data-link=\"https:\/\/www.weber-fag.de\/wordpress\/?attachment_id=50108\" class=\"wp-image-50108\" srcset=\"https:\/\/www.weber-fag.de\/wordpress\/wp-content\/uploads\/2021\/09\/2109_FAG-Luebbecke_0180.jpg 920w, https:\/\/www.weber-fag.de\/wordpress\/wp-content\/uploads\/2021\/09\/2109_FAG-Luebbecke_0180-300x200.jpg 300w, https:\/\/www.weber-fag.de\/wordpress\/wp-content\/uploads\/2021\/09\/2109_FAG-Luebbecke_0180-768x512.jpg 768w\" sizes=\"auto, (max-width: 920px) 100vw, 920px\" \/><figcaption class=\"blocks-gallery-item__caption\">Janus Smarason (FAG)<\/figcaption><\/figure><\/li><li class=\"blocks-gallery-item\"><figure><img loading=\"lazy\" decoding=\"async\" width=\"920\" height=\"613\" src=\"https:\/\/www.weber-fag.de\/wordpress\/wp-content\/uploads\/2021\/09\/2109_FAG-Luebbecke_0181.jpg\" alt=\"\" data-id=\"50109\" data-full-url=\"https:\/\/www.weber-fag.de\/wordpress\/wp-content\/uploads\/2021\/09\/2109_FAG-Luebbecke_0181.jpg\" data-link=\"https:\/\/www.weber-fag.de\/wordpress\/?attachment_id=50109\" class=\"wp-image-50109\" srcset=\"https:\/\/www.weber-fag.de\/wordpress\/wp-content\/uploads\/2021\/09\/2109_FAG-Luebbecke_0181.jpg 920w, https:\/\/www.weber-fag.de\/wordpress\/wp-content\/uploads\/2021\/09\/2109_FAG-Luebbecke_0181-300x200.jpg 300w, https:\/\/www.weber-fag.de\/wordpress\/wp-content\/uploads\/2021\/09\/2109_FAG-Luebbecke_0181-768x512.jpg 768w\" sizes=\"auto, (max-width: 920px) 100vw, 920px\" \/><figcaption class=\"blocks-gallery-item__caption\">Janus Smarason (FAG)<\/figcaption><\/figure><\/li><li class=\"blocks-gallery-item\"><figure><img loading=\"lazy\" decoding=\"async\" width=\"920\" height=\"613\" src=\"https:\/\/www.weber-fag.de\/wordpress\/wp-content\/uploads\/2021\/09\/2109_FAG-Luebbecke_0182.jpg\" alt=\"\" data-id=\"50110\" data-full-url=\"https:\/\/www.weber-fag.de\/wordpress\/wp-content\/uploads\/2021\/09\/2109_FAG-Luebbecke_0182.jpg\" data-link=\"https:\/\/www.weber-fag.de\/wordpress\/?attachment_id=50110\" class=\"wp-image-50110\" srcset=\"https:\/\/www.weber-fag.de\/wordpress\/wp-content\/uploads\/2021\/09\/2109_FAG-Luebbecke_0182.jpg 920w, https:\/\/www.weber-fag.de\/wordpress\/wp-content\/uploads\/2021\/09\/2109_FAG-Luebbecke_0182-300x200.jpg 300w, https:\/\/www.weber-fag.de\/wordpress\/wp-content\/uploads\/2021\/09\/2109_FAG-Luebbecke_0182-768x512.jpg 768w\" sizes=\"auto, (max-width: 920px) 100vw, 920px\" \/><figcaption class=\"blocks-gallery-item__caption\">Kevin Gulliksen (FAG)<\/figcaption><\/figure><\/li><li class=\"blocks-gallery-item\"><figure><img loading=\"lazy\" decoding=\"async\" width=\"920\" height=\"613\" src=\"https:\/\/www.weber-fag.de\/wordpress\/wp-content\/uploads\/2021\/09\/2109_FAG-Luebbecke_0183.jpg\" alt=\"\" data-id=\"50111\" data-full-url=\"https:\/\/www.weber-fag.de\/wordpress\/wp-content\/uploads\/2021\/09\/2109_FAG-Luebbecke_0183.jpg\" data-link=\"https:\/\/www.weber-fag.de\/wordpress\/?attachment_id=50111\" class=\"wp-image-50111\" srcset=\"https:\/\/www.weber-fag.de\/wordpress\/wp-content\/uploads\/2021\/09\/2109_FAG-Luebbecke_0183.jpg 920w, https:\/\/www.weber-fag.de\/wordpress\/wp-content\/uploads\/2021\/09\/2109_FAG-Luebbecke_0183-300x200.jpg 300w, https:\/\/www.weber-fag.de\/wordpress\/wp-content\/uploads\/2021\/09\/2109_FAG-Luebbecke_0183-768x512.jpg 768w\" sizes=\"auto, (max-width: 920px) 100vw, 920px\" \/><figcaption class=\"blocks-gallery-item__caption\">Kevin Gulliksen (FAG)<\/figcaption><\/figure><\/li><li class=\"blocks-gallery-item\"><figure><img loading=\"lazy\" decoding=\"async\" width=\"920\" height=\"613\" src=\"https:\/\/www.weber-fag.de\/wordpress\/wp-content\/uploads\/2021\/09\/2109_FAG-Luebbecke_0184.jpg\" alt=\"\" data-id=\"50112\" data-full-url=\"https:\/\/www.weber-fag.de\/wordpress\/wp-content\/uploads\/2021\/09\/2109_FAG-Luebbecke_0184.jpg\" data-link=\"https:\/\/www.weber-fag.de\/wordpress\/?attachment_id=50112\" class=\"wp-image-50112\" srcset=\"https:\/\/www.weber-fag.de\/wordpress\/wp-content\/uploads\/2021\/09\/2109_FAG-Luebbecke_0184.jpg 920w, https:\/\/www.weber-fag.de\/wordpress\/wp-content\/uploads\/2021\/09\/2109_FAG-Luebbecke_0184-300x200.jpg 300w, https:\/\/www.weber-fag.de\/wordpress\/wp-content\/uploads\/2021\/09\/2109_FAG-Luebbecke_0184-768x512.jpg 768w\" sizes=\"auto, (max-width: 920px) 100vw, 920px\" \/><figcaption class=\"blocks-gallery-item__caption\">Jon Lindenchrone Andersen (FAG)<\/figcaption><\/figure><\/li><li class=\"blocks-gallery-item\"><figure><img loading=\"lazy\" decoding=\"async\" width=\"920\" height=\"613\" src=\"https:\/\/www.weber-fag.de\/wordpress\/wp-content\/uploads\/2021\/09\/2109_FAG-Luebbecke_0185.jpg\" alt=\"\" data-id=\"50113\" data-full-url=\"https:\/\/www.weber-fag.de\/wordpress\/wp-content\/uploads\/2021\/09\/2109_FAG-Luebbecke_0185.jpg\" data-link=\"https:\/\/www.weber-fag.de\/wordpress\/?attachment_id=50113\" class=\"wp-image-50113\" srcset=\"https:\/\/www.weber-fag.de\/wordpress\/wp-content\/uploads\/2021\/09\/2109_FAG-Luebbecke_0185.jpg 920w, https:\/\/www.weber-fag.de\/wordpress\/wp-content\/uploads\/2021\/09\/2109_FAG-Luebbecke_0185-300x200.jpg 300w, https:\/\/www.weber-fag.de\/wordpress\/wp-content\/uploads\/2021\/09\/2109_FAG-Luebbecke_0185-768x512.jpg 768w\" sizes=\"auto, (max-width: 920px) 100vw, 920px\" \/><figcaption class=\"blocks-gallery-item__caption\">Jon Lindenchrone Andersen (FAG)<\/figcaption><\/figure><\/li><li class=\"blocks-gallery-item\"><figure><img loading=\"lazy\" decoding=\"async\" width=\"920\" height=\"613\" src=\"https:\/\/www.weber-fag.de\/wordpress\/wp-content\/uploads\/2021\/09\/2109_FAG-Luebbecke_0186.jpg\" alt=\"\" data-id=\"50114\" data-full-url=\"https:\/\/www.weber-fag.de\/wordpress\/wp-content\/uploads\/2021\/09\/2109_FAG-Luebbecke_0186.jpg\" data-link=\"https:\/\/www.weber-fag.de\/wordpress\/?attachment_id=50114\" class=\"wp-image-50114\" srcset=\"https:\/\/www.weber-fag.de\/wordpress\/wp-content\/uploads\/2021\/09\/2109_FAG-Luebbecke_0186.jpg 920w, https:\/\/www.weber-fag.de\/wordpress\/wp-content\/uploads\/2021\/09\/2109_FAG-Luebbecke_0186-300x200.jpg 300w, https:\/\/www.weber-fag.de\/wordpress\/wp-content\/uploads\/2021\/09\/2109_FAG-Luebbecke_0186-768x512.jpg 768w\" sizes=\"auto, (max-width: 920px) 100vw, 920px\" \/><figcaption class=\"blocks-gallery-item__caption\">Jon Lindenchrone Andersen (FAG)<\/figcaption><\/figure><\/li><li class=\"blocks-gallery-item\"><figure><img loading=\"lazy\" decoding=\"async\" width=\"920\" height=\"613\" src=\"https:\/\/www.weber-fag.de\/wordpress\/wp-content\/uploads\/2021\/09\/2109_FAG-Luebbecke_0187.jpg\" alt=\"\" data-id=\"50115\" data-full-url=\"https:\/\/www.weber-fag.de\/wordpress\/wp-content\/uploads\/2021\/09\/2109_FAG-Luebbecke_0187.jpg\" data-link=\"https:\/\/www.weber-fag.de\/wordpress\/?attachment_id=50115\" class=\"wp-image-50115\" srcset=\"https:\/\/www.weber-fag.de\/wordpress\/wp-content\/uploads\/2021\/09\/2109_FAG-Luebbecke_0187.jpg 920w, https:\/\/www.weber-fag.de\/wordpress\/wp-content\/uploads\/2021\/09\/2109_FAG-Luebbecke_0187-300x200.jpg 300w, https:\/\/www.weber-fag.de\/wordpress\/wp-content\/uploads\/2021\/09\/2109_FAG-Luebbecke_0187-768x512.jpg 768w\" sizes=\"auto, (max-width: 920px) 100vw, 920px\" \/><figcaption class=\"blocks-gallery-item__caption\">Jon Lindenchrone Andersen (FAG)<\/figcaption><\/figure><\/li><li class=\"blocks-gallery-item\"><figure><img loading=\"lazy\" decoding=\"async\" width=\"920\" height=\"613\" src=\"https:\/\/www.weber-fag.de\/wordpress\/wp-content\/uploads\/2021\/09\/2109_FAG-Luebbecke_0188.jpg\" alt=\"\" data-id=\"50116\" data-full-url=\"https:\/\/www.weber-fag.de\/wordpress\/wp-content\/uploads\/2021\/09\/2109_FAG-Luebbecke_0188.jpg\" data-link=\"https:\/\/www.weber-fag.de\/wordpress\/?attachment_id=50116\" class=\"wp-image-50116\" srcset=\"https:\/\/www.weber-fag.de\/wordpress\/wp-content\/uploads\/2021\/09\/2109_FAG-Luebbecke_0188.jpg 920w, https:\/\/www.weber-fag.de\/wordpress\/wp-content\/uploads\/2021\/09\/2109_FAG-Luebbecke_0188-300x200.jpg 300w, https:\/\/www.weber-fag.de\/wordpress\/wp-content\/uploads\/2021\/09\/2109_FAG-Luebbecke_0188-768x512.jpg 768w\" sizes=\"auto, (max-width: 920px) 100vw, 920px\" \/><figcaption class=\"blocks-gallery-item__caption\">Jon Lindenchrone Andersen (FAG)<\/figcaption><\/figure><\/li><li class=\"blocks-gallery-item\"><figure><img loading=\"lazy\" decoding=\"async\" width=\"920\" height=\"613\" src=\"https:\/\/www.weber-fag.de\/wordpress\/wp-content\/uploads\/2021\/09\/2109_FAG-Luebbecke_0189.jpg\" alt=\"\" data-id=\"50117\" data-full-url=\"https:\/\/www.weber-fag.de\/wordpress\/wp-content\/uploads\/2021\/09\/2109_FAG-Luebbecke_0189.jpg\" data-link=\"https:\/\/www.weber-fag.de\/wordpress\/?attachment_id=50117\" class=\"wp-image-50117\" srcset=\"https:\/\/www.weber-fag.de\/wordpress\/wp-content\/uploads\/2021\/09\/2109_FAG-Luebbecke_0189.jpg 920w, https:\/\/www.weber-fag.de\/wordpress\/wp-content\/uploads\/2021\/09\/2109_FAG-Luebbecke_0189-300x200.jpg 300w, https:\/\/www.weber-fag.de\/wordpress\/wp-content\/uploads\/2021\/09\/2109_FAG-Luebbecke_0189-768x512.jpg 768w\" sizes=\"auto, (max-width: 920px) 100vw, 920px\" \/><figcaption class=\"blocks-gallery-item__caption\">Jon Lindenchrone Andersen (FAG)<\/figcaption><\/figure><\/li><li class=\"blocks-gallery-item\"><figure><img loading=\"lazy\" decoding=\"async\" width=\"920\" height=\"613\" src=\"https:\/\/www.weber-fag.de\/wordpress\/wp-content\/uploads\/2021\/09\/2109_FAG-Luebbecke_0190.jpg\" alt=\"\" data-id=\"50118\" data-full-url=\"https:\/\/www.weber-fag.de\/wordpress\/wp-content\/uploads\/2021\/09\/2109_FAG-Luebbecke_0190.jpg\" data-link=\"https:\/\/www.weber-fag.de\/wordpress\/?attachment_id=50118\" class=\"wp-image-50118\" srcset=\"https:\/\/www.weber-fag.de\/wordpress\/wp-content\/uploads\/2021\/09\/2109_FAG-Luebbecke_0190.jpg 920w, https:\/\/www.weber-fag.de\/wordpress\/wp-content\/uploads\/2021\/09\/2109_FAG-Luebbecke_0190-300x200.jpg 300w, https:\/\/www.weber-fag.de\/wordpress\/wp-content\/uploads\/2021\/09\/2109_FAG-Luebbecke_0190-768x512.jpg 768w\" sizes=\"auto, (max-width: 920px) 100vw, 920px\" \/><\/figure><\/li><li class=\"blocks-gallery-item\"><figure><img loading=\"lazy\" decoding=\"async\" width=\"920\" height=\"613\" src=\"https:\/\/www.weber-fag.de\/wordpress\/wp-content\/uploads\/2021\/09\/2109_FAG-Luebbecke_0191.jpg\" alt=\"\" data-id=\"50119\" data-full-url=\"https:\/\/www.weber-fag.de\/wordpress\/wp-content\/uploads\/2021\/09\/2109_FAG-Luebbecke_0191.jpg\" data-link=\"https:\/\/www.weber-fag.de\/wordpress\/?attachment_id=50119\" class=\"wp-image-50119\" srcset=\"https:\/\/www.weber-fag.de\/wordpress\/wp-content\/uploads\/2021\/09\/2109_FAG-Luebbecke_0191.jpg 920w, https:\/\/www.weber-fag.de\/wordpress\/wp-content\/uploads\/2021\/09\/2109_FAG-Luebbecke_0191-300x200.jpg 300w, https:\/\/www.weber-fag.de\/wordpress\/wp-content\/uploads\/2021\/09\/2109_FAG-Luebbecke_0191-768x512.jpg 768w\" sizes=\"auto, (max-width: 920px) 100vw, 920px\" \/><\/figure><\/li><li class=\"blocks-gallery-item\"><figure><img loading=\"lazy\" decoding=\"async\" width=\"920\" height=\"613\" src=\"https:\/\/www.weber-fag.de\/wordpress\/wp-content\/uploads\/2021\/09\/2109_FAG-Luebbecke_0192.jpg\" alt=\"\" data-id=\"50120\" data-full-url=\"https:\/\/www.weber-fag.de\/wordpress\/wp-content\/uploads\/2021\/09\/2109_FAG-Luebbecke_0192.jpg\" data-link=\"https:\/\/www.weber-fag.de\/wordpress\/?attachment_id=50120\" class=\"wp-image-50120\" srcset=\"https:\/\/www.weber-fag.de\/wordpress\/wp-content\/uploads\/2021\/09\/2109_FAG-Luebbecke_0192.jpg 920w, https:\/\/www.weber-fag.de\/wordpress\/wp-content\/uploads\/2021\/09\/2109_FAG-Luebbecke_0192-300x200.jpg 300w, https:\/\/www.weber-fag.de\/wordpress\/wp-content\/uploads\/2021\/09\/2109_FAG-Luebbecke_0192-768x512.jpg 768w\" sizes=\"auto, (max-width: 920px) 100vw, 920px\" \/><\/figure><\/li><li class=\"blocks-gallery-item\"><figure><img loading=\"lazy\" decoding=\"async\" width=\"920\" height=\"613\" src=\"https:\/\/www.weber-fag.de\/wordpress\/wp-content\/uploads\/2021\/09\/2109_FAG-Luebbecke_0193.jpg\" alt=\"\" data-id=\"50121\" data-full-url=\"https:\/\/www.weber-fag.de\/wordpress\/wp-content\/uploads\/2021\/09\/2109_FAG-Luebbecke_0193.jpg\" data-link=\"https:\/\/www.weber-fag.de\/wordpress\/?attachment_id=50121\" class=\"wp-image-50121\" srcset=\"https:\/\/www.weber-fag.de\/wordpress\/wp-content\/uploads\/2021\/09\/2109_FAG-Luebbecke_0193.jpg 920w, https:\/\/www.weber-fag.de\/wordpress\/wp-content\/uploads\/2021\/09\/2109_FAG-Luebbecke_0193-300x200.jpg 300w, https:\/\/www.weber-fag.de\/wordpress\/wp-content\/uploads\/2021\/09\/2109_FAG-Luebbecke_0193-768x512.jpg 768w\" sizes=\"auto, (max-width: 920px) 100vw, 920px\" \/><\/figure><\/li><li class=\"blocks-gallery-item\"><figure><img loading=\"lazy\" decoding=\"async\" width=\"920\" height=\"613\" src=\"https:\/\/www.weber-fag.de\/wordpress\/wp-content\/uploads\/2021\/09\/2109_FAG-Luebbecke_0194.jpg\" alt=\"\" data-id=\"50122\" data-full-url=\"https:\/\/www.weber-fag.de\/wordpress\/wp-content\/uploads\/2021\/09\/2109_FAG-Luebbecke_0194.jpg\" data-link=\"https:\/\/www.weber-fag.de\/wordpress\/?attachment_id=50122\" class=\"wp-image-50122\" srcset=\"https:\/\/www.weber-fag.de\/wordpress\/wp-content\/uploads\/2021\/09\/2109_FAG-Luebbecke_0194.jpg 920w, https:\/\/www.weber-fag.de\/wordpress\/wp-content\/uploads\/2021\/09\/2109_FAG-Luebbecke_0194-300x200.jpg 300w, https:\/\/www.weber-fag.de\/wordpress\/wp-content\/uploads\/2021\/09\/2109_FAG-Luebbecke_0194-768x512.jpg 768w\" sizes=\"auto, (max-width: 920px) 100vw, 920px\" \/><\/figure><\/li><li class=\"blocks-gallery-item\"><figure><img loading=\"lazy\" decoding=\"async\" width=\"920\" height=\"613\" src=\"https:\/\/www.weber-fag.de\/wordpress\/wp-content\/uploads\/2021\/09\/2109_FAG-Luebbecke_0195.jpg\" alt=\"\" data-id=\"50123\" data-full-url=\"https:\/\/www.weber-fag.de\/wordpress\/wp-content\/uploads\/2021\/09\/2109_FAG-Luebbecke_0195.jpg\" data-link=\"https:\/\/www.weber-fag.de\/wordpress\/?attachment_id=50123\" class=\"wp-image-50123\" srcset=\"https:\/\/www.weber-fag.de\/wordpress\/wp-content\/uploads\/2021\/09\/2109_FAG-Luebbecke_0195.jpg 920w, https:\/\/www.weber-fag.de\/wordpress\/wp-content\/uploads\/2021\/09\/2109_FAG-Luebbecke_0195-300x200.jpg 300w, https:\/\/www.weber-fag.de\/wordpress\/wp-content\/uploads\/2021\/09\/2109_FAG-Luebbecke_0195-768x512.jpg 768w\" sizes=\"auto, (max-width: 920px) 100vw, 920px\" \/><\/figure><\/li><li class=\"blocks-gallery-item\"><figure><img loading=\"lazy\" decoding=\"async\" width=\"920\" height=\"613\" src=\"https:\/\/www.weber-fag.de\/wordpress\/wp-content\/uploads\/2021\/09\/2109_FAG-Luebbecke_0196.jpg\" alt=\"\" data-id=\"50124\" data-full-url=\"https:\/\/www.weber-fag.de\/wordpress\/wp-content\/uploads\/2021\/09\/2109_FAG-Luebbecke_0196.jpg\" data-link=\"https:\/\/www.weber-fag.de\/wordpress\/?attachment_id=50124\" class=\"wp-image-50124\" srcset=\"https:\/\/www.weber-fag.de\/wordpress\/wp-content\/uploads\/2021\/09\/2109_FAG-Luebbecke_0196.jpg 920w, https:\/\/www.weber-fag.de\/wordpress\/wp-content\/uploads\/2021\/09\/2109_FAG-Luebbecke_0196-300x200.jpg 300w, https:\/\/www.weber-fag.de\/wordpress\/wp-content\/uploads\/2021\/09\/2109_FAG-Luebbecke_0196-768x512.jpg 768w\" sizes=\"auto, (max-width: 920px) 100vw, 920px\" \/><\/figure><\/li><li class=\"blocks-gallery-item\"><figure><img loading=\"lazy\" decoding=\"async\" width=\"920\" height=\"613\" src=\"https:\/\/www.weber-fag.de\/wordpress\/wp-content\/uploads\/2021\/09\/2109_FAG-Luebbecke_0197.jpg\" alt=\"\" data-id=\"50125\" data-full-url=\"https:\/\/www.weber-fag.de\/wordpress\/wp-content\/uploads\/2021\/09\/2109_FAG-Luebbecke_0197.jpg\" data-link=\"https:\/\/www.weber-fag.de\/wordpress\/?attachment_id=50125\" class=\"wp-image-50125\" srcset=\"https:\/\/www.weber-fag.de\/wordpress\/wp-content\/uploads\/2021\/09\/2109_FAG-Luebbecke_0197.jpg 920w, https:\/\/www.weber-fag.de\/wordpress\/wp-content\/uploads\/2021\/09\/2109_FAG-Luebbecke_0197-300x200.jpg 300w, https:\/\/www.weber-fag.de\/wordpress\/wp-content\/uploads\/2021\/09\/2109_FAG-Luebbecke_0197-768x512.jpg 768w\" sizes=\"auto, (max-width: 920px) 100vw, 920px\" \/><\/figure><\/li><li class=\"blocks-gallery-item\"><figure><img loading=\"lazy\" decoding=\"async\" width=\"920\" height=\"613\" src=\"https:\/\/www.weber-fag.de\/wordpress\/wp-content\/uploads\/2021\/09\/2109_FAG-Luebbecke_0198.jpg\" alt=\"\" data-id=\"50126\" data-full-url=\"https:\/\/www.weber-fag.de\/wordpress\/wp-content\/uploads\/2021\/09\/2109_FAG-Luebbecke_0198.jpg\" data-link=\"https:\/\/www.weber-fag.de\/wordpress\/?attachment_id=50126\" class=\"wp-image-50126\" srcset=\"https:\/\/www.weber-fag.de\/wordpress\/wp-content\/uploads\/2021\/09\/2109_FAG-Luebbecke_0198.jpg 920w, https:\/\/www.weber-fag.de\/wordpress\/wp-content\/uploads\/2021\/09\/2109_FAG-Luebbecke_0198-300x200.jpg 300w, https:\/\/www.weber-fag.de\/wordpress\/wp-content\/uploads\/2021\/09\/2109_FAG-Luebbecke_0198-768x512.jpg 768w\" sizes=\"auto, (max-width: 920px) 100vw, 920px\" \/><\/figure><\/li><li class=\"blocks-gallery-item\"><figure><img loading=\"lazy\" decoding=\"async\" width=\"920\" height=\"613\" src=\"https:\/\/www.weber-fag.de\/wordpress\/wp-content\/uploads\/2021\/09\/2109_FAG-Luebbecke_0199.jpg\" alt=\"\" data-id=\"50127\" data-full-url=\"https:\/\/www.weber-fag.de\/wordpress\/wp-content\/uploads\/2021\/09\/2109_FAG-Luebbecke_0199.jpg\" data-link=\"https:\/\/www.weber-fag.de\/wordpress\/?attachment_id=50127\" class=\"wp-image-50127\" srcset=\"https:\/\/www.weber-fag.de\/wordpress\/wp-content\/uploads\/2021\/09\/2109_FAG-Luebbecke_0199.jpg 920w, https:\/\/www.weber-fag.de\/wordpress\/wp-content\/uploads\/2021\/09\/2109_FAG-Luebbecke_0199-300x200.jpg 300w, https:\/\/www.weber-fag.de\/wordpress\/wp-content\/uploads\/2021\/09\/2109_FAG-Luebbecke_0199-768x512.jpg 768w\" sizes=\"auto, (max-width: 920px) 100vw, 920px\" \/><figcaption class=\"blocks-gallery-item__caption\">Tim Kneule (FAG)<\/figcaption><\/figure><\/li><li class=\"blocks-gallery-item\"><figure><img loading=\"lazy\" decoding=\"async\" width=\"920\" height=\"613\" src=\"https:\/\/www.weber-fag.de\/wordpress\/wp-content\/uploads\/2021\/09\/2109_FAG-Luebbecke_0200.jpg\" alt=\"\" data-id=\"50128\" data-full-url=\"https:\/\/www.weber-fag.de\/wordpress\/wp-content\/uploads\/2021\/09\/2109_FAG-Luebbecke_0200.jpg\" data-link=\"https:\/\/www.weber-fag.de\/wordpress\/?attachment_id=50128\" class=\"wp-image-50128\" srcset=\"https:\/\/www.weber-fag.de\/wordpress\/wp-content\/uploads\/2021\/09\/2109_FAG-Luebbecke_0200.jpg 920w, https:\/\/www.weber-fag.de\/wordpress\/wp-content\/uploads\/2021\/09\/2109_FAG-Luebbecke_0200-300x200.jpg 300w, https:\/\/www.weber-fag.de\/wordpress\/wp-content\/uploads\/2021\/09\/2109_FAG-Luebbecke_0200-768x512.jpg 768w\" sizes=\"auto, (max-width: 920px) 100vw, 920px\" \/><figcaption class=\"blocks-gallery-item__caption\">Tim Kneule (FAG)<\/figcaption><\/figure><\/li><li class=\"blocks-gallery-item\"><figure><img loading=\"lazy\" decoding=\"async\" width=\"920\" height=\"613\" src=\"https:\/\/www.weber-fag.de\/wordpress\/wp-content\/uploads\/2021\/09\/2109_FAG-Luebbecke_0201.jpg\" alt=\"\" data-id=\"50129\" data-full-url=\"https:\/\/www.weber-fag.de\/wordpress\/wp-content\/uploads\/2021\/09\/2109_FAG-Luebbecke_0201.jpg\" data-link=\"https:\/\/www.weber-fag.de\/wordpress\/?attachment_id=50129\" class=\"wp-image-50129\" srcset=\"https:\/\/www.weber-fag.de\/wordpress\/wp-content\/uploads\/2021\/09\/2109_FAG-Luebbecke_0201.jpg 920w, https:\/\/www.weber-fag.de\/wordpress\/wp-content\/uploads\/2021\/09\/2109_FAG-Luebbecke_0201-300x200.jpg 300w, https:\/\/www.weber-fag.de\/wordpress\/wp-content\/uploads\/2021\/09\/2109_FAG-Luebbecke_0201-768x512.jpg 768w\" sizes=\"auto, (max-width: 920px) 100vw, 920px\" \/><figcaption class=\"blocks-gallery-item__caption\">Jacob Bagersted (FAG)<\/figcaption><\/figure><\/li><\/ul><\/figure>\n<div class=\"pp-fb-like-btn-wrap\"><div class=\"fb-like\" data-href=\"https:\/\/www.weber-fag.de\/wordpress\/frisch-auf-goeppingen-vs-tus-n-luebbecke\/\" data-share=\"false\" data-layout=\"button_count\" data-width=\"90\" data-show-faces=\"\" data-action=\"like\"><\/div><\/div>","protected":false},"excerpt":{"rendered":"<p>Der Ball fliegt wieder! Mit einem perfekten Saisonstart pr\u00e4sentieren sich die G\u00f6ppinger ihren Fans. Nach dem Ausw\u00e4rtssieg beim Aufsteiger HSV Hamburg (27:28) konnte auch das erste Heimspiel gegen die TuS N-L\u00fcbbecke mit 27:24 erfolgreich absolviert werden. Hier die Bilder vom Spiel<\/p>\n","protected":false},"author":1,"featured_media":49945,"comment_status":"open","ping_status":"open","sticky":false,"template":"","format":"standard","meta":{"footnotes":""},"categories":[5],"tags":[],"class_list":["post-49944","post","type-post","status-publish","format-standard","has-post-thumbnail","hentry","category-bundesliga"],"_links":{"self":[{"href":"https:\/\/www.weber-fag.de\/wordpress\/wp-json\/wp\/v2\/posts\/49944","targetHints":{"allow":["GET"]}}],"collection":[{"href":"https:\/\/www.weber-fag.de\/wordpress\/wp-json\/wp\/v2\/posts"}],"about":[{"href":"https:\/\/www.weber-fag.de\/wordpress\/wp-json\/wp\/v2\/types\/post"}],"author":[{"embeddable":true,"href":"https:\/\/www.weber-fag.de\/wordpress\/wp-json\/wp\/v2\/users\/1"}],"replies":[{"embeddable":true,"href":"https:\/\/www.weber-fag.de\/wordpress\/wp-json\/wp\/v2\/comments?post=49944"}],"version-history":[{"count":4,"href":"https:\/\/www.weber-fag.de\/wordpress\/wp-json\/wp\/v2\/posts\/49944\/revisions"}],"predecessor-version":[{"id":50134,"href":"https:\/\/www.weber-fag.de\/wordpress\/wp-json\/wp\/v2\/posts\/49944\/revisions\/50134"}],"wp:featuredmedia":[{"embeddable":true,"href":"https:\/\/www.weber-fag.de\/wordpress\/wp-json\/wp\/v2\/media\/49945"}],"wp:attachment":[{"href":"https:\/\/www.weber-fag.de\/wordpress\/wp-json\/wp\/v2\/media?parent=49944"}],"wp:term":[{"taxonomy":"category","embeddable":true,"href":"https:\/\/www.weber-fag.de\/wordpress\/wp-json\/wp\/v2\/categories?post=49944"},{"taxonomy":"post_tag","embeddable":true,"href":"https:\/\/www.weber-fag.de\/wordpress\/wp-json\/wp\/v2\/tags?post=49944"}],"curies":[{"name":"wp","href":"https:\/\/api.w.org\/{rel}","templated":true}]}}