{"id":49836,"date":"2021-05-14T11:06:08","date_gmt":"2021-05-14T09:06:08","guid":{"rendered":"http:\/\/www.weber-fag.de\/wordpress\/?p=49836"},"modified":"2021-05-14T11:06:10","modified_gmt":"2021-05-14T09:06:10","slug":"frisch-auf-goeppingen-vs-tusem-essen","status":"publish","type":"post","link":"https:\/\/www.weber-fag.de\/wordpress\/frisch-auf-goeppingen-vs-tusem-essen\/","title":{"rendered":"FRISCH AUF! G\u00f6ppingen vs. TuSEM Essen"},"content":{"rendered":"\n<p>Mit dem Pflichtsieg gegen die abstiegsbedrohten Essener (35:27) festigten die G\u00f6ppinger ihren f\u00fcnften Tabellenplatz und wahrten somit ihre Chance in der kommenden Saison an einem europ\u00e4ischen Wettbewerb teilnehmen zu k\u00f6nnen<\/p>\n\n\n\n<figure class=\"wp-block-image size-large\"><img loading=\"lazy\" decoding=\"async\" width=\"920\" height=\"613\" src=\"https:\/\/www.weber-fag.de\/wordpress\/wp-content\/uploads\/2021\/05\/2105_FAG-Essen_0188.jpg\" alt=\"\" class=\"wp-image-49837\" srcset=\"https:\/\/www.weber-fag.de\/wordpress\/wp-content\/uploads\/2021\/05\/2105_FAG-Essen_0188.jpg 920w, https:\/\/www.weber-fag.de\/wordpress\/wp-content\/uploads\/2021\/05\/2105_FAG-Essen_0188-300x200.jpg 300w, https:\/\/www.weber-fag.de\/wordpress\/wp-content\/uploads\/2021\/05\/2105_FAG-Essen_0188-768x512.jpg 768w\" sizes=\"auto, (max-width: 920px) 100vw, 920px\" \/><figcaption>Tim Kneule<\/figcaption><\/figure>\n\n\n\n<!--more-->\n\n\n\n<figure class=\"wp-block-gallery columns-1 is-cropped wp-block-gallery-1 is-layout-flex wp-block-gallery-is-layout-flex\"><ul class=\"blocks-gallery-grid\"><li class=\"blocks-gallery-item\"><figure><img loading=\"lazy\" decoding=\"async\" width=\"920\" height=\"613\" src=\"https:\/\/www.weber-fag.de\/wordpress\/wp-content\/uploads\/2021\/05\/2105_FAG-Essen_0178.jpg\" alt=\"\" data-id=\"49838\" data-full-url=\"https:\/\/www.weber-fag.de\/wordpress\/wp-content\/uploads\/2021\/05\/2105_FAG-Essen_0178.jpg\" data-link=\"https:\/\/www.weber-fag.de\/wordpress\/?attachment_id=49838\" class=\"wp-image-49838\" srcset=\"https:\/\/www.weber-fag.de\/wordpress\/wp-content\/uploads\/2021\/05\/2105_FAG-Essen_0178.jpg 920w, https:\/\/www.weber-fag.de\/wordpress\/wp-content\/uploads\/2021\/05\/2105_FAG-Essen_0178-300x200.jpg 300w, https:\/\/www.weber-fag.de\/wordpress\/wp-content\/uploads\/2021\/05\/2105_FAG-Essen_0178-768x512.jpg 768w\" sizes=\"auto, (max-width: 920px) 100vw, 920px\" \/><figcaption class=\"blocks-gallery-item__caption\">Tim Kneule<\/figcaption><\/figure><\/li><li class=\"blocks-gallery-item\"><figure><img loading=\"lazy\" decoding=\"async\" width=\"920\" height=\"613\" src=\"https:\/\/www.weber-fag.de\/wordpress\/wp-content\/uploads\/2021\/05\/2105_FAG-Essen_0179.jpg\" alt=\"\" data-id=\"49839\" data-full-url=\"https:\/\/www.weber-fag.de\/wordpress\/wp-content\/uploads\/2021\/05\/2105_FAG-Essen_0179.jpg\" data-link=\"https:\/\/www.weber-fag.de\/wordpress\/?attachment_id=49839\" class=\"wp-image-49839\" srcset=\"https:\/\/www.weber-fag.de\/wordpress\/wp-content\/uploads\/2021\/05\/2105_FAG-Essen_0179.jpg 920w, https:\/\/www.weber-fag.de\/wordpress\/wp-content\/uploads\/2021\/05\/2105_FAG-Essen_0179-300x200.jpg 300w, https:\/\/www.weber-fag.de\/wordpress\/wp-content\/uploads\/2021\/05\/2105_FAG-Essen_0179-768x512.jpg 768w\" sizes=\"auto, (max-width: 920px) 100vw, 920px\" \/><figcaption class=\"blocks-gallery-item__caption\">Kresimir Kozina<\/figcaption><\/figure><\/li><li class=\"blocks-gallery-item\"><figure><img loading=\"lazy\" decoding=\"async\" width=\"920\" height=\"613\" src=\"https:\/\/www.weber-fag.de\/wordpress\/wp-content\/uploads\/2021\/05\/2105_FAG-Essen_0180.jpg\" alt=\"\" data-id=\"49840\" data-full-url=\"https:\/\/www.weber-fag.de\/wordpress\/wp-content\/uploads\/2021\/05\/2105_FAG-Essen_0180.jpg\" data-link=\"https:\/\/www.weber-fag.de\/wordpress\/?attachment_id=49840\" class=\"wp-image-49840\" srcset=\"https:\/\/www.weber-fag.de\/wordpress\/wp-content\/uploads\/2021\/05\/2105_FAG-Essen_0180.jpg 920w, https:\/\/www.weber-fag.de\/wordpress\/wp-content\/uploads\/2021\/05\/2105_FAG-Essen_0180-300x200.jpg 300w, https:\/\/www.weber-fag.de\/wordpress\/wp-content\/uploads\/2021\/05\/2105_FAG-Essen_0180-768x512.jpg 768w\" sizes=\"auto, (max-width: 920px) 100vw, 920px\" \/><figcaption class=\"blocks-gallery-item__caption\">Kresimir Kozina<\/figcaption><\/figure><\/li><li class=\"blocks-gallery-item\"><figure><img loading=\"lazy\" decoding=\"async\" width=\"920\" height=\"613\" src=\"https:\/\/www.weber-fag.de\/wordpress\/wp-content\/uploads\/2021\/05\/2105_FAG-Essen_0181.jpg\" alt=\"\" data-id=\"49841\" data-full-url=\"https:\/\/www.weber-fag.de\/wordpress\/wp-content\/uploads\/2021\/05\/2105_FAG-Essen_0181.jpg\" data-link=\"https:\/\/www.weber-fag.de\/wordpress\/?attachment_id=49841\" class=\"wp-image-49841\" srcset=\"https:\/\/www.weber-fag.de\/wordpress\/wp-content\/uploads\/2021\/05\/2105_FAG-Essen_0181.jpg 920w, https:\/\/www.weber-fag.de\/wordpress\/wp-content\/uploads\/2021\/05\/2105_FAG-Essen_0181-300x200.jpg 300w, https:\/\/www.weber-fag.de\/wordpress\/wp-content\/uploads\/2021\/05\/2105_FAG-Essen_0181-768x512.jpg 768w\" sizes=\"auto, (max-width: 920px) 100vw, 920px\" \/><figcaption class=\"blocks-gallery-item__caption\">Tobias Ellebaek<\/figcaption><\/figure><\/li><li class=\"blocks-gallery-item\"><figure><img loading=\"lazy\" decoding=\"async\" width=\"920\" height=\"613\" src=\"https:\/\/www.weber-fag.de\/wordpress\/wp-content\/uploads\/2021\/05\/2105_FAG-Essen_0182.jpg\" alt=\"\" data-id=\"49842\" data-full-url=\"https:\/\/www.weber-fag.de\/wordpress\/wp-content\/uploads\/2021\/05\/2105_FAG-Essen_0182.jpg\" data-link=\"https:\/\/www.weber-fag.de\/wordpress\/?attachment_id=49842\" class=\"wp-image-49842\" srcset=\"https:\/\/www.weber-fag.de\/wordpress\/wp-content\/uploads\/2021\/05\/2105_FAG-Essen_0182.jpg 920w, https:\/\/www.weber-fag.de\/wordpress\/wp-content\/uploads\/2021\/05\/2105_FAG-Essen_0182-300x200.jpg 300w, https:\/\/www.weber-fag.de\/wordpress\/wp-content\/uploads\/2021\/05\/2105_FAG-Essen_0182-768x512.jpg 768w\" sizes=\"auto, (max-width: 920px) 100vw, 920px\" \/><figcaption class=\"blocks-gallery-item__caption\">Janus Smarason<\/figcaption><\/figure><\/li><li class=\"blocks-gallery-item\"><figure><img loading=\"lazy\" decoding=\"async\" width=\"920\" height=\"613\" src=\"https:\/\/www.weber-fag.de\/wordpress\/wp-content\/uploads\/2021\/05\/2105_FAG-Essen_0183.jpg\" alt=\"\" data-id=\"49843\" data-full-url=\"https:\/\/www.weber-fag.de\/wordpress\/wp-content\/uploads\/2021\/05\/2105_FAG-Essen_0183.jpg\" data-link=\"https:\/\/www.weber-fag.de\/wordpress\/?attachment_id=49843\" class=\"wp-image-49843\" srcset=\"https:\/\/www.weber-fag.de\/wordpress\/wp-content\/uploads\/2021\/05\/2105_FAG-Essen_0183.jpg 920w, https:\/\/www.weber-fag.de\/wordpress\/wp-content\/uploads\/2021\/05\/2105_FAG-Essen_0183-300x200.jpg 300w, https:\/\/www.weber-fag.de\/wordpress\/wp-content\/uploads\/2021\/05\/2105_FAG-Essen_0183-768x512.jpg 768w\" sizes=\"auto, (max-width: 920px) 100vw, 920px\" \/><figcaption class=\"blocks-gallery-item__caption\">Trainer Hartmut Mayerhoffer<\/figcaption><\/figure><\/li><li class=\"blocks-gallery-item\"><figure><img loading=\"lazy\" decoding=\"async\" width=\"920\" height=\"613\" src=\"https:\/\/www.weber-fag.de\/wordpress\/wp-content\/uploads\/2021\/05\/2105_FAG-Essen_0184.jpg\" alt=\"\" data-id=\"49844\" data-full-url=\"https:\/\/www.weber-fag.de\/wordpress\/wp-content\/uploads\/2021\/05\/2105_FAG-Essen_0184.jpg\" data-link=\"https:\/\/www.weber-fag.de\/wordpress\/?attachment_id=49844\" class=\"wp-image-49844\" srcset=\"https:\/\/www.weber-fag.de\/wordpress\/wp-content\/uploads\/2021\/05\/2105_FAG-Essen_0184.jpg 920w, https:\/\/www.weber-fag.de\/wordpress\/wp-content\/uploads\/2021\/05\/2105_FAG-Essen_0184-300x200.jpg 300w, https:\/\/www.weber-fag.de\/wordpress\/wp-content\/uploads\/2021\/05\/2105_FAG-Essen_0184-768x512.jpg 768w\" sizes=\"auto, (max-width: 920px) 100vw, 920px\" \/><figcaption class=\"blocks-gallery-item__caption\">Marco Rentschler<\/figcaption><\/figure><\/li><li class=\"blocks-gallery-item\"><figure><img loading=\"lazy\" decoding=\"async\" width=\"920\" height=\"613\" src=\"https:\/\/www.weber-fag.de\/wordpress\/wp-content\/uploads\/2021\/05\/2105_FAG-Essen_0185.jpg\" alt=\"\" data-id=\"49845\" data-full-url=\"https:\/\/www.weber-fag.de\/wordpress\/wp-content\/uploads\/2021\/05\/2105_FAG-Essen_0185.jpg\" data-link=\"https:\/\/www.weber-fag.de\/wordpress\/?attachment_id=49845\" class=\"wp-image-49845\" srcset=\"https:\/\/www.weber-fag.de\/wordpress\/wp-content\/uploads\/2021\/05\/2105_FAG-Essen_0185.jpg 920w, https:\/\/www.weber-fag.de\/wordpress\/wp-content\/uploads\/2021\/05\/2105_FAG-Essen_0185-300x200.jpg 300w, https:\/\/www.weber-fag.de\/wordpress\/wp-content\/uploads\/2021\/05\/2105_FAG-Essen_0185-768x512.jpg 768w\" sizes=\"auto, (max-width: 920px) 100vw, 920px\" \/><figcaption class=\"blocks-gallery-item__caption\">Jacob Bagersted<\/figcaption><\/figure><\/li><li class=\"blocks-gallery-item\"><figure><img loading=\"lazy\" decoding=\"async\" width=\"920\" height=\"613\" src=\"https:\/\/www.weber-fag.de\/wordpress\/wp-content\/uploads\/2021\/05\/2105_FAG-Essen_0186.jpg\" alt=\"\" data-id=\"49846\" data-full-url=\"https:\/\/www.weber-fag.de\/wordpress\/wp-content\/uploads\/2021\/05\/2105_FAG-Essen_0186.jpg\" data-link=\"https:\/\/www.weber-fag.de\/wordpress\/?attachment_id=49846\" class=\"wp-image-49846\" srcset=\"https:\/\/www.weber-fag.de\/wordpress\/wp-content\/uploads\/2021\/05\/2105_FAG-Essen_0186.jpg 920w, https:\/\/www.weber-fag.de\/wordpress\/wp-content\/uploads\/2021\/05\/2105_FAG-Essen_0186-300x200.jpg 300w, https:\/\/www.weber-fag.de\/wordpress\/wp-content\/uploads\/2021\/05\/2105_FAG-Essen_0186-768x512.jpg 768w\" sizes=\"auto, (max-width: 920px) 100vw, 920px\" \/><figcaption class=\"blocks-gallery-item__caption\">Axel Goller<\/figcaption><\/figure><\/li><li class=\"blocks-gallery-item\"><figure><img loading=\"lazy\" decoding=\"async\" width=\"920\" height=\"613\" src=\"https:\/\/www.weber-fag.de\/wordpress\/wp-content\/uploads\/2021\/05\/2105_FAG-Essen_0187.jpg\" alt=\"\" data-id=\"49847\" data-full-url=\"https:\/\/www.weber-fag.de\/wordpress\/wp-content\/uploads\/2021\/05\/2105_FAG-Essen_0187.jpg\" data-link=\"https:\/\/www.weber-fag.de\/wordpress\/?attachment_id=49847\" class=\"wp-image-49847\" srcset=\"https:\/\/www.weber-fag.de\/wordpress\/wp-content\/uploads\/2021\/05\/2105_FAG-Essen_0187.jpg 920w, https:\/\/www.weber-fag.de\/wordpress\/wp-content\/uploads\/2021\/05\/2105_FAG-Essen_0187-300x200.jpg 300w, https:\/\/www.weber-fag.de\/wordpress\/wp-content\/uploads\/2021\/05\/2105_FAG-Essen_0187-768x512.jpg 768w\" sizes=\"auto, (max-width: 920px) 100vw, 920px\" \/><figcaption class=\"blocks-gallery-item__caption\">Till Hermann<\/figcaption><\/figure><\/li><li class=\"blocks-gallery-item\"><figure><img loading=\"lazy\" decoding=\"async\" width=\"920\" height=\"613\" src=\"https:\/\/www.weber-fag.de\/wordpress\/wp-content\/uploads\/2021\/05\/2105_FAG-Essen_0189.jpg\" alt=\"\" data-id=\"49848\" data-full-url=\"https:\/\/www.weber-fag.de\/wordpress\/wp-content\/uploads\/2021\/05\/2105_FAG-Essen_0189.jpg\" data-link=\"https:\/\/www.weber-fag.de\/wordpress\/?attachment_id=49848\" class=\"wp-image-49848\" srcset=\"https:\/\/www.weber-fag.de\/wordpress\/wp-content\/uploads\/2021\/05\/2105_FAG-Essen_0189.jpg 920w, https:\/\/www.weber-fag.de\/wordpress\/wp-content\/uploads\/2021\/05\/2105_FAG-Essen_0189-300x200.jpg 300w, https:\/\/www.weber-fag.de\/wordpress\/wp-content\/uploads\/2021\/05\/2105_FAG-Essen_0189-768x512.jpg 768w\" sizes=\"auto, (max-width: 920px) 100vw, 920px\" \/><figcaption class=\"blocks-gallery-item__caption\">Jacob Bagersted<\/figcaption><\/figure><\/li><li class=\"blocks-gallery-item\"><figure><img loading=\"lazy\" decoding=\"async\" width=\"920\" height=\"613\" src=\"https:\/\/www.weber-fag.de\/wordpress\/wp-content\/uploads\/2021\/05\/2105_FAG-Essen_0190.jpg\" alt=\"\" data-id=\"49849\" data-full-url=\"https:\/\/www.weber-fag.de\/wordpress\/wp-content\/uploads\/2021\/05\/2105_FAG-Essen_0190.jpg\" data-link=\"https:\/\/www.weber-fag.de\/wordpress\/?attachment_id=49849\" class=\"wp-image-49849\" srcset=\"https:\/\/www.weber-fag.de\/wordpress\/wp-content\/uploads\/2021\/05\/2105_FAG-Essen_0190.jpg 920w, https:\/\/www.weber-fag.de\/wordpress\/wp-content\/uploads\/2021\/05\/2105_FAG-Essen_0190-300x200.jpg 300w, https:\/\/www.weber-fag.de\/wordpress\/wp-content\/uploads\/2021\/05\/2105_FAG-Essen_0190-768x512.jpg 768w\" sizes=\"auto, (max-width: 920px) 100vw, 920px\" \/><figcaption class=\"blocks-gallery-item__caption\">Sebastian Heymann<\/figcaption><\/figure><\/li><li class=\"blocks-gallery-item\"><figure><img loading=\"lazy\" decoding=\"async\" width=\"920\" height=\"613\" src=\"https:\/\/www.weber-fag.de\/wordpress\/wp-content\/uploads\/2021\/05\/2105_FAG-Essen_0191.jpg\" alt=\"\" data-id=\"49850\" data-full-url=\"https:\/\/www.weber-fag.de\/wordpress\/wp-content\/uploads\/2021\/05\/2105_FAG-Essen_0191.jpg\" data-link=\"https:\/\/www.weber-fag.de\/wordpress\/?attachment_id=49850\" class=\"wp-image-49850\" srcset=\"https:\/\/www.weber-fag.de\/wordpress\/wp-content\/uploads\/2021\/05\/2105_FAG-Essen_0191.jpg 920w, https:\/\/www.weber-fag.de\/wordpress\/wp-content\/uploads\/2021\/05\/2105_FAG-Essen_0191-300x200.jpg 300w, https:\/\/www.weber-fag.de\/wordpress\/wp-content\/uploads\/2021\/05\/2105_FAG-Essen_0191-768x512.jpg 768w\" sizes=\"auto, (max-width: 920px) 100vw, 920px\" \/><figcaption class=\"blocks-gallery-item__caption\">Axel Goller<\/figcaption><\/figure><\/li><li class=\"blocks-gallery-item\"><figure><img loading=\"lazy\" decoding=\"async\" width=\"920\" height=\"613\" src=\"https:\/\/www.weber-fag.de\/wordpress\/wp-content\/uploads\/2021\/05\/2105_FAG-Essen_0192.jpg\" alt=\"\" data-id=\"49851\" data-full-url=\"https:\/\/www.weber-fag.de\/wordpress\/wp-content\/uploads\/2021\/05\/2105_FAG-Essen_0192.jpg\" data-link=\"https:\/\/www.weber-fag.de\/wordpress\/?attachment_id=49851\" class=\"wp-image-49851\" srcset=\"https:\/\/www.weber-fag.de\/wordpress\/wp-content\/uploads\/2021\/05\/2105_FAG-Essen_0192.jpg 920w, https:\/\/www.weber-fag.de\/wordpress\/wp-content\/uploads\/2021\/05\/2105_FAG-Essen_0192-300x200.jpg 300w, https:\/\/www.weber-fag.de\/wordpress\/wp-content\/uploads\/2021\/05\/2105_FAG-Essen_0192-768x512.jpg 768w\" sizes=\"auto, (max-width: 920px) 100vw, 920px\" \/><figcaption class=\"blocks-gallery-item__caption\">Marco Rentschler<\/figcaption><\/figure><\/li><li class=\"blocks-gallery-item\"><figure><img loading=\"lazy\" decoding=\"async\" width=\"920\" height=\"613\" src=\"https:\/\/www.weber-fag.de\/wordpress\/wp-content\/uploads\/2021\/05\/2105_FAG-Essen_0193.jpg\" alt=\"\" data-id=\"49852\" data-full-url=\"https:\/\/www.weber-fag.de\/wordpress\/wp-content\/uploads\/2021\/05\/2105_FAG-Essen_0193.jpg\" data-link=\"https:\/\/www.weber-fag.de\/wordpress\/?attachment_id=49852\" class=\"wp-image-49852\" srcset=\"https:\/\/www.weber-fag.de\/wordpress\/wp-content\/uploads\/2021\/05\/2105_FAG-Essen_0193.jpg 920w, https:\/\/www.weber-fag.de\/wordpress\/wp-content\/uploads\/2021\/05\/2105_FAG-Essen_0193-300x200.jpg 300w, https:\/\/www.weber-fag.de\/wordpress\/wp-content\/uploads\/2021\/05\/2105_FAG-Essen_0193-768x512.jpg 768w\" sizes=\"auto, (max-width: 920px) 100vw, 920px\" \/><figcaption class=\"blocks-gallery-item__caption\">Till Hermann<\/figcaption><\/figure><\/li><li class=\"blocks-gallery-item\"><figure><img loading=\"lazy\" decoding=\"async\" width=\"920\" height=\"613\" src=\"https:\/\/www.weber-fag.de\/wordpress\/wp-content\/uploads\/2021\/05\/2105_FAG-Essen_0194.jpg\" alt=\"\" data-id=\"49853\" data-full-url=\"https:\/\/www.weber-fag.de\/wordpress\/wp-content\/uploads\/2021\/05\/2105_FAG-Essen_0194.jpg\" data-link=\"https:\/\/www.weber-fag.de\/wordpress\/?attachment_id=49853\" class=\"wp-image-49853\" srcset=\"https:\/\/www.weber-fag.de\/wordpress\/wp-content\/uploads\/2021\/05\/2105_FAG-Essen_0194.jpg 920w, https:\/\/www.weber-fag.de\/wordpress\/wp-content\/uploads\/2021\/05\/2105_FAG-Essen_0194-300x200.jpg 300w, https:\/\/www.weber-fag.de\/wordpress\/wp-content\/uploads\/2021\/05\/2105_FAG-Essen_0194-768x512.jpg 768w\" sizes=\"auto, (max-width: 920px) 100vw, 920px\" \/><figcaption class=\"blocks-gallery-item__caption\">Daniel Rebmann<\/figcaption><\/figure><\/li><li class=\"blocks-gallery-item\"><figure><img loading=\"lazy\" decoding=\"async\" width=\"920\" height=\"613\" src=\"https:\/\/www.weber-fag.de\/wordpress\/wp-content\/uploads\/2021\/05\/2105_FAG-Essen_0195.jpg\" alt=\"\" data-id=\"49854\" data-full-url=\"https:\/\/www.weber-fag.de\/wordpress\/wp-content\/uploads\/2021\/05\/2105_FAG-Essen_0195.jpg\" data-link=\"https:\/\/www.weber-fag.de\/wordpress\/?attachment_id=49854\" class=\"wp-image-49854\" srcset=\"https:\/\/www.weber-fag.de\/wordpress\/wp-content\/uploads\/2021\/05\/2105_FAG-Essen_0195.jpg 920w, https:\/\/www.weber-fag.de\/wordpress\/wp-content\/uploads\/2021\/05\/2105_FAG-Essen_0195-300x200.jpg 300w, https:\/\/www.weber-fag.de\/wordpress\/wp-content\/uploads\/2021\/05\/2105_FAG-Essen_0195-768x512.jpg 768w\" sizes=\"auto, (max-width: 920px) 100vw, 920px\" \/><figcaption class=\"blocks-gallery-item__caption\">Urh Kastelic<\/figcaption><\/figure><\/li><li class=\"blocks-gallery-item\"><figure><img loading=\"lazy\" decoding=\"async\" width=\"920\" height=\"613\" src=\"https:\/\/www.weber-fag.de\/wordpress\/wp-content\/uploads\/2021\/05\/2105_FAG-Essen_0196.jpg\" alt=\"\" data-id=\"49855\" data-full-url=\"https:\/\/www.weber-fag.de\/wordpress\/wp-content\/uploads\/2021\/05\/2105_FAG-Essen_0196.jpg\" data-link=\"https:\/\/www.weber-fag.de\/wordpress\/?attachment_id=49855\" class=\"wp-image-49855\" srcset=\"https:\/\/www.weber-fag.de\/wordpress\/wp-content\/uploads\/2021\/05\/2105_FAG-Essen_0196.jpg 920w, https:\/\/www.weber-fag.de\/wordpress\/wp-content\/uploads\/2021\/05\/2105_FAG-Essen_0196-300x200.jpg 300w, https:\/\/www.weber-fag.de\/wordpress\/wp-content\/uploads\/2021\/05\/2105_FAG-Essen_0196-768x512.jpg 768w\" sizes=\"auto, (max-width: 920px) 100vw, 920px\" \/><figcaption class=\"blocks-gallery-item__caption\">Sebastian Heymann<\/figcaption><\/figure><\/li><li class=\"blocks-gallery-item\"><figure><img loading=\"lazy\" decoding=\"async\" width=\"920\" height=\"613\" src=\"https:\/\/www.weber-fag.de\/wordpress\/wp-content\/uploads\/2021\/05\/2105_FAG-Essen_0197.jpg\" alt=\"\" data-id=\"49856\" data-full-url=\"https:\/\/www.weber-fag.de\/wordpress\/wp-content\/uploads\/2021\/05\/2105_FAG-Essen_0197.jpg\" data-link=\"https:\/\/www.weber-fag.de\/wordpress\/?attachment_id=49856\" class=\"wp-image-49856\" srcset=\"https:\/\/www.weber-fag.de\/wordpress\/wp-content\/uploads\/2021\/05\/2105_FAG-Essen_0197.jpg 920w, https:\/\/www.weber-fag.de\/wordpress\/wp-content\/uploads\/2021\/05\/2105_FAG-Essen_0197-300x200.jpg 300w, https:\/\/www.weber-fag.de\/wordpress\/wp-content\/uploads\/2021\/05\/2105_FAG-Essen_0197-768x512.jpg 768w\" sizes=\"auto, (max-width: 920px) 100vw, 920px\" \/><figcaption class=\"blocks-gallery-item__caption\">Sebastian Heymann<\/figcaption><\/figure><\/li><li class=\"blocks-gallery-item\"><figure><img loading=\"lazy\" decoding=\"async\" width=\"920\" height=\"613\" src=\"https:\/\/www.weber-fag.de\/wordpress\/wp-content\/uploads\/2021\/05\/2105_FAG-Essen_0198.jpg\" alt=\"\" data-id=\"49857\" data-full-url=\"https:\/\/www.weber-fag.de\/wordpress\/wp-content\/uploads\/2021\/05\/2105_FAG-Essen_0198.jpg\" data-link=\"https:\/\/www.weber-fag.de\/wordpress\/?attachment_id=49857\" class=\"wp-image-49857\" srcset=\"https:\/\/www.weber-fag.de\/wordpress\/wp-content\/uploads\/2021\/05\/2105_FAG-Essen_0198.jpg 920w, https:\/\/www.weber-fag.de\/wordpress\/wp-content\/uploads\/2021\/05\/2105_FAG-Essen_0198-300x200.jpg 300w, https:\/\/www.weber-fag.de\/wordpress\/wp-content\/uploads\/2021\/05\/2105_FAG-Essen_0198-768x512.jpg 768w\" sizes=\"auto, (max-width: 920px) 100vw, 920px\" \/><figcaption class=\"blocks-gallery-item__caption\">Sebastian Heymann<\/figcaption><\/figure><\/li><li class=\"blocks-gallery-item\"><figure><img loading=\"lazy\" decoding=\"async\" width=\"920\" height=\"613\" src=\"https:\/\/www.weber-fag.de\/wordpress\/wp-content\/uploads\/2021\/05\/2105_FAG-Essen_0199.jpg\" alt=\"\" data-id=\"49858\" data-full-url=\"https:\/\/www.weber-fag.de\/wordpress\/wp-content\/uploads\/2021\/05\/2105_FAG-Essen_0199.jpg\" data-link=\"https:\/\/www.weber-fag.de\/wordpress\/?attachment_id=49858\" class=\"wp-image-49858\" srcset=\"https:\/\/www.weber-fag.de\/wordpress\/wp-content\/uploads\/2021\/05\/2105_FAG-Essen_0199.jpg 920w, https:\/\/www.weber-fag.de\/wordpress\/wp-content\/uploads\/2021\/05\/2105_FAG-Essen_0199-300x200.jpg 300w, https:\/\/www.weber-fag.de\/wordpress\/wp-content\/uploads\/2021\/05\/2105_FAG-Essen_0199-768x512.jpg 768w\" sizes=\"auto, (max-width: 920px) 100vw, 920px\" \/><figcaption class=\"blocks-gallery-item__caption\">Marcel Schiller<\/figcaption><\/figure><\/li><li class=\"blocks-gallery-item\"><figure><img loading=\"lazy\" decoding=\"async\" width=\"920\" height=\"613\" src=\"https:\/\/www.weber-fag.de\/wordpress\/wp-content\/uploads\/2021\/05\/2105_FAG-Essen_0200.jpg\" alt=\"\" data-id=\"49859\" data-full-url=\"https:\/\/www.weber-fag.de\/wordpress\/wp-content\/uploads\/2021\/05\/2105_FAG-Essen_0200.jpg\" data-link=\"https:\/\/www.weber-fag.de\/wordpress\/?attachment_id=49859\" class=\"wp-image-49859\" srcset=\"https:\/\/www.weber-fag.de\/wordpress\/wp-content\/uploads\/2021\/05\/2105_FAG-Essen_0200.jpg 920w, https:\/\/www.weber-fag.de\/wordpress\/wp-content\/uploads\/2021\/05\/2105_FAG-Essen_0200-300x200.jpg 300w, https:\/\/www.weber-fag.de\/wordpress\/wp-content\/uploads\/2021\/05\/2105_FAG-Essen_0200-768x512.jpg 768w\" sizes=\"auto, (max-width: 920px) 100vw, 920px\" \/><figcaption class=\"blocks-gallery-item__caption\">Urh Kastelic<\/figcaption><\/figure><\/li><li class=\"blocks-gallery-item\"><figure><img loading=\"lazy\" decoding=\"async\" width=\"920\" height=\"613\" src=\"https:\/\/www.weber-fag.de\/wordpress\/wp-content\/uploads\/2021\/05\/2105_FAG-Essen_0201.jpg\" alt=\"\" data-id=\"49860\" data-full-url=\"https:\/\/www.weber-fag.de\/wordpress\/wp-content\/uploads\/2021\/05\/2105_FAG-Essen_0201.jpg\" data-link=\"https:\/\/www.weber-fag.de\/wordpress\/?attachment_id=49860\" class=\"wp-image-49860\" srcset=\"https:\/\/www.weber-fag.de\/wordpress\/wp-content\/uploads\/2021\/05\/2105_FAG-Essen_0201.jpg 920w, https:\/\/www.weber-fag.de\/wordpress\/wp-content\/uploads\/2021\/05\/2105_FAG-Essen_0201-300x200.jpg 300w, https:\/\/www.weber-fag.de\/wordpress\/wp-content\/uploads\/2021\/05\/2105_FAG-Essen_0201-768x512.jpg 768w\" sizes=\"auto, (max-width: 920px) 100vw, 920px\" \/><figcaption class=\"blocks-gallery-item__caption\">Nemanja Zelenovic<\/figcaption><\/figure><\/li><li class=\"blocks-gallery-item\"><figure><img loading=\"lazy\" decoding=\"async\" width=\"920\" height=\"613\" src=\"https:\/\/www.weber-fag.de\/wordpress\/wp-content\/uploads\/2021\/05\/2105_FAG-Essen_0202.jpg\" alt=\"\" data-id=\"49861\" data-full-url=\"https:\/\/www.weber-fag.de\/wordpress\/wp-content\/uploads\/2021\/05\/2105_FAG-Essen_0202.jpg\" data-link=\"https:\/\/www.weber-fag.de\/wordpress\/?attachment_id=49861\" class=\"wp-image-49861\" srcset=\"https:\/\/www.weber-fag.de\/wordpress\/wp-content\/uploads\/2021\/05\/2105_FAG-Essen_0202.jpg 920w, https:\/\/www.weber-fag.de\/wordpress\/wp-content\/uploads\/2021\/05\/2105_FAG-Essen_0202-300x200.jpg 300w, https:\/\/www.weber-fag.de\/wordpress\/wp-content\/uploads\/2021\/05\/2105_FAG-Essen_0202-768x512.jpg 768w\" sizes=\"auto, (max-width: 920px) 100vw, 920px\" \/><figcaption class=\"blocks-gallery-item__caption\">Nemanja Zelenovic<\/figcaption><\/figure><\/li><li class=\"blocks-gallery-item\"><figure><img loading=\"lazy\" decoding=\"async\" width=\"920\" height=\"613\" src=\"https:\/\/www.weber-fag.de\/wordpress\/wp-content\/uploads\/2021\/05\/2105_FAG-Essen_0203.jpg\" alt=\"\" data-id=\"49862\" data-full-url=\"https:\/\/www.weber-fag.de\/wordpress\/wp-content\/uploads\/2021\/05\/2105_FAG-Essen_0203.jpg\" data-link=\"https:\/\/www.weber-fag.de\/wordpress\/?attachment_id=49862\" class=\"wp-image-49862\" srcset=\"https:\/\/www.weber-fag.de\/wordpress\/wp-content\/uploads\/2021\/05\/2105_FAG-Essen_0203.jpg 920w, https:\/\/www.weber-fag.de\/wordpress\/wp-content\/uploads\/2021\/05\/2105_FAG-Essen_0203-300x200.jpg 300w, https:\/\/www.weber-fag.de\/wordpress\/wp-content\/uploads\/2021\/05\/2105_FAG-Essen_0203-768x512.jpg 768w\" sizes=\"auto, (max-width: 920px) 100vw, 920px\" \/><figcaption class=\"blocks-gallery-item__caption\">Urh Kastelic<\/figcaption><\/figure><\/li><li class=\"blocks-gallery-item\"><figure><img loading=\"lazy\" decoding=\"async\" width=\"920\" height=\"613\" src=\"https:\/\/www.weber-fag.de\/wordpress\/wp-content\/uploads\/2021\/05\/2105_FAG-Essen_0204.jpg\" alt=\"\" data-id=\"49863\" data-full-url=\"https:\/\/www.weber-fag.de\/wordpress\/wp-content\/uploads\/2021\/05\/2105_FAG-Essen_0204.jpg\" data-link=\"https:\/\/www.weber-fag.de\/wordpress\/?attachment_id=49863\" class=\"wp-image-49863\" srcset=\"https:\/\/www.weber-fag.de\/wordpress\/wp-content\/uploads\/2021\/05\/2105_FAG-Essen_0204.jpg 920w, https:\/\/www.weber-fag.de\/wordpress\/wp-content\/uploads\/2021\/05\/2105_FAG-Essen_0204-300x200.jpg 300w, https:\/\/www.weber-fag.de\/wordpress\/wp-content\/uploads\/2021\/05\/2105_FAG-Essen_0204-768x512.jpg 768w\" sizes=\"auto, (max-width: 920px) 100vw, 920px\" \/><\/figure><\/li><li class=\"blocks-gallery-item\"><figure><img loading=\"lazy\" decoding=\"async\" width=\"920\" height=\"613\" src=\"https:\/\/www.weber-fag.de\/wordpress\/wp-content\/uploads\/2021\/05\/2105_FAG-Essen_0205.jpg\" alt=\"\" data-id=\"49864\" data-full-url=\"https:\/\/www.weber-fag.de\/wordpress\/wp-content\/uploads\/2021\/05\/2105_FAG-Essen_0205.jpg\" data-link=\"https:\/\/www.weber-fag.de\/wordpress\/?attachment_id=49864\" class=\"wp-image-49864\" srcset=\"https:\/\/www.weber-fag.de\/wordpress\/wp-content\/uploads\/2021\/05\/2105_FAG-Essen_0205.jpg 920w, https:\/\/www.weber-fag.de\/wordpress\/wp-content\/uploads\/2021\/05\/2105_FAG-Essen_0205-300x200.jpg 300w, https:\/\/www.weber-fag.de\/wordpress\/wp-content\/uploads\/2021\/05\/2105_FAG-Essen_0205-768x512.jpg 768w\" sizes=\"auto, (max-width: 920px) 100vw, 920px\" \/><figcaption class=\"blocks-gallery-item__caption\">Nemanja Zelenovic<\/figcaption><\/figure><\/li><li class=\"blocks-gallery-item\"><figure><img loading=\"lazy\" decoding=\"async\" width=\"920\" height=\"613\" src=\"https:\/\/www.weber-fag.de\/wordpress\/wp-content\/uploads\/2021\/05\/2105_FAG-Essen_0206.jpg\" alt=\"\" data-id=\"49865\" data-full-url=\"https:\/\/www.weber-fag.de\/wordpress\/wp-content\/uploads\/2021\/05\/2105_FAG-Essen_0206.jpg\" data-link=\"https:\/\/www.weber-fag.de\/wordpress\/?attachment_id=49865\" class=\"wp-image-49865\" srcset=\"https:\/\/www.weber-fag.de\/wordpress\/wp-content\/uploads\/2021\/05\/2105_FAG-Essen_0206.jpg 920w, https:\/\/www.weber-fag.de\/wordpress\/wp-content\/uploads\/2021\/05\/2105_FAG-Essen_0206-300x200.jpg 300w, https:\/\/www.weber-fag.de\/wordpress\/wp-content\/uploads\/2021\/05\/2105_FAG-Essen_0206-768x512.jpg 768w\" sizes=\"auto, (max-width: 920px) 100vw, 920px\" \/><figcaption class=\"blocks-gallery-item__caption\">Tim Kneule<\/figcaption><\/figure><\/li><li class=\"blocks-gallery-item\"><figure><img loading=\"lazy\" decoding=\"async\" width=\"920\" height=\"613\" src=\"https:\/\/www.weber-fag.de\/wordpress\/wp-content\/uploads\/2021\/05\/2105_FAG-Essen_0207.jpg\" alt=\"\" data-id=\"49866\" data-full-url=\"https:\/\/www.weber-fag.de\/wordpress\/wp-content\/uploads\/2021\/05\/2105_FAG-Essen_0207.jpg\" data-link=\"https:\/\/www.weber-fag.de\/wordpress\/?attachment_id=49866\" class=\"wp-image-49866\" srcset=\"https:\/\/www.weber-fag.de\/wordpress\/wp-content\/uploads\/2021\/05\/2105_FAG-Essen_0207.jpg 920w, https:\/\/www.weber-fag.de\/wordpress\/wp-content\/uploads\/2021\/05\/2105_FAG-Essen_0207-300x200.jpg 300w, https:\/\/www.weber-fag.de\/wordpress\/wp-content\/uploads\/2021\/05\/2105_FAG-Essen_0207-768x512.jpg 768w\" sizes=\"auto, (max-width: 920px) 100vw, 920px\" \/><figcaption class=\"blocks-gallery-item__caption\">Tim Kneule<\/figcaption><\/figure><\/li><li class=\"blocks-gallery-item\"><figure><img loading=\"lazy\" decoding=\"async\" width=\"920\" height=\"613\" src=\"https:\/\/www.weber-fag.de\/wordpress\/wp-content\/uploads\/2021\/05\/2105_FAG-Essen_0208.jpg\" alt=\"\" data-id=\"49867\" data-full-url=\"https:\/\/www.weber-fag.de\/wordpress\/wp-content\/uploads\/2021\/05\/2105_FAG-Essen_0208.jpg\" data-link=\"https:\/\/www.weber-fag.de\/wordpress\/?attachment_id=49867\" class=\"wp-image-49867\" srcset=\"https:\/\/www.weber-fag.de\/wordpress\/wp-content\/uploads\/2021\/05\/2105_FAG-Essen_0208.jpg 920w, https:\/\/www.weber-fag.de\/wordpress\/wp-content\/uploads\/2021\/05\/2105_FAG-Essen_0208-300x200.jpg 300w, https:\/\/www.weber-fag.de\/wordpress\/wp-content\/uploads\/2021\/05\/2105_FAG-Essen_0208-768x512.jpg 768w\" sizes=\"auto, (max-width: 920px) 100vw, 920px\" \/><figcaption class=\"blocks-gallery-item__caption\">Tim Kneule<\/figcaption><\/figure><\/li><li class=\"blocks-gallery-item\"><figure><img loading=\"lazy\" decoding=\"async\" width=\"920\" height=\"613\" src=\"https:\/\/www.weber-fag.de\/wordpress\/wp-content\/uploads\/2021\/05\/2105_FAG-Essen_0209.jpg\" alt=\"\" data-id=\"49868\" data-full-url=\"https:\/\/www.weber-fag.de\/wordpress\/wp-content\/uploads\/2021\/05\/2105_FAG-Essen_0209.jpg\" data-link=\"https:\/\/www.weber-fag.de\/wordpress\/?attachment_id=49868\" class=\"wp-image-49868\" srcset=\"https:\/\/www.weber-fag.de\/wordpress\/wp-content\/uploads\/2021\/05\/2105_FAG-Essen_0209.jpg 920w, https:\/\/www.weber-fag.de\/wordpress\/wp-content\/uploads\/2021\/05\/2105_FAG-Essen_0209-300x200.jpg 300w, https:\/\/www.weber-fag.de\/wordpress\/wp-content\/uploads\/2021\/05\/2105_FAG-Essen_0209-768x512.jpg 768w\" sizes=\"auto, (max-width: 920px) 100vw, 920px\" \/><figcaption class=\"blocks-gallery-item__caption\">Marcel Schiller<\/figcaption><\/figure><\/li><li class=\"blocks-gallery-item\"><figure><img loading=\"lazy\" decoding=\"async\" width=\"920\" height=\"613\" src=\"https:\/\/www.weber-fag.de\/wordpress\/wp-content\/uploads\/2021\/05\/2105_FAG-Essen_0210.jpg\" alt=\"\" data-id=\"49869\" data-full-url=\"https:\/\/www.weber-fag.de\/wordpress\/wp-content\/uploads\/2021\/05\/2105_FAG-Essen_0210.jpg\" data-link=\"https:\/\/www.weber-fag.de\/wordpress\/?attachment_id=49869\" class=\"wp-image-49869\" srcset=\"https:\/\/www.weber-fag.de\/wordpress\/wp-content\/uploads\/2021\/05\/2105_FAG-Essen_0210.jpg 920w, https:\/\/www.weber-fag.de\/wordpress\/wp-content\/uploads\/2021\/05\/2105_FAG-Essen_0210-300x200.jpg 300w, https:\/\/www.weber-fag.de\/wordpress\/wp-content\/uploads\/2021\/05\/2105_FAG-Essen_0210-768x512.jpg 768w\" sizes=\"auto, (max-width: 920px) 100vw, 920px\" \/><figcaption class=\"blocks-gallery-item__caption\">Urh Kastelic<\/figcaption><\/figure><\/li><li class=\"blocks-gallery-item\"><figure><img loading=\"lazy\" decoding=\"async\" width=\"920\" height=\"613\" src=\"https:\/\/www.weber-fag.de\/wordpress\/wp-content\/uploads\/2021\/05\/2105_FAG-Essen_0211.jpg\" alt=\"\" data-id=\"49870\" data-full-url=\"https:\/\/www.weber-fag.de\/wordpress\/wp-content\/uploads\/2021\/05\/2105_FAG-Essen_0211.jpg\" data-link=\"https:\/\/www.weber-fag.de\/wordpress\/?attachment_id=49870\" class=\"wp-image-49870\" srcset=\"https:\/\/www.weber-fag.de\/wordpress\/wp-content\/uploads\/2021\/05\/2105_FAG-Essen_0211.jpg 920w, https:\/\/www.weber-fag.de\/wordpress\/wp-content\/uploads\/2021\/05\/2105_FAG-Essen_0211-300x200.jpg 300w, https:\/\/www.weber-fag.de\/wordpress\/wp-content\/uploads\/2021\/05\/2105_FAG-Essen_0211-768x512.jpg 768w\" sizes=\"auto, (max-width: 920px) 100vw, 920px\" \/><figcaption class=\"blocks-gallery-item__caption\">Tim Kneule<\/figcaption><\/figure><\/li><li class=\"blocks-gallery-item\"><figure><img loading=\"lazy\" decoding=\"async\" width=\"920\" height=\"613\" src=\"https:\/\/www.weber-fag.de\/wordpress\/wp-content\/uploads\/2021\/05\/2105_FAG-Essen_0212.jpg\" alt=\"\" data-id=\"49871\" data-full-url=\"https:\/\/www.weber-fag.de\/wordpress\/wp-content\/uploads\/2021\/05\/2105_FAG-Essen_0212.jpg\" data-link=\"https:\/\/www.weber-fag.de\/wordpress\/?attachment_id=49871\" class=\"wp-image-49871\" srcset=\"https:\/\/www.weber-fag.de\/wordpress\/wp-content\/uploads\/2021\/05\/2105_FAG-Essen_0212.jpg 920w, https:\/\/www.weber-fag.de\/wordpress\/wp-content\/uploads\/2021\/05\/2105_FAG-Essen_0212-300x200.jpg 300w, https:\/\/www.weber-fag.de\/wordpress\/wp-content\/uploads\/2021\/05\/2105_FAG-Essen_0212-768x512.jpg 768w\" sizes=\"auto, (max-width: 920px) 100vw, 920px\" \/><figcaption class=\"blocks-gallery-item__caption\">Sebastian Heymann<\/figcaption><\/figure><\/li><li class=\"blocks-gallery-item\"><figure><img loading=\"lazy\" decoding=\"async\" width=\"920\" height=\"613\" src=\"https:\/\/www.weber-fag.de\/wordpress\/wp-content\/uploads\/2021\/05\/2105_FAG-Essen_0213.jpg\" alt=\"\" data-id=\"49872\" data-full-url=\"https:\/\/www.weber-fag.de\/wordpress\/wp-content\/uploads\/2021\/05\/2105_FAG-Essen_0213.jpg\" data-link=\"https:\/\/www.weber-fag.de\/wordpress\/?attachment_id=49872\" class=\"wp-image-49872\" srcset=\"https:\/\/www.weber-fag.de\/wordpress\/wp-content\/uploads\/2021\/05\/2105_FAG-Essen_0213.jpg 920w, https:\/\/www.weber-fag.de\/wordpress\/wp-content\/uploads\/2021\/05\/2105_FAG-Essen_0213-300x200.jpg 300w, https:\/\/www.weber-fag.de\/wordpress\/wp-content\/uploads\/2021\/05\/2105_FAG-Essen_0213-768x512.jpg 768w\" sizes=\"auto, (max-width: 920px) 100vw, 920px\" \/><figcaption class=\"blocks-gallery-item__caption\">Kresimir Kozina<\/figcaption><\/figure><\/li><li class=\"blocks-gallery-item\"><figure><img loading=\"lazy\" decoding=\"async\" width=\"920\" height=\"613\" src=\"https:\/\/www.weber-fag.de\/wordpress\/wp-content\/uploads\/2021\/05\/2105_FAG-Essen_0214.jpg\" alt=\"\" data-id=\"49873\" data-full-url=\"https:\/\/www.weber-fag.de\/wordpress\/wp-content\/uploads\/2021\/05\/2105_FAG-Essen_0214.jpg\" data-link=\"https:\/\/www.weber-fag.de\/wordpress\/?attachment_id=49873\" class=\"wp-image-49873\" srcset=\"https:\/\/www.weber-fag.de\/wordpress\/wp-content\/uploads\/2021\/05\/2105_FAG-Essen_0214.jpg 920w, https:\/\/www.weber-fag.de\/wordpress\/wp-content\/uploads\/2021\/05\/2105_FAG-Essen_0214-300x200.jpg 300w, https:\/\/www.weber-fag.de\/wordpress\/wp-content\/uploads\/2021\/05\/2105_FAG-Essen_0214-768x512.jpg 768w\" sizes=\"auto, (max-width: 920px) 100vw, 920px\" \/><figcaption class=\"blocks-gallery-item__caption\">Tobias Ellebaek<\/figcaption><\/figure><\/li><li class=\"blocks-gallery-item\"><figure><img loading=\"lazy\" decoding=\"async\" width=\"920\" height=\"613\" src=\"https:\/\/www.weber-fag.de\/wordpress\/wp-content\/uploads\/2021\/05\/2105_FAG-Essen_0215.jpg\" alt=\"\" data-id=\"49874\" data-full-url=\"https:\/\/www.weber-fag.de\/wordpress\/wp-content\/uploads\/2021\/05\/2105_FAG-Essen_0215.jpg\" data-link=\"https:\/\/www.weber-fag.de\/wordpress\/?attachment_id=49874\" class=\"wp-image-49874\" srcset=\"https:\/\/www.weber-fag.de\/wordpress\/wp-content\/uploads\/2021\/05\/2105_FAG-Essen_0215.jpg 920w, https:\/\/www.weber-fag.de\/wordpress\/wp-content\/uploads\/2021\/05\/2105_FAG-Essen_0215-300x200.jpg 300w, https:\/\/www.weber-fag.de\/wordpress\/wp-content\/uploads\/2021\/05\/2105_FAG-Essen_0215-768x512.jpg 768w\" sizes=\"auto, (max-width: 920px) 100vw, 920px\" \/><figcaption class=\"blocks-gallery-item__caption\">Nemanja Zelenovic<\/figcaption><\/figure><\/li><li class=\"blocks-gallery-item\"><figure><img loading=\"lazy\" decoding=\"async\" width=\"920\" height=\"613\" src=\"https:\/\/www.weber-fag.de\/wordpress\/wp-content\/uploads\/2021\/05\/2105_FAG-Essen_0216.jpg\" alt=\"\" data-id=\"49875\" data-full-url=\"https:\/\/www.weber-fag.de\/wordpress\/wp-content\/uploads\/2021\/05\/2105_FAG-Essen_0216.jpg\" data-link=\"https:\/\/www.weber-fag.de\/wordpress\/?attachment_id=49875\" class=\"wp-image-49875\" srcset=\"https:\/\/www.weber-fag.de\/wordpress\/wp-content\/uploads\/2021\/05\/2105_FAG-Essen_0216.jpg 920w, https:\/\/www.weber-fag.de\/wordpress\/wp-content\/uploads\/2021\/05\/2105_FAG-Essen_0216-300x200.jpg 300w, https:\/\/www.weber-fag.de\/wordpress\/wp-content\/uploads\/2021\/05\/2105_FAG-Essen_0216-768x512.jpg 768w\" sizes=\"auto, (max-width: 920px) 100vw, 920px\" \/><figcaption class=\"blocks-gallery-item__caption\">Nemanja Zelenovic<\/figcaption><\/figure><\/li><li class=\"blocks-gallery-item\"><figure><img loading=\"lazy\" decoding=\"async\" width=\"920\" height=\"613\" src=\"https:\/\/www.weber-fag.de\/wordpress\/wp-content\/uploads\/2021\/05\/2105_FAG-Essen_0217.jpg\" alt=\"\" data-id=\"49876\" data-full-url=\"https:\/\/www.weber-fag.de\/wordpress\/wp-content\/uploads\/2021\/05\/2105_FAG-Essen_0217.jpg\" data-link=\"https:\/\/www.weber-fag.de\/wordpress\/?attachment_id=49876\" class=\"wp-image-49876\" srcset=\"https:\/\/www.weber-fag.de\/wordpress\/wp-content\/uploads\/2021\/05\/2105_FAG-Essen_0217.jpg 920w, https:\/\/www.weber-fag.de\/wordpress\/wp-content\/uploads\/2021\/05\/2105_FAG-Essen_0217-300x200.jpg 300w, https:\/\/www.weber-fag.de\/wordpress\/wp-content\/uploads\/2021\/05\/2105_FAG-Essen_0217-768x512.jpg 768w\" sizes=\"auto, (max-width: 920px) 100vw, 920px\" \/><figcaption class=\"blocks-gallery-item__caption\">Nemanja Zelenovic<\/figcaption><\/figure><\/li><li class=\"blocks-gallery-item\"><figure><img loading=\"lazy\" decoding=\"async\" width=\"920\" height=\"613\" src=\"https:\/\/www.weber-fag.de\/wordpress\/wp-content\/uploads\/2021\/05\/2105_FAG-Essen_0218.jpg\" alt=\"\" data-id=\"49877\" data-full-url=\"https:\/\/www.weber-fag.de\/wordpress\/wp-content\/uploads\/2021\/05\/2105_FAG-Essen_0218.jpg\" data-link=\"https:\/\/www.weber-fag.de\/wordpress\/?attachment_id=49877\" class=\"wp-image-49877\" srcset=\"https:\/\/www.weber-fag.de\/wordpress\/wp-content\/uploads\/2021\/05\/2105_FAG-Essen_0218.jpg 920w, https:\/\/www.weber-fag.de\/wordpress\/wp-content\/uploads\/2021\/05\/2105_FAG-Essen_0218-300x200.jpg 300w, https:\/\/www.weber-fag.de\/wordpress\/wp-content\/uploads\/2021\/05\/2105_FAG-Essen_0218-768x512.jpg 768w\" sizes=\"auto, (max-width: 920px) 100vw, 920px\" \/><\/figure><\/li><li class=\"blocks-gallery-item\"><figure><img loading=\"lazy\" decoding=\"async\" width=\"920\" height=\"613\" src=\"https:\/\/www.weber-fag.de\/wordpress\/wp-content\/uploads\/2021\/05\/2105_FAG-Essen_0219.jpg\" alt=\"\" data-id=\"49878\" data-full-url=\"https:\/\/www.weber-fag.de\/wordpress\/wp-content\/uploads\/2021\/05\/2105_FAG-Essen_0219.jpg\" data-link=\"https:\/\/www.weber-fag.de\/wordpress\/?attachment_id=49878\" class=\"wp-image-49878\" srcset=\"https:\/\/www.weber-fag.de\/wordpress\/wp-content\/uploads\/2021\/05\/2105_FAG-Essen_0219.jpg 920w, https:\/\/www.weber-fag.de\/wordpress\/wp-content\/uploads\/2021\/05\/2105_FAG-Essen_0219-300x200.jpg 300w, https:\/\/www.weber-fag.de\/wordpress\/wp-content\/uploads\/2021\/05\/2105_FAG-Essen_0219-768x512.jpg 768w\" sizes=\"auto, (max-width: 920px) 100vw, 920px\" \/><figcaption class=\"blocks-gallery-item__caption\">Tobias Ellebaek<\/figcaption><\/figure><\/li><li class=\"blocks-gallery-item\"><figure><img loading=\"lazy\" decoding=\"async\" width=\"920\" height=\"613\" src=\"https:\/\/www.weber-fag.de\/wordpress\/wp-content\/uploads\/2021\/05\/2105_FAG-Essen_0220.jpg\" alt=\"\" data-id=\"49879\" data-full-url=\"https:\/\/www.weber-fag.de\/wordpress\/wp-content\/uploads\/2021\/05\/2105_FAG-Essen_0220.jpg\" data-link=\"https:\/\/www.weber-fag.de\/wordpress\/?attachment_id=49879\" class=\"wp-image-49879\" srcset=\"https:\/\/www.weber-fag.de\/wordpress\/wp-content\/uploads\/2021\/05\/2105_FAG-Essen_0220.jpg 920w, https:\/\/www.weber-fag.de\/wordpress\/wp-content\/uploads\/2021\/05\/2105_FAG-Essen_0220-300x200.jpg 300w, https:\/\/www.weber-fag.de\/wordpress\/wp-content\/uploads\/2021\/05\/2105_FAG-Essen_0220-768x512.jpg 768w\" sizes=\"auto, (max-width: 920px) 100vw, 920px\" \/><figcaption class=\"blocks-gallery-item__caption\">Tobias Ellebaek<\/figcaption><\/figure><\/li><li class=\"blocks-gallery-item\"><figure><img loading=\"lazy\" decoding=\"async\" width=\"920\" height=\"613\" src=\"https:\/\/www.weber-fag.de\/wordpress\/wp-content\/uploads\/2021\/05\/2105_FAG-Essen_0221.jpg\" alt=\"\" data-id=\"49880\" data-full-url=\"https:\/\/www.weber-fag.de\/wordpress\/wp-content\/uploads\/2021\/05\/2105_FAG-Essen_0221.jpg\" data-link=\"https:\/\/www.weber-fag.de\/wordpress\/?attachment_id=49880\" class=\"wp-image-49880\" srcset=\"https:\/\/www.weber-fag.de\/wordpress\/wp-content\/uploads\/2021\/05\/2105_FAG-Essen_0221.jpg 920w, https:\/\/www.weber-fag.de\/wordpress\/wp-content\/uploads\/2021\/05\/2105_FAG-Essen_0221-300x200.jpg 300w, https:\/\/www.weber-fag.de\/wordpress\/wp-content\/uploads\/2021\/05\/2105_FAG-Essen_0221-768x512.jpg 768w\" sizes=\"auto, (max-width: 920px) 100vw, 920px\" \/><figcaption class=\"blocks-gallery-item__caption\">Nemanja Zelenovic<\/figcaption><\/figure><\/li><li class=\"blocks-gallery-item\"><figure><img loading=\"lazy\" decoding=\"async\" width=\"920\" height=\"613\" src=\"https:\/\/www.weber-fag.de\/wordpress\/wp-content\/uploads\/2021\/05\/2105_FAG-Essen_0222.jpg\" alt=\"\" data-id=\"49881\" data-full-url=\"https:\/\/www.weber-fag.de\/wordpress\/wp-content\/uploads\/2021\/05\/2105_FAG-Essen_0222.jpg\" data-link=\"https:\/\/www.weber-fag.de\/wordpress\/?attachment_id=49881\" class=\"wp-image-49881\" srcset=\"https:\/\/www.weber-fag.de\/wordpress\/wp-content\/uploads\/2021\/05\/2105_FAG-Essen_0222.jpg 920w, https:\/\/www.weber-fag.de\/wordpress\/wp-content\/uploads\/2021\/05\/2105_FAG-Essen_0222-300x200.jpg 300w, https:\/\/www.weber-fag.de\/wordpress\/wp-content\/uploads\/2021\/05\/2105_FAG-Essen_0222-768x512.jpg 768w\" sizes=\"auto, (max-width: 920px) 100vw, 920px\" \/><figcaption class=\"blocks-gallery-item__caption\">Tim Kneule<\/figcaption><\/figure><\/li><li class=\"blocks-gallery-item\"><figure><img loading=\"lazy\" decoding=\"async\" width=\"920\" height=\"613\" src=\"https:\/\/www.weber-fag.de\/wordpress\/wp-content\/uploads\/2021\/05\/2105_FAG-Essen_0223.jpg\" alt=\"\" data-id=\"49882\" data-full-url=\"https:\/\/www.weber-fag.de\/wordpress\/wp-content\/uploads\/2021\/05\/2105_FAG-Essen_0223.jpg\" data-link=\"https:\/\/www.weber-fag.de\/wordpress\/?attachment_id=49882\" class=\"wp-image-49882\" srcset=\"https:\/\/www.weber-fag.de\/wordpress\/wp-content\/uploads\/2021\/05\/2105_FAG-Essen_0223.jpg 920w, https:\/\/www.weber-fag.de\/wordpress\/wp-content\/uploads\/2021\/05\/2105_FAG-Essen_0223-300x200.jpg 300w, https:\/\/www.weber-fag.de\/wordpress\/wp-content\/uploads\/2021\/05\/2105_FAG-Essen_0223-768x512.jpg 768w\" sizes=\"auto, (max-width: 920px) 100vw, 920px\" \/><figcaption class=\"blocks-gallery-item__caption\">Tim Kneule<\/figcaption><\/figure><\/li><li class=\"blocks-gallery-item\"><figure><img loading=\"lazy\" decoding=\"async\" width=\"920\" height=\"613\" src=\"https:\/\/www.weber-fag.de\/wordpress\/wp-content\/uploads\/2021\/05\/2105_FAG-Essen_0224.jpg\" alt=\"\" data-id=\"49883\" data-full-url=\"https:\/\/www.weber-fag.de\/wordpress\/wp-content\/uploads\/2021\/05\/2105_FAG-Essen_0224.jpg\" data-link=\"https:\/\/www.weber-fag.de\/wordpress\/?attachment_id=49883\" class=\"wp-image-49883\" srcset=\"https:\/\/www.weber-fag.de\/wordpress\/wp-content\/uploads\/2021\/05\/2105_FAG-Essen_0224.jpg 920w, https:\/\/www.weber-fag.de\/wordpress\/wp-content\/uploads\/2021\/05\/2105_FAG-Essen_0224-300x200.jpg 300w, https:\/\/www.weber-fag.de\/wordpress\/wp-content\/uploads\/2021\/05\/2105_FAG-Essen_0224-768x512.jpg 768w\" sizes=\"auto, (max-width: 920px) 100vw, 920px\" \/><figcaption class=\"blocks-gallery-item__caption\">Tim Kneule<\/figcaption><\/figure><\/li><li class=\"blocks-gallery-item\"><figure><img loading=\"lazy\" decoding=\"async\" width=\"920\" height=\"613\" src=\"https:\/\/www.weber-fag.de\/wordpress\/wp-content\/uploads\/2021\/05\/2105_FAG-Essen_0225.jpg\" alt=\"\" data-id=\"49884\" data-full-url=\"https:\/\/www.weber-fag.de\/wordpress\/wp-content\/uploads\/2021\/05\/2105_FAG-Essen_0225.jpg\" data-link=\"https:\/\/www.weber-fag.de\/wordpress\/?attachment_id=49884\" class=\"wp-image-49884\" srcset=\"https:\/\/www.weber-fag.de\/wordpress\/wp-content\/uploads\/2021\/05\/2105_FAG-Essen_0225.jpg 920w, https:\/\/www.weber-fag.de\/wordpress\/wp-content\/uploads\/2021\/05\/2105_FAG-Essen_0225-300x200.jpg 300w, https:\/\/www.weber-fag.de\/wordpress\/wp-content\/uploads\/2021\/05\/2105_FAG-Essen_0225-768x512.jpg 768w\" sizes=\"auto, (max-width: 920px) 100vw, 920px\" \/><\/figure><\/li><li class=\"blocks-gallery-item\"><figure><img loading=\"lazy\" decoding=\"async\" width=\"920\" height=\"613\" src=\"https:\/\/www.weber-fag.de\/wordpress\/wp-content\/uploads\/2021\/05\/2105_FAG-Essen_0226.jpg\" alt=\"\" data-id=\"49885\" data-full-url=\"https:\/\/www.weber-fag.de\/wordpress\/wp-content\/uploads\/2021\/05\/2105_FAG-Essen_0226.jpg\" data-link=\"https:\/\/www.weber-fag.de\/wordpress\/?attachment_id=49885\" class=\"wp-image-49885\" srcset=\"https:\/\/www.weber-fag.de\/wordpress\/wp-content\/uploads\/2021\/05\/2105_FAG-Essen_0226.jpg 920w, https:\/\/www.weber-fag.de\/wordpress\/wp-content\/uploads\/2021\/05\/2105_FAG-Essen_0226-300x200.jpg 300w, https:\/\/www.weber-fag.de\/wordpress\/wp-content\/uploads\/2021\/05\/2105_FAG-Essen_0226-768x512.jpg 768w\" sizes=\"auto, (max-width: 920px) 100vw, 920px\" \/><figcaption class=\"blocks-gallery-item__caption\">Nemanja Zelenovic<\/figcaption><\/figure><\/li><li class=\"blocks-gallery-item\"><figure><img loading=\"lazy\" decoding=\"async\" width=\"920\" height=\"613\" src=\"https:\/\/www.weber-fag.de\/wordpress\/wp-content\/uploads\/2021\/05\/2105_FAG-Essen_0227.jpg\" alt=\"\" data-id=\"49886\" data-full-url=\"https:\/\/www.weber-fag.de\/wordpress\/wp-content\/uploads\/2021\/05\/2105_FAG-Essen_0227.jpg\" data-link=\"https:\/\/www.weber-fag.de\/wordpress\/?attachment_id=49886\" class=\"wp-image-49886\" srcset=\"https:\/\/www.weber-fag.de\/wordpress\/wp-content\/uploads\/2021\/05\/2105_FAG-Essen_0227.jpg 920w, https:\/\/www.weber-fag.de\/wordpress\/wp-content\/uploads\/2021\/05\/2105_FAG-Essen_0227-300x200.jpg 300w, https:\/\/www.weber-fag.de\/wordpress\/wp-content\/uploads\/2021\/05\/2105_FAG-Essen_0227-768x512.jpg 768w\" sizes=\"auto, (max-width: 920px) 100vw, 920px\" \/><figcaption class=\"blocks-gallery-item__caption\">Nemanja Zelenovic<\/figcaption><\/figure><\/li><li class=\"blocks-gallery-item\"><figure><img loading=\"lazy\" decoding=\"async\" width=\"920\" height=\"613\" src=\"https:\/\/www.weber-fag.de\/wordpress\/wp-content\/uploads\/2021\/05\/2105_FAG-Essen_0228.jpg\" alt=\"\" data-id=\"49887\" data-full-url=\"https:\/\/www.weber-fag.de\/wordpress\/wp-content\/uploads\/2021\/05\/2105_FAG-Essen_0228.jpg\" data-link=\"https:\/\/www.weber-fag.de\/wordpress\/?attachment_id=49887\" class=\"wp-image-49887\" srcset=\"https:\/\/www.weber-fag.de\/wordpress\/wp-content\/uploads\/2021\/05\/2105_FAG-Essen_0228.jpg 920w, https:\/\/www.weber-fag.de\/wordpress\/wp-content\/uploads\/2021\/05\/2105_FAG-Essen_0228-300x200.jpg 300w, https:\/\/www.weber-fag.de\/wordpress\/wp-content\/uploads\/2021\/05\/2105_FAG-Essen_0228-768x512.jpg 768w\" sizes=\"auto, (max-width: 920px) 100vw, 920px\" \/><figcaption class=\"blocks-gallery-item__caption\">Daniel Rebmann<\/figcaption><\/figure><\/li><li class=\"blocks-gallery-item\"><figure><img loading=\"lazy\" decoding=\"async\" width=\"920\" height=\"613\" src=\"https:\/\/www.weber-fag.de\/wordpress\/wp-content\/uploads\/2021\/05\/2105_FAG-Essen_0229.jpg\" alt=\"\" data-id=\"49888\" data-full-url=\"https:\/\/www.weber-fag.de\/wordpress\/wp-content\/uploads\/2021\/05\/2105_FAG-Essen_0229.jpg\" data-link=\"https:\/\/www.weber-fag.de\/wordpress\/?attachment_id=49888\" class=\"wp-image-49888\" srcset=\"https:\/\/www.weber-fag.de\/wordpress\/wp-content\/uploads\/2021\/05\/2105_FAG-Essen_0229.jpg 920w, https:\/\/www.weber-fag.de\/wordpress\/wp-content\/uploads\/2021\/05\/2105_FAG-Essen_0229-300x200.jpg 300w, https:\/\/www.weber-fag.de\/wordpress\/wp-content\/uploads\/2021\/05\/2105_FAG-Essen_0229-768x512.jpg 768w\" sizes=\"auto, (max-width: 920px) 100vw, 920px\" \/><figcaption class=\"blocks-gallery-item__caption\">Tobias Ellebaek<\/figcaption><\/figure><\/li><li class=\"blocks-gallery-item\"><figure><img loading=\"lazy\" decoding=\"async\" width=\"920\" height=\"613\" src=\"https:\/\/www.weber-fag.de\/wordpress\/wp-content\/uploads\/2021\/05\/2105_FAG-Essen_0230.jpg\" alt=\"\" data-id=\"49889\" data-full-url=\"https:\/\/www.weber-fag.de\/wordpress\/wp-content\/uploads\/2021\/05\/2105_FAG-Essen_0230.jpg\" data-link=\"https:\/\/www.weber-fag.de\/wordpress\/?attachment_id=49889\" class=\"wp-image-49889\" srcset=\"https:\/\/www.weber-fag.de\/wordpress\/wp-content\/uploads\/2021\/05\/2105_FAG-Essen_0230.jpg 920w, https:\/\/www.weber-fag.de\/wordpress\/wp-content\/uploads\/2021\/05\/2105_FAG-Essen_0230-300x200.jpg 300w, https:\/\/www.weber-fag.de\/wordpress\/wp-content\/uploads\/2021\/05\/2105_FAG-Essen_0230-768x512.jpg 768w\" sizes=\"auto, (max-width: 920px) 100vw, 920px\" \/><\/figure><\/li><li class=\"blocks-gallery-item\"><figure><img loading=\"lazy\" decoding=\"async\" width=\"920\" height=\"613\" src=\"https:\/\/www.weber-fag.de\/wordpress\/wp-content\/uploads\/2021\/05\/2105_FAG-Essen_0231.jpg\" alt=\"\" data-id=\"49890\" data-full-url=\"https:\/\/www.weber-fag.de\/wordpress\/wp-content\/uploads\/2021\/05\/2105_FAG-Essen_0231.jpg\" data-link=\"https:\/\/www.weber-fag.de\/wordpress\/?attachment_id=49890\" class=\"wp-image-49890\" srcset=\"https:\/\/www.weber-fag.de\/wordpress\/wp-content\/uploads\/2021\/05\/2105_FAG-Essen_0231.jpg 920w, https:\/\/www.weber-fag.de\/wordpress\/wp-content\/uploads\/2021\/05\/2105_FAG-Essen_0231-300x200.jpg 300w, https:\/\/www.weber-fag.de\/wordpress\/wp-content\/uploads\/2021\/05\/2105_FAG-Essen_0231-768x512.jpg 768w\" sizes=\"auto, (max-width: 920px) 100vw, 920px\" \/><figcaption class=\"blocks-gallery-item__caption\">Gunnar Steinn Jonsson<\/figcaption><\/figure><\/li><li class=\"blocks-gallery-item\"><figure><img loading=\"lazy\" decoding=\"async\" width=\"920\" height=\"613\" src=\"https:\/\/www.weber-fag.de\/wordpress\/wp-content\/uploads\/2021\/05\/2105_FAG-Essen_0232.jpg\" alt=\"\" data-id=\"49891\" data-full-url=\"https:\/\/www.weber-fag.de\/wordpress\/wp-content\/uploads\/2021\/05\/2105_FAG-Essen_0232.jpg\" data-link=\"https:\/\/www.weber-fag.de\/wordpress\/?attachment_id=49891\" class=\"wp-image-49891\" srcset=\"https:\/\/www.weber-fag.de\/wordpress\/wp-content\/uploads\/2021\/05\/2105_FAG-Essen_0232.jpg 920w, https:\/\/www.weber-fag.de\/wordpress\/wp-content\/uploads\/2021\/05\/2105_FAG-Essen_0232-300x200.jpg 300w, https:\/\/www.weber-fag.de\/wordpress\/wp-content\/uploads\/2021\/05\/2105_FAG-Essen_0232-768x512.jpg 768w\" sizes=\"auto, (max-width: 920px) 100vw, 920px\" \/><figcaption class=\"blocks-gallery-item__caption\">Tobias Ellebaek<\/figcaption><\/figure><\/li><li class=\"blocks-gallery-item\"><figure><img loading=\"lazy\" decoding=\"async\" width=\"920\" height=\"613\" src=\"https:\/\/www.weber-fag.de\/wordpress\/wp-content\/uploads\/2021\/05\/2105_FAG-Essen_0233.jpg\" alt=\"\" data-id=\"49892\" data-full-url=\"https:\/\/www.weber-fag.de\/wordpress\/wp-content\/uploads\/2021\/05\/2105_FAG-Essen_0233.jpg\" data-link=\"https:\/\/www.weber-fag.de\/wordpress\/?attachment_id=49892\" class=\"wp-image-49892\" srcset=\"https:\/\/www.weber-fag.de\/wordpress\/wp-content\/uploads\/2021\/05\/2105_FAG-Essen_0233.jpg 920w, https:\/\/www.weber-fag.de\/wordpress\/wp-content\/uploads\/2021\/05\/2105_FAG-Essen_0233-300x200.jpg 300w, https:\/\/www.weber-fag.de\/wordpress\/wp-content\/uploads\/2021\/05\/2105_FAG-Essen_0233-768x512.jpg 768w\" sizes=\"auto, (max-width: 920px) 100vw, 920px\" \/><figcaption class=\"blocks-gallery-item__caption\">Gunnar Steinn Jonsson<\/figcaption><\/figure><\/li><li class=\"blocks-gallery-item\"><figure><img loading=\"lazy\" decoding=\"async\" width=\"920\" height=\"613\" src=\"https:\/\/www.weber-fag.de\/wordpress\/wp-content\/uploads\/2021\/05\/2105_FAG-Essen_0234.jpg\" alt=\"\" data-id=\"49893\" data-full-url=\"https:\/\/www.weber-fag.de\/wordpress\/wp-content\/uploads\/2021\/05\/2105_FAG-Essen_0234.jpg\" data-link=\"https:\/\/www.weber-fag.de\/wordpress\/?attachment_id=49893\" class=\"wp-image-49893\" srcset=\"https:\/\/www.weber-fag.de\/wordpress\/wp-content\/uploads\/2021\/05\/2105_FAG-Essen_0234.jpg 920w, https:\/\/www.weber-fag.de\/wordpress\/wp-content\/uploads\/2021\/05\/2105_FAG-Essen_0234-300x200.jpg 300w, https:\/\/www.weber-fag.de\/wordpress\/wp-content\/uploads\/2021\/05\/2105_FAG-Essen_0234-768x512.jpg 768w\" sizes=\"auto, (max-width: 920px) 100vw, 920px\" \/><figcaption class=\"blocks-gallery-item__caption\">Gunnar Steinn Jonsson<\/figcaption><\/figure><\/li><li class=\"blocks-gallery-item\"><figure><img loading=\"lazy\" decoding=\"async\" width=\"920\" height=\"613\" src=\"https:\/\/www.weber-fag.de\/wordpress\/wp-content\/uploads\/2021\/05\/2105_FAG-Essen_0235.jpg\" alt=\"\" data-id=\"49894\" data-full-url=\"https:\/\/www.weber-fag.de\/wordpress\/wp-content\/uploads\/2021\/05\/2105_FAG-Essen_0235.jpg\" data-link=\"https:\/\/www.weber-fag.de\/wordpress\/?attachment_id=49894\" class=\"wp-image-49894\" srcset=\"https:\/\/www.weber-fag.de\/wordpress\/wp-content\/uploads\/2021\/05\/2105_FAG-Essen_0235.jpg 920w, https:\/\/www.weber-fag.de\/wordpress\/wp-content\/uploads\/2021\/05\/2105_FAG-Essen_0235-300x200.jpg 300w, https:\/\/www.weber-fag.de\/wordpress\/wp-content\/uploads\/2021\/05\/2105_FAG-Essen_0235-768x512.jpg 768w\" sizes=\"auto, (max-width: 920px) 100vw, 920px\" \/><figcaption class=\"blocks-gallery-item__caption\">Gunnar Steinn Jonsson<\/figcaption><\/figure><\/li><li class=\"blocks-gallery-item\"><figure><img loading=\"lazy\" decoding=\"async\" width=\"920\" height=\"613\" src=\"https:\/\/www.weber-fag.de\/wordpress\/wp-content\/uploads\/2021\/05\/2105_FAG-Essen_0236.jpg\" alt=\"\" data-id=\"49895\" data-full-url=\"https:\/\/www.weber-fag.de\/wordpress\/wp-content\/uploads\/2021\/05\/2105_FAG-Essen_0236.jpg\" data-link=\"https:\/\/www.weber-fag.de\/wordpress\/?attachment_id=49895\" class=\"wp-image-49895\" srcset=\"https:\/\/www.weber-fag.de\/wordpress\/wp-content\/uploads\/2021\/05\/2105_FAG-Essen_0236.jpg 920w, https:\/\/www.weber-fag.de\/wordpress\/wp-content\/uploads\/2021\/05\/2105_FAG-Essen_0236-300x200.jpg 300w, https:\/\/www.weber-fag.de\/wordpress\/wp-content\/uploads\/2021\/05\/2105_FAG-Essen_0236-768x512.jpg 768w\" sizes=\"auto, (max-width: 920px) 100vw, 920px\" \/><figcaption class=\"blocks-gallery-item__caption\">Tobias Ellebaek<\/figcaption><\/figure><\/li><li class=\"blocks-gallery-item\"><figure><img loading=\"lazy\" decoding=\"async\" width=\"920\" height=\"613\" src=\"https:\/\/www.weber-fag.de\/wordpress\/wp-content\/uploads\/2021\/05\/2105_FAG-Essen_0237.jpg\" alt=\"\" data-id=\"49896\" data-full-url=\"https:\/\/www.weber-fag.de\/wordpress\/wp-content\/uploads\/2021\/05\/2105_FAG-Essen_0237.jpg\" data-link=\"https:\/\/www.weber-fag.de\/wordpress\/?attachment_id=49896\" class=\"wp-image-49896\" srcset=\"https:\/\/www.weber-fag.de\/wordpress\/wp-content\/uploads\/2021\/05\/2105_FAG-Essen_0237.jpg 920w, https:\/\/www.weber-fag.de\/wordpress\/wp-content\/uploads\/2021\/05\/2105_FAG-Essen_0237-300x200.jpg 300w, https:\/\/www.weber-fag.de\/wordpress\/wp-content\/uploads\/2021\/05\/2105_FAG-Essen_0237-768x512.jpg 768w\" sizes=\"auto, (max-width: 920px) 100vw, 920px\" \/><figcaption class=\"blocks-gallery-item__caption\">Tobias Ellebaek<\/figcaption><\/figure><\/li><li class=\"blocks-gallery-item\"><figure><img loading=\"lazy\" decoding=\"async\" width=\"920\" height=\"613\" src=\"https:\/\/www.weber-fag.de\/wordpress\/wp-content\/uploads\/2021\/05\/2105_FAG-Essen_0238.jpg\" alt=\"\" data-id=\"49897\" data-full-url=\"https:\/\/www.weber-fag.de\/wordpress\/wp-content\/uploads\/2021\/05\/2105_FAG-Essen_0238.jpg\" data-link=\"https:\/\/www.weber-fag.de\/wordpress\/?attachment_id=49897\" class=\"wp-image-49897\" srcset=\"https:\/\/www.weber-fag.de\/wordpress\/wp-content\/uploads\/2021\/05\/2105_FAG-Essen_0238.jpg 920w, https:\/\/www.weber-fag.de\/wordpress\/wp-content\/uploads\/2021\/05\/2105_FAG-Essen_0238-300x200.jpg 300w, https:\/\/www.weber-fag.de\/wordpress\/wp-content\/uploads\/2021\/05\/2105_FAG-Essen_0238-768x512.jpg 768w\" sizes=\"auto, (max-width: 920px) 100vw, 920px\" \/><figcaption class=\"blocks-gallery-item__caption\">Marcel Schiller<\/figcaption><\/figure><\/li><li class=\"blocks-gallery-item\"><figure><img loading=\"lazy\" decoding=\"async\" width=\"920\" height=\"613\" src=\"https:\/\/www.weber-fag.de\/wordpress\/wp-content\/uploads\/2021\/05\/2105_FAG-Essen_0239.jpg\" alt=\"\" data-id=\"49898\" data-full-url=\"https:\/\/www.weber-fag.de\/wordpress\/wp-content\/uploads\/2021\/05\/2105_FAG-Essen_0239.jpg\" data-link=\"https:\/\/www.weber-fag.de\/wordpress\/?attachment_id=49898\" class=\"wp-image-49898\" srcset=\"https:\/\/www.weber-fag.de\/wordpress\/wp-content\/uploads\/2021\/05\/2105_FAG-Essen_0239.jpg 920w, https:\/\/www.weber-fag.de\/wordpress\/wp-content\/uploads\/2021\/05\/2105_FAG-Essen_0239-300x200.jpg 300w, https:\/\/www.weber-fag.de\/wordpress\/wp-content\/uploads\/2021\/05\/2105_FAG-Essen_0239-768x512.jpg 768w\" sizes=\"auto, (max-width: 920px) 100vw, 920px\" \/><\/figure><\/li><li class=\"blocks-gallery-item\"><figure><img loading=\"lazy\" decoding=\"async\" width=\"920\" height=\"613\" src=\"https:\/\/www.weber-fag.de\/wordpress\/wp-content\/uploads\/2021\/05\/2105_FAG-Essen_0240.jpg\" alt=\"\" data-id=\"49899\" data-full-url=\"https:\/\/www.weber-fag.de\/wordpress\/wp-content\/uploads\/2021\/05\/2105_FAG-Essen_0240.jpg\" data-link=\"https:\/\/www.weber-fag.de\/wordpress\/?attachment_id=49899\" class=\"wp-image-49899\" srcset=\"https:\/\/www.weber-fag.de\/wordpress\/wp-content\/uploads\/2021\/05\/2105_FAG-Essen_0240.jpg 920w, https:\/\/www.weber-fag.de\/wordpress\/wp-content\/uploads\/2021\/05\/2105_FAG-Essen_0240-300x200.jpg 300w, https:\/\/www.weber-fag.de\/wordpress\/wp-content\/uploads\/2021\/05\/2105_FAG-Essen_0240-768x512.jpg 768w\" sizes=\"auto, (max-width: 920px) 100vw, 920px\" \/><figcaption class=\"blocks-gallery-item__caption\">Marcel Schiller<\/figcaption><\/figure><\/li><li class=\"blocks-gallery-item\"><figure><img loading=\"lazy\" decoding=\"async\" width=\"920\" height=\"613\" src=\"https:\/\/www.weber-fag.de\/wordpress\/wp-content\/uploads\/2021\/05\/2105_FAG-Essen_0241.jpg\" alt=\"\" data-id=\"49900\" data-full-url=\"https:\/\/www.weber-fag.de\/wordpress\/wp-content\/uploads\/2021\/05\/2105_FAG-Essen_0241.jpg\" data-link=\"https:\/\/www.weber-fag.de\/wordpress\/?attachment_id=49900\" class=\"wp-image-49900\" srcset=\"https:\/\/www.weber-fag.de\/wordpress\/wp-content\/uploads\/2021\/05\/2105_FAG-Essen_0241.jpg 920w, https:\/\/www.weber-fag.de\/wordpress\/wp-content\/uploads\/2021\/05\/2105_FAG-Essen_0241-300x200.jpg 300w, https:\/\/www.weber-fag.de\/wordpress\/wp-content\/uploads\/2021\/05\/2105_FAG-Essen_0241-768x512.jpg 768w\" sizes=\"auto, (max-width: 920px) 100vw, 920px\" \/><figcaption class=\"blocks-gallery-item__caption\">Nemanja Zelenovic<\/figcaption><\/figure><\/li><li class=\"blocks-gallery-item\"><figure><img loading=\"lazy\" decoding=\"async\" width=\"920\" height=\"613\" src=\"https:\/\/www.weber-fag.de\/wordpress\/wp-content\/uploads\/2021\/05\/2105_FAG-Essen_0242.jpg\" alt=\"\" data-id=\"49901\" data-full-url=\"https:\/\/www.weber-fag.de\/wordpress\/wp-content\/uploads\/2021\/05\/2105_FAG-Essen_0242.jpg\" data-link=\"https:\/\/www.weber-fag.de\/wordpress\/?attachment_id=49901\" class=\"wp-image-49901\" srcset=\"https:\/\/www.weber-fag.de\/wordpress\/wp-content\/uploads\/2021\/05\/2105_FAG-Essen_0242.jpg 920w, https:\/\/www.weber-fag.de\/wordpress\/wp-content\/uploads\/2021\/05\/2105_FAG-Essen_0242-300x200.jpg 300w, https:\/\/www.weber-fag.de\/wordpress\/wp-content\/uploads\/2021\/05\/2105_FAG-Essen_0242-768x512.jpg 768w\" sizes=\"auto, (max-width: 920px) 100vw, 920px\" \/><\/figure><\/li><li class=\"blocks-gallery-item\"><figure><img loading=\"lazy\" decoding=\"async\" width=\"920\" height=\"613\" src=\"https:\/\/www.weber-fag.de\/wordpress\/wp-content\/uploads\/2021\/05\/2105_FAG-Essen_0243.jpg\" alt=\"\" data-id=\"49902\" data-full-url=\"https:\/\/www.weber-fag.de\/wordpress\/wp-content\/uploads\/2021\/05\/2105_FAG-Essen_0243.jpg\" data-link=\"https:\/\/www.weber-fag.de\/wordpress\/?attachment_id=49902\" class=\"wp-image-49902\" srcset=\"https:\/\/www.weber-fag.de\/wordpress\/wp-content\/uploads\/2021\/05\/2105_FAG-Essen_0243.jpg 920w, https:\/\/www.weber-fag.de\/wordpress\/wp-content\/uploads\/2021\/05\/2105_FAG-Essen_0243-300x200.jpg 300w, https:\/\/www.weber-fag.de\/wordpress\/wp-content\/uploads\/2021\/05\/2105_FAG-Essen_0243-768x512.jpg 768w\" sizes=\"auto, (max-width: 920px) 100vw, 920px\" \/><figcaption class=\"blocks-gallery-item__caption\">Josip Bozic-Pavletic<\/figcaption><\/figure><\/li><li class=\"blocks-gallery-item\"><figure><img loading=\"lazy\" decoding=\"async\" width=\"920\" height=\"613\" src=\"https:\/\/www.weber-fag.de\/wordpress\/wp-content\/uploads\/2021\/05\/2105_FAG-Essen_0244.jpg\" alt=\"\" data-id=\"49903\" data-full-url=\"https:\/\/www.weber-fag.de\/wordpress\/wp-content\/uploads\/2021\/05\/2105_FAG-Essen_0244.jpg\" data-link=\"https:\/\/www.weber-fag.de\/wordpress\/?attachment_id=49903\" class=\"wp-image-49903\" srcset=\"https:\/\/www.weber-fag.de\/wordpress\/wp-content\/uploads\/2021\/05\/2105_FAG-Essen_0244.jpg 920w, https:\/\/www.weber-fag.de\/wordpress\/wp-content\/uploads\/2021\/05\/2105_FAG-Essen_0244-300x200.jpg 300w, https:\/\/www.weber-fag.de\/wordpress\/wp-content\/uploads\/2021\/05\/2105_FAG-Essen_0244-768x512.jpg 768w\" sizes=\"auto, (max-width: 920px) 100vw, 920px\" \/><figcaption class=\"blocks-gallery-item__caption\">Josip Bozic-Pavletic<\/figcaption><\/figure><\/li><li class=\"blocks-gallery-item\"><figure><img loading=\"lazy\" decoding=\"async\" width=\"920\" height=\"613\" src=\"https:\/\/www.weber-fag.de\/wordpress\/wp-content\/uploads\/2021\/05\/2105_FAG-Essen_0245.jpg\" alt=\"\" data-id=\"49904\" data-full-url=\"https:\/\/www.weber-fag.de\/wordpress\/wp-content\/uploads\/2021\/05\/2105_FAG-Essen_0245.jpg\" data-link=\"https:\/\/www.weber-fag.de\/wordpress\/?attachment_id=49904\" class=\"wp-image-49904\" srcset=\"https:\/\/www.weber-fag.de\/wordpress\/wp-content\/uploads\/2021\/05\/2105_FAG-Essen_0245.jpg 920w, https:\/\/www.weber-fag.de\/wordpress\/wp-content\/uploads\/2021\/05\/2105_FAG-Essen_0245-300x200.jpg 300w, https:\/\/www.weber-fag.de\/wordpress\/wp-content\/uploads\/2021\/05\/2105_FAG-Essen_0245-768x512.jpg 768w\" sizes=\"auto, (max-width: 920px) 100vw, 920px\" \/><\/figure><\/li><li class=\"blocks-gallery-item\"><figure><img loading=\"lazy\" decoding=\"async\" width=\"920\" height=\"613\" src=\"https:\/\/www.weber-fag.de\/wordpress\/wp-content\/uploads\/2021\/05\/2105_FAG-Essen_0246.jpg\" alt=\"\" data-id=\"49905\" data-full-url=\"https:\/\/www.weber-fag.de\/wordpress\/wp-content\/uploads\/2021\/05\/2105_FAG-Essen_0246.jpg\" data-link=\"https:\/\/www.weber-fag.de\/wordpress\/?attachment_id=49905\" class=\"wp-image-49905\" srcset=\"https:\/\/www.weber-fag.de\/wordpress\/wp-content\/uploads\/2021\/05\/2105_FAG-Essen_0246.jpg 920w, https:\/\/www.weber-fag.de\/wordpress\/wp-content\/uploads\/2021\/05\/2105_FAG-Essen_0246-300x200.jpg 300w, https:\/\/www.weber-fag.de\/wordpress\/wp-content\/uploads\/2021\/05\/2105_FAG-Essen_0246-768x512.jpg 768w\" sizes=\"auto, (max-width: 920px) 100vw, 920px\" \/><\/figure><\/li><li class=\"blocks-gallery-item\"><figure><img loading=\"lazy\" decoding=\"async\" width=\"920\" height=\"613\" src=\"https:\/\/www.weber-fag.de\/wordpress\/wp-content\/uploads\/2021\/05\/2105_FAG-Essen_0247.jpg\" alt=\"\" data-id=\"49906\" data-full-url=\"https:\/\/www.weber-fag.de\/wordpress\/wp-content\/uploads\/2021\/05\/2105_FAG-Essen_0247.jpg\" data-link=\"https:\/\/www.weber-fag.de\/wordpress\/?attachment_id=49906\" class=\"wp-image-49906\" srcset=\"https:\/\/www.weber-fag.de\/wordpress\/wp-content\/uploads\/2021\/05\/2105_FAG-Essen_0247.jpg 920w, https:\/\/www.weber-fag.de\/wordpress\/wp-content\/uploads\/2021\/05\/2105_FAG-Essen_0247-300x200.jpg 300w, https:\/\/www.weber-fag.de\/wordpress\/wp-content\/uploads\/2021\/05\/2105_FAG-Essen_0247-768x512.jpg 768w\" sizes=\"auto, (max-width: 920px) 100vw, 920px\" \/><\/figure><\/li><li class=\"blocks-gallery-item\"><figure><img loading=\"lazy\" decoding=\"async\" width=\"920\" height=\"613\" src=\"https:\/\/www.weber-fag.de\/wordpress\/wp-content\/uploads\/2021\/05\/2105_FAG-Essen_0248.jpg\" alt=\"\" data-id=\"49907\" data-full-url=\"https:\/\/www.weber-fag.de\/wordpress\/wp-content\/uploads\/2021\/05\/2105_FAG-Essen_0248.jpg\" data-link=\"https:\/\/www.weber-fag.de\/wordpress\/?attachment_id=49907\" class=\"wp-image-49907\" srcset=\"https:\/\/www.weber-fag.de\/wordpress\/wp-content\/uploads\/2021\/05\/2105_FAG-Essen_0248.jpg 920w, https:\/\/www.weber-fag.de\/wordpress\/wp-content\/uploads\/2021\/05\/2105_FAG-Essen_0248-300x200.jpg 300w, https:\/\/www.weber-fag.de\/wordpress\/wp-content\/uploads\/2021\/05\/2105_FAG-Essen_0248-768x512.jpg 768w\" sizes=\"auto, (max-width: 920px) 100vw, 920px\" \/><figcaption class=\"blocks-gallery-item__caption\">Tobias Ellebaek<\/figcaption><\/figure><\/li><li class=\"blocks-gallery-item\"><figure><img loading=\"lazy\" decoding=\"async\" width=\"920\" height=\"613\" src=\"https:\/\/www.weber-fag.de\/wordpress\/wp-content\/uploads\/2021\/05\/2105_FAG-Essen_0249.jpg\" alt=\"\" data-id=\"49908\" data-full-url=\"https:\/\/www.weber-fag.de\/wordpress\/wp-content\/uploads\/2021\/05\/2105_FAG-Essen_0249.jpg\" data-link=\"https:\/\/www.weber-fag.de\/wordpress\/?attachment_id=49908\" class=\"wp-image-49908\" srcset=\"https:\/\/www.weber-fag.de\/wordpress\/wp-content\/uploads\/2021\/05\/2105_FAG-Essen_0249.jpg 920w, https:\/\/www.weber-fag.de\/wordpress\/wp-content\/uploads\/2021\/05\/2105_FAG-Essen_0249-300x200.jpg 300w, https:\/\/www.weber-fag.de\/wordpress\/wp-content\/uploads\/2021\/05\/2105_FAG-Essen_0249-768x512.jpg 768w\" sizes=\"auto, (max-width: 920px) 100vw, 920px\" \/><figcaption class=\"blocks-gallery-item__caption\">Tim Kneule<\/figcaption><\/figure><\/li><li class=\"blocks-gallery-item\"><figure><img loading=\"lazy\" decoding=\"async\" width=\"920\" height=\"613\" src=\"https:\/\/www.weber-fag.de\/wordpress\/wp-content\/uploads\/2021\/05\/2105_FAG-Essen_0250.jpg\" alt=\"\" data-id=\"49909\" data-full-url=\"https:\/\/www.weber-fag.de\/wordpress\/wp-content\/uploads\/2021\/05\/2105_FAG-Essen_0250.jpg\" data-link=\"https:\/\/www.weber-fag.de\/wordpress\/?attachment_id=49909\" class=\"wp-image-49909\" srcset=\"https:\/\/www.weber-fag.de\/wordpress\/wp-content\/uploads\/2021\/05\/2105_FAG-Essen_0250.jpg 920w, https:\/\/www.weber-fag.de\/wordpress\/wp-content\/uploads\/2021\/05\/2105_FAG-Essen_0250-300x200.jpg 300w, https:\/\/www.weber-fag.de\/wordpress\/wp-content\/uploads\/2021\/05\/2105_FAG-Essen_0250-768x512.jpg 768w\" sizes=\"auto, (max-width: 920px) 100vw, 920px\" \/><figcaption class=\"blocks-gallery-item__caption\">Marcel Schiller<\/figcaption><\/figure><\/li><li class=\"blocks-gallery-item\"><figure><img loading=\"lazy\" decoding=\"async\" width=\"920\" height=\"613\" src=\"https:\/\/www.weber-fag.de\/wordpress\/wp-content\/uploads\/2021\/05\/2105_FAG-Essen_0251.jpg\" alt=\"\" data-id=\"49910\" data-full-url=\"https:\/\/www.weber-fag.de\/wordpress\/wp-content\/uploads\/2021\/05\/2105_FAG-Essen_0251.jpg\" data-link=\"https:\/\/www.weber-fag.de\/wordpress\/?attachment_id=49910\" class=\"wp-image-49910\" srcset=\"https:\/\/www.weber-fag.de\/wordpress\/wp-content\/uploads\/2021\/05\/2105_FAG-Essen_0251.jpg 920w, https:\/\/www.weber-fag.de\/wordpress\/wp-content\/uploads\/2021\/05\/2105_FAG-Essen_0251-300x200.jpg 300w, https:\/\/www.weber-fag.de\/wordpress\/wp-content\/uploads\/2021\/05\/2105_FAG-Essen_0251-768x512.jpg 768w\" sizes=\"auto, (max-width: 920px) 100vw, 920px\" \/><figcaption class=\"blocks-gallery-item__caption\">Marcel Schiller<\/figcaption><\/figure><\/li><li class=\"blocks-gallery-item\"><figure><img loading=\"lazy\" decoding=\"async\" width=\"920\" height=\"613\" src=\"https:\/\/www.weber-fag.de\/wordpress\/wp-content\/uploads\/2021\/05\/2105_FAG-Essen_0252.jpg\" alt=\"\" data-id=\"49911\" data-full-url=\"https:\/\/www.weber-fag.de\/wordpress\/wp-content\/uploads\/2021\/05\/2105_FAG-Essen_0252.jpg\" data-link=\"https:\/\/www.weber-fag.de\/wordpress\/?attachment_id=49911\" class=\"wp-image-49911\" srcset=\"https:\/\/www.weber-fag.de\/wordpress\/wp-content\/uploads\/2021\/05\/2105_FAG-Essen_0252.jpg 920w, https:\/\/www.weber-fag.de\/wordpress\/wp-content\/uploads\/2021\/05\/2105_FAG-Essen_0252-300x200.jpg 300w, https:\/\/www.weber-fag.de\/wordpress\/wp-content\/uploads\/2021\/05\/2105_FAG-Essen_0252-768x512.jpg 768w\" sizes=\"auto, (max-width: 920px) 100vw, 920px\" \/><figcaption class=\"blocks-gallery-item__caption\">Marcel Schiller<\/figcaption><\/figure><\/li><li class=\"blocks-gallery-item\"><figure><img loading=\"lazy\" decoding=\"async\" width=\"920\" height=\"613\" src=\"https:\/\/www.weber-fag.de\/wordpress\/wp-content\/uploads\/2021\/05\/2105_FAG-Essen_0253.jpg\" alt=\"\" data-id=\"49912\" data-full-url=\"https:\/\/www.weber-fag.de\/wordpress\/wp-content\/uploads\/2021\/05\/2105_FAG-Essen_0253.jpg\" data-link=\"https:\/\/www.weber-fag.de\/wordpress\/?attachment_id=49912\" class=\"wp-image-49912\" srcset=\"https:\/\/www.weber-fag.de\/wordpress\/wp-content\/uploads\/2021\/05\/2105_FAG-Essen_0253.jpg 920w, https:\/\/www.weber-fag.de\/wordpress\/wp-content\/uploads\/2021\/05\/2105_FAG-Essen_0253-300x200.jpg 300w, https:\/\/www.weber-fag.de\/wordpress\/wp-content\/uploads\/2021\/05\/2105_FAG-Essen_0253-768x512.jpg 768w\" sizes=\"auto, (max-width: 920px) 100vw, 920px\" \/><figcaption class=\"blocks-gallery-item__caption\">Marcel Schiller<\/figcaption><\/figure><\/li><li class=\"blocks-gallery-item\"><figure><img loading=\"lazy\" decoding=\"async\" width=\"920\" height=\"613\" src=\"https:\/\/www.weber-fag.de\/wordpress\/wp-content\/uploads\/2021\/05\/2105_FAG-Essen_0254.jpg\" alt=\"\" data-id=\"49913\" data-full-url=\"https:\/\/www.weber-fag.de\/wordpress\/wp-content\/uploads\/2021\/05\/2105_FAG-Essen_0254.jpg\" data-link=\"https:\/\/www.weber-fag.de\/wordpress\/?attachment_id=49913\" class=\"wp-image-49913\" srcset=\"https:\/\/www.weber-fag.de\/wordpress\/wp-content\/uploads\/2021\/05\/2105_FAG-Essen_0254.jpg 920w, https:\/\/www.weber-fag.de\/wordpress\/wp-content\/uploads\/2021\/05\/2105_FAG-Essen_0254-300x200.jpg 300w, https:\/\/www.weber-fag.de\/wordpress\/wp-content\/uploads\/2021\/05\/2105_FAG-Essen_0254-768x512.jpg 768w\" sizes=\"auto, (max-width: 920px) 100vw, 920px\" \/><\/figure><\/li><li class=\"blocks-gallery-item\"><figure><img loading=\"lazy\" decoding=\"async\" width=\"920\" height=\"613\" src=\"https:\/\/www.weber-fag.de\/wordpress\/wp-content\/uploads\/2021\/05\/2105_FAG-Essen_0255.jpg\" alt=\"\" data-id=\"49914\" data-full-url=\"https:\/\/www.weber-fag.de\/wordpress\/wp-content\/uploads\/2021\/05\/2105_FAG-Essen_0255.jpg\" data-link=\"https:\/\/www.weber-fag.de\/wordpress\/?attachment_id=49914\" class=\"wp-image-49914\" srcset=\"https:\/\/www.weber-fag.de\/wordpress\/wp-content\/uploads\/2021\/05\/2105_FAG-Essen_0255.jpg 920w, https:\/\/www.weber-fag.de\/wordpress\/wp-content\/uploads\/2021\/05\/2105_FAG-Essen_0255-300x200.jpg 300w, https:\/\/www.weber-fag.de\/wordpress\/wp-content\/uploads\/2021\/05\/2105_FAG-Essen_0255-768x512.jpg 768w\" sizes=\"auto, (max-width: 920px) 100vw, 920px\" \/><\/figure><\/li><li class=\"blocks-gallery-item\"><figure><img loading=\"lazy\" decoding=\"async\" width=\"920\" height=\"613\" src=\"https:\/\/www.weber-fag.de\/wordpress\/wp-content\/uploads\/2021\/05\/2105_FAG-Essen_0256.jpg\" alt=\"\" data-id=\"49915\" data-full-url=\"https:\/\/www.weber-fag.de\/wordpress\/wp-content\/uploads\/2021\/05\/2105_FAG-Essen_0256.jpg\" data-link=\"https:\/\/www.weber-fag.de\/wordpress\/?attachment_id=49915\" class=\"wp-image-49915\" srcset=\"https:\/\/www.weber-fag.de\/wordpress\/wp-content\/uploads\/2021\/05\/2105_FAG-Essen_0256.jpg 920w, https:\/\/www.weber-fag.de\/wordpress\/wp-content\/uploads\/2021\/05\/2105_FAG-Essen_0256-300x200.jpg 300w, https:\/\/www.weber-fag.de\/wordpress\/wp-content\/uploads\/2021\/05\/2105_FAG-Essen_0256-768x512.jpg 768w\" sizes=\"auto, (max-width: 920px) 100vw, 920px\" \/><\/figure><\/li><li class=\"blocks-gallery-item\"><figure><img loading=\"lazy\" decoding=\"async\" width=\"920\" height=\"613\" src=\"https:\/\/www.weber-fag.de\/wordpress\/wp-content\/uploads\/2021\/05\/2105_FAG-Essen_0257.jpg\" alt=\"\" data-id=\"49916\" data-full-url=\"https:\/\/www.weber-fag.de\/wordpress\/wp-content\/uploads\/2021\/05\/2105_FAG-Essen_0257.jpg\" data-link=\"https:\/\/www.weber-fag.de\/wordpress\/?attachment_id=49916\" class=\"wp-image-49916\" srcset=\"https:\/\/www.weber-fag.de\/wordpress\/wp-content\/uploads\/2021\/05\/2105_FAG-Essen_0257.jpg 920w, https:\/\/www.weber-fag.de\/wordpress\/wp-content\/uploads\/2021\/05\/2105_FAG-Essen_0257-300x200.jpg 300w, https:\/\/www.weber-fag.de\/wordpress\/wp-content\/uploads\/2021\/05\/2105_FAG-Essen_0257-768x512.jpg 768w\" sizes=\"auto, (max-width: 920px) 100vw, 920px\" \/><\/figure><\/li><li class=\"blocks-gallery-item\"><figure><img loading=\"lazy\" decoding=\"async\" width=\"920\" height=\"613\" src=\"https:\/\/www.weber-fag.de\/wordpress\/wp-content\/uploads\/2021\/05\/2105_FAG-Essen_0258.jpg\" alt=\"\" data-id=\"49917\" data-full-url=\"https:\/\/www.weber-fag.de\/wordpress\/wp-content\/uploads\/2021\/05\/2105_FAG-Essen_0258.jpg\" data-link=\"https:\/\/www.weber-fag.de\/wordpress\/?attachment_id=49917\" class=\"wp-image-49917\" srcset=\"https:\/\/www.weber-fag.de\/wordpress\/wp-content\/uploads\/2021\/05\/2105_FAG-Essen_0258.jpg 920w, https:\/\/www.weber-fag.de\/wordpress\/wp-content\/uploads\/2021\/05\/2105_FAG-Essen_0258-300x200.jpg 300w, https:\/\/www.weber-fag.de\/wordpress\/wp-content\/uploads\/2021\/05\/2105_FAG-Essen_0258-768x512.jpg 768w\" sizes=\"auto, (max-width: 920px) 100vw, 920px\" \/><\/figure><\/li><li class=\"blocks-gallery-item\"><figure><img loading=\"lazy\" decoding=\"async\" width=\"920\" height=\"613\" src=\"https:\/\/www.weber-fag.de\/wordpress\/wp-content\/uploads\/2021\/05\/2105_FAG-Essen_0259.jpg\" alt=\"\" data-id=\"49918\" data-full-url=\"https:\/\/www.weber-fag.de\/wordpress\/wp-content\/uploads\/2021\/05\/2105_FAG-Essen_0259.jpg\" data-link=\"https:\/\/www.weber-fag.de\/wordpress\/?attachment_id=49918\" class=\"wp-image-49918\" srcset=\"https:\/\/www.weber-fag.de\/wordpress\/wp-content\/uploads\/2021\/05\/2105_FAG-Essen_0259.jpg 920w, https:\/\/www.weber-fag.de\/wordpress\/wp-content\/uploads\/2021\/05\/2105_FAG-Essen_0259-300x200.jpg 300w, https:\/\/www.weber-fag.de\/wordpress\/wp-content\/uploads\/2021\/05\/2105_FAG-Essen_0259-768x512.jpg 768w\" sizes=\"auto, (max-width: 920px) 100vw, 920px\" \/><\/figure><\/li><li class=\"blocks-gallery-item\"><figure><img loading=\"lazy\" decoding=\"async\" width=\"920\" height=\"613\" src=\"https:\/\/www.weber-fag.de\/wordpress\/wp-content\/uploads\/2021\/05\/2105_FAG-Essen_0260.jpg\" alt=\"\" data-id=\"49919\" data-full-url=\"https:\/\/www.weber-fag.de\/wordpress\/wp-content\/uploads\/2021\/05\/2105_FAG-Essen_0260.jpg\" data-link=\"https:\/\/www.weber-fag.de\/wordpress\/?attachment_id=49919\" class=\"wp-image-49919\" srcset=\"https:\/\/www.weber-fag.de\/wordpress\/wp-content\/uploads\/2021\/05\/2105_FAG-Essen_0260.jpg 920w, https:\/\/www.weber-fag.de\/wordpress\/wp-content\/uploads\/2021\/05\/2105_FAG-Essen_0260-300x200.jpg 300w, https:\/\/www.weber-fag.de\/wordpress\/wp-content\/uploads\/2021\/05\/2105_FAG-Essen_0260-768x512.jpg 768w\" sizes=\"auto, (max-width: 920px) 100vw, 920px\" \/><\/figure><\/li><li class=\"blocks-gallery-item\"><figure><img loading=\"lazy\" decoding=\"async\" width=\"920\" height=\"613\" src=\"https:\/\/www.weber-fag.de\/wordpress\/wp-content\/uploads\/2021\/05\/2105_FAG-Essen_0261.jpg\" alt=\"\" data-id=\"49920\" data-full-url=\"https:\/\/www.weber-fag.de\/wordpress\/wp-content\/uploads\/2021\/05\/2105_FAG-Essen_0261.jpg\" data-link=\"https:\/\/www.weber-fag.de\/wordpress\/?attachment_id=49920\" class=\"wp-image-49920\" srcset=\"https:\/\/www.weber-fag.de\/wordpress\/wp-content\/uploads\/2021\/05\/2105_FAG-Essen_0261.jpg 920w, https:\/\/www.weber-fag.de\/wordpress\/wp-content\/uploads\/2021\/05\/2105_FAG-Essen_0261-300x200.jpg 300w, https:\/\/www.weber-fag.de\/wordpress\/wp-content\/uploads\/2021\/05\/2105_FAG-Essen_0261-768x512.jpg 768w\" sizes=\"auto, (max-width: 920px) 100vw, 920px\" \/><\/figure><\/li><li class=\"blocks-gallery-item\"><figure><img loading=\"lazy\" decoding=\"async\" width=\"920\" height=\"613\" src=\"https:\/\/www.weber-fag.de\/wordpress\/wp-content\/uploads\/2021\/05\/2105_FAG-Essen_0262.jpg\" alt=\"\" data-id=\"49921\" data-full-url=\"https:\/\/www.weber-fag.de\/wordpress\/wp-content\/uploads\/2021\/05\/2105_FAG-Essen_0262.jpg\" data-link=\"https:\/\/www.weber-fag.de\/wordpress\/?attachment_id=49921\" class=\"wp-image-49921\" srcset=\"https:\/\/www.weber-fag.de\/wordpress\/wp-content\/uploads\/2021\/05\/2105_FAG-Essen_0262.jpg 920w, https:\/\/www.weber-fag.de\/wordpress\/wp-content\/uploads\/2021\/05\/2105_FAG-Essen_0262-300x200.jpg 300w, https:\/\/www.weber-fag.de\/wordpress\/wp-content\/uploads\/2021\/05\/2105_FAG-Essen_0262-768x512.jpg 768w\" sizes=\"auto, (max-width: 920px) 100vw, 920px\" \/><\/figure><\/li><li class=\"blocks-gallery-item\"><figure><img loading=\"lazy\" decoding=\"async\" width=\"920\" height=\"613\" src=\"https:\/\/www.weber-fag.de\/wordpress\/wp-content\/uploads\/2021\/05\/2105_FAG-Essen_0263.jpg\" alt=\"\" data-id=\"49922\" data-full-url=\"https:\/\/www.weber-fag.de\/wordpress\/wp-content\/uploads\/2021\/05\/2105_FAG-Essen_0263.jpg\" data-link=\"https:\/\/www.weber-fag.de\/wordpress\/?attachment_id=49922\" class=\"wp-image-49922\" srcset=\"https:\/\/www.weber-fag.de\/wordpress\/wp-content\/uploads\/2021\/05\/2105_FAG-Essen_0263.jpg 920w, https:\/\/www.weber-fag.de\/wordpress\/wp-content\/uploads\/2021\/05\/2105_FAG-Essen_0263-300x200.jpg 300w, https:\/\/www.weber-fag.de\/wordpress\/wp-content\/uploads\/2021\/05\/2105_FAG-Essen_0263-768x512.jpg 768w\" sizes=\"auto, (max-width: 920px) 100vw, 920px\" \/><\/figure><\/li><li class=\"blocks-gallery-item\"><figure><img loading=\"lazy\" decoding=\"async\" width=\"920\" height=\"613\" src=\"https:\/\/www.weber-fag.de\/wordpress\/wp-content\/uploads\/2021\/05\/2105_FAG-Essen_0264.jpg\" alt=\"\" data-id=\"49923\" data-full-url=\"https:\/\/www.weber-fag.de\/wordpress\/wp-content\/uploads\/2021\/05\/2105_FAG-Essen_0264.jpg\" data-link=\"https:\/\/www.weber-fag.de\/wordpress\/?attachment_id=49923\" class=\"wp-image-49923\" srcset=\"https:\/\/www.weber-fag.de\/wordpress\/wp-content\/uploads\/2021\/05\/2105_FAG-Essen_0264.jpg 920w, https:\/\/www.weber-fag.de\/wordpress\/wp-content\/uploads\/2021\/05\/2105_FAG-Essen_0264-300x200.jpg 300w, https:\/\/www.weber-fag.de\/wordpress\/wp-content\/uploads\/2021\/05\/2105_FAG-Essen_0264-768x512.jpg 768w\" sizes=\"auto, (max-width: 920px) 100vw, 920px\" \/><figcaption class=\"blocks-gallery-item__caption\">Trainer Hartmut Mayerhoffer<\/figcaption><\/figure><\/li><li class=\"blocks-gallery-item\"><figure><img loading=\"lazy\" decoding=\"async\" width=\"920\" height=\"613\" src=\"https:\/\/www.weber-fag.de\/wordpress\/wp-content\/uploads\/2021\/05\/2105_FAG-Essen_0265.jpg\" alt=\"\" data-id=\"49924\" data-full-url=\"https:\/\/www.weber-fag.de\/wordpress\/wp-content\/uploads\/2021\/05\/2105_FAG-Essen_0265.jpg\" data-link=\"https:\/\/www.weber-fag.de\/wordpress\/?attachment_id=49924\" class=\"wp-image-49924\" srcset=\"https:\/\/www.weber-fag.de\/wordpress\/wp-content\/uploads\/2021\/05\/2105_FAG-Essen_0265.jpg 920w, https:\/\/www.weber-fag.de\/wordpress\/wp-content\/uploads\/2021\/05\/2105_FAG-Essen_0265-300x200.jpg 300w, https:\/\/www.weber-fag.de\/wordpress\/wp-content\/uploads\/2021\/05\/2105_FAG-Essen_0265-768x512.jpg 768w\" sizes=\"auto, (max-width: 920px) 100vw, 920px\" \/><figcaption class=\"blocks-gallery-item__caption\">Axel Goller<\/figcaption><\/figure><\/li><li class=\"blocks-gallery-item\"><figure><img loading=\"lazy\" decoding=\"async\" width=\"920\" height=\"613\" src=\"https:\/\/www.weber-fag.de\/wordpress\/wp-content\/uploads\/2021\/05\/2105_FAG-Essen_0266.jpg\" alt=\"\" data-id=\"49925\" data-full-url=\"https:\/\/www.weber-fag.de\/wordpress\/wp-content\/uploads\/2021\/05\/2105_FAG-Essen_0266.jpg\" data-link=\"https:\/\/www.weber-fag.de\/wordpress\/?attachment_id=49925\" class=\"wp-image-49925\" srcset=\"https:\/\/www.weber-fag.de\/wordpress\/wp-content\/uploads\/2021\/05\/2105_FAG-Essen_0266.jpg 920w, https:\/\/www.weber-fag.de\/wordpress\/wp-content\/uploads\/2021\/05\/2105_FAG-Essen_0266-300x200.jpg 300w, https:\/\/www.weber-fag.de\/wordpress\/wp-content\/uploads\/2021\/05\/2105_FAG-Essen_0266-768x512.jpg 768w\" sizes=\"auto, (max-width: 920px) 100vw, 920px\" \/><\/figure><\/li><li class=\"blocks-gallery-item\"><figure><img loading=\"lazy\" decoding=\"async\" width=\"920\" height=\"613\" src=\"https:\/\/www.weber-fag.de\/wordpress\/wp-content\/uploads\/2021\/05\/2105_FAG-Essen_0267.jpg\" alt=\"\" data-id=\"49926\" data-full-url=\"https:\/\/www.weber-fag.de\/wordpress\/wp-content\/uploads\/2021\/05\/2105_FAG-Essen_0267.jpg\" data-link=\"https:\/\/www.weber-fag.de\/wordpress\/?attachment_id=49926\" class=\"wp-image-49926\" srcset=\"https:\/\/www.weber-fag.de\/wordpress\/wp-content\/uploads\/2021\/05\/2105_FAG-Essen_0267.jpg 920w, https:\/\/www.weber-fag.de\/wordpress\/wp-content\/uploads\/2021\/05\/2105_FAG-Essen_0267-300x200.jpg 300w, https:\/\/www.weber-fag.de\/wordpress\/wp-content\/uploads\/2021\/05\/2105_FAG-Essen_0267-768x512.jpg 768w\" sizes=\"auto, (max-width: 920px) 100vw, 920px\" \/><figcaption class=\"blocks-gallery-item__caption\">Gunnar Steinn Jonsson<\/figcaption><\/figure><\/li><li class=\"blocks-gallery-item\"><figure><img loading=\"lazy\" decoding=\"async\" width=\"920\" height=\"613\" src=\"https:\/\/www.weber-fag.de\/wordpress\/wp-content\/uploads\/2021\/05\/2105_FAG-Essen_0268.jpg\" alt=\"\" data-id=\"49927\" data-full-url=\"https:\/\/www.weber-fag.de\/wordpress\/wp-content\/uploads\/2021\/05\/2105_FAG-Essen_0268.jpg\" data-link=\"https:\/\/www.weber-fag.de\/wordpress\/?attachment_id=49927\" class=\"wp-image-49927\" srcset=\"https:\/\/www.weber-fag.de\/wordpress\/wp-content\/uploads\/2021\/05\/2105_FAG-Essen_0268.jpg 920w, https:\/\/www.weber-fag.de\/wordpress\/wp-content\/uploads\/2021\/05\/2105_FAG-Essen_0268-300x200.jpg 300w, https:\/\/www.weber-fag.de\/wordpress\/wp-content\/uploads\/2021\/05\/2105_FAG-Essen_0268-768x512.jpg 768w\" sizes=\"auto, (max-width: 920px) 100vw, 920px\" \/><\/figure><\/li><li class=\"blocks-gallery-item\"><figure><img loading=\"lazy\" decoding=\"async\" width=\"920\" height=\"613\" src=\"https:\/\/www.weber-fag.de\/wordpress\/wp-content\/uploads\/2021\/05\/2105_FAG-Essen_0269.jpg\" alt=\"\" data-id=\"49928\" data-full-url=\"https:\/\/www.weber-fag.de\/wordpress\/wp-content\/uploads\/2021\/05\/2105_FAG-Essen_0269.jpg\" data-link=\"https:\/\/www.weber-fag.de\/wordpress\/?attachment_id=49928\" class=\"wp-image-49928\" srcset=\"https:\/\/www.weber-fag.de\/wordpress\/wp-content\/uploads\/2021\/05\/2105_FAG-Essen_0269.jpg 920w, https:\/\/www.weber-fag.de\/wordpress\/wp-content\/uploads\/2021\/05\/2105_FAG-Essen_0269-300x200.jpg 300w, https:\/\/www.weber-fag.de\/wordpress\/wp-content\/uploads\/2021\/05\/2105_FAG-Essen_0269-768x512.jpg 768w\" sizes=\"auto, (max-width: 920px) 100vw, 920px\" \/><\/figure><\/li><li class=\"blocks-gallery-item\"><figure><img loading=\"lazy\" decoding=\"async\" width=\"920\" height=\"613\" src=\"https:\/\/www.weber-fag.de\/wordpress\/wp-content\/uploads\/2021\/05\/2105_FAG-Essen_0270.jpg\" alt=\"\" data-id=\"49929\" data-full-url=\"https:\/\/www.weber-fag.de\/wordpress\/wp-content\/uploads\/2021\/05\/2105_FAG-Essen_0270.jpg\" data-link=\"https:\/\/www.weber-fag.de\/wordpress\/?attachment_id=49929\" class=\"wp-image-49929\" srcset=\"https:\/\/www.weber-fag.de\/wordpress\/wp-content\/uploads\/2021\/05\/2105_FAG-Essen_0270.jpg 920w, https:\/\/www.weber-fag.de\/wordpress\/wp-content\/uploads\/2021\/05\/2105_FAG-Essen_0270-300x200.jpg 300w, https:\/\/www.weber-fag.de\/wordpress\/wp-content\/uploads\/2021\/05\/2105_FAG-Essen_0270-768x512.jpg 768w\" sizes=\"auto, (max-width: 920px) 100vw, 920px\" \/><\/figure><\/li><li class=\"blocks-gallery-item\"><figure><img loading=\"lazy\" decoding=\"async\" width=\"920\" height=\"613\" src=\"https:\/\/www.weber-fag.de\/wordpress\/wp-content\/uploads\/2021\/05\/2105_FAG-Essen_0271.jpg\" alt=\"\" data-id=\"49930\" data-full-url=\"https:\/\/www.weber-fag.de\/wordpress\/wp-content\/uploads\/2021\/05\/2105_FAG-Essen_0271.jpg\" data-link=\"https:\/\/www.weber-fag.de\/wordpress\/?attachment_id=49930\" class=\"wp-image-49930\" srcset=\"https:\/\/www.weber-fag.de\/wordpress\/wp-content\/uploads\/2021\/05\/2105_FAG-Essen_0271.jpg 920w, https:\/\/www.weber-fag.de\/wordpress\/wp-content\/uploads\/2021\/05\/2105_FAG-Essen_0271-300x200.jpg 300w, https:\/\/www.weber-fag.de\/wordpress\/wp-content\/uploads\/2021\/05\/2105_FAG-Essen_0271-768x512.jpg 768w\" sizes=\"auto, (max-width: 920px) 100vw, 920px\" \/><\/figure><\/li><li class=\"blocks-gallery-item\"><figure><img loading=\"lazy\" decoding=\"async\" width=\"920\" height=\"613\" src=\"https:\/\/www.weber-fag.de\/wordpress\/wp-content\/uploads\/2021\/05\/2105_FAG-Essen_0272.jpg\" alt=\"\" data-id=\"49931\" data-full-url=\"https:\/\/www.weber-fag.de\/wordpress\/wp-content\/uploads\/2021\/05\/2105_FAG-Essen_0272.jpg\" data-link=\"https:\/\/www.weber-fag.de\/wordpress\/?attachment_id=49931\" class=\"wp-image-49931\" srcset=\"https:\/\/www.weber-fag.de\/wordpress\/wp-content\/uploads\/2021\/05\/2105_FAG-Essen_0272.jpg 920w, https:\/\/www.weber-fag.de\/wordpress\/wp-content\/uploads\/2021\/05\/2105_FAG-Essen_0272-300x200.jpg 300w, https:\/\/www.weber-fag.de\/wordpress\/wp-content\/uploads\/2021\/05\/2105_FAG-Essen_0272-768x512.jpg 768w\" sizes=\"auto, (max-width: 920px) 100vw, 920px\" \/><\/figure><\/li><li class=\"blocks-gallery-item\"><figure><img loading=\"lazy\" decoding=\"async\" width=\"920\" height=\"613\" src=\"https:\/\/www.weber-fag.de\/wordpress\/wp-content\/uploads\/2021\/05\/2105_FAG-Essen_0273.jpg\" alt=\"\" data-id=\"49932\" data-full-url=\"https:\/\/www.weber-fag.de\/wordpress\/wp-content\/uploads\/2021\/05\/2105_FAG-Essen_0273.jpg\" data-link=\"https:\/\/www.weber-fag.de\/wordpress\/?attachment_id=49932\" class=\"wp-image-49932\" srcset=\"https:\/\/www.weber-fag.de\/wordpress\/wp-content\/uploads\/2021\/05\/2105_FAG-Essen_0273.jpg 920w, https:\/\/www.weber-fag.de\/wordpress\/wp-content\/uploads\/2021\/05\/2105_FAG-Essen_0273-300x200.jpg 300w, https:\/\/www.weber-fag.de\/wordpress\/wp-content\/uploads\/2021\/05\/2105_FAG-Essen_0273-768x512.jpg 768w\" sizes=\"auto, (max-width: 920px) 100vw, 920px\" \/><\/figure><\/li><li class=\"blocks-gallery-item\"><figure><img loading=\"lazy\" decoding=\"async\" width=\"920\" height=\"613\" src=\"https:\/\/www.weber-fag.de\/wordpress\/wp-content\/uploads\/2021\/05\/2105_FAG-Essen_0274.jpg\" alt=\"\" data-id=\"49933\" data-full-url=\"https:\/\/www.weber-fag.de\/wordpress\/wp-content\/uploads\/2021\/05\/2105_FAG-Essen_0274.jpg\" data-link=\"https:\/\/www.weber-fag.de\/wordpress\/?attachment_id=49933\" class=\"wp-image-49933\" srcset=\"https:\/\/www.weber-fag.de\/wordpress\/wp-content\/uploads\/2021\/05\/2105_FAG-Essen_0274.jpg 920w, https:\/\/www.weber-fag.de\/wordpress\/wp-content\/uploads\/2021\/05\/2105_FAG-Essen_0274-300x200.jpg 300w, https:\/\/www.weber-fag.de\/wordpress\/wp-content\/uploads\/2021\/05\/2105_FAG-Essen_0274-768x512.jpg 768w\" sizes=\"auto, (max-width: 920px) 100vw, 920px\" \/><figcaption class=\"blocks-gallery-item__caption\">Daniel Rebmann<\/figcaption><\/figure><\/li><li class=\"blocks-gallery-item\"><figure><img loading=\"lazy\" decoding=\"async\" width=\"920\" height=\"613\" src=\"https:\/\/www.weber-fag.de\/wordpress\/wp-content\/uploads\/2021\/05\/2105_FAG-Essen_0275.jpg\" alt=\"\" data-id=\"49934\" data-full-url=\"https:\/\/www.weber-fag.de\/wordpress\/wp-content\/uploads\/2021\/05\/2105_FAG-Essen_0275.jpg\" data-link=\"https:\/\/www.weber-fag.de\/wordpress\/?attachment_id=49934\" class=\"wp-image-49934\" srcset=\"https:\/\/www.weber-fag.de\/wordpress\/wp-content\/uploads\/2021\/05\/2105_FAG-Essen_0275.jpg 920w, https:\/\/www.weber-fag.de\/wordpress\/wp-content\/uploads\/2021\/05\/2105_FAG-Essen_0275-300x200.jpg 300w, https:\/\/www.weber-fag.de\/wordpress\/wp-content\/uploads\/2021\/05\/2105_FAG-Essen_0275-768x512.jpg 768w\" sizes=\"auto, (max-width: 920px) 100vw, 920px\" \/><\/figure><\/li><li class=\"blocks-gallery-item\"><figure><img loading=\"lazy\" decoding=\"async\" width=\"920\" height=\"613\" src=\"https:\/\/www.weber-fag.de\/wordpress\/wp-content\/uploads\/2021\/05\/2105_FAG-Essen_0276.jpg\" alt=\"\" data-id=\"49935\" data-full-url=\"https:\/\/www.weber-fag.de\/wordpress\/wp-content\/uploads\/2021\/05\/2105_FAG-Essen_0276.jpg\" data-link=\"https:\/\/www.weber-fag.de\/wordpress\/?attachment_id=49935\" class=\"wp-image-49935\" srcset=\"https:\/\/www.weber-fag.de\/wordpress\/wp-content\/uploads\/2021\/05\/2105_FAG-Essen_0276.jpg 920w, https:\/\/www.weber-fag.de\/wordpress\/wp-content\/uploads\/2021\/05\/2105_FAG-Essen_0276-300x200.jpg 300w, https:\/\/www.weber-fag.de\/wordpress\/wp-content\/uploads\/2021\/05\/2105_FAG-Essen_0276-768x512.jpg 768w\" sizes=\"auto, (max-width: 920px) 100vw, 920px\" \/><\/figure><\/li><li class=\"blocks-gallery-item\"><figure><img loading=\"lazy\" decoding=\"async\" width=\"920\" height=\"613\" src=\"https:\/\/www.weber-fag.de\/wordpress\/wp-content\/uploads\/2021\/05\/2105_FAG-Essen_0277.jpg\" alt=\"\" data-id=\"49936\" data-full-url=\"https:\/\/www.weber-fag.de\/wordpress\/wp-content\/uploads\/2021\/05\/2105_FAG-Essen_0277.jpg\" data-link=\"https:\/\/www.weber-fag.de\/wordpress\/?attachment_id=49936\" class=\"wp-image-49936\" srcset=\"https:\/\/www.weber-fag.de\/wordpress\/wp-content\/uploads\/2021\/05\/2105_FAG-Essen_0277.jpg 920w, https:\/\/www.weber-fag.de\/wordpress\/wp-content\/uploads\/2021\/05\/2105_FAG-Essen_0277-300x200.jpg 300w, https:\/\/www.weber-fag.de\/wordpress\/wp-content\/uploads\/2021\/05\/2105_FAG-Essen_0277-768x512.jpg 768w\" sizes=\"auto, (max-width: 920px) 100vw, 920px\" \/><\/figure><\/li><li class=\"blocks-gallery-item\"><figure><img loading=\"lazy\" decoding=\"async\" width=\"920\" height=\"613\" src=\"https:\/\/www.weber-fag.de\/wordpress\/wp-content\/uploads\/2021\/05\/2105_FAG-Essen_0278.jpg\" alt=\"\" data-id=\"49937\" data-full-url=\"https:\/\/www.weber-fag.de\/wordpress\/wp-content\/uploads\/2021\/05\/2105_FAG-Essen_0278.jpg\" data-link=\"https:\/\/www.weber-fag.de\/wordpress\/?attachment_id=49937\" class=\"wp-image-49937\" srcset=\"https:\/\/www.weber-fag.de\/wordpress\/wp-content\/uploads\/2021\/05\/2105_FAG-Essen_0278.jpg 920w, https:\/\/www.weber-fag.de\/wordpress\/wp-content\/uploads\/2021\/05\/2105_FAG-Essen_0278-300x200.jpg 300w, https:\/\/www.weber-fag.de\/wordpress\/wp-content\/uploads\/2021\/05\/2105_FAG-Essen_0278-768x512.jpg 768w\" sizes=\"auto, (max-width: 920px) 100vw, 920px\" \/><figcaption class=\"blocks-gallery-item__caption\">Kresimir Kozina<\/figcaption><\/figure><\/li><li class=\"blocks-gallery-item\"><figure><img loading=\"lazy\" decoding=\"async\" width=\"920\" height=\"613\" src=\"https:\/\/www.weber-fag.de\/wordpress\/wp-content\/uploads\/2021\/05\/2105_FAG-Essen_0279.jpg\" alt=\"\" data-id=\"49938\" data-full-url=\"https:\/\/www.weber-fag.de\/wordpress\/wp-content\/uploads\/2021\/05\/2105_FAG-Essen_0279.jpg\" data-link=\"https:\/\/www.weber-fag.de\/wordpress\/?attachment_id=49938\" class=\"wp-image-49938\" srcset=\"https:\/\/www.weber-fag.de\/wordpress\/wp-content\/uploads\/2021\/05\/2105_FAG-Essen_0279.jpg 920w, https:\/\/www.weber-fag.de\/wordpress\/wp-content\/uploads\/2021\/05\/2105_FAG-Essen_0279-300x200.jpg 300w, https:\/\/www.weber-fag.de\/wordpress\/wp-content\/uploads\/2021\/05\/2105_FAG-Essen_0279-768x512.jpg 768w\" sizes=\"auto, (max-width: 920px) 100vw, 920px\" \/><\/figure><\/li><li class=\"blocks-gallery-item\"><figure><img loading=\"lazy\" decoding=\"async\" width=\"920\" height=\"613\" src=\"https:\/\/www.weber-fag.de\/wordpress\/wp-content\/uploads\/2021\/05\/2105_FAG-Essen_0280.jpg\" alt=\"\" data-id=\"49939\" data-full-url=\"https:\/\/www.weber-fag.de\/wordpress\/wp-content\/uploads\/2021\/05\/2105_FAG-Essen_0280.jpg\" data-link=\"https:\/\/www.weber-fag.de\/wordpress\/?attachment_id=49939\" class=\"wp-image-49939\" srcset=\"https:\/\/www.weber-fag.de\/wordpress\/wp-content\/uploads\/2021\/05\/2105_FAG-Essen_0280.jpg 920w, https:\/\/www.weber-fag.de\/wordpress\/wp-content\/uploads\/2021\/05\/2105_FAG-Essen_0280-300x200.jpg 300w, https:\/\/www.weber-fag.de\/wordpress\/wp-content\/uploads\/2021\/05\/2105_FAG-Essen_0280-768x512.jpg 768w\" sizes=\"auto, (max-width: 920px) 100vw, 920px\" \/><figcaption class=\"blocks-gallery-item__caption\">Jacob Bagersted<\/figcaption><\/figure><\/li><li class=\"blocks-gallery-item\"><figure><img loading=\"lazy\" decoding=\"async\" width=\"920\" height=\"613\" src=\"https:\/\/www.weber-fag.de\/wordpress\/wp-content\/uploads\/2021\/05\/2105_FAG-Essen_0281.jpg\" alt=\"\" data-id=\"49940\" data-full-url=\"https:\/\/www.weber-fag.de\/wordpress\/wp-content\/uploads\/2021\/05\/2105_FAG-Essen_0281.jpg\" data-link=\"https:\/\/www.weber-fag.de\/wordpress\/?attachment_id=49940\" class=\"wp-image-49940\" srcset=\"https:\/\/www.weber-fag.de\/wordpress\/wp-content\/uploads\/2021\/05\/2105_FAG-Essen_0281.jpg 920w, https:\/\/www.weber-fag.de\/wordpress\/wp-content\/uploads\/2021\/05\/2105_FAG-Essen_0281-300x200.jpg 300w, https:\/\/www.weber-fag.de\/wordpress\/wp-content\/uploads\/2021\/05\/2105_FAG-Essen_0281-768x512.jpg 768w\" sizes=\"auto, (max-width: 920px) 100vw, 920px\" \/><\/figure><\/li><li class=\"blocks-gallery-item\"><figure><img loading=\"lazy\" decoding=\"async\" width=\"920\" height=\"613\" src=\"https:\/\/www.weber-fag.de\/wordpress\/wp-content\/uploads\/2021\/05\/2105_FAG-Essen_0282.jpg\" alt=\"\" data-id=\"49941\" data-full-url=\"https:\/\/www.weber-fag.de\/wordpress\/wp-content\/uploads\/2021\/05\/2105_FAG-Essen_0282.jpg\" data-link=\"https:\/\/www.weber-fag.de\/wordpress\/?attachment_id=49941\" class=\"wp-image-49941\" srcset=\"https:\/\/www.weber-fag.de\/wordpress\/wp-content\/uploads\/2021\/05\/2105_FAG-Essen_0282.jpg 920w, https:\/\/www.weber-fag.de\/wordpress\/wp-content\/uploads\/2021\/05\/2105_FAG-Essen_0282-300x200.jpg 300w, https:\/\/www.weber-fag.de\/wordpress\/wp-content\/uploads\/2021\/05\/2105_FAG-Essen_0282-768x512.jpg 768w\" sizes=\"auto, (max-width: 920px) 100vw, 920px\" \/><\/figure><\/li><\/ul><\/figure>\n<div class=\"pp-fb-like-btn-wrap\"><div class=\"fb-like\" data-href=\"https:\/\/www.weber-fag.de\/wordpress\/frisch-auf-goeppingen-vs-tusem-essen\/\" data-share=\"false\" data-layout=\"button_count\" data-width=\"90\" data-show-faces=\"\" data-action=\"like\"><\/div><\/div>","protected":false},"excerpt":{"rendered":"<p>Mit dem Pflichtsieg gegen die abstiegsbedrohten Essener (35:27) festigten die G\u00f6ppinger ihren f\u00fcnften Tabellenplatz und wahrten somit ihre Chance in der kommenden Saison an einem europ\u00e4ischen Wettbewerb teilnehmen zu k\u00f6nnen<\/p>\n","protected":false},"author":1,"featured_media":49837,"comment_status":"open","ping_status":"open","sticky":false,"template":"","format":"standard","meta":{"footnotes":""},"categories":[5],"tags":[],"class_list":["post-49836","post","type-post","status-publish","format-standard","has-post-thumbnail","hentry","category-bundesliga"],"_links":{"self":[{"href":"https:\/\/www.weber-fag.de\/wordpress\/wp-json\/wp\/v2\/posts\/49836","targetHints":{"allow":["GET"]}}],"collection":[{"href":"https:\/\/www.weber-fag.de\/wordpress\/wp-json\/wp\/v2\/posts"}],"about":[{"href":"https:\/\/www.weber-fag.de\/wordpress\/wp-json\/wp\/v2\/types\/post"}],"author":[{"embeddable":true,"href":"https:\/\/www.weber-fag.de\/wordpress\/wp-json\/wp\/v2\/users\/1"}],"replies":[{"embeddable":true,"href":"https:\/\/www.weber-fag.de\/wordpress\/wp-json\/wp\/v2\/comments?post=49836"}],"version-history":[{"count":1,"href":"https:\/\/www.weber-fag.de\/wordpress\/wp-json\/wp\/v2\/posts\/49836\/revisions"}],"predecessor-version":[{"id":49942,"href":"https:\/\/www.weber-fag.de\/wordpress\/wp-json\/wp\/v2\/posts\/49836\/revisions\/49942"}],"wp:featuredmedia":[{"embeddable":true,"href":"https:\/\/www.weber-fag.de\/wordpress\/wp-json\/wp\/v2\/media\/49837"}],"wp:attachment":[{"href":"https:\/\/www.weber-fag.de\/wordpress\/wp-json\/wp\/v2\/media?parent=49836"}],"wp:term":[{"taxonomy":"category","embeddable":true,"href":"https:\/\/www.weber-fag.de\/wordpress\/wp-json\/wp\/v2\/categories?post=49836"},{"taxonomy":"post_tag","embeddable":true,"href":"https:\/\/www.weber-fag.de\/wordpress\/wp-json\/wp\/v2\/tags?post=49836"}],"curies":[{"name":"wp","href":"https:\/\/api.w.org\/{rel}","templated":true}]}}